{"id":17758,"date":"2018-02-28T23:36:07","date_gmt":"2018-02-28T23:36:07","guid":{"rendered":"https:\/\/www.quebec-elan.org\/?p=17758"},"modified":"2019-05-08T17:46:36","modified_gmt":"2019-05-08T17:46:36","slug":"job-opportunities-march-2018","status":"publish","type":"post","link":"https:\/\/www.quebec-elan.org\/en\/job-opportunities-march-2018\/","title":{"rendered":"Job Opportunities &#8211; March 2018"},"content":{"rendered":"<h3>Circus Arts<\/h3>\n<ul>\n<li>TOHU is hiring various positions. <a href=\"http:\/\/tohu.ca\/en\/about\/career\/\">Click here for details.\u00a0<\/a><\/li>\n<\/ul>\n<h3>Film<\/h3>\n<ul>\n<li>Wapikoni\u00a0is hiring a filmmaker\/mentor for a one-month contract. Deadline is <strong>MARCH 30, 2018<\/strong>.<a href=\"http:\/\/www.artere.qc.ca\/babillard\/12193-cineaste-mentor\/?back=c%3d1284%26p%3d2&amp;backpos=content\"> Click here for details.<\/a><\/li>\n<\/ul>\n<h3>Multidisciplinary\/General<\/h3>\n<ul>\n<li>Mus\u00e9e des ma\u00eetres et artisans du Qu\u00e9bec is hiring a General Director. This is a permanent, full-time position. Deadline is <strong>MARCH 25, 2018<\/strong>. <a href=\"http:\/\/www.mmaq.qc.ca\/offre_directeur\">Click here for details<\/a>. (FR)<\/li>\n<li>La Semaine des arts is hiring a Production and Volunteer Assistant. This is a temporary position. Deadline is not listed. <a href=\"https:\/\/ca.indeed.com\/cmp\/La-semaine-des-arts\/jobs\/Production-Volunteer-Assistant-63bf5054a7af7986?q=Arts+Culture&amp;vjs=3\">Click here for details.\u00a0<\/a><\/li>\n<li>Conseil des arts de Montr\u00e9al is hiring a permanent part-time cultural advisor. Deadline is <strong>MARCH 9, 2018.<\/strong><a href=\"https:\/\/www.artsmontreal.org\/en\/council\/job-offers\"> Click here for details<\/a>. (FR)<\/li>\n<li>Canada Council is hiring for a variety of positions: Senior Project Manager, Operations Officer, Business Analyst, and more. Deadline is <strong>MARCH 9, 2018<\/strong>.<a href=\"http:\/\/canadacouncil.ca\/about\/careers?utm_content=buffer35e7a&amp;utm_medium=social&amp;utm_source=twitter.com&amp;utm_campaign=buffer#CurrentOpportunities\"> Click here for details.<\/a><\/li>\n<\/ul>\n<h3>Theatre<\/h3>\n<ul>\n<li>General Auditions for Geordie Productions for both MainStage and 2Play Tour productions. Open to both unionized and non-unionized artists. Deadline is <strong>MARCH 20<\/strong> and <strong>21, 2018<\/strong>.<a href=\"https:\/\/geordie.ca\/auditions-and-job-opportunities\/\"> Click here for details.<\/a><\/li>\n<li>Repercussion Theatre is hiring a Communications Coordinator for their Shakespeare-in-the-Park summer tour. Deadline is <strong>MARCH 22<\/strong>. <a href=\"https:\/\/www.repercussiontheatre.com\/2018\/03\/07\/job-opening-communications-coordinator\/\">Click her for details<\/a>.<\/li>\n<li>The Other Theatre is hiring a Part-Time Bookkeeper to start immediately! <a href=\"https:\/\/www.quebec-elan.org\/portfolio-item\/theatre-hiring-part-time-bookkeeper\/\">Click here for details.<\/a><\/li>\n<\/ul>\n<h3>Writing<\/h3>\n<ul>\n<li>carte blanche is hiring a new Managing Editor and a new Creative Non-fiction Editors.\u00a0 Deadline is <strong>MARCH 15, 2018<\/strong>. <a href=\"http:\/\/carte-blanche.org\/carte-blanche-seeks-new-managing-creative-non-fiction-editors\/\">Click here for details.<\/a><\/li>\n<\/ul>\n<p>&nbsp;<\/p>\n","protected":false},"excerpt":{"rendered":"<p>Circus Arts TOHU is hiring various positions. Click here for details.\u00a0 Film Wapikoni\u00a0is hiring a filmmaker\/mentor for a one-month contract. Deadline is MARCH 30, 2018. Click here for details. Multidisciplinary\/General Mus\u00e9e des ma\u00eetres et artisans du Qu\u00e9bec is hiring a General Director. This is a permanent, full-time position. Deadline is MARCH 25, 2018. Click here [&hellip;]<\/p>\n","protected":false},"author":234,"featured_media":17767,"comment_status":"closed","ping_status":"closed","sticky":false,"template":"","format":"standard","meta":{"footnotes":""},"categories":[1],"tags":[],"class_list":["post-17758","post","type-post","status-publish","format-standard","has-post-thumbnail","hentry","category-news"],"yoast_head":"<!-- This site is optimized with the Yoast SEO plugin v27.5 - https:\/\/yoast.com\/product\/yoast-seo-wordpress\/ -->\n<title>Job Opportunities - March 2018 - ELAN<\/title>\n<meta name=\"description\" content=\"A not-for-profit organization that connects, supports, and creates opportunities for English-speaking artists and cultural workers of all disciplines from every region of Quebec.\" \/>\n<meta name=\"robots\" content=\"index, follow, max-snippet:-1, max-image-preview:large, max-video-preview:-1\" \/>\n<link rel=\"canonical\" href=\"https:\/\/www.quebec-elan.org\/en\/job-opportunities-march-2018\/\" \/>\n<meta property=\"og:locale\" content=\"en_US\" \/>\n<meta property=\"og:type\" content=\"article\" \/>\n<meta property=\"og:title\" content=\"Job Opportunities - March 2018 - ELAN\" \/>\n<meta property=\"og:description\" content=\"A not-for-profit organization that connects, supports, and creates opportunities for English-speaking artists and cultural workers of all disciplines from every region of Quebec.\" \/>\n<meta property=\"og:url\" content=\"https:\/\/www.quebec-elan.org\/en\/job-opportunities-march-2018\/\" \/>\n<meta property=\"og:site_name\" content=\"ELAN\" \/>\n<meta property=\"article:published_time\" content=\"2018-02-28T23:36:07+00:00\" \/>\n<meta property=\"article:modified_time\" content=\"2019-05-08T17:46:36+00:00\" \/>\n<meta property=\"og:image\" content=\"https:\/\/www.quebec-elan.org\/wp-content\/uploads\/2018\/02\/pexels-photo-206660-e1519860844167.jpeg\" \/>\n\t<meta property=\"og:image:width\" content=\"843\" \/>\n\t<meta property=\"og:image:height\" content=\"563\" \/>\n\t<meta property=\"og:image:type\" content=\"image\/jpeg\" \/>\n<meta name=\"author\" content=\"Andre Elan Quebec\" \/>\n<meta name=\"twitter:card\" content=\"summary_large_image\" \/>\n<meta name=\"twitter:label1\" content=\"Written by\" \/>\n\t<meta name=\"twitter:data1\" content=\"Andre Elan Quebec\" \/>\n\t<meta name=\"twitter:label2\" content=\"Est. reading time\" \/>\n\t<meta name=\"twitter:data2\" content=\"1 minute\" \/>\n<script type=\"application\/ld+json\" class=\"yoast-schema-graph\">{\"@context\":\"https:\\\/\\\/schema.org\",\"@graph\":[{\"@type\":\"Article\",\"@id\":\"https:\\\/\\\/www.quebec-elan.org\\\/en\\\/job-opportunities-march-2018\\\/#article\",\"isPartOf\":{\"@id\":\"https:\\\/\\\/www.quebec-elan.org\\\/en\\\/job-opportunities-march-2018\\\/\"},\"author\":{\"name\":\"Andre Elan Quebec\",\"@id\":\"https:\\\/\\\/www.quebec-elan.org\\\/en\\\/#\\\/schema\\\/person\\\/4aaafbe7c737c481f7cc144f5237888f\"},\"headline\":\"Job Opportunities &#8211; March 2018\",\"datePublished\":\"2018-02-28T23:36:07+00:00\",\"dateModified\":\"2019-05-08T17:46:36+00:00\",\"mainEntityOfPage\":{\"@id\":\"https:\\\/\\\/www.quebec-elan.org\\\/en\\\/job-opportunities-march-2018\\\/\"},\"wordCount\":219,\"publisher\":{\"@id\":\"https:\\\/\\\/www.quebec-elan.org\\\/en\\\/#organization\"},\"image\":{\"@id\":\"https:\\\/\\\/www.quebec-elan.org\\\/en\\\/job-opportunities-march-2018\\\/#primaryimage\"},\"thumbnailUrl\":\"https:\\\/\\\/www.quebec-elan.org\\\/wp-content\\\/uploads\\\/2018\\\/02\\\/pexels-photo-206660-e1519860844167.jpeg\",\"articleSection\":[\"News\"],\"inLanguage\":\"en-US\"},{\"@type\":\"WebPage\",\"@id\":\"https:\\\/\\\/www.quebec-elan.org\\\/en\\\/job-opportunities-march-2018\\\/\",\"url\":\"https:\\\/\\\/www.quebec-elan.org\\\/en\\\/job-opportunities-march-2018\\\/\",\"name\":\"Job Opportunities - March 2018 - ELAN\",\"isPartOf\":{\"@id\":\"https:\\\/\\\/www.quebec-elan.org\\\/en\\\/#website\"},\"primaryImageOfPage\":{\"@id\":\"https:\\\/\\\/www.quebec-elan.org\\\/en\\\/job-opportunities-march-2018\\\/#primaryimage\"},\"image\":{\"@id\":\"https:\\\/\\\/www.quebec-elan.org\\\/en\\\/job-opportunities-march-2018\\\/#primaryimage\"},\"thumbnailUrl\":\"https:\\\/\\\/www.quebec-elan.org\\\/wp-content\\\/uploads\\\/2018\\\/02\\\/pexels-photo-206660-e1519860844167.jpeg\",\"datePublished\":\"2018-02-28T23:36:07+00:00\",\"dateModified\":\"2019-05-08T17:46:36+00:00\",\"description\":\"A not-for-profit organization that connects, supports, and creates opportunities for English-speaking artists and cultural workers of all disciplines from every region of Quebec.\",\"breadcrumb\":{\"@id\":\"https:\\\/\\\/www.quebec-elan.org\\\/en\\\/job-opportunities-march-2018\\\/#breadcrumb\"},\"inLanguage\":\"en-US\",\"potentialAction\":[{\"@type\":\"ReadAction\",\"target\":[\"https:\\\/\\\/www.quebec-elan.org\\\/en\\\/job-opportunities-march-2018\\\/\"]}]},{\"@type\":\"ImageObject\",\"inLanguage\":\"en-US\",\"@id\":\"https:\\\/\\\/www.quebec-elan.org\\\/en\\\/job-opportunities-march-2018\\\/#primaryimage\",\"url\":\"https:\\\/\\\/www.quebec-elan.org\\\/wp-content\\\/uploads\\\/2018\\\/02\\\/pexels-photo-206660-e1519860844167.jpeg\",\"contentUrl\":\"https:\\\/\\\/www.quebec-elan.org\\\/wp-content\\\/uploads\\\/2018\\\/02\\\/pexels-photo-206660-e1519860844167.jpeg\",\"width\":843,\"height\":563},{\"@type\":\"BreadcrumbList\",\"@id\":\"https:\\\/\\\/www.quebec-elan.org\\\/en\\\/job-opportunities-march-2018\\\/#breadcrumb\",\"itemListElement\":[{\"@type\":\"ListItem\",\"position\":1,\"name\":\"Home\",\"item\":\"https:\\\/\\\/www.quebec-elan.org\\\/en\\\/new-home\\\/\"},{\"@type\":\"ListItem\",\"position\":2,\"name\":\"Job Opportunities &#8211; March 2018\"}]},{\"@type\":\"WebSite\",\"@id\":\"https:\\\/\\\/www.quebec-elan.org\\\/en\\\/#website\",\"url\":\"https:\\\/\\\/www.quebec-elan.org\\\/en\\\/\",\"name\":\"ELAN\",\"description\":\"English Language Arts Network\",\"publisher\":{\"@id\":\"https:\\\/\\\/www.quebec-elan.org\\\/en\\\/#organization\"},\"potentialAction\":[{\"@type\":\"SearchAction\",\"target\":{\"@type\":\"EntryPoint\",\"urlTemplate\":\"https:\\\/\\\/www.quebec-elan.org\\\/en\\\/?s={search_term_string}\"},\"query-input\":{\"@type\":\"PropertyValueSpecification\",\"valueRequired\":true,\"valueName\":\"search_term_string\"}}],\"inLanguage\":\"en-US\"},{\"@type\":\"Organization\",\"@id\":\"https:\\\/\\\/www.quebec-elan.org\\\/en\\\/#organization\",\"name\":\"ELAN - English Language Arts Network\",\"url\":\"https:\\\/\\\/www.quebec-elan.org\\\/en\\\/\",\"logo\":{\"@type\":\"ImageObject\",\"inLanguage\":\"en-US\",\"@id\":\"https:\\\/\\\/www.quebec-elan.org\\\/en\\\/#\\\/schema\\\/logo\\\/image\\\/\",\"url\":\"https:\\\/\\\/www.quebec-elan.org\\\/wp-content\\\/uploads\\\/2022\\\/05\\\/elan-logo-360.jpg\",\"contentUrl\":\"https:\\\/\\\/www.quebec-elan.org\\\/wp-content\\\/uploads\\\/2022\\\/05\\\/elan-logo-360.jpg\",\"width\":360,\"height\":70,\"caption\":\"ELAN - English Language Arts Network\"},\"image\":{\"@id\":\"https:\\\/\\\/www.quebec-elan.org\\\/en\\\/#\\\/schema\\\/logo\\\/image\\\/\"}},{\"@type\":\"Person\",\"@id\":\"https:\\\/\\\/www.quebec-elan.org\\\/en\\\/#\\\/schema\\\/person\\\/4aaafbe7c737c481f7cc144f5237888f\",\"name\":\"Andre Elan Quebec\",\"image\":{\"@type\":\"ImageObject\",\"inLanguage\":\"en-US\",\"@id\":\"https:\\\/\\\/secure.gravatar.com\\\/avatar\\\/7ea082d3d909c4cb837bac18df8ab3523b4a3b6bc196bc83d5ca7f186807bf4e?s=96&d=mm&r=g\",\"url\":\"https:\\\/\\\/secure.gravatar.com\\\/avatar\\\/7ea082d3d909c4cb837bac18df8ab3523b4a3b6bc196bc83d5ca7f186807bf4e?s=96&d=mm&r=g\",\"contentUrl\":\"https:\\\/\\\/secure.gravatar.com\\\/avatar\\\/7ea082d3d909c4cb837bac18df8ab3523b4a3b6bc196bc83d5ca7f186807bf4e?s=96&d=mm&r=g\",\"caption\":\"Andre Elan Quebec\"},\"description\":\"The English-Language Arts Network (ELAN) is a not-for-profit organization that connects, supports, and creates opportunities for Quebec\u2019s English-speaking artists and arts communities. ELAN members are individuals and organizations from a wide array of artistic disciplines, cultural and geographic backgrounds, and linguistic and cultural communities. Together this network reflects an evolving Qu\u00e9bec identity and celebrates the province\u2019s cultural, artistic, and social diversity.\",\"url\":\"https:\\\/\\\/www.quebec-elan.org\\\/en\\\/author\\\/elan-quebec\\\/\"}]}<\/script>\n<!-- \/ Yoast SEO plugin. -->","yoast_head_json":{"title":"Job Opportunities - March 2018 - ELAN","description":"A not-for-profit organization that connects, supports, and creates opportunities for English-speaking artists and cultural workers of all disciplines from every region of Quebec.","robots":{"index":"index","follow":"follow","max-snippet":"max-snippet:-1","max-image-preview":"max-image-preview:large","max-video-preview":"max-video-preview:-1"},"canonical":"https:\/\/www.quebec-elan.org\/en\/job-opportunities-march-2018\/","og_locale":"en_US","og_type":"article","og_title":"Job Opportunities - March 2018 - ELAN","og_description":"A not-for-profit organization that connects, supports, and creates opportunities for English-speaking artists and cultural workers of all disciplines from every region of Quebec.","og_url":"https:\/\/www.quebec-elan.org\/en\/job-opportunities-march-2018\/","og_site_name":"ELAN","article_published_time":"2018-02-28T23:36:07+00:00","article_modified_time":"2019-05-08T17:46:36+00:00","og_image":[{"width":843,"height":563,"url":"https:\/\/www.quebec-elan.org\/wp-content\/uploads\/2018\/02\/pexels-photo-206660-e1519860844167.jpeg","type":"image\/jpeg"}],"author":"Andre Elan Quebec","twitter_card":"summary_large_image","twitter_misc":{"Written by":"Andre Elan Quebec","Est. reading time":"1 minute"},"schema":{"@context":"https:\/\/schema.org","@graph":[{"@type":"Article","@id":"https:\/\/www.quebec-elan.org\/en\/job-opportunities-march-2018\/#article","isPartOf":{"@id":"https:\/\/www.quebec-elan.org\/en\/job-opportunities-march-2018\/"},"author":{"name":"Andre Elan Quebec","@id":"https:\/\/www.quebec-elan.org\/en\/#\/schema\/person\/4aaafbe7c737c481f7cc144f5237888f"},"headline":"Job Opportunities &#8211; March 2018","datePublished":"2018-02-28T23:36:07+00:00","dateModified":"2019-05-08T17:46:36+00:00","mainEntityOfPage":{"@id":"https:\/\/www.quebec-elan.org\/en\/job-opportunities-march-2018\/"},"wordCount":219,"publisher":{"@id":"https:\/\/www.quebec-elan.org\/en\/#organization"},"image":{"@id":"https:\/\/www.quebec-elan.org\/en\/job-opportunities-march-2018\/#primaryimage"},"thumbnailUrl":"https:\/\/www.quebec-elan.org\/wp-content\/uploads\/2018\/02\/pexels-photo-206660-e1519860844167.jpeg","articleSection":["News"],"inLanguage":"en-US"},{"@type":"WebPage","@id":"https:\/\/www.quebec-elan.org\/en\/job-opportunities-march-2018\/","url":"https:\/\/www.quebec-elan.org\/en\/job-opportunities-march-2018\/","name":"Job Opportunities - March 2018 - ELAN","isPartOf":{"@id":"https:\/\/www.quebec-elan.org\/en\/#website"},"primaryImageOfPage":{"@id":"https:\/\/www.quebec-elan.org\/en\/job-opportunities-march-2018\/#primaryimage"},"image":{"@id":"https:\/\/www.quebec-elan.org\/en\/job-opportunities-march-2018\/#primaryimage"},"thumbnailUrl":"https:\/\/www.quebec-elan.org\/wp-content\/uploads\/2018\/02\/pexels-photo-206660-e1519860844167.jpeg","datePublished":"2018-02-28T23:36:07+00:00","dateModified":"2019-05-08T17:46:36+00:00","description":"A not-for-profit organization that connects, supports, and creates opportunities for English-speaking artists and cultural workers of all disciplines from every region of Quebec.","breadcrumb":{"@id":"https:\/\/www.quebec-elan.org\/en\/job-opportunities-march-2018\/#breadcrumb"},"inLanguage":"en-US","potentialAction":[{"@type":"ReadAction","target":["https:\/\/www.quebec-elan.org\/en\/job-opportunities-march-2018\/"]}]},{"@type":"ImageObject","inLanguage":"en-US","@id":"https:\/\/www.quebec-elan.org\/en\/job-opportunities-march-2018\/#primaryimage","url":"https:\/\/www.quebec-elan.org\/wp-content\/uploads\/2018\/02\/pexels-photo-206660-e1519860844167.jpeg","contentUrl":"https:\/\/www.quebec-elan.org\/wp-content\/uploads\/2018\/02\/pexels-photo-206660-e1519860844167.jpeg","width":843,"height":563},{"@type":"BreadcrumbList","@id":"https:\/\/www.quebec-elan.org\/en\/job-opportunities-march-2018\/#breadcrumb","itemListElement":[{"@type":"ListItem","position":1,"name":"Home","item":"https:\/\/www.quebec-elan.org\/en\/new-home\/"},{"@type":"ListItem","position":2,"name":"Job Opportunities &#8211; March 2018"}]},{"@type":"WebSite","@id":"https:\/\/www.quebec-elan.org\/en\/#website","url":"https:\/\/www.quebec-elan.org\/en\/","name":"ELAN","description":"English Language Arts Network","publisher":{"@id":"https:\/\/www.quebec-elan.org\/en\/#organization"},"potentialAction":[{"@type":"SearchAction","target":{"@type":"EntryPoint","urlTemplate":"https:\/\/www.quebec-elan.org\/en\/?s={search_term_string}"},"query-input":{"@type":"PropertyValueSpecification","valueRequired":true,"valueName":"search_term_string"}}],"inLanguage":"en-US"},{"@type":"Organization","@id":"https:\/\/www.quebec-elan.org\/en\/#organization","name":"ELAN - English Language Arts Network","url":"https:\/\/www.quebec-elan.org\/en\/","logo":{"@type":"ImageObject","inLanguage":"en-US","@id":"https:\/\/www.quebec-elan.org\/en\/#\/schema\/logo\/image\/","url":"https:\/\/www.quebec-elan.org\/wp-content\/uploads\/2022\/05\/elan-logo-360.jpg","contentUrl":"https:\/\/www.quebec-elan.org\/wp-content\/uploads\/2022\/05\/elan-logo-360.jpg","width":360,"height":70,"caption":"ELAN - English Language Arts Network"},"image":{"@id":"https:\/\/www.quebec-elan.org\/en\/#\/schema\/logo\/image\/"}},{"@type":"Person","@id":"https:\/\/www.quebec-elan.org\/en\/#\/schema\/person\/4aaafbe7c737c481f7cc144f5237888f","name":"Andre Elan Quebec","image":{"@type":"ImageObject","inLanguage":"en-US","@id":"https:\/\/secure.gravatar.com\/avatar\/7ea082d3d909c4cb837bac18df8ab3523b4a3b6bc196bc83d5ca7f186807bf4e?s=96&d=mm&r=g","url":"https:\/\/secure.gravatar.com\/avatar\/7ea082d3d909c4cb837bac18df8ab3523b4a3b6bc196bc83d5ca7f186807bf4e?s=96&d=mm&r=g","contentUrl":"https:\/\/secure.gravatar.com\/avatar\/7ea082d3d909c4cb837bac18df8ab3523b4a3b6bc196bc83d5ca7f186807bf4e?s=96&d=mm&r=g","caption":"Andre Elan Quebec"},"description":"The English-Language Arts Network (ELAN) is a not-for-profit organization that connects, supports, and creates opportunities for Quebec\u2019s English-speaking artists and arts communities. ELAN members are individuals and organizations from a wide array of artistic disciplines, cultural and geographic backgrounds, and linguistic and cultural communities. Together this network reflects an evolving Qu\u00e9bec identity and celebrates the province\u2019s cultural, artistic, and social diversity.","url":"https:\/\/www.quebec-elan.org\/en\/author\/elan-quebec\/"}]}},"_links":{"self":[{"href":"https:\/\/www.quebec-elan.org\/en\/wp-json\/wp\/v2\/posts\/17758","targetHints":{"allow":["GET"]}}],"collection":[{"href":"https:\/\/www.quebec-elan.org\/en\/wp-json\/wp\/v2\/posts"}],"about":[{"href":"https:\/\/www.quebec-elan.org\/en\/wp-json\/wp\/v2\/types\/post"}],"author":[{"embeddable":true,"href":"https:\/\/www.quebec-elan.org\/en\/wp-json\/wp\/v2\/users\/234"}],"replies":[{"embeddable":true,"href":"https:\/\/www.quebec-elan.org\/en\/wp-json\/wp\/v2\/comments?post=17758"}],"version-history":[{"count":9,"href":"https:\/\/www.quebec-elan.org\/en\/wp-json\/wp\/v2\/posts\/17758\/revisions"}],"predecessor-version":[{"id":18451,"href":"https:\/\/www.quebec-elan.org\/en\/wp-json\/wp\/v2\/posts\/17758\/revisions\/18451"}],"wp:featuredmedia":[{"embeddable":true,"href":"https:\/\/www.quebec-elan.org\/en\/wp-json\/wp\/v2\/media\/17767"}],"wp:attachment":[{"href":"https:\/\/www.quebec-elan.org\/en\/wp-json\/wp\/v2\/media?parent=17758"}],"wp:term":[{"taxonomy":"category","embeddable":true,"href":"https:\/\/www.quebec-elan.org\/en\/wp-json\/wp\/v2\/categories?post=17758"},{"taxonomy":"post_tag","embeddable":true,"href":"https:\/\/www.quebec-elan.org\/en\/wp-json\/wp\/v2\/tags?post=17758"}],"curies":[{"name":"wp","href":"https:\/\/api.w.org\/{rel}","templated":true}]}}