{"id":22794,"date":"2018-09-05T13:47:42","date_gmt":"2018-09-05T13:47:42","guid":{"rendered":"https:\/\/www.quebec-elan.org\/?p=22794"},"modified":"2019-05-08T17:45:01","modified_gmt":"2019-05-08T17:45:01","slug":"directors-message-september-2018","status":"publish","type":"post","link":"https:\/\/www.quebec-elan.org\/en\/directors-message-september-2018\/","title":{"rendered":"Director&#8217;s Message &#8211; September 2018"},"content":{"rendered":"<h5>Guy Rodgers with Board Members Bettina Forget and Kristelle Holliday presenting at ELAN&#8217;s 14th AGM.<\/h5>\n<p>Photo by: Nasuna Stuart-Ulin<\/p>\n<p>It was a pleasure to see so many of you at ELAN\u2019s 14<sup>th<\/sup> Annual General Meeting on August 27<sup>th<\/sup>. For those who could not attend, the full AGM package of activity reports, financial statements, budgets and bios is available <a href=\"https:\/\/www.quebec-elan.org\/wp-content\/uploads\/2018\/09\/ELAN-Final-AGM-package-2018-.pdf\"><strong>here<\/strong><\/a>. I want to thank outgoing board members Khosro Berahmandi, Amy Blackmore, Farah Fancy, Warona Setshwaelo, Dan Webster, and two board members who served ELAN with dedication and enthusiasm for the maximum period of six years: Rob Lutes, and Vice-President Valerie Buddle. ELAN is an artist-driven network and our community is extremely well served by passionate, knowledgeable directors who contribute a wealth of knowledge. I look forward to working with the newly elected board members, as well as returning board members.<\/p>\n<p>ELAN is now embarking on its 15<sup>th<\/sup> year and much has changed since 2004. Many of the historical obstacles faced by English-speaking artists in Quebec, important at the time of ELAN\u2019s creation, have decreased as ideas about diversity and inclusion have gained prominence. But as we observed during last year\u2019s consultations for Quebec\u2019s new Cultural Policy, there is still a malaise in some quarters about fully recognizing the value of English-language artists and their contribution to Quebec\u2019s cultural life. The creation of a new <em>Secretariat for Relations with English-Speaking Quebecers (SRESQ) <\/em>last fall signaled that the government of Quebec is committed to identifying and eliminating barriers, real and received.<\/p>\n<p>On August 13<sup>th<\/sup>, the SRESQ announced funding for four major long-term projects. The arts and culture project is called <em>Un Nouvel \u00c9lan Pour les Artistes Anglophones du Qu\u00e9bec<\/em> (A New Momentum for Qu\u00e9bec\u2019s English-Speaking Artists). This three-year project will enable us to identify sources of funding within all culture-related provincial agencies (Conseil des arts et des lettres du Qu\u00e9bec, Soci\u00e9t\u00e9 de development des enterprises culturelles) and Ministries (Culture and Communications, Education), as well as funding for infrastructure, employment and training, and economic development. Over the next three years, we will work to connect community needs with government resources, and provide community members assistance to write applications. In addition, we will seek to create a working group of artists and senior government officials to continually identify new needs and opportunities. This project has the potential to change the dynamic for Qu\u00e9bec\u2019s English-speaking artists in ways that were unimaginable a few years ago. We\u2019ll keep you posted on progress.<\/p>\n<p>&nbsp;<\/p>\n<p>Executive Director<br \/>\nGuy Rodgers<\/p>\n","protected":false},"excerpt":{"rendered":"<p>Guy Rodgers with Board Members Bettina Forget and Kristelle Holliday presenting at ELAN&#8217;s 14th AGM. Photo by: Nasuna Stuart-Ulin It was a pleasure to see so many of you at ELAN\u2019s 14th Annual General Meeting on August 27th. For those who could not attend, the full AGM package of activity reports, financial statements, budgets and [&hellip;]<\/p>\n","protected":false},"author":234,"featured_media":0,"comment_status":"closed","ping_status":"closed","sticky":false,"template":"","format":"standard","meta":{"footnotes":""},"categories":[252,256,1],"tags":[],"class_list":["post-22794","post","type-post","status-publish","format-standard","hentry","category-advocacy","category-directors-message","category-news"],"yoast_head":"<!-- This site is optimized with the Yoast SEO plugin v27.5 - https:\/\/yoast.com\/product\/yoast-seo-wordpress\/ -->\n<title>Director&#039;s Message - September 2018 - ELAN<\/title>\n<meta name=\"description\" content=\"A not-for-profit organization that connects, supports, and creates opportunities for English-speaking artists and cultural workers of all disciplines from every region of Quebec.\" \/>\n<meta name=\"robots\" content=\"index, follow, max-snippet:-1, max-image-preview:large, max-video-preview:-1\" \/>\n<link rel=\"canonical\" href=\"https:\/\/www.quebec-elan.org\/en\/directors-message-september-2018\/\" \/>\n<meta property=\"og:locale\" content=\"en_US\" \/>\n<meta property=\"og:type\" content=\"article\" \/>\n<meta property=\"og:title\" content=\"Director&#039;s Message - September 2018 - ELAN\" \/>\n<meta property=\"og:description\" content=\"A not-for-profit organization that connects, supports, and creates opportunities for English-speaking artists and cultural workers of all disciplines from every region of Quebec.\" \/>\n<meta property=\"og:url\" content=\"https:\/\/www.quebec-elan.org\/en\/directors-message-september-2018\/\" \/>\n<meta property=\"og:site_name\" content=\"ELAN\" \/>\n<meta property=\"article:published_time\" content=\"2018-09-05T13:47:42+00:00\" \/>\n<meta property=\"article:modified_time\" content=\"2019-05-08T17:45:01+00:00\" \/>\n<meta name=\"author\" content=\"Andre Elan Quebec\" \/>\n<meta name=\"twitter:card\" content=\"summary_large_image\" \/>\n<meta name=\"twitter:label1\" content=\"Written by\" \/>\n\t<meta name=\"twitter:data1\" content=\"Andre Elan Quebec\" \/>\n\t<meta name=\"twitter:label2\" content=\"Est. reading time\" \/>\n\t<meta name=\"twitter:data2\" content=\"2 minutes\" \/>\n<script type=\"application\/ld+json\" class=\"yoast-schema-graph\">{\"@context\":\"https:\\\/\\\/schema.org\",\"@graph\":[{\"@type\":\"Article\",\"@id\":\"https:\\\/\\\/www.quebec-elan.org\\\/en\\\/directors-message-september-2018\\\/#article\",\"isPartOf\":{\"@id\":\"https:\\\/\\\/www.quebec-elan.org\\\/en\\\/directors-message-september-2018\\\/\"},\"author\":{\"name\":\"Andre Elan Quebec\",\"@id\":\"https:\\\/\\\/www.quebec-elan.org\\\/en\\\/#\\\/schema\\\/person\\\/4aaafbe7c737c481f7cc144f5237888f\"},\"headline\":\"Director&#8217;s Message &#8211; September 2018\",\"datePublished\":\"2018-09-05T13:47:42+00:00\",\"dateModified\":\"2019-05-08T17:45:01+00:00\",\"mainEntityOfPage\":{\"@id\":\"https:\\\/\\\/www.quebec-elan.org\\\/en\\\/directors-message-september-2018\\\/\"},\"wordCount\":428,\"publisher\":{\"@id\":\"https:\\\/\\\/www.quebec-elan.org\\\/en\\\/#organization\"},\"articleSection\":[\"Advocacy\",\"Director\u2019s Message\",\"News\"],\"inLanguage\":\"en-US\"},{\"@type\":\"WebPage\",\"@id\":\"https:\\\/\\\/www.quebec-elan.org\\\/en\\\/directors-message-september-2018\\\/\",\"url\":\"https:\\\/\\\/www.quebec-elan.org\\\/en\\\/directors-message-september-2018\\\/\",\"name\":\"Director's Message - September 2018 - ELAN\",\"isPartOf\":{\"@id\":\"https:\\\/\\\/www.quebec-elan.org\\\/en\\\/#website\"},\"datePublished\":\"2018-09-05T13:47:42+00:00\",\"dateModified\":\"2019-05-08T17:45:01+00:00\",\"description\":\"A not-for-profit organization that connects, supports, and creates opportunities for English-speaking artists and cultural workers of all disciplines from every region of Quebec.\",\"breadcrumb\":{\"@id\":\"https:\\\/\\\/www.quebec-elan.org\\\/en\\\/directors-message-september-2018\\\/#breadcrumb\"},\"inLanguage\":\"en-US\",\"potentialAction\":[{\"@type\":\"ReadAction\",\"target\":[\"https:\\\/\\\/www.quebec-elan.org\\\/en\\\/directors-message-september-2018\\\/\"]}]},{\"@type\":\"BreadcrumbList\",\"@id\":\"https:\\\/\\\/www.quebec-elan.org\\\/en\\\/directors-message-september-2018\\\/#breadcrumb\",\"itemListElement\":[{\"@type\":\"ListItem\",\"position\":1,\"name\":\"Home\",\"item\":\"https:\\\/\\\/www.quebec-elan.org\\\/en\\\/new-home\\\/\"},{\"@type\":\"ListItem\",\"position\":2,\"name\":\"Director&#8217;s Message &#8211; September 2018\"}]},{\"@type\":\"WebSite\",\"@id\":\"https:\\\/\\\/www.quebec-elan.org\\\/en\\\/#website\",\"url\":\"https:\\\/\\\/www.quebec-elan.org\\\/en\\\/\",\"name\":\"ELAN\",\"description\":\"English Language Arts Network\",\"publisher\":{\"@id\":\"https:\\\/\\\/www.quebec-elan.org\\\/en\\\/#organization\"},\"potentialAction\":[{\"@type\":\"SearchAction\",\"target\":{\"@type\":\"EntryPoint\",\"urlTemplate\":\"https:\\\/\\\/www.quebec-elan.org\\\/en\\\/?s={search_term_string}\"},\"query-input\":{\"@type\":\"PropertyValueSpecification\",\"valueRequired\":true,\"valueName\":\"search_term_string\"}}],\"inLanguage\":\"en-US\"},{\"@type\":\"Organization\",\"@id\":\"https:\\\/\\\/www.quebec-elan.org\\\/en\\\/#organization\",\"name\":\"ELAN - English Language Arts Network\",\"url\":\"https:\\\/\\\/www.quebec-elan.org\\\/en\\\/\",\"logo\":{\"@type\":\"ImageObject\",\"inLanguage\":\"en-US\",\"@id\":\"https:\\\/\\\/www.quebec-elan.org\\\/en\\\/#\\\/schema\\\/logo\\\/image\\\/\",\"url\":\"https:\\\/\\\/www.quebec-elan.org\\\/wp-content\\\/uploads\\\/2022\\\/05\\\/elan-logo-360.jpg\",\"contentUrl\":\"https:\\\/\\\/www.quebec-elan.org\\\/wp-content\\\/uploads\\\/2022\\\/05\\\/elan-logo-360.jpg\",\"width\":360,\"height\":70,\"caption\":\"ELAN - English Language Arts Network\"},\"image\":{\"@id\":\"https:\\\/\\\/www.quebec-elan.org\\\/en\\\/#\\\/schema\\\/logo\\\/image\\\/\"}},{\"@type\":\"Person\",\"@id\":\"https:\\\/\\\/www.quebec-elan.org\\\/en\\\/#\\\/schema\\\/person\\\/4aaafbe7c737c481f7cc144f5237888f\",\"name\":\"Andre Elan Quebec\",\"image\":{\"@type\":\"ImageObject\",\"inLanguage\":\"en-US\",\"@id\":\"https:\\\/\\\/secure.gravatar.com\\\/avatar\\\/7ea082d3d909c4cb837bac18df8ab3523b4a3b6bc196bc83d5ca7f186807bf4e?s=96&d=mm&r=g\",\"url\":\"https:\\\/\\\/secure.gravatar.com\\\/avatar\\\/7ea082d3d909c4cb837bac18df8ab3523b4a3b6bc196bc83d5ca7f186807bf4e?s=96&d=mm&r=g\",\"contentUrl\":\"https:\\\/\\\/secure.gravatar.com\\\/avatar\\\/7ea082d3d909c4cb837bac18df8ab3523b4a3b6bc196bc83d5ca7f186807bf4e?s=96&d=mm&r=g\",\"caption\":\"Andre Elan Quebec\"},\"description\":\"The English-Language Arts Network (ELAN) is a not-for-profit organization that connects, supports, and creates opportunities for Quebec\u2019s English-speaking artists and arts communities. ELAN members are individuals and organizations from a wide array of artistic disciplines, cultural and geographic backgrounds, and linguistic and cultural communities. Together this network reflects an evolving Qu\u00e9bec identity and celebrates the province\u2019s cultural, artistic, and social diversity.\",\"url\":\"https:\\\/\\\/www.quebec-elan.org\\\/en\\\/author\\\/elan-quebec\\\/\"}]}<\/script>\n<!-- \/ Yoast SEO plugin. -->","yoast_head_json":{"title":"Director's Message - September 2018 - ELAN","description":"A not-for-profit organization that connects, supports, and creates opportunities for English-speaking artists and cultural workers of all disciplines from every region of Quebec.","robots":{"index":"index","follow":"follow","max-snippet":"max-snippet:-1","max-image-preview":"max-image-preview:large","max-video-preview":"max-video-preview:-1"},"canonical":"https:\/\/www.quebec-elan.org\/en\/directors-message-september-2018\/","og_locale":"en_US","og_type":"article","og_title":"Director's Message - September 2018 - ELAN","og_description":"A not-for-profit organization that connects, supports, and creates opportunities for English-speaking artists and cultural workers of all disciplines from every region of Quebec.","og_url":"https:\/\/www.quebec-elan.org\/en\/directors-message-september-2018\/","og_site_name":"ELAN","article_published_time":"2018-09-05T13:47:42+00:00","article_modified_time":"2019-05-08T17:45:01+00:00","author":"Andre Elan Quebec","twitter_card":"summary_large_image","twitter_misc":{"Written by":"Andre Elan Quebec","Est. reading time":"2 minutes"},"schema":{"@context":"https:\/\/schema.org","@graph":[{"@type":"Article","@id":"https:\/\/www.quebec-elan.org\/en\/directors-message-september-2018\/#article","isPartOf":{"@id":"https:\/\/www.quebec-elan.org\/en\/directors-message-september-2018\/"},"author":{"name":"Andre Elan Quebec","@id":"https:\/\/www.quebec-elan.org\/en\/#\/schema\/person\/4aaafbe7c737c481f7cc144f5237888f"},"headline":"Director&#8217;s Message &#8211; September 2018","datePublished":"2018-09-05T13:47:42+00:00","dateModified":"2019-05-08T17:45:01+00:00","mainEntityOfPage":{"@id":"https:\/\/www.quebec-elan.org\/en\/directors-message-september-2018\/"},"wordCount":428,"publisher":{"@id":"https:\/\/www.quebec-elan.org\/en\/#organization"},"articleSection":["Advocacy","Director\u2019s Message","News"],"inLanguage":"en-US"},{"@type":"WebPage","@id":"https:\/\/www.quebec-elan.org\/en\/directors-message-september-2018\/","url":"https:\/\/www.quebec-elan.org\/en\/directors-message-september-2018\/","name":"Director's Message - September 2018 - ELAN","isPartOf":{"@id":"https:\/\/www.quebec-elan.org\/en\/#website"},"datePublished":"2018-09-05T13:47:42+00:00","dateModified":"2019-05-08T17:45:01+00:00","description":"A not-for-profit organization that connects, supports, and creates opportunities for English-speaking artists and cultural workers of all disciplines from every region of Quebec.","breadcrumb":{"@id":"https:\/\/www.quebec-elan.org\/en\/directors-message-september-2018\/#breadcrumb"},"inLanguage":"en-US","potentialAction":[{"@type":"ReadAction","target":["https:\/\/www.quebec-elan.org\/en\/directors-message-september-2018\/"]}]},{"@type":"BreadcrumbList","@id":"https:\/\/www.quebec-elan.org\/en\/directors-message-september-2018\/#breadcrumb","itemListElement":[{"@type":"ListItem","position":1,"name":"Home","item":"https:\/\/www.quebec-elan.org\/en\/new-home\/"},{"@type":"ListItem","position":2,"name":"Director&#8217;s Message &#8211; September 2018"}]},{"@type":"WebSite","@id":"https:\/\/www.quebec-elan.org\/en\/#website","url":"https:\/\/www.quebec-elan.org\/en\/","name":"ELAN","description":"English Language Arts Network","publisher":{"@id":"https:\/\/www.quebec-elan.org\/en\/#organization"},"potentialAction":[{"@type":"SearchAction","target":{"@type":"EntryPoint","urlTemplate":"https:\/\/www.quebec-elan.org\/en\/?s={search_term_string}"},"query-input":{"@type":"PropertyValueSpecification","valueRequired":true,"valueName":"search_term_string"}}],"inLanguage":"en-US"},{"@type":"Organization","@id":"https:\/\/www.quebec-elan.org\/en\/#organization","name":"ELAN - English Language Arts Network","url":"https:\/\/www.quebec-elan.org\/en\/","logo":{"@type":"ImageObject","inLanguage":"en-US","@id":"https:\/\/www.quebec-elan.org\/en\/#\/schema\/logo\/image\/","url":"https:\/\/www.quebec-elan.org\/wp-content\/uploads\/2022\/05\/elan-logo-360.jpg","contentUrl":"https:\/\/www.quebec-elan.org\/wp-content\/uploads\/2022\/05\/elan-logo-360.jpg","width":360,"height":70,"caption":"ELAN - English Language Arts Network"},"image":{"@id":"https:\/\/www.quebec-elan.org\/en\/#\/schema\/logo\/image\/"}},{"@type":"Person","@id":"https:\/\/www.quebec-elan.org\/en\/#\/schema\/person\/4aaafbe7c737c481f7cc144f5237888f","name":"Andre Elan Quebec","image":{"@type":"ImageObject","inLanguage":"en-US","@id":"https:\/\/secure.gravatar.com\/avatar\/7ea082d3d909c4cb837bac18df8ab3523b4a3b6bc196bc83d5ca7f186807bf4e?s=96&d=mm&r=g","url":"https:\/\/secure.gravatar.com\/avatar\/7ea082d3d909c4cb837bac18df8ab3523b4a3b6bc196bc83d5ca7f186807bf4e?s=96&d=mm&r=g","contentUrl":"https:\/\/secure.gravatar.com\/avatar\/7ea082d3d909c4cb837bac18df8ab3523b4a3b6bc196bc83d5ca7f186807bf4e?s=96&d=mm&r=g","caption":"Andre Elan Quebec"},"description":"The English-Language Arts Network (ELAN) is a not-for-profit organization that connects, supports, and creates opportunities for Quebec\u2019s English-speaking artists and arts communities. ELAN members are individuals and organizations from a wide array of artistic disciplines, cultural and geographic backgrounds, and linguistic and cultural communities. Together this network reflects an evolving Qu\u00e9bec identity and celebrates the province\u2019s cultural, artistic, and social diversity.","url":"https:\/\/www.quebec-elan.org\/en\/author\/elan-quebec\/"}]}},"_links":{"self":[{"href":"https:\/\/www.quebec-elan.org\/en\/wp-json\/wp\/v2\/posts\/22794","targetHints":{"allow":["GET"]}}],"collection":[{"href":"https:\/\/www.quebec-elan.org\/en\/wp-json\/wp\/v2\/posts"}],"about":[{"href":"https:\/\/www.quebec-elan.org\/en\/wp-json\/wp\/v2\/types\/post"}],"author":[{"embeddable":true,"href":"https:\/\/www.quebec-elan.org\/en\/wp-json\/wp\/v2\/users\/234"}],"replies":[{"embeddable":true,"href":"https:\/\/www.quebec-elan.org\/en\/wp-json\/wp\/v2\/comments?post=22794"}],"version-history":[{"count":5,"href":"https:\/\/www.quebec-elan.org\/en\/wp-json\/wp\/v2\/posts\/22794\/revisions"}],"predecessor-version":[{"id":22804,"href":"https:\/\/www.quebec-elan.org\/en\/wp-json\/wp\/v2\/posts\/22794\/revisions\/22804"}],"wp:attachment":[{"href":"https:\/\/www.quebec-elan.org\/en\/wp-json\/wp\/v2\/media?parent=22794"}],"wp:term":[{"taxonomy":"category","embeddable":true,"href":"https:\/\/www.quebec-elan.org\/en\/wp-json\/wp\/v2\/categories?post=22794"},{"taxonomy":"post_tag","embeddable":true,"href":"https:\/\/www.quebec-elan.org\/en\/wp-json\/wp\/v2\/tags?post=22794"}],"curies":[{"name":"wp","href":"https:\/\/api.w.org\/{rel}","templated":true}]}}