{"id":24090,"date":"2018-12-04T19:20:11","date_gmt":"2018-12-04T19:20:11","guid":{"rendered":"https:\/\/www.quebec-elan.org\/?p=24090"},"modified":"2019-05-08T17:44:42","modified_gmt":"2019-05-08T17:44:42","slug":"directors-message-december-2018","status":"publish","type":"post","link":"https:\/\/www.quebec-elan.org\/en\/directors-message-december-2018\/","title":{"rendered":"Director&#8217;s Message &#8211; December 2018"},"content":{"rendered":"<p><em>Guy Rodgers introducing the Minute Market<\/em><\/p>\n<h4><strong>Photo by Kinga Michalska<\/strong><\/h4>\n<p>The decisions by Ontario\u2019s Ford Government to abolish the Office of the French Language Services Commissioner and to renege on a promise to establish a French-language university were unanticipated and shocking. Then came news that Ottawa\u2019s <em>Nouvelle Scene<\/em> theatre would not receive expected provincial funding. The combined cuts sounded like a deliberate reversal of decades of positive measures in support of Ontario\u2019s French-speaking minorities. Francophone communities across Canada rallied in support of their vulnerable comrades in Ontario.<\/p>\n<p>English- and French-speaking Quebeckers added their voices in support, albeit for slightly different reasons. French-speaking Qu\u00e9b\u00e9cois identify with franco-Ontarians as a vulnerable French-speaking minority within a continent and a world dominated by English. English-speaking Quebeckers identify with franco-Ontarians as a vulnerable minority.<\/p>\n<p>Since its creation, ELAN has worked closely with French-speaking artists across Canada, and particularly with the Ottawa-based national network, la F\u00e9d\u00e9ration culturelle des canadienne-fran\u00e7aise. \u00a0The situations for English-speakers inside Quebec and for French-speakers outside Quebec are very different, but we all need to feel like full citizens within our home provinces.<\/p>\n<p>The Quebec government&#8217;s creation earlier this year of a Secretariat for Relations with English-speaking Quebeckers sent an encouraging signal. It is easy to appreciate that the abolition of minority language services would be demoralising. Due to the outcry, the Ford government has begun to reverse its ill-advised cuts, which produced small financial savings at a high social cost. This is a victory for the better angels of our human nature.<\/p>\n<p>&nbsp;<\/p>\n<p>Guy Rodgers<\/p>\n<p>Executive Director<\/p>\n<hr \/>\n<h3>Further Reading<\/h3>\n<p>The Star (ENG)<br \/>\n<a href=\"https:\/\/www.thestar.com\/opinion\/contributors\/2018\/11\/23\/cuts-to-french-language-services-hurt-us-all.html\">https:\/\/www.thestar.com\/opinion\/contributors\/2018\/11\/23\/cuts-to-french-language-services-hurt-us-all.html<\/a><\/p>\n<p>#ONFR (FR)<br \/>\n<a href=\"https:\/\/onfr.tfo.org\/crise-linguistique-dix-jours-et-dix-moments\/\">https:\/\/onfr.tfo.org\/crise-linguistique-dix-jours-et-dix-moments\/<\/a><\/p>\n<p>Journal de Montreal<br \/>\n<a href=\"https:\/\/www.journaldemontreal.com\/2018\/11\/22\/le-message-de-cet-anglo-ontarien-en-soutien-a-ses-concitoyens-francophones-devient-viral-en-ontario\">https:\/\/www.journaldemontreal.com\/2018\/11\/22\/le-message-de-cet-anglo-ontarien-en-soutien-a-ses-concitoyens-francophones-devient-viral-en-ontario<\/a><\/p>\n","protected":false},"excerpt":{"rendered":"<p>Guy Rodgers introducing the Minute Market Photo by Kinga Michalska The decisions by Ontario\u2019s Ford Government to abolish the Office of the French Language Services Commissioner and to renege on a promise to establish a French-language university were unanticipated and shocking. Then came news that Ottawa\u2019s Nouvelle Scene theatre would not receive expected provincial funding. [&hellip;]<\/p>\n","protected":false},"author":234,"featured_media":24199,"comment_status":"closed","ping_status":"closed","sticky":false,"template":"","format":"standard","meta":{"footnotes":""},"categories":[256,1],"tags":[],"class_list":["post-24090","post","type-post","status-publish","format-standard","has-post-thumbnail","hentry","category-directors-message","category-news"],"yoast_head":"<!-- This site is optimized with the Yoast SEO plugin v27.5 - https:\/\/yoast.com\/product\/yoast-seo-wordpress\/ -->\n<title>Director&#039;s Message - December 2018 - ELAN<\/title>\n<meta name=\"description\" content=\"A not-for-profit organization that connects, supports, and creates opportunities for English-speaking artists and cultural workers of all disciplines from every region of Quebec.\" \/>\n<meta name=\"robots\" content=\"index, follow, max-snippet:-1, max-image-preview:large, max-video-preview:-1\" \/>\n<link rel=\"canonical\" href=\"https:\/\/www.quebec-elan.org\/en\/directors-message-december-2018\/\" \/>\n<meta property=\"og:locale\" content=\"en_US\" \/>\n<meta property=\"og:type\" content=\"article\" \/>\n<meta property=\"og:title\" content=\"Director&#039;s Message - December 2018 - ELAN\" \/>\n<meta property=\"og:description\" content=\"A not-for-profit organization that connects, supports, and creates opportunities for English-speaking artists and cultural workers of all disciplines from every region of Quebec.\" \/>\n<meta property=\"og:url\" content=\"https:\/\/www.quebec-elan.org\/en\/directors-message-december-2018\/\" \/>\n<meta property=\"og:site_name\" content=\"ELAN\" \/>\n<meta property=\"article:published_time\" content=\"2018-12-04T19:20:11+00:00\" \/>\n<meta property=\"article:modified_time\" content=\"2019-05-08T17:44:42+00:00\" \/>\n<meta property=\"og:image\" content=\"https:\/\/www.quebec-elan.org\/wp-content\/uploads\/2018\/12\/28424881_1856138787772255_2361396467225099044_o.jpg\" \/>\n\t<meta property=\"og:image:width\" content=\"843\" \/>\n\t<meta property=\"og:image:height\" content=\"317\" \/>\n\t<meta property=\"og:image:type\" content=\"image\/jpeg\" \/>\n<meta name=\"author\" content=\"Andre Elan Quebec\" \/>\n<meta name=\"twitter:card\" content=\"summary_large_image\" \/>\n<meta name=\"twitter:label1\" content=\"Written by\" \/>\n\t<meta name=\"twitter:data1\" content=\"Andre Elan Quebec\" \/>\n\t<meta name=\"twitter:label2\" content=\"Est. reading time\" \/>\n\t<meta name=\"twitter:data2\" content=\"1 minute\" \/>\n<script type=\"application\/ld+json\" class=\"yoast-schema-graph\">{\"@context\":\"https:\\\/\\\/schema.org\",\"@graph\":[{\"@type\":\"Article\",\"@id\":\"https:\\\/\\\/www.quebec-elan.org\\\/en\\\/directors-message-december-2018\\\/#article\",\"isPartOf\":{\"@id\":\"https:\\\/\\\/www.quebec-elan.org\\\/en\\\/directors-message-december-2018\\\/\"},\"author\":{\"name\":\"Andre Elan Quebec\",\"@id\":\"https:\\\/\\\/www.quebec-elan.org\\\/en\\\/#\\\/schema\\\/person\\\/4aaafbe7c737c481f7cc144f5237888f\"},\"headline\":\"Director&#8217;s Message &#8211; December 2018\",\"datePublished\":\"2018-12-04T19:20:11+00:00\",\"dateModified\":\"2019-05-08T17:44:42+00:00\",\"mainEntityOfPage\":{\"@id\":\"https:\\\/\\\/www.quebec-elan.org\\\/en\\\/directors-message-december-2018\\\/\"},\"wordCount\":297,\"publisher\":{\"@id\":\"https:\\\/\\\/www.quebec-elan.org\\\/en\\\/#organization\"},\"image\":{\"@id\":\"https:\\\/\\\/www.quebec-elan.org\\\/en\\\/directors-message-december-2018\\\/#primaryimage\"},\"thumbnailUrl\":\"https:\\\/\\\/www.quebec-elan.org\\\/wp-content\\\/uploads\\\/2018\\\/12\\\/28424881_1856138787772255_2361396467225099044_o.jpg\",\"articleSection\":[\"Director\u2019s Message\",\"News\"],\"inLanguage\":\"en-US\"},{\"@type\":\"WebPage\",\"@id\":\"https:\\\/\\\/www.quebec-elan.org\\\/en\\\/directors-message-december-2018\\\/\",\"url\":\"https:\\\/\\\/www.quebec-elan.org\\\/en\\\/directors-message-december-2018\\\/\",\"name\":\"Director's Message - December 2018 - ELAN\",\"isPartOf\":{\"@id\":\"https:\\\/\\\/www.quebec-elan.org\\\/en\\\/#website\"},\"primaryImageOfPage\":{\"@id\":\"https:\\\/\\\/www.quebec-elan.org\\\/en\\\/directors-message-december-2018\\\/#primaryimage\"},\"image\":{\"@id\":\"https:\\\/\\\/www.quebec-elan.org\\\/en\\\/directors-message-december-2018\\\/#primaryimage\"},\"thumbnailUrl\":\"https:\\\/\\\/www.quebec-elan.org\\\/wp-content\\\/uploads\\\/2018\\\/12\\\/28424881_1856138787772255_2361396467225099044_o.jpg\",\"datePublished\":\"2018-12-04T19:20:11+00:00\",\"dateModified\":\"2019-05-08T17:44:42+00:00\",\"description\":\"A not-for-profit organization that connects, supports, and creates opportunities for English-speaking artists and cultural workers of all disciplines from every region of Quebec.\",\"breadcrumb\":{\"@id\":\"https:\\\/\\\/www.quebec-elan.org\\\/en\\\/directors-message-december-2018\\\/#breadcrumb\"},\"inLanguage\":\"en-US\",\"potentialAction\":[{\"@type\":\"ReadAction\",\"target\":[\"https:\\\/\\\/www.quebec-elan.org\\\/en\\\/directors-message-december-2018\\\/\"]}]},{\"@type\":\"ImageObject\",\"inLanguage\":\"en-US\",\"@id\":\"https:\\\/\\\/www.quebec-elan.org\\\/en\\\/directors-message-december-2018\\\/#primaryimage\",\"url\":\"https:\\\/\\\/www.quebec-elan.org\\\/wp-content\\\/uploads\\\/2018\\\/12\\\/28424881_1856138787772255_2361396467225099044_o.jpg\",\"contentUrl\":\"https:\\\/\\\/www.quebec-elan.org\\\/wp-content\\\/uploads\\\/2018\\\/12\\\/28424881_1856138787772255_2361396467225099044_o.jpg\",\"width\":843,\"height\":317},{\"@type\":\"BreadcrumbList\",\"@id\":\"https:\\\/\\\/www.quebec-elan.org\\\/en\\\/directors-message-december-2018\\\/#breadcrumb\",\"itemListElement\":[{\"@type\":\"ListItem\",\"position\":1,\"name\":\"Home\",\"item\":\"https:\\\/\\\/www.quebec-elan.org\\\/en\\\/new-home\\\/\"},{\"@type\":\"ListItem\",\"position\":2,\"name\":\"Director&#8217;s Message &#8211; December 2018\"}]},{\"@type\":\"WebSite\",\"@id\":\"https:\\\/\\\/www.quebec-elan.org\\\/en\\\/#website\",\"url\":\"https:\\\/\\\/www.quebec-elan.org\\\/en\\\/\",\"name\":\"ELAN\",\"description\":\"English Language Arts Network\",\"publisher\":{\"@id\":\"https:\\\/\\\/www.quebec-elan.org\\\/en\\\/#organization\"},\"potentialAction\":[{\"@type\":\"SearchAction\",\"target\":{\"@type\":\"EntryPoint\",\"urlTemplate\":\"https:\\\/\\\/www.quebec-elan.org\\\/en\\\/?s={search_term_string}\"},\"query-input\":{\"@type\":\"PropertyValueSpecification\",\"valueRequired\":true,\"valueName\":\"search_term_string\"}}],\"inLanguage\":\"en-US\"},{\"@type\":\"Organization\",\"@id\":\"https:\\\/\\\/www.quebec-elan.org\\\/en\\\/#organization\",\"name\":\"ELAN - English Language Arts Network\",\"url\":\"https:\\\/\\\/www.quebec-elan.org\\\/en\\\/\",\"logo\":{\"@type\":\"ImageObject\",\"inLanguage\":\"en-US\",\"@id\":\"https:\\\/\\\/www.quebec-elan.org\\\/en\\\/#\\\/schema\\\/logo\\\/image\\\/\",\"url\":\"https:\\\/\\\/www.quebec-elan.org\\\/wp-content\\\/uploads\\\/2022\\\/05\\\/elan-logo-360.jpg\",\"contentUrl\":\"https:\\\/\\\/www.quebec-elan.org\\\/wp-content\\\/uploads\\\/2022\\\/05\\\/elan-logo-360.jpg\",\"width\":360,\"height\":70,\"caption\":\"ELAN - English Language Arts Network\"},\"image\":{\"@id\":\"https:\\\/\\\/www.quebec-elan.org\\\/en\\\/#\\\/schema\\\/logo\\\/image\\\/\"}},{\"@type\":\"Person\",\"@id\":\"https:\\\/\\\/www.quebec-elan.org\\\/en\\\/#\\\/schema\\\/person\\\/4aaafbe7c737c481f7cc144f5237888f\",\"name\":\"Andre Elan Quebec\",\"image\":{\"@type\":\"ImageObject\",\"inLanguage\":\"en-US\",\"@id\":\"https:\\\/\\\/secure.gravatar.com\\\/avatar\\\/7ea082d3d909c4cb837bac18df8ab3523b4a3b6bc196bc83d5ca7f186807bf4e?s=96&d=mm&r=g\",\"url\":\"https:\\\/\\\/secure.gravatar.com\\\/avatar\\\/7ea082d3d909c4cb837bac18df8ab3523b4a3b6bc196bc83d5ca7f186807bf4e?s=96&d=mm&r=g\",\"contentUrl\":\"https:\\\/\\\/secure.gravatar.com\\\/avatar\\\/7ea082d3d909c4cb837bac18df8ab3523b4a3b6bc196bc83d5ca7f186807bf4e?s=96&d=mm&r=g\",\"caption\":\"Andre Elan Quebec\"},\"description\":\"The English-Language Arts Network (ELAN) is a not-for-profit organization that connects, supports, and creates opportunities for Quebec\u2019s English-speaking artists and arts communities. ELAN members are individuals and organizations from a wide array of artistic disciplines, cultural and geographic backgrounds, and linguistic and cultural communities. Together this network reflects an evolving Qu\u00e9bec identity and celebrates the province\u2019s cultural, artistic, and social diversity.\",\"url\":\"https:\\\/\\\/www.quebec-elan.org\\\/en\\\/author\\\/elan-quebec\\\/\"}]}<\/script>\n<!-- \/ Yoast SEO plugin. -->","yoast_head_json":{"title":"Director's Message - December 2018 - ELAN","description":"A not-for-profit organization that connects, supports, and creates opportunities for English-speaking artists and cultural workers of all disciplines from every region of Quebec.","robots":{"index":"index","follow":"follow","max-snippet":"max-snippet:-1","max-image-preview":"max-image-preview:large","max-video-preview":"max-video-preview:-1"},"canonical":"https:\/\/www.quebec-elan.org\/en\/directors-message-december-2018\/","og_locale":"en_US","og_type":"article","og_title":"Director's Message - December 2018 - ELAN","og_description":"A not-for-profit organization that connects, supports, and creates opportunities for English-speaking artists and cultural workers of all disciplines from every region of Quebec.","og_url":"https:\/\/www.quebec-elan.org\/en\/directors-message-december-2018\/","og_site_name":"ELAN","article_published_time":"2018-12-04T19:20:11+00:00","article_modified_time":"2019-05-08T17:44:42+00:00","og_image":[{"width":843,"height":317,"url":"https:\/\/www.quebec-elan.org\/wp-content\/uploads\/2018\/12\/28424881_1856138787772255_2361396467225099044_o.jpg","type":"image\/jpeg"}],"author":"Andre Elan Quebec","twitter_card":"summary_large_image","twitter_misc":{"Written by":"Andre Elan Quebec","Est. reading time":"1 minute"},"schema":{"@context":"https:\/\/schema.org","@graph":[{"@type":"Article","@id":"https:\/\/www.quebec-elan.org\/en\/directors-message-december-2018\/#article","isPartOf":{"@id":"https:\/\/www.quebec-elan.org\/en\/directors-message-december-2018\/"},"author":{"name":"Andre Elan Quebec","@id":"https:\/\/www.quebec-elan.org\/en\/#\/schema\/person\/4aaafbe7c737c481f7cc144f5237888f"},"headline":"Director&#8217;s Message &#8211; December 2018","datePublished":"2018-12-04T19:20:11+00:00","dateModified":"2019-05-08T17:44:42+00:00","mainEntityOfPage":{"@id":"https:\/\/www.quebec-elan.org\/en\/directors-message-december-2018\/"},"wordCount":297,"publisher":{"@id":"https:\/\/www.quebec-elan.org\/en\/#organization"},"image":{"@id":"https:\/\/www.quebec-elan.org\/en\/directors-message-december-2018\/#primaryimage"},"thumbnailUrl":"https:\/\/www.quebec-elan.org\/wp-content\/uploads\/2018\/12\/28424881_1856138787772255_2361396467225099044_o.jpg","articleSection":["Director\u2019s Message","News"],"inLanguage":"en-US"},{"@type":"WebPage","@id":"https:\/\/www.quebec-elan.org\/en\/directors-message-december-2018\/","url":"https:\/\/www.quebec-elan.org\/en\/directors-message-december-2018\/","name":"Director's Message - December 2018 - ELAN","isPartOf":{"@id":"https:\/\/www.quebec-elan.org\/en\/#website"},"primaryImageOfPage":{"@id":"https:\/\/www.quebec-elan.org\/en\/directors-message-december-2018\/#primaryimage"},"image":{"@id":"https:\/\/www.quebec-elan.org\/en\/directors-message-december-2018\/#primaryimage"},"thumbnailUrl":"https:\/\/www.quebec-elan.org\/wp-content\/uploads\/2018\/12\/28424881_1856138787772255_2361396467225099044_o.jpg","datePublished":"2018-12-04T19:20:11+00:00","dateModified":"2019-05-08T17:44:42+00:00","description":"A not-for-profit organization that connects, supports, and creates opportunities for English-speaking artists and cultural workers of all disciplines from every region of Quebec.","breadcrumb":{"@id":"https:\/\/www.quebec-elan.org\/en\/directors-message-december-2018\/#breadcrumb"},"inLanguage":"en-US","potentialAction":[{"@type":"ReadAction","target":["https:\/\/www.quebec-elan.org\/en\/directors-message-december-2018\/"]}]},{"@type":"ImageObject","inLanguage":"en-US","@id":"https:\/\/www.quebec-elan.org\/en\/directors-message-december-2018\/#primaryimage","url":"https:\/\/www.quebec-elan.org\/wp-content\/uploads\/2018\/12\/28424881_1856138787772255_2361396467225099044_o.jpg","contentUrl":"https:\/\/www.quebec-elan.org\/wp-content\/uploads\/2018\/12\/28424881_1856138787772255_2361396467225099044_o.jpg","width":843,"height":317},{"@type":"BreadcrumbList","@id":"https:\/\/www.quebec-elan.org\/en\/directors-message-december-2018\/#breadcrumb","itemListElement":[{"@type":"ListItem","position":1,"name":"Home","item":"https:\/\/www.quebec-elan.org\/en\/new-home\/"},{"@type":"ListItem","position":2,"name":"Director&#8217;s Message &#8211; December 2018"}]},{"@type":"WebSite","@id":"https:\/\/www.quebec-elan.org\/en\/#website","url":"https:\/\/www.quebec-elan.org\/en\/","name":"ELAN","description":"English Language Arts Network","publisher":{"@id":"https:\/\/www.quebec-elan.org\/en\/#organization"},"potentialAction":[{"@type":"SearchAction","target":{"@type":"EntryPoint","urlTemplate":"https:\/\/www.quebec-elan.org\/en\/?s={search_term_string}"},"query-input":{"@type":"PropertyValueSpecification","valueRequired":true,"valueName":"search_term_string"}}],"inLanguage":"en-US"},{"@type":"Organization","@id":"https:\/\/www.quebec-elan.org\/en\/#organization","name":"ELAN - English Language Arts Network","url":"https:\/\/www.quebec-elan.org\/en\/","logo":{"@type":"ImageObject","inLanguage":"en-US","@id":"https:\/\/www.quebec-elan.org\/en\/#\/schema\/logo\/image\/","url":"https:\/\/www.quebec-elan.org\/wp-content\/uploads\/2022\/05\/elan-logo-360.jpg","contentUrl":"https:\/\/www.quebec-elan.org\/wp-content\/uploads\/2022\/05\/elan-logo-360.jpg","width":360,"height":70,"caption":"ELAN - English Language Arts Network"},"image":{"@id":"https:\/\/www.quebec-elan.org\/en\/#\/schema\/logo\/image\/"}},{"@type":"Person","@id":"https:\/\/www.quebec-elan.org\/en\/#\/schema\/person\/4aaafbe7c737c481f7cc144f5237888f","name":"Andre Elan Quebec","image":{"@type":"ImageObject","inLanguage":"en-US","@id":"https:\/\/secure.gravatar.com\/avatar\/7ea082d3d909c4cb837bac18df8ab3523b4a3b6bc196bc83d5ca7f186807bf4e?s=96&d=mm&r=g","url":"https:\/\/secure.gravatar.com\/avatar\/7ea082d3d909c4cb837bac18df8ab3523b4a3b6bc196bc83d5ca7f186807bf4e?s=96&d=mm&r=g","contentUrl":"https:\/\/secure.gravatar.com\/avatar\/7ea082d3d909c4cb837bac18df8ab3523b4a3b6bc196bc83d5ca7f186807bf4e?s=96&d=mm&r=g","caption":"Andre Elan Quebec"},"description":"The English-Language Arts Network (ELAN) is a not-for-profit organization that connects, supports, and creates opportunities for Quebec\u2019s English-speaking artists and arts communities. ELAN members are individuals and organizations from a wide array of artistic disciplines, cultural and geographic backgrounds, and linguistic and cultural communities. Together this network reflects an evolving Qu\u00e9bec identity and celebrates the province\u2019s cultural, artistic, and social diversity.","url":"https:\/\/www.quebec-elan.org\/en\/author\/elan-quebec\/"}]}},"_links":{"self":[{"href":"https:\/\/www.quebec-elan.org\/en\/wp-json\/wp\/v2\/posts\/24090","targetHints":{"allow":["GET"]}}],"collection":[{"href":"https:\/\/www.quebec-elan.org\/en\/wp-json\/wp\/v2\/posts"}],"about":[{"href":"https:\/\/www.quebec-elan.org\/en\/wp-json\/wp\/v2\/types\/post"}],"author":[{"embeddable":true,"href":"https:\/\/www.quebec-elan.org\/en\/wp-json\/wp\/v2\/users\/234"}],"replies":[{"embeddable":true,"href":"https:\/\/www.quebec-elan.org\/en\/wp-json\/wp\/v2\/comments?post=24090"}],"version-history":[{"count":0,"href":"https:\/\/www.quebec-elan.org\/en\/wp-json\/wp\/v2\/posts\/24090\/revisions"}],"wp:featuredmedia":[{"embeddable":true,"href":"https:\/\/www.quebec-elan.org\/en\/wp-json\/wp\/v2\/media\/24199"}],"wp:attachment":[{"href":"https:\/\/www.quebec-elan.org\/en\/wp-json\/wp\/v2\/media?parent=24090"}],"wp:term":[{"taxonomy":"category","embeddable":true,"href":"https:\/\/www.quebec-elan.org\/en\/wp-json\/wp\/v2\/categories?post=24090"},{"taxonomy":"post_tag","embeddable":true,"href":"https:\/\/www.quebec-elan.org\/en\/wp-json\/wp\/v2\/tags?post=24090"}],"curies":[{"name":"wp","href":"https:\/\/api.w.org\/{rel}","templated":true}]}}