{"id":2469,"date":"2016-09-29T19:04:14","date_gmt":"2016-09-29T19:04:14","guid":{"rendered":"https:\/\/www.quebec-elan.org\/?p=2469&#038;lang=fr"},"modified":"2016-10-17T18:54:52","modified_gmt":"2016-10-17T18:54:52","slug":"cinq-sept-delan-premier-jeudi-notre-dame-des-arts","status":"publish","type":"post","link":"https:\/\/www.quebec-elan.org\/en\/cinq-sept-delan-premier-jeudi-notre-dame-des-arts\/","title":{"rendered":"Cinq \u00e0 sept d\u2019ELAN &#038; premier jeudi Notre Dame des Arts"},"content":{"rendered":"<h3 style=\"text-align: center;\">L\u2019organisme <a href=\"http:\/\/notredamedesarts.com\/\">Notre Dame des Arts<\/a> et ELAN se joignent pour pr\u00e9senter une soir\u00e9e de r\u00e9seautage, et une pr\u00e9sentation sp\u00e9ciale par une artiste de NDG.<\/h3>\n<p style=\"text-align: center;\"><strong>Le jeudi 3 novembre 2016, 19h\u00a0\u00e0 21h<\/strong><br \/>\n<strong>Cafe Shaika (5526, rue Sherbrooke ouest)<\/strong><br \/>\n<strong>Entr\u00e9e libre et gratuite !<\/strong><br \/>\n<strong>RSVP: admin@quebec-elan.org<\/strong><\/p>\n<p>Joignez-vous \u00e0 nous lors d\u2019une soir\u00e9e au caf\u00e9 Shaika, o\u00f9 des artistes et amateurs d\u2019art de tous horizons et disciplines pourront discuter et socialiser avec des artistes du quartier NDG. Des rafra\u00eechissements seront servis, et des gens issus de divers milieux artistiques pourront ainsi se rencontrer et socialiser !<\/p>\n<p>Le March\u00e9 minute permet aux membres d\u2019ELAN de promouvoir leurs projets en cours, et offre au public la possibilit\u00e9 de gagner des prix de pr\u00e9sence tels que livres, disques, billets de spectacle. Les dix premiers membres d\u2019ELAN qui \u00e9criront \u00e0 admin@quebec-elan.org en d\u00e9crivant leur projet et leur prix de pr\u00e9sence se verront offrir une minute sous les projecteurs !<\/p>\n","protected":false},"excerpt":{"rendered":"<p>L\u2019organisme Notre Dame des Arts et ELAN se joignent pour pr\u00e9senter une soir\u00e9e de r\u00e9seautage, et une pr\u00e9sentation sp\u00e9ciale par une artiste de NDG. Le jeudi 3 novembre 2016, 19h\u00a0\u00e0 21h Cafe Shaika (5526, rue Sherbrooke ouest) Entr\u00e9e libre et gratuite ! RSVP: admin@quebec-elan.org Joignez-vous \u00e0 nous lors d\u2019une soir\u00e9e au caf\u00e9 Shaika, o\u00f9 des [&hellip;]<\/p>\n","protected":false},"author":234,"featured_media":2420,"comment_status":"closed","ping_status":"closed","sticky":false,"template":"","format":"standard","meta":{"footnotes":""},"categories":[149],"tags":[],"class_list":["post-2469","post","type-post","status-publish","format-standard","has-post-thumbnail","hentry","category-nouvelles"],"yoast_head":"<!-- This site is optimized with the Yoast SEO plugin v27.4 - https:\/\/yoast.com\/product\/yoast-seo-wordpress\/ -->\n<title>Cinq \u00e0 sept d\u2019ELAN &amp; premier jeudi Notre Dame des Arts - ELAN<\/title>\n<meta name=\"description\" content=\"Joignez-vous \u00e0 nous lors d\u2019une soir\u00e9e au caf\u00e9 Shaika, o\u00f9 des artistes et amateurs d\u2019art de tous horizons et disciplines pourront discuter et socialiser.\" \/>\n<meta name=\"robots\" content=\"index, follow, max-snippet:-1, max-image-preview:large, max-video-preview:-1\" \/>\n<link rel=\"canonical\" href=\"https:\/\/www.quebec-elan.org\/en\/cinq-sept-delan-premier-jeudi-notre-dame-des-arts\/\" \/>\n<meta property=\"og:locale\" content=\"en_US\" \/>\n<meta property=\"og:type\" content=\"article\" \/>\n<meta property=\"og:title\" content=\"Cinq \u00e0 sept d\u2019ELAN &amp; premier jeudi Notre Dame des Arts - ELAN\" \/>\n<meta property=\"og:description\" content=\"Joignez-vous \u00e0 nous lors d\u2019une soir\u00e9e au caf\u00e9 Shaika, o\u00f9 des artistes et amateurs d\u2019art de tous horizons et disciplines pourront discuter et socialiser.\" \/>\n<meta property=\"og:url\" content=\"https:\/\/www.quebec-elan.org\/en\/cinq-sept-delan-premier-jeudi-notre-dame-des-arts\/\" \/>\n<meta property=\"og:site_name\" content=\"ELAN\" \/>\n<meta property=\"article:published_time\" content=\"2016-09-29T19:04:14+00:00\" \/>\n<meta property=\"article:modified_time\" content=\"2016-10-17T18:54:52+00:00\" \/>\n<meta property=\"og:image\" content=\"https:\/\/www.quebec-elan.org\/wp-content\/uploads\/2016\/09\/DSC_2495-scaled.jpg\" \/>\n\t<meta property=\"og:image:width\" content=\"1450\" \/>\n\t<meta property=\"og:image:height\" content=\"963\" \/>\n\t<meta property=\"og:image:type\" content=\"image\/jpeg\" \/>\n<meta name=\"author\" content=\"Andre Elan Quebec\" \/>\n<meta name=\"twitter:card\" content=\"summary_large_image\" \/>\n<meta name=\"twitter:label1\" content=\"Written by\" \/>\n\t<meta name=\"twitter:data1\" content=\"Andre Elan Quebec\" \/>\n\t<meta name=\"twitter:label2\" content=\"Est. reading time\" \/>\n\t<meta name=\"twitter:data2\" content=\"1 minute\" \/>\n<script type=\"application\/ld+json\" class=\"yoast-schema-graph\">{\"@context\":\"https:\\\/\\\/schema.org\",\"@graph\":[{\"@type\":\"Article\",\"@id\":\"https:\\\/\\\/www.quebec-elan.org\\\/en\\\/cinq-sept-delan-premier-jeudi-notre-dame-des-arts\\\/#article\",\"isPartOf\":{\"@id\":\"https:\\\/\\\/www.quebec-elan.org\\\/en\\\/cinq-sept-delan-premier-jeudi-notre-dame-des-arts\\\/\"},\"author\":{\"name\":\"Andre Elan Quebec\",\"@id\":\"https:\\\/\\\/www.quebec-elan.org\\\/en\\\/#\\\/schema\\\/person\\\/4aaafbe7c737c481f7cc144f5237888f\"},\"headline\":\"Cinq \u00e0 sept d\u2019ELAN &#038; premier jeudi Notre Dame des Arts\",\"datePublished\":\"2016-09-29T19:04:14+00:00\",\"dateModified\":\"2016-10-17T18:54:52+00:00\",\"mainEntityOfPage\":{\"@id\":\"https:\\\/\\\/www.quebec-elan.org\\\/en\\\/cinq-sept-delan-premier-jeudi-notre-dame-des-arts\\\/\"},\"wordCount\":174,\"publisher\":{\"@id\":\"https:\\\/\\\/www.quebec-elan.org\\\/en\\\/#organization\"},\"image\":{\"@id\":\"https:\\\/\\\/www.quebec-elan.org\\\/en\\\/cinq-sept-delan-premier-jeudi-notre-dame-des-arts\\\/#primaryimage\"},\"thumbnailUrl\":\"https:\\\/\\\/www.quebec-elan.org\\\/wp-content\\\/uploads\\\/2016\\\/09\\\/DSC_2495-scaled.jpg\",\"articleSection\":[\"Nouvelles\"],\"inLanguage\":\"en-US\"},{\"@type\":\"WebPage\",\"@id\":\"https:\\\/\\\/www.quebec-elan.org\\\/en\\\/cinq-sept-delan-premier-jeudi-notre-dame-des-arts\\\/\",\"url\":\"https:\\\/\\\/www.quebec-elan.org\\\/en\\\/cinq-sept-delan-premier-jeudi-notre-dame-des-arts\\\/\",\"name\":\"Cinq \u00e0 sept d\u2019ELAN & premier jeudi Notre Dame des Arts - ELAN\",\"isPartOf\":{\"@id\":\"https:\\\/\\\/www.quebec-elan.org\\\/en\\\/#website\"},\"primaryImageOfPage\":{\"@id\":\"https:\\\/\\\/www.quebec-elan.org\\\/en\\\/cinq-sept-delan-premier-jeudi-notre-dame-des-arts\\\/#primaryimage\"},\"image\":{\"@id\":\"https:\\\/\\\/www.quebec-elan.org\\\/en\\\/cinq-sept-delan-premier-jeudi-notre-dame-des-arts\\\/#primaryimage\"},\"thumbnailUrl\":\"https:\\\/\\\/www.quebec-elan.org\\\/wp-content\\\/uploads\\\/2016\\\/09\\\/DSC_2495-scaled.jpg\",\"datePublished\":\"2016-09-29T19:04:14+00:00\",\"dateModified\":\"2016-10-17T18:54:52+00:00\",\"description\":\"Joignez-vous \u00e0 nous lors d\u2019une soir\u00e9e au caf\u00e9 Shaika, o\u00f9 des artistes et amateurs d\u2019art de tous horizons et disciplines pourront discuter et socialiser.\",\"breadcrumb\":{\"@id\":\"https:\\\/\\\/www.quebec-elan.org\\\/en\\\/cinq-sept-delan-premier-jeudi-notre-dame-des-arts\\\/#breadcrumb\"},\"inLanguage\":\"en-US\",\"potentialAction\":[{\"@type\":\"ReadAction\",\"target\":[\"https:\\\/\\\/www.quebec-elan.org\\\/en\\\/cinq-sept-delan-premier-jeudi-notre-dame-des-arts\\\/\"]}]},{\"@type\":\"ImageObject\",\"inLanguage\":\"en-US\",\"@id\":\"https:\\\/\\\/www.quebec-elan.org\\\/en\\\/cinq-sept-delan-premier-jeudi-notre-dame-des-arts\\\/#primaryimage\",\"url\":\"https:\\\/\\\/www.quebec-elan.org\\\/wp-content\\\/uploads\\\/2016\\\/09\\\/DSC_2495-scaled.jpg\",\"contentUrl\":\"https:\\\/\\\/www.quebec-elan.org\\\/wp-content\\\/uploads\\\/2016\\\/09\\\/DSC_2495-scaled.jpg\",\"width\":1450,\"height\":963,\"caption\":\"Photo by Cindy Lopez\"},{\"@type\":\"BreadcrumbList\",\"@id\":\"https:\\\/\\\/www.quebec-elan.org\\\/en\\\/cinq-sept-delan-premier-jeudi-notre-dame-des-arts\\\/#breadcrumb\",\"itemListElement\":[{\"@type\":\"ListItem\",\"position\":1,\"name\":\"Home\",\"item\":\"https:\\\/\\\/www.quebec-elan.org\\\/en\\\/new-home\\\/\"},{\"@type\":\"ListItem\",\"position\":2,\"name\":\"Cinq \u00e0 sept d\u2019ELAN &#038; premier jeudi Notre Dame des Arts\"}]},{\"@type\":\"WebSite\",\"@id\":\"https:\\\/\\\/www.quebec-elan.org\\\/en\\\/#website\",\"url\":\"https:\\\/\\\/www.quebec-elan.org\\\/en\\\/\",\"name\":\"ELAN\",\"description\":\"English Language Arts Network\",\"publisher\":{\"@id\":\"https:\\\/\\\/www.quebec-elan.org\\\/en\\\/#organization\"},\"potentialAction\":[{\"@type\":\"SearchAction\",\"target\":{\"@type\":\"EntryPoint\",\"urlTemplate\":\"https:\\\/\\\/www.quebec-elan.org\\\/en\\\/?s={search_term_string}\"},\"query-input\":{\"@type\":\"PropertyValueSpecification\",\"valueRequired\":true,\"valueName\":\"search_term_string\"}}],\"inLanguage\":\"en-US\"},{\"@type\":\"Organization\",\"@id\":\"https:\\\/\\\/www.quebec-elan.org\\\/en\\\/#organization\",\"name\":\"ELAN - English Language Arts Network\",\"url\":\"https:\\\/\\\/www.quebec-elan.org\\\/en\\\/\",\"logo\":{\"@type\":\"ImageObject\",\"inLanguage\":\"en-US\",\"@id\":\"https:\\\/\\\/www.quebec-elan.org\\\/en\\\/#\\\/schema\\\/logo\\\/image\\\/\",\"url\":\"https:\\\/\\\/www.quebec-elan.org\\\/wp-content\\\/uploads\\\/2022\\\/05\\\/elan-logo-360.jpg\",\"contentUrl\":\"https:\\\/\\\/www.quebec-elan.org\\\/wp-content\\\/uploads\\\/2022\\\/05\\\/elan-logo-360.jpg\",\"width\":360,\"height\":70,\"caption\":\"ELAN - English Language Arts Network\"},\"image\":{\"@id\":\"https:\\\/\\\/www.quebec-elan.org\\\/en\\\/#\\\/schema\\\/logo\\\/image\\\/\"}},{\"@type\":\"Person\",\"@id\":\"https:\\\/\\\/www.quebec-elan.org\\\/en\\\/#\\\/schema\\\/person\\\/4aaafbe7c737c481f7cc144f5237888f\",\"name\":\"Andre Elan Quebec\",\"image\":{\"@type\":\"ImageObject\",\"inLanguage\":\"en-US\",\"@id\":\"https:\\\/\\\/secure.gravatar.com\\\/avatar\\\/7ea082d3d909c4cb837bac18df8ab3523b4a3b6bc196bc83d5ca7f186807bf4e?s=96&d=mm&r=g\",\"url\":\"https:\\\/\\\/secure.gravatar.com\\\/avatar\\\/7ea082d3d909c4cb837bac18df8ab3523b4a3b6bc196bc83d5ca7f186807bf4e?s=96&d=mm&r=g\",\"contentUrl\":\"https:\\\/\\\/secure.gravatar.com\\\/avatar\\\/7ea082d3d909c4cb837bac18df8ab3523b4a3b6bc196bc83d5ca7f186807bf4e?s=96&d=mm&r=g\",\"caption\":\"Andre Elan Quebec\"},\"description\":\"The English-Language Arts Network (ELAN) is a not-for-profit organization that connects, supports, and creates opportunities for Quebec\u2019s English-speaking artists and arts communities. ELAN members are individuals and organizations from a wide array of artistic disciplines, cultural and geographic backgrounds, and linguistic and cultural communities. Together this network reflects an evolving Qu\u00e9bec identity and celebrates the province\u2019s cultural, artistic, and social diversity.\",\"url\":\"https:\\\/\\\/www.quebec-elan.org\\\/en\\\/author\\\/elan-quebec\\\/\"}]}<\/script>\n<!-- \/ Yoast SEO plugin. -->","yoast_head_json":{"title":"Cinq \u00e0 sept d\u2019ELAN & premier jeudi Notre Dame des Arts - ELAN","description":"Joignez-vous \u00e0 nous lors d\u2019une soir\u00e9e au caf\u00e9 Shaika, o\u00f9 des artistes et amateurs d\u2019art de tous horizons et disciplines pourront discuter et socialiser.","robots":{"index":"index","follow":"follow","max-snippet":"max-snippet:-1","max-image-preview":"max-image-preview:large","max-video-preview":"max-video-preview:-1"},"canonical":"https:\/\/www.quebec-elan.org\/en\/cinq-sept-delan-premier-jeudi-notre-dame-des-arts\/","og_locale":"en_US","og_type":"article","og_title":"Cinq \u00e0 sept d\u2019ELAN & premier jeudi Notre Dame des Arts - ELAN","og_description":"Joignez-vous \u00e0 nous lors d\u2019une soir\u00e9e au caf\u00e9 Shaika, o\u00f9 des artistes et amateurs d\u2019art de tous horizons et disciplines pourront discuter et socialiser.","og_url":"https:\/\/www.quebec-elan.org\/en\/cinq-sept-delan-premier-jeudi-notre-dame-des-arts\/","og_site_name":"ELAN","article_published_time":"2016-09-29T19:04:14+00:00","article_modified_time":"2016-10-17T18:54:52+00:00","og_image":[{"width":1450,"height":963,"url":"https:\/\/www.quebec-elan.org\/wp-content\/uploads\/2016\/09\/DSC_2495-scaled.jpg","type":"image\/jpeg"}],"author":"Andre Elan Quebec","twitter_card":"summary_large_image","twitter_misc":{"Written by":"Andre Elan Quebec","Est. reading time":"1 minute"},"schema":{"@context":"https:\/\/schema.org","@graph":[{"@type":"Article","@id":"https:\/\/www.quebec-elan.org\/en\/cinq-sept-delan-premier-jeudi-notre-dame-des-arts\/#article","isPartOf":{"@id":"https:\/\/www.quebec-elan.org\/en\/cinq-sept-delan-premier-jeudi-notre-dame-des-arts\/"},"author":{"name":"Andre Elan Quebec","@id":"https:\/\/www.quebec-elan.org\/en\/#\/schema\/person\/4aaafbe7c737c481f7cc144f5237888f"},"headline":"Cinq \u00e0 sept d\u2019ELAN &#038; premier jeudi Notre Dame des Arts","datePublished":"2016-09-29T19:04:14+00:00","dateModified":"2016-10-17T18:54:52+00:00","mainEntityOfPage":{"@id":"https:\/\/www.quebec-elan.org\/en\/cinq-sept-delan-premier-jeudi-notre-dame-des-arts\/"},"wordCount":174,"publisher":{"@id":"https:\/\/www.quebec-elan.org\/en\/#organization"},"image":{"@id":"https:\/\/www.quebec-elan.org\/en\/cinq-sept-delan-premier-jeudi-notre-dame-des-arts\/#primaryimage"},"thumbnailUrl":"https:\/\/www.quebec-elan.org\/wp-content\/uploads\/2016\/09\/DSC_2495-scaled.jpg","articleSection":["Nouvelles"],"inLanguage":"en-US"},{"@type":"WebPage","@id":"https:\/\/www.quebec-elan.org\/en\/cinq-sept-delan-premier-jeudi-notre-dame-des-arts\/","url":"https:\/\/www.quebec-elan.org\/en\/cinq-sept-delan-premier-jeudi-notre-dame-des-arts\/","name":"Cinq \u00e0 sept d\u2019ELAN & premier jeudi Notre Dame des Arts - ELAN","isPartOf":{"@id":"https:\/\/www.quebec-elan.org\/en\/#website"},"primaryImageOfPage":{"@id":"https:\/\/www.quebec-elan.org\/en\/cinq-sept-delan-premier-jeudi-notre-dame-des-arts\/#primaryimage"},"image":{"@id":"https:\/\/www.quebec-elan.org\/en\/cinq-sept-delan-premier-jeudi-notre-dame-des-arts\/#primaryimage"},"thumbnailUrl":"https:\/\/www.quebec-elan.org\/wp-content\/uploads\/2016\/09\/DSC_2495-scaled.jpg","datePublished":"2016-09-29T19:04:14+00:00","dateModified":"2016-10-17T18:54:52+00:00","description":"Joignez-vous \u00e0 nous lors d\u2019une soir\u00e9e au caf\u00e9 Shaika, o\u00f9 des artistes et amateurs d\u2019art de tous horizons et disciplines pourront discuter et socialiser.","breadcrumb":{"@id":"https:\/\/www.quebec-elan.org\/en\/cinq-sept-delan-premier-jeudi-notre-dame-des-arts\/#breadcrumb"},"inLanguage":"en-US","potentialAction":[{"@type":"ReadAction","target":["https:\/\/www.quebec-elan.org\/en\/cinq-sept-delan-premier-jeudi-notre-dame-des-arts\/"]}]},{"@type":"ImageObject","inLanguage":"en-US","@id":"https:\/\/www.quebec-elan.org\/en\/cinq-sept-delan-premier-jeudi-notre-dame-des-arts\/#primaryimage","url":"https:\/\/www.quebec-elan.org\/wp-content\/uploads\/2016\/09\/DSC_2495-scaled.jpg","contentUrl":"https:\/\/www.quebec-elan.org\/wp-content\/uploads\/2016\/09\/DSC_2495-scaled.jpg","width":1450,"height":963,"caption":"Photo by Cindy Lopez"},{"@type":"BreadcrumbList","@id":"https:\/\/www.quebec-elan.org\/en\/cinq-sept-delan-premier-jeudi-notre-dame-des-arts\/#breadcrumb","itemListElement":[{"@type":"ListItem","position":1,"name":"Home","item":"https:\/\/www.quebec-elan.org\/en\/new-home\/"},{"@type":"ListItem","position":2,"name":"Cinq \u00e0 sept d\u2019ELAN &#038; premier jeudi Notre Dame des Arts"}]},{"@type":"WebSite","@id":"https:\/\/www.quebec-elan.org\/en\/#website","url":"https:\/\/www.quebec-elan.org\/en\/","name":"ELAN","description":"English Language Arts Network","publisher":{"@id":"https:\/\/www.quebec-elan.org\/en\/#organization"},"potentialAction":[{"@type":"SearchAction","target":{"@type":"EntryPoint","urlTemplate":"https:\/\/www.quebec-elan.org\/en\/?s={search_term_string}"},"query-input":{"@type":"PropertyValueSpecification","valueRequired":true,"valueName":"search_term_string"}}],"inLanguage":"en-US"},{"@type":"Organization","@id":"https:\/\/www.quebec-elan.org\/en\/#organization","name":"ELAN - English Language Arts Network","url":"https:\/\/www.quebec-elan.org\/en\/","logo":{"@type":"ImageObject","inLanguage":"en-US","@id":"https:\/\/www.quebec-elan.org\/en\/#\/schema\/logo\/image\/","url":"https:\/\/www.quebec-elan.org\/wp-content\/uploads\/2022\/05\/elan-logo-360.jpg","contentUrl":"https:\/\/www.quebec-elan.org\/wp-content\/uploads\/2022\/05\/elan-logo-360.jpg","width":360,"height":70,"caption":"ELAN - English Language Arts Network"},"image":{"@id":"https:\/\/www.quebec-elan.org\/en\/#\/schema\/logo\/image\/"}},{"@type":"Person","@id":"https:\/\/www.quebec-elan.org\/en\/#\/schema\/person\/4aaafbe7c737c481f7cc144f5237888f","name":"Andre Elan Quebec","image":{"@type":"ImageObject","inLanguage":"en-US","@id":"https:\/\/secure.gravatar.com\/avatar\/7ea082d3d909c4cb837bac18df8ab3523b4a3b6bc196bc83d5ca7f186807bf4e?s=96&d=mm&r=g","url":"https:\/\/secure.gravatar.com\/avatar\/7ea082d3d909c4cb837bac18df8ab3523b4a3b6bc196bc83d5ca7f186807bf4e?s=96&d=mm&r=g","contentUrl":"https:\/\/secure.gravatar.com\/avatar\/7ea082d3d909c4cb837bac18df8ab3523b4a3b6bc196bc83d5ca7f186807bf4e?s=96&d=mm&r=g","caption":"Andre Elan Quebec"},"description":"The English-Language Arts Network (ELAN) is a not-for-profit organization that connects, supports, and creates opportunities for Quebec\u2019s English-speaking artists and arts communities. ELAN members are individuals and organizations from a wide array of artistic disciplines, cultural and geographic backgrounds, and linguistic and cultural communities. Together this network reflects an evolving Qu\u00e9bec identity and celebrates the province\u2019s cultural, artistic, and social diversity.","url":"https:\/\/www.quebec-elan.org\/en\/author\/elan-quebec\/"}]}},"_links":{"self":[{"href":"https:\/\/www.quebec-elan.org\/en\/wp-json\/wp\/v2\/posts\/2469","targetHints":{"allow":["GET"]}}],"collection":[{"href":"https:\/\/www.quebec-elan.org\/en\/wp-json\/wp\/v2\/posts"}],"about":[{"href":"https:\/\/www.quebec-elan.org\/en\/wp-json\/wp\/v2\/types\/post"}],"author":[{"embeddable":true,"href":"https:\/\/www.quebec-elan.org\/en\/wp-json\/wp\/v2\/users\/234"}],"replies":[{"embeddable":true,"href":"https:\/\/www.quebec-elan.org\/en\/wp-json\/wp\/v2\/comments?post=2469"}],"version-history":[{"count":2,"href":"https:\/\/www.quebec-elan.org\/en\/wp-json\/wp\/v2\/posts\/2469\/revisions"}],"predecessor-version":[{"id":6982,"href":"https:\/\/www.quebec-elan.org\/en\/wp-json\/wp\/v2\/posts\/2469\/revisions\/6982"}],"wp:featuredmedia":[{"embeddable":true,"href":"https:\/\/www.quebec-elan.org\/en\/wp-json\/wp\/v2\/media\/2420"}],"wp:attachment":[{"href":"https:\/\/www.quebec-elan.org\/en\/wp-json\/wp\/v2\/media?parent=2469"}],"wp:term":[{"taxonomy":"category","embeddable":true,"href":"https:\/\/www.quebec-elan.org\/en\/wp-json\/wp\/v2\/categories?post=2469"},{"taxonomy":"post_tag","embeddable":true,"href":"https:\/\/www.quebec-elan.org\/en\/wp-json\/wp\/v2\/tags?post=2469"}],"curies":[{"name":"wp","href":"https:\/\/api.w.org\/{rel}","templated":true}]}}