{"id":27533,"date":"2019-05-24T10:00:35","date_gmt":"2019-05-24T10:00:35","guid":{"rendered":"https:\/\/www.quebec-elan.org\/?p=27533"},"modified":"2020-02-03T04:39:25","modified_gmt":"2020-02-03T04:39:25","slug":"artistsinspire-grants-launched-elan-learn","status":"publish","type":"post","link":"https:\/\/www.quebec-elan.org\/en\/artistsinspire-grants-launched-elan-learn\/","title":{"rendered":"ArtistsInspire Grants (AIG) launched by ELAN, in partnership with LEARN"},"content":{"rendered":"<p><strong><span style=\"color: #333333;\">ELAN launches ArtistsInspire Grants (AIG), a $2.2 million investment for Quebec official-language minority schools to create arts and cultural opportunities. Visit the new AIG website at <a href=\"https:\/\/artistsinspire.ca\/\" target=\"_blank\" rel=\"noopener noreferrer\">artistsinspire.ca<\/a>.<\/span><\/strong><\/p>\n<p>ELAN Quebec, in partnership with LEARN, officially launched ArtistsInspire Grants (AIG) today, a micro-grant program that will fund artistic and cultural activities in 300 official-language minority schools throughout the province of Quebec. Eligible public elementary and secondary schools are encouraged to apply for this funding, with $1500 available per school for each of the next four years, starting in 2019\/2020.<\/p>\n<p style=\"padding-left: 80px;\"><em>\u201cAccess to arts and cultural expressions allow us to hear stories and see ourselves in multiple ways, showing us an infinite possibility of bright futures. Our government knows that it\u2019s important for parents in minority communities to provide their children with an environment in which they can thrive in their own language and culture. We are proud to implement this program, which will not only increase the number of activities offered, but also immerse students at official-language minority schools in the cultural life of their community.\u201d<\/em><\/p>\n<p style=\"padding-left: 80px;\"><strong><span style=\"color: #333333;\">\u2014 M\u00e9lanie Joly, Minister of Tourism, Official Languages and La Francophonie. <\/span><\/strong><\/p>\n<p style=\"padding-left: 80px;\"><em>\u201cThe ultimate goal of the program is that through the hands-on creative experiences that artists facilitate, teachers, students and community members in the province are inspired to develop their creativity capacity in ways that lead to individual and community outcomes for learning, wellbeing and socio-economic development.\u201d <\/em><\/p>\n<p style=\"padding-left: 80px;\"><strong><span style=\"color: #333333;\">\u2014 Christie Huff, Lead Consultant &#8211; ELAN&#8217;s Arts &amp; Education Initiatives.<\/span><\/strong><\/p>\n<p><strong>FULL PRESS RELEASE (ENG)<\/strong><\/p>\n<p>[gview file=&#8221;https:\/\/www.quebec-elan.org\/wp-content\/uploads\/2019\/05\/ELAN-AIG-Press-Release-May-23-FINAL-ENG.pdf&#8221;]<\/p>\n<p><strong><span style=\"color: #333333;\">ELAN (English-Language Arts Network) est heureux d\u2019annoncer le lancement du programme de subventions Artistes Inspire (AI), soit un investissement de 2,2 millions de dollars destin\u00e9 \u00e0 cr\u00e9er des activit\u00e9s artistiques et culturelles dans les \u00e9coles de langue officielle en situation minoritaire au Qu\u00e9bec.<\/span><\/strong><\/p>\n<p>En partenariat avec le programme LEARN, ELAN Qu\u00e9bec lan\u00e7ait aujourd\u2019hui le projet Artistes Inspire (AI), un programme de micro-subventions qui financera des activit\u00e9s artistiques et culturelles dans 300 \u00e9coles de langue officielle en situation minoritaire au Qu\u00e9bec. Les \u00e9coles primaires et secondaires publiques admissibles au programme sont invit\u00e9es \u00e0 faire une demande de subvention. Un montant de 1 500 dollars par \u00e9cole est disponible pour chacune des quatre prochaines ann\u00e9es, \u00e0 compter de 2019\/2020.<\/p>\n<p style=\"padding-left: 80px;\"><em>\u00ab L\u2019acc\u00e8s aux arts et aux expressions culturelles nous permet de d\u00e9couvrir des histoires et de nous voir sous de multiples angles, nous montrant ainsi mille et une possibilit\u00e9s pour un avenir prometteur. Notre gouvernement sait qu\u2019il est important pour les parents des communaut\u00e9s minoritaires d\u2019offrir \u00e0 leurs enfants un environnement o\u00f9 ils peuvent s\u2019\u00e9panouir dans leur langue et leur culture. Nous sommes fiers de lancer ce programme, qui permettra d\u2019accro\u00eetre le nombre d\u2019activit\u00e9s offertes, en plus d\u2019inviter les \u00e9l\u00e8ves des \u00e9coles en milieu minoritaire \u00e0 une incursion dans la vie culturelle de leur communaut\u00e9. \u00bb<\/em><\/p>\n<p style=\"padding-left: 80px;\"><strong><span style=\"color: #333333;\">\u2014 L\u2019honorable M\u00e9lanie Joly, ministre du Tourisme, des Langues officielles et de la Francophonie.<\/span><\/strong><\/p>\n<p style=\"padding-left: 80px;\"><em>\u00ab L\u2019objectif ultime du programme est de susciter, par l\u2019entremise d\u2019activit\u00e9s cr\u00e9atives offertes par des artistes, l\u2019int\u00e9r\u00eat des enseignants, des \u00e9tudiants et des membres de la communaut\u00e9 \u00e0 d\u00e9velopper leurs capacit\u00e9s cr\u00e9atives afin de favoriser, tant sur le plan individuel que collectif, l\u2019apprentissage, le mieux-\u00eatre et le d\u00e9veloppement socio-\u00e9conomique. \u00bb<\/em><\/p>\n<p style=\"padding-left: 80px;\"><strong><span style=\"color: #333333;\">\u2014 Christie Huff, consultante principale des initiatives en arts et \u00e9ducation chez ELAN.<\/span><\/strong><\/p>\n<p><strong>FULL PRESS RELEASE (FR)<\/strong><\/p>\n<p>[gview file=&#8221;https:\/\/www.quebec-elan.org\/wp-content\/uploads\/2019\/05\/ELAN-AIG-Press-Release-May-23-FINAL-FR.pdf&#8221;]<\/p>\n","protected":false},"excerpt":{"rendered":"<p>ELAN launches ArtistsInspire Grants (AIG), a $2.2 million investment for Quebec official-language minority schools to create arts and cultural opportunities. Visit the new AIG website at artistsinspire.ca. ELAN Quebec, in partnership with LEARN, officially launched ArtistsInspire Grants (AIG) today, a micro-grant program that will fund artistic and cultural activities in 300 official-language minority schools throughout [&hellip;]<\/p>\n","protected":false},"author":234,"featured_media":27558,"comment_status":"closed","ping_status":"closed","sticky":false,"template":"","format":"standard","meta":{"footnotes":""},"categories":[269,288,260,1,257],"tags":[313,371,310,357,330,329,283,311],"class_list":["post-27533","post","type-post","status-publish","format-standard","has-post-thumbnail","hentry","category-ace-stories","category-arted-initiatives","category-media-room","category-news","category-events-and-projects","tag-ace-initiative","tag-ace-stories","tag-arted-initiatives","tag-artist-grants","tag-artist-residencies-quebec","tag-artists-in-schools","tag-artistsinspire-grants","tag-learn"],"yoast_head":"<!-- This site is optimized with the Yoast SEO plugin v27.5 - https:\/\/yoast.com\/product\/yoast-seo-wordpress\/ -->\n<title>ArtistsInspire Grants (AIG) launched by ELAN, in partnership with LEARN - ELAN<\/title>\n<meta name=\"description\" content=\"A not-for-profit organization that connects, supports, and creates opportunities for English-speaking artists and cultural workers of all disciplines from every region of Quebec.\" \/>\n<meta name=\"robots\" content=\"index, follow, max-snippet:-1, max-image-preview:large, max-video-preview:-1\" \/>\n<link rel=\"canonical\" href=\"https:\/\/www.quebec-elan.org\/en\/artistsinspire-grants-launched-elan-learn\/\" \/>\n<meta property=\"og:locale\" content=\"en_US\" \/>\n<meta property=\"og:type\" content=\"article\" \/>\n<meta property=\"og:title\" content=\"ArtistsInspire Grants (AIG) launched by ELAN, in partnership with LEARN - ELAN\" \/>\n<meta property=\"og:description\" content=\"A not-for-profit organization that connects, supports, and creates opportunities for English-speaking artists and cultural workers of all disciplines from every region of Quebec.\" \/>\n<meta property=\"og:url\" content=\"https:\/\/www.quebec-elan.org\/en\/artistsinspire-grants-launched-elan-learn\/\" \/>\n<meta property=\"og:site_name\" content=\"ELAN\" \/>\n<meta property=\"article:published_time\" content=\"2019-05-24T10:00:35+00:00\" \/>\n<meta property=\"article:modified_time\" content=\"2020-02-03T04:39:25+00:00\" \/>\n<meta property=\"og:image\" content=\"https:\/\/www.quebec-elan.org\/wp-content\/uploads\/2019\/05\/Arted_facebook_coverimage-w.png\" \/>\n\t<meta property=\"og:image:width\" content=\"819\" \/>\n\t<meta property=\"og:image:height\" content=\"319\" \/>\n\t<meta property=\"og:image:type\" content=\"image\/png\" \/>\n<meta name=\"author\" content=\"Andre Elan Quebec\" \/>\n<meta name=\"twitter:card\" content=\"summary_large_image\" \/>\n<meta name=\"twitter:label1\" content=\"Written by\" \/>\n\t<meta name=\"twitter:data1\" content=\"Andre Elan Quebec\" \/>\n\t<meta name=\"twitter:label2\" content=\"Est. reading time\" \/>\n\t<meta name=\"twitter:data2\" content=\"3 minutes\" \/>\n<script type=\"application\/ld+json\" class=\"yoast-schema-graph\">{\"@context\":\"https:\\\/\\\/schema.org\",\"@graph\":[{\"@type\":\"Article\",\"@id\":\"https:\\\/\\\/www.quebec-elan.org\\\/en\\\/artistsinspire-grants-launched-elan-learn\\\/#article\",\"isPartOf\":{\"@id\":\"https:\\\/\\\/www.quebec-elan.org\\\/en\\\/artistsinspire-grants-launched-elan-learn\\\/\"},\"author\":{\"name\":\"Andre Elan Quebec\",\"@id\":\"https:\\\/\\\/www.quebec-elan.org\\\/en\\\/#\\\/schema\\\/person\\\/4aaafbe7c737c481f7cc144f5237888f\"},\"headline\":\"ArtistsInspire Grants (AIG) launched by ELAN, in partnership with LEARN\",\"datePublished\":\"2019-05-24T10:00:35+00:00\",\"dateModified\":\"2020-02-03T04:39:25+00:00\",\"mainEntityOfPage\":{\"@id\":\"https:\\\/\\\/www.quebec-elan.org\\\/en\\\/artistsinspire-grants-launched-elan-learn\\\/\"},\"wordCount\":594,\"publisher\":{\"@id\":\"https:\\\/\\\/www.quebec-elan.org\\\/en\\\/#organization\"},\"image\":{\"@id\":\"https:\\\/\\\/www.quebec-elan.org\\\/en\\\/artistsinspire-grants-launched-elan-learn\\\/#primaryimage\"},\"thumbnailUrl\":\"https:\\\/\\\/www.quebec-elan.org\\\/wp-content\\\/uploads\\\/2019\\\/05\\\/Arted_facebook_coverimage-w.png\",\"keywords\":[\"ACE Initiative\",\"ACE: Stories\",\"ArtEd Initiatives\",\"artist grants\",\"artist residencies Quebec\",\"artists in schools\",\"ArtistsInspire Grants\",\"LEARN\"],\"articleSection\":[\"ACE: Stories\",\"ELAN's ArtEd Program\",\"Media &amp; Press\",\"News\",\"Project News\"],\"inLanguage\":\"en-US\"},{\"@type\":\"WebPage\",\"@id\":\"https:\\\/\\\/www.quebec-elan.org\\\/en\\\/artistsinspire-grants-launched-elan-learn\\\/\",\"url\":\"https:\\\/\\\/www.quebec-elan.org\\\/en\\\/artistsinspire-grants-launched-elan-learn\\\/\",\"name\":\"ArtistsInspire Grants (AIG) launched by ELAN, in partnership with LEARN - ELAN\",\"isPartOf\":{\"@id\":\"https:\\\/\\\/www.quebec-elan.org\\\/en\\\/#website\"},\"primaryImageOfPage\":{\"@id\":\"https:\\\/\\\/www.quebec-elan.org\\\/en\\\/artistsinspire-grants-launched-elan-learn\\\/#primaryimage\"},\"image\":{\"@id\":\"https:\\\/\\\/www.quebec-elan.org\\\/en\\\/artistsinspire-grants-launched-elan-learn\\\/#primaryimage\"},\"thumbnailUrl\":\"https:\\\/\\\/www.quebec-elan.org\\\/wp-content\\\/uploads\\\/2019\\\/05\\\/Arted_facebook_coverimage-w.png\",\"datePublished\":\"2019-05-24T10:00:35+00:00\",\"dateModified\":\"2020-02-03T04:39:25+00:00\",\"description\":\"A not-for-profit organization that connects, supports, and creates opportunities for English-speaking artists and cultural workers of all disciplines from every region of Quebec.\",\"breadcrumb\":{\"@id\":\"https:\\\/\\\/www.quebec-elan.org\\\/en\\\/artistsinspire-grants-launched-elan-learn\\\/#breadcrumb\"},\"inLanguage\":\"en-US\",\"potentialAction\":[{\"@type\":\"ReadAction\",\"target\":[\"https:\\\/\\\/www.quebec-elan.org\\\/en\\\/artistsinspire-grants-launched-elan-learn\\\/\"]}]},{\"@type\":\"ImageObject\",\"inLanguage\":\"en-US\",\"@id\":\"https:\\\/\\\/www.quebec-elan.org\\\/en\\\/artistsinspire-grants-launched-elan-learn\\\/#primaryimage\",\"url\":\"https:\\\/\\\/www.quebec-elan.org\\\/wp-content\\\/uploads\\\/2019\\\/05\\\/Arted_facebook_coverimage-w.png\",\"contentUrl\":\"https:\\\/\\\/www.quebec-elan.org\\\/wp-content\\\/uploads\\\/2019\\\/05\\\/Arted_facebook_coverimage-w.png\",\"width\":819,\"height\":319},{\"@type\":\"BreadcrumbList\",\"@id\":\"https:\\\/\\\/www.quebec-elan.org\\\/en\\\/artistsinspire-grants-launched-elan-learn\\\/#breadcrumb\",\"itemListElement\":[{\"@type\":\"ListItem\",\"position\":1,\"name\":\"Home\",\"item\":\"https:\\\/\\\/www.quebec-elan.org\\\/en\\\/new-home\\\/\"},{\"@type\":\"ListItem\",\"position\":2,\"name\":\"ArtistsInspire Grants (AIG) launched by ELAN, in partnership with LEARN\"}]},{\"@type\":\"WebSite\",\"@id\":\"https:\\\/\\\/www.quebec-elan.org\\\/en\\\/#website\",\"url\":\"https:\\\/\\\/www.quebec-elan.org\\\/en\\\/\",\"name\":\"ELAN\",\"description\":\"English Language Arts Network\",\"publisher\":{\"@id\":\"https:\\\/\\\/www.quebec-elan.org\\\/en\\\/#organization\"},\"potentialAction\":[{\"@type\":\"SearchAction\",\"target\":{\"@type\":\"EntryPoint\",\"urlTemplate\":\"https:\\\/\\\/www.quebec-elan.org\\\/en\\\/?s={search_term_string}\"},\"query-input\":{\"@type\":\"PropertyValueSpecification\",\"valueRequired\":true,\"valueName\":\"search_term_string\"}}],\"inLanguage\":\"en-US\"},{\"@type\":\"Organization\",\"@id\":\"https:\\\/\\\/www.quebec-elan.org\\\/en\\\/#organization\",\"name\":\"ELAN - English Language Arts Network\",\"url\":\"https:\\\/\\\/www.quebec-elan.org\\\/en\\\/\",\"logo\":{\"@type\":\"ImageObject\",\"inLanguage\":\"en-US\",\"@id\":\"https:\\\/\\\/www.quebec-elan.org\\\/en\\\/#\\\/schema\\\/logo\\\/image\\\/\",\"url\":\"https:\\\/\\\/www.quebec-elan.org\\\/wp-content\\\/uploads\\\/2022\\\/05\\\/elan-logo-360.jpg\",\"contentUrl\":\"https:\\\/\\\/www.quebec-elan.org\\\/wp-content\\\/uploads\\\/2022\\\/05\\\/elan-logo-360.jpg\",\"width\":360,\"height\":70,\"caption\":\"ELAN - English Language Arts Network\"},\"image\":{\"@id\":\"https:\\\/\\\/www.quebec-elan.org\\\/en\\\/#\\\/schema\\\/logo\\\/image\\\/\"}},{\"@type\":\"Person\",\"@id\":\"https:\\\/\\\/www.quebec-elan.org\\\/en\\\/#\\\/schema\\\/person\\\/4aaafbe7c737c481f7cc144f5237888f\",\"name\":\"Andre Elan Quebec\",\"image\":{\"@type\":\"ImageObject\",\"inLanguage\":\"en-US\",\"@id\":\"https:\\\/\\\/secure.gravatar.com\\\/avatar\\\/7ea082d3d909c4cb837bac18df8ab3523b4a3b6bc196bc83d5ca7f186807bf4e?s=96&d=mm&r=g\",\"url\":\"https:\\\/\\\/secure.gravatar.com\\\/avatar\\\/7ea082d3d909c4cb837bac18df8ab3523b4a3b6bc196bc83d5ca7f186807bf4e?s=96&d=mm&r=g\",\"contentUrl\":\"https:\\\/\\\/secure.gravatar.com\\\/avatar\\\/7ea082d3d909c4cb837bac18df8ab3523b4a3b6bc196bc83d5ca7f186807bf4e?s=96&d=mm&r=g\",\"caption\":\"Andre Elan Quebec\"},\"description\":\"The English-Language Arts Network (ELAN) is a not-for-profit organization that connects, supports, and creates opportunities for Quebec\u2019s English-speaking artists and arts communities. ELAN members are individuals and organizations from a wide array of artistic disciplines, cultural and geographic backgrounds, and linguistic and cultural communities. Together this network reflects an evolving Qu\u00e9bec identity and celebrates the province\u2019s cultural, artistic, and social diversity.\",\"url\":\"https:\\\/\\\/www.quebec-elan.org\\\/en\\\/author\\\/elan-quebec\\\/\"}]}<\/script>\n<!-- \/ Yoast SEO plugin. -->","yoast_head_json":{"title":"ArtistsInspire Grants (AIG) launched by ELAN, in partnership with LEARN - ELAN","description":"A not-for-profit organization that connects, supports, and creates opportunities for English-speaking artists and cultural workers of all disciplines from every region of Quebec.","robots":{"index":"index","follow":"follow","max-snippet":"max-snippet:-1","max-image-preview":"max-image-preview:large","max-video-preview":"max-video-preview:-1"},"canonical":"https:\/\/www.quebec-elan.org\/en\/artistsinspire-grants-launched-elan-learn\/","og_locale":"en_US","og_type":"article","og_title":"ArtistsInspire Grants (AIG) launched by ELAN, in partnership with LEARN - ELAN","og_description":"A not-for-profit organization that connects, supports, and creates opportunities for English-speaking artists and cultural workers of all disciplines from every region of Quebec.","og_url":"https:\/\/www.quebec-elan.org\/en\/artistsinspire-grants-launched-elan-learn\/","og_site_name":"ELAN","article_published_time":"2019-05-24T10:00:35+00:00","article_modified_time":"2020-02-03T04:39:25+00:00","og_image":[{"width":819,"height":319,"url":"https:\/\/www.quebec-elan.org\/wp-content\/uploads\/2019\/05\/Arted_facebook_coverimage-w.png","type":"image\/png"}],"author":"Andre Elan Quebec","twitter_card":"summary_large_image","twitter_misc":{"Written by":"Andre Elan Quebec","Est. reading time":"3 minutes"},"schema":{"@context":"https:\/\/schema.org","@graph":[{"@type":"Article","@id":"https:\/\/www.quebec-elan.org\/en\/artistsinspire-grants-launched-elan-learn\/#article","isPartOf":{"@id":"https:\/\/www.quebec-elan.org\/en\/artistsinspire-grants-launched-elan-learn\/"},"author":{"name":"Andre Elan Quebec","@id":"https:\/\/www.quebec-elan.org\/en\/#\/schema\/person\/4aaafbe7c737c481f7cc144f5237888f"},"headline":"ArtistsInspire Grants (AIG) launched by ELAN, in partnership with LEARN","datePublished":"2019-05-24T10:00:35+00:00","dateModified":"2020-02-03T04:39:25+00:00","mainEntityOfPage":{"@id":"https:\/\/www.quebec-elan.org\/en\/artistsinspire-grants-launched-elan-learn\/"},"wordCount":594,"publisher":{"@id":"https:\/\/www.quebec-elan.org\/en\/#organization"},"image":{"@id":"https:\/\/www.quebec-elan.org\/en\/artistsinspire-grants-launched-elan-learn\/#primaryimage"},"thumbnailUrl":"https:\/\/www.quebec-elan.org\/wp-content\/uploads\/2019\/05\/Arted_facebook_coverimage-w.png","keywords":["ACE Initiative","ACE: Stories","ArtEd Initiatives","artist grants","artist residencies Quebec","artists in schools","ArtistsInspire Grants","LEARN"],"articleSection":["ACE: Stories","ELAN's ArtEd Program","Media &amp; Press","News","Project News"],"inLanguage":"en-US"},{"@type":"WebPage","@id":"https:\/\/www.quebec-elan.org\/en\/artistsinspire-grants-launched-elan-learn\/","url":"https:\/\/www.quebec-elan.org\/en\/artistsinspire-grants-launched-elan-learn\/","name":"ArtistsInspire Grants (AIG) launched by ELAN, in partnership with LEARN - ELAN","isPartOf":{"@id":"https:\/\/www.quebec-elan.org\/en\/#website"},"primaryImageOfPage":{"@id":"https:\/\/www.quebec-elan.org\/en\/artistsinspire-grants-launched-elan-learn\/#primaryimage"},"image":{"@id":"https:\/\/www.quebec-elan.org\/en\/artistsinspire-grants-launched-elan-learn\/#primaryimage"},"thumbnailUrl":"https:\/\/www.quebec-elan.org\/wp-content\/uploads\/2019\/05\/Arted_facebook_coverimage-w.png","datePublished":"2019-05-24T10:00:35+00:00","dateModified":"2020-02-03T04:39:25+00:00","description":"A not-for-profit organization that connects, supports, and creates opportunities for English-speaking artists and cultural workers of all disciplines from every region of Quebec.","breadcrumb":{"@id":"https:\/\/www.quebec-elan.org\/en\/artistsinspire-grants-launched-elan-learn\/#breadcrumb"},"inLanguage":"en-US","potentialAction":[{"@type":"ReadAction","target":["https:\/\/www.quebec-elan.org\/en\/artistsinspire-grants-launched-elan-learn\/"]}]},{"@type":"ImageObject","inLanguage":"en-US","@id":"https:\/\/www.quebec-elan.org\/en\/artistsinspire-grants-launched-elan-learn\/#primaryimage","url":"https:\/\/www.quebec-elan.org\/wp-content\/uploads\/2019\/05\/Arted_facebook_coverimage-w.png","contentUrl":"https:\/\/www.quebec-elan.org\/wp-content\/uploads\/2019\/05\/Arted_facebook_coverimage-w.png","width":819,"height":319},{"@type":"BreadcrumbList","@id":"https:\/\/www.quebec-elan.org\/en\/artistsinspire-grants-launched-elan-learn\/#breadcrumb","itemListElement":[{"@type":"ListItem","position":1,"name":"Home","item":"https:\/\/www.quebec-elan.org\/en\/new-home\/"},{"@type":"ListItem","position":2,"name":"ArtistsInspire Grants (AIG) launched by ELAN, in partnership with LEARN"}]},{"@type":"WebSite","@id":"https:\/\/www.quebec-elan.org\/en\/#website","url":"https:\/\/www.quebec-elan.org\/en\/","name":"ELAN","description":"English Language Arts Network","publisher":{"@id":"https:\/\/www.quebec-elan.org\/en\/#organization"},"potentialAction":[{"@type":"SearchAction","target":{"@type":"EntryPoint","urlTemplate":"https:\/\/www.quebec-elan.org\/en\/?s={search_term_string}"},"query-input":{"@type":"PropertyValueSpecification","valueRequired":true,"valueName":"search_term_string"}}],"inLanguage":"en-US"},{"@type":"Organization","@id":"https:\/\/www.quebec-elan.org\/en\/#organization","name":"ELAN - English Language Arts Network","url":"https:\/\/www.quebec-elan.org\/en\/","logo":{"@type":"ImageObject","inLanguage":"en-US","@id":"https:\/\/www.quebec-elan.org\/en\/#\/schema\/logo\/image\/","url":"https:\/\/www.quebec-elan.org\/wp-content\/uploads\/2022\/05\/elan-logo-360.jpg","contentUrl":"https:\/\/www.quebec-elan.org\/wp-content\/uploads\/2022\/05\/elan-logo-360.jpg","width":360,"height":70,"caption":"ELAN - English Language Arts Network"},"image":{"@id":"https:\/\/www.quebec-elan.org\/en\/#\/schema\/logo\/image\/"}},{"@type":"Person","@id":"https:\/\/www.quebec-elan.org\/en\/#\/schema\/person\/4aaafbe7c737c481f7cc144f5237888f","name":"Andre Elan Quebec","image":{"@type":"ImageObject","inLanguage":"en-US","@id":"https:\/\/secure.gravatar.com\/avatar\/7ea082d3d909c4cb837bac18df8ab3523b4a3b6bc196bc83d5ca7f186807bf4e?s=96&d=mm&r=g","url":"https:\/\/secure.gravatar.com\/avatar\/7ea082d3d909c4cb837bac18df8ab3523b4a3b6bc196bc83d5ca7f186807bf4e?s=96&d=mm&r=g","contentUrl":"https:\/\/secure.gravatar.com\/avatar\/7ea082d3d909c4cb837bac18df8ab3523b4a3b6bc196bc83d5ca7f186807bf4e?s=96&d=mm&r=g","caption":"Andre Elan Quebec"},"description":"The English-Language Arts Network (ELAN) is a not-for-profit organization that connects, supports, and creates opportunities for Quebec\u2019s English-speaking artists and arts communities. ELAN members are individuals and organizations from a wide array of artistic disciplines, cultural and geographic backgrounds, and linguistic and cultural communities. Together this network reflects an evolving Qu\u00e9bec identity and celebrates the province\u2019s cultural, artistic, and social diversity.","url":"https:\/\/www.quebec-elan.org\/en\/author\/elan-quebec\/"}]}},"_links":{"self":[{"href":"https:\/\/www.quebec-elan.org\/en\/wp-json\/wp\/v2\/posts\/27533","targetHints":{"allow":["GET"]}}],"collection":[{"href":"https:\/\/www.quebec-elan.org\/en\/wp-json\/wp\/v2\/posts"}],"about":[{"href":"https:\/\/www.quebec-elan.org\/en\/wp-json\/wp\/v2\/types\/post"}],"author":[{"embeddable":true,"href":"https:\/\/www.quebec-elan.org\/en\/wp-json\/wp\/v2\/users\/234"}],"replies":[{"embeddable":true,"href":"https:\/\/www.quebec-elan.org\/en\/wp-json\/wp\/v2\/comments?post=27533"}],"version-history":[{"count":0,"href":"https:\/\/www.quebec-elan.org\/en\/wp-json\/wp\/v2\/posts\/27533\/revisions"}],"wp:featuredmedia":[{"embeddable":true,"href":"https:\/\/www.quebec-elan.org\/en\/wp-json\/wp\/v2\/media\/27558"}],"wp:attachment":[{"href":"https:\/\/www.quebec-elan.org\/en\/wp-json\/wp\/v2\/media?parent=27533"}],"wp:term":[{"taxonomy":"category","embeddable":true,"href":"https:\/\/www.quebec-elan.org\/en\/wp-json\/wp\/v2\/categories?post=27533"},{"taxonomy":"post_tag","embeddable":true,"href":"https:\/\/www.quebec-elan.org\/en\/wp-json\/wp\/v2\/tags?post=27533"}],"curies":[{"name":"wp","href":"https:\/\/api.w.org\/{rel}","templated":true}]}}