{"id":40804,"date":"2022-04-11T15:14:59","date_gmt":"2022-04-11T19:14:59","guid":{"rendered":"https:\/\/www.quebec-elan.org\/?p=40804"},"modified":"2022-04-11T15:14:59","modified_gmt":"2022-04-11T19:14:59","slug":"culture-montreal-analysis-of-2022-23-budget-en-translation","status":"publish","type":"post","link":"https:\/\/www.quebec-elan.org\/en\/culture-montreal-analysis-of-2022-23-budget-en-translation\/","title":{"rendered":"Culture Montr\u00e9al Analysis of 2022-23 Budget (EN translation)"},"content":{"rendered":"<section  class='av_textblock_section av-l1v3b35w-52f0d387a74a06c06133caa9b82ce743 '   itemscope=\"itemscope\" itemtype=\"https:\/\/schema.org\/BlogPosting\" itemprop=\"blogPost\" ><div class='avia_textblock'  itemprop=\"text\" ><p><em>The following is an English translation of the Culture Montr\u00e9al provincial budget analysis<\/em>. <a href=\"https:\/\/culturemontreal.ca\/app\/uploads\/2022\/03\/Communique-Budget-Quebec-2022_2023_VF_.pdf\" target=\"_blank\" rel=\"noopener\"><strong>Click here to consult the original French document.<\/strong><\/a><\/p>\n<h3>For culture, one priority: recovery<\/h3>\n<p>Montreal, March 23, 2022\u2014 Yesterday the closed session of the 2022\u20132023 Quebec Budget was held. Following the release of the measures announced, the Culture Montr\u00e9al team analyzed those that concern the cultural sector. The Coalition Avenir Qu\u00e9bec (CAQ)\u2019s fourth budget is built around four main axes of economic growth, one of which is devoted to the revival of the cultural sector as shown by its evocative title, \u201cSupporting recovery and promoting Quebec culture and its environment.\u201d<\/p>\n<p><strong>Expansion and continuation of pandemic support<\/strong><br \/>\nInvestments of $147.6 million are planned for 2022\u20132023 (for a total of $229.5 million over five years) to continue helping the cultural sector overcome the very real consequences of the health crisis.<\/p>\n<p>This includes:<br \/>\n&#8211; $72.1 million will be spent in 2022\u20132023 to extend support measures for the presentation of Quebec performances or to strengthen the Emergency Fund for artists and cultural workers in the performing arts.<br \/>\n&#8211; $75.5 million will be injected in 2022\u20132023 (in all, $157.4 million over five years) to support the development of the cultural sector with the goal of ending the crisis and returning to normal. Most of the funds will be managed by the CALQ and the SODEC to provide \u201cadditional targeted support to the most-affected cultural areas,\u201d i.e., $65 million in 2022\u20132023 ($136.6 million over three years, distributed as follows: $58.6 million for the SODEC, $78 million for the CALQ).<\/p>\n<p>The remainder of this $75.5 million envelope is divided as follows:<br \/>\n$7.5 million will be allocated in 2022\u20132023 ($9 million over 2 years) for the promotion of Quebec culture to encourage Quebecers to \u201creconnect with their habits of cultural consumption,\u201d which have been disrupted by digital platforms.<br \/>\n&#8211; $2 million in 2022\u20132023 ($6 million over 3 years) to \u201ccontinue T\u00e9l\u00e9-Qu\u00e9bec\u2019s digital shift\u201d<br \/>\n$1 million in 2022\u20132023 ($3 million over 3 years) to \u201cenrich the training offered by the Conservatoire de musique et d\u2019art dramatique du Qu\u00e9bec.\u201d<\/p>\n<p>Note that the 2013 tax credit for a first major donation in the cultural sector is continued.<\/p>\n<p><strong>Heritage and museums:<\/strong> Subdued support<br \/>\nLooking at the measures specifically related to the preservation and development of cultural heritage, a total of $7.4 million will be allocated in 2022\u20132023, including $6.5 million for \u201csupporting the municipal sector in the protection and management of its built heritage\u201d ($10.5 million over 3 years) and $900 k for \u201cemergency measures for heritage buildings\u201d ($2.7 million over 3 years).<br \/>\nMore than half of the funds allocated to support the municipal sector will be used to improve cultural-development agreements in Quebec City and Montreal.<\/p>\n<p>Furthermore, $1.6 million will be released in 2022\u20132023 ($6.2 million over 3 years) to carry out a government strategy for commemorative projects.<br \/>\nRegarding museums, we note the slight increase in the Aide au fonctionnement pour les institutions mus\u00e9ales program: $1.5 million in 2022\u20132023 ($6 million over 3 years).<\/p>\n<p><strong>Cultural development measures<\/strong><\/p>\n<p>\u2022 Cultures of the First Nations &#8211; $20 million in 2022\u20132023 ($100 million over 5 years) to \u201cconsolidate government action in the social and cultural development of the First Nations.\u201d<br \/>\n\u2022 BAnQ &#8211; $1 million in 2022\u20132023 ($3 million over 3 years) is given to the BAnQ to increase the grant dedicated to the network of accredited private archives.<br \/>\n\u2022 Recreation and culture &#8211; $2.1 million will be injected starting in 2023\u20132024 ($26.4 million over 4 years) to promote the sharing of resources \u201cused for sports and leisure activities (premises, equipment, personnel)\u201d between the educational and municipal sectors.<br \/>\n\u2022 French language &#8211; Note also the renewal of Quebec\u2019s policy on Canadian francophone communities: $8 million is injected to \u201cincrease the influence and vitality of French.\u201d<\/p>\n<p><strong>Flipping through the section on credits\u2026<\/strong><br \/>\nThe credits granted to the Minist\u00e8re de la Culture et des Communications amount to \u201c$978.2 million in 2022\u20132023 (excluding debt service). This is a decrease of $81.3 million compared to the probable expenditures for 2021\u20132022.\u201d<br \/>\nRegarding public corporations:<br \/>\no The CALQ goes from $136.6 million to $187 million<br \/>\no The SODEC goes from $126 million to $177 million<br \/>\no T\u00e9l\u00e9-Qu\u00e9bec goes from $70 million to $67 million<br \/>\no The BAnQ goes from $75 million to $77 million<br \/>\no The National Museums go from $71 million to $70 million<br \/>\no The Soci\u00e9t\u00e9 de la Place des arts and the Grand Th\u00e9\u00e2tre de Qu\u00e9bec go from $28 million to $27 million<br \/>\no The Conservatoire de musique et d\u2019art dramatique du Qu\u00e9bec goes from $29 million to $30 million<\/p>\n<p><strong>Cultural infrastructure projects<\/strong><\/p>\n<p>A sum of $125 million will be allocated to support various projects including the development of the MACM, the Espace Riopelle at the MNBAQ, the municipal support program for built heritage, and the continued implementation of the Espaces bleus network. See the appendix for the list of infrastructure projects already in progress or being planned in the Plan Qu\u00e9b\u00e9cois des Infrastructures (PQI) 2022\u20132032.<br \/>\n\u2022 Espaces bleus<\/p>\n<p>Regarding this new network of cultural and tourist centres, we can see that the following Espaces bleus are being established in the 2022\u20132032 PQI:<br \/>\n\u2022 The Espace bleu Capitale-Nationale \u2013 Quebec City \u2013 Development ($22 million in 22\u201323)<br \/>\n\u2022 The Espace bleu Abitibi-T\u00e9miscamingue \u2013 Amos \u2013 Acquisition, expansion, and development ($10.4 million in 22\u201323)<br \/>\n\u2022 The Espace bleu Gasp\u00e9sie \u2013 Perc\u00e9 \u2013 Acquisition, expansion, and development ($8 million in 22\u201323)<\/p>\n<p>The following Espaces bleus are in the planning stages:<\/p>\n<p>\u2022 The Espace bleu Charlevoix \u2013 Baie-Saint-Paul \u2013 Acquisition and development<\/p>\n<p>\u2022 Quebec Espaces bleus network \u2013 administrative regions of Quebec \u2013 Construction<br \/>\nOther measures of interest<\/p>\n<p>\u2022 Festivals and tourist events<br \/>\nTo prepare the tourism sector for recovery, the Quebec government is planning $220 million over 5 years, especially for 2022\u20132023:<br \/>\n\u2022 $54.9 million to provide additional support for recovery<br \/>\n\u2022 $34.7 million to promote Quebec\u2019s tourist destinations and support tourist regions and their businesses<br \/>\n\u2022 $34 million for support adapted to tourist regions and their businesses, especially for ongoing support of festivals and tourist events. This initiative should improve the predictability of their funding, help them continue their activities, and assist them in retaining their workforce.<\/p>\n<p>\u2022 Creative industries<\/p>\n<p>Creative industries could benefit from the D\u00e9duction incitative pour la commercialisation des innovations (DICI) to develop intellectual property.<br \/>\nCulture Montr\u00e9al will obviously remain on the lookout for future ministerial announcements.<\/p>\n<p><strong>About Culture Montr\u00e9al<\/strong><br \/>\nCulture Montr\u00e9al is a non-profit, independent, and non-partisan organization that brings together all citizens who recognize the fundamental role of culture in the growth of the metropolis. Culture Montr\u00e9al is a place for reflection, consultation, and action whose mission is to anchor culture squarely at the heart of Montr\u00e9al\u2019s development. The organization is recognized as a regional cultural council.<\/p>\n<p>Information<br \/>\nCatherine Desch\u00e2telets Communications Coordinator Culture Montr\u00e9al coordocom@culturemontreal.ca<\/p>\n<\/div><\/section>\n","protected":false},"excerpt":{"rendered":"","protected":false},"author":234,"featured_media":0,"comment_status":"closed","ping_status":"closed","sticky":false,"template":"","format":"standard","meta":{"footnotes":""},"categories":[252,1,263],"tags":[],"class_list":["post-40804","post","type-post","status-publish","format-standard","hentry","category-advocacy","category-news","category-official-documents"],"yoast_head":"<!-- This site is optimized with the Yoast SEO plugin v27.5 - https:\/\/yoast.com\/product\/yoast-seo-wordpress\/ -->\n<title>Culture Montr\u00e9al Analysis of 2022-23 Budget (EN translation) - ELAN<\/title>\n<meta name=\"description\" content=\"A not-for-profit organization that connects, supports, and creates opportunities for English-speaking artists and cultural workers of all disciplines from every region of Quebec.\" \/>\n<meta name=\"robots\" content=\"index, follow, max-snippet:-1, max-image-preview:large, max-video-preview:-1\" \/>\n<link rel=\"canonical\" href=\"https:\/\/www.quebec-elan.org\/en\/culture-montreal-analysis-of-2022-23-budget-en-translation\/\" \/>\n<meta property=\"og:locale\" content=\"en_US\" \/>\n<meta property=\"og:type\" content=\"article\" \/>\n<meta property=\"og:title\" content=\"Culture Montr\u00e9al Analysis of 2022-23 Budget (EN translation) - ELAN\" \/>\n<meta property=\"og:description\" content=\"A not-for-profit organization that connects, supports, and creates opportunities for English-speaking artists and cultural workers of all disciplines from every region of Quebec.\" \/>\n<meta property=\"og:url\" content=\"https:\/\/www.quebec-elan.org\/en\/culture-montreal-analysis-of-2022-23-budget-en-translation\/\" \/>\n<meta property=\"og:site_name\" content=\"ELAN\" \/>\n<meta property=\"article:published_time\" content=\"2022-04-11T19:14:59+00:00\" \/>\n<meta name=\"author\" content=\"Andre Elan Quebec\" \/>\n<meta name=\"twitter:card\" content=\"summary_large_image\" \/>\n<meta name=\"twitter:label1\" content=\"Written by\" \/>\n\t<meta name=\"twitter:data1\" content=\"Andre Elan Quebec\" \/>\n\t<meta name=\"twitter:label2\" content=\"Est. reading time\" \/>\n\t<meta name=\"twitter:data2\" content=\"5 minutes\" \/>\n<script type=\"application\/ld+json\" class=\"yoast-schema-graph\">{\"@context\":\"https:\\\/\\\/schema.org\",\"@graph\":[{\"@type\":\"Article\",\"@id\":\"https:\\\/\\\/www.quebec-elan.org\\\/en\\\/culture-montreal-analysis-of-2022-23-budget-en-translation\\\/#article\",\"isPartOf\":{\"@id\":\"https:\\\/\\\/www.quebec-elan.org\\\/en\\\/culture-montreal-analysis-of-2022-23-budget-en-translation\\\/\"},\"author\":{\"name\":\"Andre Elan Quebec\",\"@id\":\"https:\\\/\\\/www.quebec-elan.org\\\/en\\\/#\\\/schema\\\/person\\\/4aaafbe7c737c481f7cc144f5237888f\"},\"headline\":\"Culture Montr\u00e9al Analysis of 2022-23 Budget (EN translation)\",\"datePublished\":\"2022-04-11T19:14:59+00:00\",\"mainEntityOfPage\":{\"@id\":\"https:\\\/\\\/www.quebec-elan.org\\\/en\\\/culture-montreal-analysis-of-2022-23-budget-en-translation\\\/\"},\"wordCount\":1092,\"publisher\":{\"@id\":\"https:\\\/\\\/www.quebec-elan.org\\\/en\\\/#organization\"},\"articleSection\":[\"Advocacy\",\"News\",\"Official Documents\"],\"inLanguage\":\"en-US\"},{\"@type\":\"WebPage\",\"@id\":\"https:\\\/\\\/www.quebec-elan.org\\\/en\\\/culture-montreal-analysis-of-2022-23-budget-en-translation\\\/\",\"url\":\"https:\\\/\\\/www.quebec-elan.org\\\/en\\\/culture-montreal-analysis-of-2022-23-budget-en-translation\\\/\",\"name\":\"Culture Montr\u00e9al Analysis of 2022-23 Budget (EN translation) - ELAN\",\"isPartOf\":{\"@id\":\"https:\\\/\\\/www.quebec-elan.org\\\/en\\\/#website\"},\"datePublished\":\"2022-04-11T19:14:59+00:00\",\"description\":\"A not-for-profit organization that connects, supports, and creates opportunities for English-speaking artists and cultural workers of all disciplines from every region of Quebec.\",\"breadcrumb\":{\"@id\":\"https:\\\/\\\/www.quebec-elan.org\\\/en\\\/culture-montreal-analysis-of-2022-23-budget-en-translation\\\/#breadcrumb\"},\"inLanguage\":\"en-US\",\"potentialAction\":[{\"@type\":\"ReadAction\",\"target\":[\"https:\\\/\\\/www.quebec-elan.org\\\/en\\\/culture-montreal-analysis-of-2022-23-budget-en-translation\\\/\"]}]},{\"@type\":\"BreadcrumbList\",\"@id\":\"https:\\\/\\\/www.quebec-elan.org\\\/en\\\/culture-montreal-analysis-of-2022-23-budget-en-translation\\\/#breadcrumb\",\"itemListElement\":[{\"@type\":\"ListItem\",\"position\":1,\"name\":\"Home\",\"item\":\"https:\\\/\\\/www.quebec-elan.org\\\/en\\\/new-home\\\/\"},{\"@type\":\"ListItem\",\"position\":2,\"name\":\"Culture Montr\u00e9al Analysis of 2022-23 Budget (EN translation)\"}]},{\"@type\":\"WebSite\",\"@id\":\"https:\\\/\\\/www.quebec-elan.org\\\/en\\\/#website\",\"url\":\"https:\\\/\\\/www.quebec-elan.org\\\/en\\\/\",\"name\":\"ELAN\",\"description\":\"English Language Arts Network\",\"publisher\":{\"@id\":\"https:\\\/\\\/www.quebec-elan.org\\\/en\\\/#organization\"},\"potentialAction\":[{\"@type\":\"SearchAction\",\"target\":{\"@type\":\"EntryPoint\",\"urlTemplate\":\"https:\\\/\\\/www.quebec-elan.org\\\/en\\\/?s={search_term_string}\"},\"query-input\":{\"@type\":\"PropertyValueSpecification\",\"valueRequired\":true,\"valueName\":\"search_term_string\"}}],\"inLanguage\":\"en-US\"},{\"@type\":\"Organization\",\"@id\":\"https:\\\/\\\/www.quebec-elan.org\\\/en\\\/#organization\",\"name\":\"ELAN - English Language Arts Network\",\"url\":\"https:\\\/\\\/www.quebec-elan.org\\\/en\\\/\",\"logo\":{\"@type\":\"ImageObject\",\"inLanguage\":\"en-US\",\"@id\":\"https:\\\/\\\/www.quebec-elan.org\\\/en\\\/#\\\/schema\\\/logo\\\/image\\\/\",\"url\":\"https:\\\/\\\/www.quebec-elan.org\\\/wp-content\\\/uploads\\\/2022\\\/05\\\/elan-logo-360.jpg\",\"contentUrl\":\"https:\\\/\\\/www.quebec-elan.org\\\/wp-content\\\/uploads\\\/2022\\\/05\\\/elan-logo-360.jpg\",\"width\":360,\"height\":70,\"caption\":\"ELAN - English Language Arts Network\"},\"image\":{\"@id\":\"https:\\\/\\\/www.quebec-elan.org\\\/en\\\/#\\\/schema\\\/logo\\\/image\\\/\"}},{\"@type\":\"Person\",\"@id\":\"https:\\\/\\\/www.quebec-elan.org\\\/en\\\/#\\\/schema\\\/person\\\/4aaafbe7c737c481f7cc144f5237888f\",\"name\":\"Andre Elan Quebec\",\"image\":{\"@type\":\"ImageObject\",\"inLanguage\":\"en-US\",\"@id\":\"https:\\\/\\\/secure.gravatar.com\\\/avatar\\\/7ea082d3d909c4cb837bac18df8ab3523b4a3b6bc196bc83d5ca7f186807bf4e?s=96&d=mm&r=g\",\"url\":\"https:\\\/\\\/secure.gravatar.com\\\/avatar\\\/7ea082d3d909c4cb837bac18df8ab3523b4a3b6bc196bc83d5ca7f186807bf4e?s=96&d=mm&r=g\",\"contentUrl\":\"https:\\\/\\\/secure.gravatar.com\\\/avatar\\\/7ea082d3d909c4cb837bac18df8ab3523b4a3b6bc196bc83d5ca7f186807bf4e?s=96&d=mm&r=g\",\"caption\":\"Andre Elan Quebec\"},\"description\":\"The English-Language Arts Network (ELAN) is a not-for-profit organization that connects, supports, and creates opportunities for Quebec\u2019s English-speaking artists and arts communities. ELAN members are individuals and organizations from a wide array of artistic disciplines, cultural and geographic backgrounds, and linguistic and cultural communities. Together this network reflects an evolving Qu\u00e9bec identity and celebrates the province\u2019s cultural, artistic, and social diversity.\",\"url\":\"https:\\\/\\\/www.quebec-elan.org\\\/en\\\/author\\\/elan-quebec\\\/\"}]}<\/script>\n<!-- \/ Yoast SEO plugin. -->","yoast_head_json":{"title":"Culture Montr\u00e9al Analysis of 2022-23 Budget (EN translation) - ELAN","description":"A not-for-profit organization that connects, supports, and creates opportunities for English-speaking artists and cultural workers of all disciplines from every region of Quebec.","robots":{"index":"index","follow":"follow","max-snippet":"max-snippet:-1","max-image-preview":"max-image-preview:large","max-video-preview":"max-video-preview:-1"},"canonical":"https:\/\/www.quebec-elan.org\/en\/culture-montreal-analysis-of-2022-23-budget-en-translation\/","og_locale":"en_US","og_type":"article","og_title":"Culture Montr\u00e9al Analysis of 2022-23 Budget (EN translation) - ELAN","og_description":"A not-for-profit organization that connects, supports, and creates opportunities for English-speaking artists and cultural workers of all disciplines from every region of Quebec.","og_url":"https:\/\/www.quebec-elan.org\/en\/culture-montreal-analysis-of-2022-23-budget-en-translation\/","og_site_name":"ELAN","article_published_time":"2022-04-11T19:14:59+00:00","author":"Andre Elan Quebec","twitter_card":"summary_large_image","twitter_misc":{"Written by":"Andre Elan Quebec","Est. reading time":"5 minutes"},"schema":{"@context":"https:\/\/schema.org","@graph":[{"@type":"Article","@id":"https:\/\/www.quebec-elan.org\/en\/culture-montreal-analysis-of-2022-23-budget-en-translation\/#article","isPartOf":{"@id":"https:\/\/www.quebec-elan.org\/en\/culture-montreal-analysis-of-2022-23-budget-en-translation\/"},"author":{"name":"Andre Elan Quebec","@id":"https:\/\/www.quebec-elan.org\/en\/#\/schema\/person\/4aaafbe7c737c481f7cc144f5237888f"},"headline":"Culture Montr\u00e9al Analysis of 2022-23 Budget (EN translation)","datePublished":"2022-04-11T19:14:59+00:00","mainEntityOfPage":{"@id":"https:\/\/www.quebec-elan.org\/en\/culture-montreal-analysis-of-2022-23-budget-en-translation\/"},"wordCount":1092,"publisher":{"@id":"https:\/\/www.quebec-elan.org\/en\/#organization"},"articleSection":["Advocacy","News","Official Documents"],"inLanguage":"en-US"},{"@type":"WebPage","@id":"https:\/\/www.quebec-elan.org\/en\/culture-montreal-analysis-of-2022-23-budget-en-translation\/","url":"https:\/\/www.quebec-elan.org\/en\/culture-montreal-analysis-of-2022-23-budget-en-translation\/","name":"Culture Montr\u00e9al Analysis of 2022-23 Budget (EN translation) - ELAN","isPartOf":{"@id":"https:\/\/www.quebec-elan.org\/en\/#website"},"datePublished":"2022-04-11T19:14:59+00:00","description":"A not-for-profit organization that connects, supports, and creates opportunities for English-speaking artists and cultural workers of all disciplines from every region of Quebec.","breadcrumb":{"@id":"https:\/\/www.quebec-elan.org\/en\/culture-montreal-analysis-of-2022-23-budget-en-translation\/#breadcrumb"},"inLanguage":"en-US","potentialAction":[{"@type":"ReadAction","target":["https:\/\/www.quebec-elan.org\/en\/culture-montreal-analysis-of-2022-23-budget-en-translation\/"]}]},{"@type":"BreadcrumbList","@id":"https:\/\/www.quebec-elan.org\/en\/culture-montreal-analysis-of-2022-23-budget-en-translation\/#breadcrumb","itemListElement":[{"@type":"ListItem","position":1,"name":"Home","item":"https:\/\/www.quebec-elan.org\/en\/new-home\/"},{"@type":"ListItem","position":2,"name":"Culture Montr\u00e9al Analysis of 2022-23 Budget (EN translation)"}]},{"@type":"WebSite","@id":"https:\/\/www.quebec-elan.org\/en\/#website","url":"https:\/\/www.quebec-elan.org\/en\/","name":"ELAN","description":"English Language Arts Network","publisher":{"@id":"https:\/\/www.quebec-elan.org\/en\/#organization"},"potentialAction":[{"@type":"SearchAction","target":{"@type":"EntryPoint","urlTemplate":"https:\/\/www.quebec-elan.org\/en\/?s={search_term_string}"},"query-input":{"@type":"PropertyValueSpecification","valueRequired":true,"valueName":"search_term_string"}}],"inLanguage":"en-US"},{"@type":"Organization","@id":"https:\/\/www.quebec-elan.org\/en\/#organization","name":"ELAN - English Language Arts Network","url":"https:\/\/www.quebec-elan.org\/en\/","logo":{"@type":"ImageObject","inLanguage":"en-US","@id":"https:\/\/www.quebec-elan.org\/en\/#\/schema\/logo\/image\/","url":"https:\/\/www.quebec-elan.org\/wp-content\/uploads\/2022\/05\/elan-logo-360.jpg","contentUrl":"https:\/\/www.quebec-elan.org\/wp-content\/uploads\/2022\/05\/elan-logo-360.jpg","width":360,"height":70,"caption":"ELAN - English Language Arts Network"},"image":{"@id":"https:\/\/www.quebec-elan.org\/en\/#\/schema\/logo\/image\/"}},{"@type":"Person","@id":"https:\/\/www.quebec-elan.org\/en\/#\/schema\/person\/4aaafbe7c737c481f7cc144f5237888f","name":"Andre Elan Quebec","image":{"@type":"ImageObject","inLanguage":"en-US","@id":"https:\/\/secure.gravatar.com\/avatar\/7ea082d3d909c4cb837bac18df8ab3523b4a3b6bc196bc83d5ca7f186807bf4e?s=96&d=mm&r=g","url":"https:\/\/secure.gravatar.com\/avatar\/7ea082d3d909c4cb837bac18df8ab3523b4a3b6bc196bc83d5ca7f186807bf4e?s=96&d=mm&r=g","contentUrl":"https:\/\/secure.gravatar.com\/avatar\/7ea082d3d909c4cb837bac18df8ab3523b4a3b6bc196bc83d5ca7f186807bf4e?s=96&d=mm&r=g","caption":"Andre Elan Quebec"},"description":"The English-Language Arts Network (ELAN) is a not-for-profit organization that connects, supports, and creates opportunities for Quebec\u2019s English-speaking artists and arts communities. ELAN members are individuals and organizations from a wide array of artistic disciplines, cultural and geographic backgrounds, and linguistic and cultural communities. Together this network reflects an evolving Qu\u00e9bec identity and celebrates the province\u2019s cultural, artistic, and social diversity.","url":"https:\/\/www.quebec-elan.org\/en\/author\/elan-quebec\/"}]}},"_links":{"self":[{"href":"https:\/\/www.quebec-elan.org\/en\/wp-json\/wp\/v2\/posts\/40804","targetHints":{"allow":["GET"]}}],"collection":[{"href":"https:\/\/www.quebec-elan.org\/en\/wp-json\/wp\/v2\/posts"}],"about":[{"href":"https:\/\/www.quebec-elan.org\/en\/wp-json\/wp\/v2\/types\/post"}],"author":[{"embeddable":true,"href":"https:\/\/www.quebec-elan.org\/en\/wp-json\/wp\/v2\/users\/234"}],"replies":[{"embeddable":true,"href":"https:\/\/www.quebec-elan.org\/en\/wp-json\/wp\/v2\/comments?post=40804"}],"version-history":[{"count":0,"href":"https:\/\/www.quebec-elan.org\/en\/wp-json\/wp\/v2\/posts\/40804\/revisions"}],"wp:attachment":[{"href":"https:\/\/www.quebec-elan.org\/en\/wp-json\/wp\/v2\/media?parent=40804"}],"wp:term":[{"taxonomy":"category","embeddable":true,"href":"https:\/\/www.quebec-elan.org\/en\/wp-json\/wp\/v2\/categories?post=40804"},{"taxonomy":"post_tag","embeddable":true,"href":"https:\/\/www.quebec-elan.org\/en\/wp-json\/wp\/v2\/tags?post=40804"}],"curies":[{"name":"wp","href":"https:\/\/api.w.org\/{rel}","templated":true}]}}