{"id":43096,"date":"2021-12-07T14:56:37","date_gmt":"2021-12-07T19:56:37","guid":{"rendered":"http:\/\/localhost\/quebec\/?p=41181"},"modified":"2022-08-17T08:29:19","modified_gmt":"2022-08-17T12:29:19","slug":"the-ins-outs-of-using-music-online-with-accelerando-media","status":"publish","type":"post","link":"https:\/\/www.quebec-elan.org\/en\/the-ins-outs-of-using-music-online-with-accelerando-media\/","title":{"rendered":"The ins &#038; outs of Using Music Online with accelerando.media"},"content":{"rendered":"<p>&nbsp;<\/p>\n<p style=\"text-align: center;\">***This event has now passed.<a href=\"https:\/\/www.youtube.com\/watch?v=zo2MwwJX6nI&amp;t=49s\" target=\"_blank\" rel=\"noopener\"> Click here to view the recording of the webinar<\/a>.***<\/p>\n<p><strong>Get to Know the Ins and Outs of Using Music Online with accelerando.media<\/strong><\/p>\n<p>The pandemic meant lost opportunities for many artists but also created new ones, particularly for online activities. But with new opportunities come new challenges.<br \/>\n\u2013<br \/>\nHow to get the rights to musical works? How to copyright new works? What platforms are available? Can distribution be limited?<br \/>\n\u2013<br \/>\n<strong>accelerando.media<\/strong> is a resource to provide answers to some of these questions and others raised during interviews with people from coast-to-coast.<br \/>\nDesigned primarily for individual musicians and small ensembles, this resource can be useful to any artist wanting to incorporate music into their work, whether you are a dancer, theatre artist or performer.<br \/>\nThis webinar will cover the origins of the project, its evolution and then a brief walk through the website. There will be time for questions and answers at the end of the presentation. Please note that this webinar will be recorded.<br \/>\n\u2014<br \/>\n<strong>About the Hosts:<\/strong><br \/>\n<img fetchpriority=\"high\" decoding=\"async\" class=\"wp-image-43098 size-full alignleft\" src=\"https:\/\/www.quebec-elan.org\/wp-content\/uploads\/2021\/12\/Barbara-Scales-high-res-BW-cr.-Damian-Siqueiros-1-300x224-1.jpg\" alt=\"\" width=\"300\" height=\"224\" \/>Barbara Scales is the founder and President of Latitude 45 Arts Promotion, Inc. established in 1981 and based in Montreal. An internationalist by principle, her company represents artists from around the globe and works on multiple continents.<br \/>\n\u2013<br \/>\nMs. Scales studied philosophy with a Master\u2019s thesis on \u201cWhat does it mean to say that art belongs to its time?\u201d The question is fundamental to her work with creative musicians.<br \/>\nOriginally from New York City, Barbara Scales made Montreal her home in 1968. Since 2014, she has been President of the Board of Directors of the Canadian Music Centre in Quebec. She has served for over 25 years on the national board of the Canadian Music Centre. She has also served as an officer on the boards of CINARS, NAPAMA, ISPA and presided the first IAMA conference outside of Europe, in 2013.<br \/>\nhttp:\/\/latitude45arts.com<br \/>\n\u2013<br \/>\n<img decoding=\"async\" class=\"wp-image-43100 size-full alignleft\" src=\"https:\/\/www.quebec-elan.org\/wp-content\/uploads\/2021\/12\/KvD-portrait-noir-et-blanc-300x200-1.jpg\" alt=\"\" width=\"300\" height=\"200\" \/>Kees van Draanen is a consultant and professional arts administrator with more than 30 years experience in music, dance, presenting and circus arts. He started his career in Toronto as the Production Coordinator with the Tafelmusik Baroque Orchestra. After moving to Montreal, he was hired by Cirque du Soleil as Administrative Director when the Cirque was experiencing its first real growth spurt from 1988 to 1992. Following a year-long sabbatical spent traveling around the world, he helped open Cirque du Soleil\u2019s European headquarters in Amsterdam and worked on Cirque\u2019s Saltimbanco tour in Europe. In 2002, he moved to Brussels where he was the Financial and Administrative Director of Flagey, a not-for-profit cultural institution that operated five concert halls. On returning to Montr\u00e9al he worked freelance before being named Director Finance and Administration at Les Grands Ballets Canadiens. He later became the Assistant General Manager and Interim Director General at RIDEAU, the national association of presenters.<br \/>\nHis most recent job was with R\u00e9alisations\/Thinkwell Studios Montr\u00e9al as Vice-president Finance.<br \/>\nKees van Draanen is also active as a president of Skeels danse, a member of the Commission permanente Montr\u00e9al num\u00e9rique (Culture Montr\u00e9al) and has mentored several people through the HEC mentorship program. He has also been a member of the Music evaluation committee I of Le Conseil des arts de Montr\u00e9al, a mentor in the LEADERSHIP EMERGENCY ARTS NETWORK (LEAN) program and a board member of Circuit-Est and Tangente.<br \/>\nLinkedIn: https:\/\/www.linkedin.com\/in\/keesvandraanen\/<\/p>\n","protected":false},"excerpt":{"rendered":"<p>&nbsp; ***This event has now passed. Click here to view the recording of the webinar.*** Get to Know the Ins and Outs of Using Music Online with accelerando.media The pandemic meant lost opportunities for many artists but also created new ones, particularly for online activities. But with new opportunities come new challenges. \u2013 How to [&hellip;]<\/p>\n","protected":false},"author":234,"featured_media":43102,"comment_status":"closed","ping_status":"closed","sticky":false,"template":"","format":"standard","meta":{"footnotes":""},"categories":[476,506,1,257,409],"tags":[],"class_list":["post-43096","post","type-post","status-publish","format-standard","has-post-thumbnail","hentry","category-elan-events","category-export-to-live-again","category-news","category-events-and-projects","category-quebec-relations-2"],"yoast_head":"<!-- This site is optimized with the Yoast SEO plugin v27.4 - https:\/\/yoast.com\/product\/yoast-seo-wordpress\/ -->\n<title>The ins &amp; outs of Using Music Online with accelerando.media - ELAN<\/title>\n<meta name=\"description\" content=\"A not-for-profit organization that connects, supports, and creates opportunities for English-speaking artists and cultural workers of all disciplines from every region of Quebec.\" \/>\n<meta name=\"robots\" content=\"index, follow, max-snippet:-1, max-image-preview:large, max-video-preview:-1\" \/>\n<link rel=\"canonical\" href=\"https:\/\/www.quebec-elan.org\/en\/the-ins-outs-of-using-music-online-with-accelerando-media\/\" \/>\n<meta property=\"og:locale\" content=\"en_US\" \/>\n<meta property=\"og:type\" content=\"article\" \/>\n<meta property=\"og:title\" content=\"The ins &amp; outs of Using Music Online with accelerando.media - ELAN\" \/>\n<meta property=\"og:description\" content=\"A not-for-profit organization that connects, supports, and creates opportunities for English-speaking artists and cultural workers of all disciplines from every region of Quebec.\" \/>\n<meta property=\"og:url\" content=\"https:\/\/www.quebec-elan.org\/en\/the-ins-outs-of-using-music-online-with-accelerando-media\/\" \/>\n<meta property=\"og:site_name\" content=\"ELAN\" \/>\n<meta property=\"article:published_time\" content=\"2021-12-07T19:56:37+00:00\" \/>\n<meta property=\"article:modified_time\" content=\"2022-08-17T12:29:19+00:00\" \/>\n<meta property=\"og:image\" content=\"https:\/\/www.quebec-elan.org\/wp-content\/uploads\/2021\/12\/accelerando-event-Instagram-Post-1-845x321-1.jpg\" \/>\n\t<meta property=\"og:image:width\" content=\"845\" \/>\n\t<meta property=\"og:image:height\" content=\"321\" \/>\n\t<meta property=\"og:image:type\" content=\"image\/jpeg\" \/>\n<meta name=\"author\" content=\"Andre Elan Quebec\" \/>\n<meta name=\"twitter:card\" content=\"summary_large_image\" \/>\n<meta name=\"twitter:label1\" content=\"Written by\" \/>\n\t<meta name=\"twitter:data1\" content=\"Andre Elan Quebec\" \/>\n\t<meta name=\"twitter:label2\" content=\"Est. reading time\" \/>\n\t<meta name=\"twitter:data2\" content=\"3 minutes\" \/>\n<script type=\"application\/ld+json\" class=\"yoast-schema-graph\">{\"@context\":\"https:\\\/\\\/schema.org\",\"@graph\":[{\"@type\":\"Article\",\"@id\":\"https:\\\/\\\/www.quebec-elan.org\\\/en\\\/the-ins-outs-of-using-music-online-with-accelerando-media\\\/#article\",\"isPartOf\":{\"@id\":\"https:\\\/\\\/www.quebec-elan.org\\\/en\\\/the-ins-outs-of-using-music-online-with-accelerando-media\\\/\"},\"author\":{\"name\":\"Andre Elan Quebec\",\"@id\":\"https:\\\/\\\/www.quebec-elan.org\\\/en\\\/#\\\/schema\\\/person\\\/4aaafbe7c737c481f7cc144f5237888f\"},\"headline\":\"The ins &#038; outs of Using Music Online with accelerando.media\",\"datePublished\":\"2021-12-07T19:56:37+00:00\",\"dateModified\":\"2022-08-17T12:29:19+00:00\",\"mainEntityOfPage\":{\"@id\":\"https:\\\/\\\/www.quebec-elan.org\\\/en\\\/the-ins-outs-of-using-music-online-with-accelerando-media\\\/\"},\"wordCount\":570,\"publisher\":{\"@id\":\"https:\\\/\\\/www.quebec-elan.org\\\/en\\\/#organization\"},\"image\":{\"@id\":\"https:\\\/\\\/www.quebec-elan.org\\\/en\\\/the-ins-outs-of-using-music-online-with-accelerando-media\\\/#primaryimage\"},\"thumbnailUrl\":\"https:\\\/\\\/www.quebec-elan.org\\\/wp-content\\\/uploads\\\/2021\\\/12\\\/accelerando-event-Instagram-Post-1-845x321-1.jpg\",\"articleSection\":[\"ELAN Events\",\"Export to live again\",\"News\",\"Project News\",\"Qu\u00e9bec Relations\"],\"inLanguage\":\"en-US\"},{\"@type\":\"WebPage\",\"@id\":\"https:\\\/\\\/www.quebec-elan.org\\\/en\\\/the-ins-outs-of-using-music-online-with-accelerando-media\\\/\",\"url\":\"https:\\\/\\\/www.quebec-elan.org\\\/en\\\/the-ins-outs-of-using-music-online-with-accelerando-media\\\/\",\"name\":\"The ins & outs of Using Music Online with accelerando.media - ELAN\",\"isPartOf\":{\"@id\":\"https:\\\/\\\/www.quebec-elan.org\\\/en\\\/#website\"},\"primaryImageOfPage\":{\"@id\":\"https:\\\/\\\/www.quebec-elan.org\\\/en\\\/the-ins-outs-of-using-music-online-with-accelerando-media\\\/#primaryimage\"},\"image\":{\"@id\":\"https:\\\/\\\/www.quebec-elan.org\\\/en\\\/the-ins-outs-of-using-music-online-with-accelerando-media\\\/#primaryimage\"},\"thumbnailUrl\":\"https:\\\/\\\/www.quebec-elan.org\\\/wp-content\\\/uploads\\\/2021\\\/12\\\/accelerando-event-Instagram-Post-1-845x321-1.jpg\",\"datePublished\":\"2021-12-07T19:56:37+00:00\",\"dateModified\":\"2022-08-17T12:29:19+00:00\",\"description\":\"A not-for-profit organization that connects, supports, and creates opportunities for English-speaking artists and cultural workers of all disciplines from every region of Quebec.\",\"breadcrumb\":{\"@id\":\"https:\\\/\\\/www.quebec-elan.org\\\/en\\\/the-ins-outs-of-using-music-online-with-accelerando-media\\\/#breadcrumb\"},\"inLanguage\":\"en-US\",\"potentialAction\":[{\"@type\":\"ReadAction\",\"target\":[\"https:\\\/\\\/www.quebec-elan.org\\\/en\\\/the-ins-outs-of-using-music-online-with-accelerando-media\\\/\"]}]},{\"@type\":\"ImageObject\",\"inLanguage\":\"en-US\",\"@id\":\"https:\\\/\\\/www.quebec-elan.org\\\/en\\\/the-ins-outs-of-using-music-online-with-accelerando-media\\\/#primaryimage\",\"url\":\"https:\\\/\\\/www.quebec-elan.org\\\/wp-content\\\/uploads\\\/2021\\\/12\\\/accelerando-event-Instagram-Post-1-845x321-1.jpg\",\"contentUrl\":\"https:\\\/\\\/www.quebec-elan.org\\\/wp-content\\\/uploads\\\/2021\\\/12\\\/accelerando-event-Instagram-Post-1-845x321-1.jpg\",\"width\":845,\"height\":321},{\"@type\":\"BreadcrumbList\",\"@id\":\"https:\\\/\\\/www.quebec-elan.org\\\/en\\\/the-ins-outs-of-using-music-online-with-accelerando-media\\\/#breadcrumb\",\"itemListElement\":[{\"@type\":\"ListItem\",\"position\":1,\"name\":\"Home\",\"item\":\"https:\\\/\\\/www.quebec-elan.org\\\/en\\\/new-home\\\/\"},{\"@type\":\"ListItem\",\"position\":2,\"name\":\"The ins &#038; outs of Using Music Online with accelerando.media\"}]},{\"@type\":\"WebSite\",\"@id\":\"https:\\\/\\\/www.quebec-elan.org\\\/en\\\/#website\",\"url\":\"https:\\\/\\\/www.quebec-elan.org\\\/en\\\/\",\"name\":\"ELAN\",\"description\":\"English Language Arts Network\",\"publisher\":{\"@id\":\"https:\\\/\\\/www.quebec-elan.org\\\/en\\\/#organization\"},\"potentialAction\":[{\"@type\":\"SearchAction\",\"target\":{\"@type\":\"EntryPoint\",\"urlTemplate\":\"https:\\\/\\\/www.quebec-elan.org\\\/en\\\/?s={search_term_string}\"},\"query-input\":{\"@type\":\"PropertyValueSpecification\",\"valueRequired\":true,\"valueName\":\"search_term_string\"}}],\"inLanguage\":\"en-US\"},{\"@type\":\"Organization\",\"@id\":\"https:\\\/\\\/www.quebec-elan.org\\\/en\\\/#organization\",\"name\":\"ELAN - English Language Arts Network\",\"url\":\"https:\\\/\\\/www.quebec-elan.org\\\/en\\\/\",\"logo\":{\"@type\":\"ImageObject\",\"inLanguage\":\"en-US\",\"@id\":\"https:\\\/\\\/www.quebec-elan.org\\\/en\\\/#\\\/schema\\\/logo\\\/image\\\/\",\"url\":\"https:\\\/\\\/www.quebec-elan.org\\\/wp-content\\\/uploads\\\/2022\\\/05\\\/elan-logo-360.jpg\",\"contentUrl\":\"https:\\\/\\\/www.quebec-elan.org\\\/wp-content\\\/uploads\\\/2022\\\/05\\\/elan-logo-360.jpg\",\"width\":360,\"height\":70,\"caption\":\"ELAN - English Language Arts Network\"},\"image\":{\"@id\":\"https:\\\/\\\/www.quebec-elan.org\\\/en\\\/#\\\/schema\\\/logo\\\/image\\\/\"}},{\"@type\":\"Person\",\"@id\":\"https:\\\/\\\/www.quebec-elan.org\\\/en\\\/#\\\/schema\\\/person\\\/4aaafbe7c737c481f7cc144f5237888f\",\"name\":\"Andre Elan Quebec\",\"image\":{\"@type\":\"ImageObject\",\"inLanguage\":\"en-US\",\"@id\":\"https:\\\/\\\/secure.gravatar.com\\\/avatar\\\/7ea082d3d909c4cb837bac18df8ab3523b4a3b6bc196bc83d5ca7f186807bf4e?s=96&d=mm&r=g\",\"url\":\"https:\\\/\\\/secure.gravatar.com\\\/avatar\\\/7ea082d3d909c4cb837bac18df8ab3523b4a3b6bc196bc83d5ca7f186807bf4e?s=96&d=mm&r=g\",\"contentUrl\":\"https:\\\/\\\/secure.gravatar.com\\\/avatar\\\/7ea082d3d909c4cb837bac18df8ab3523b4a3b6bc196bc83d5ca7f186807bf4e?s=96&d=mm&r=g\",\"caption\":\"Andre Elan Quebec\"},\"description\":\"The English-Language Arts Network (ELAN) is a not-for-profit organization that connects, supports, and creates opportunities for Quebec\u2019s English-speaking artists and arts communities. ELAN members are individuals and organizations from a wide array of artistic disciplines, cultural and geographic backgrounds, and linguistic and cultural communities. Together this network reflects an evolving Qu\u00e9bec identity and celebrates the province\u2019s cultural, artistic, and social diversity.\",\"url\":\"https:\\\/\\\/www.quebec-elan.org\\\/en\\\/author\\\/elan-quebec\\\/\"}]}<\/script>\n<!-- \/ Yoast SEO plugin. -->","yoast_head_json":{"title":"The ins & outs of Using Music Online with accelerando.media - ELAN","description":"A not-for-profit organization that connects, supports, and creates opportunities for English-speaking artists and cultural workers of all disciplines from every region of Quebec.","robots":{"index":"index","follow":"follow","max-snippet":"max-snippet:-1","max-image-preview":"max-image-preview:large","max-video-preview":"max-video-preview:-1"},"canonical":"https:\/\/www.quebec-elan.org\/en\/the-ins-outs-of-using-music-online-with-accelerando-media\/","og_locale":"en_US","og_type":"article","og_title":"The ins & outs of Using Music Online with accelerando.media - ELAN","og_description":"A not-for-profit organization that connects, supports, and creates opportunities for English-speaking artists and cultural workers of all disciplines from every region of Quebec.","og_url":"https:\/\/www.quebec-elan.org\/en\/the-ins-outs-of-using-music-online-with-accelerando-media\/","og_site_name":"ELAN","article_published_time":"2021-12-07T19:56:37+00:00","article_modified_time":"2022-08-17T12:29:19+00:00","og_image":[{"width":845,"height":321,"url":"https:\/\/www.quebec-elan.org\/wp-content\/uploads\/2021\/12\/accelerando-event-Instagram-Post-1-845x321-1.jpg","type":"image\/jpeg"}],"author":"Andre Elan Quebec","twitter_card":"summary_large_image","twitter_misc":{"Written by":"Andre Elan Quebec","Est. reading time":"3 minutes"},"schema":{"@context":"https:\/\/schema.org","@graph":[{"@type":"Article","@id":"https:\/\/www.quebec-elan.org\/en\/the-ins-outs-of-using-music-online-with-accelerando-media\/#article","isPartOf":{"@id":"https:\/\/www.quebec-elan.org\/en\/the-ins-outs-of-using-music-online-with-accelerando-media\/"},"author":{"name":"Andre Elan Quebec","@id":"https:\/\/www.quebec-elan.org\/en\/#\/schema\/person\/4aaafbe7c737c481f7cc144f5237888f"},"headline":"The ins &#038; outs of Using Music Online with accelerando.media","datePublished":"2021-12-07T19:56:37+00:00","dateModified":"2022-08-17T12:29:19+00:00","mainEntityOfPage":{"@id":"https:\/\/www.quebec-elan.org\/en\/the-ins-outs-of-using-music-online-with-accelerando-media\/"},"wordCount":570,"publisher":{"@id":"https:\/\/www.quebec-elan.org\/en\/#organization"},"image":{"@id":"https:\/\/www.quebec-elan.org\/en\/the-ins-outs-of-using-music-online-with-accelerando-media\/#primaryimage"},"thumbnailUrl":"https:\/\/www.quebec-elan.org\/wp-content\/uploads\/2021\/12\/accelerando-event-Instagram-Post-1-845x321-1.jpg","articleSection":["ELAN Events","Export to live again","News","Project News","Qu\u00e9bec Relations"],"inLanguage":"en-US"},{"@type":"WebPage","@id":"https:\/\/www.quebec-elan.org\/en\/the-ins-outs-of-using-music-online-with-accelerando-media\/","url":"https:\/\/www.quebec-elan.org\/en\/the-ins-outs-of-using-music-online-with-accelerando-media\/","name":"The ins & outs of Using Music Online with accelerando.media - ELAN","isPartOf":{"@id":"https:\/\/www.quebec-elan.org\/en\/#website"},"primaryImageOfPage":{"@id":"https:\/\/www.quebec-elan.org\/en\/the-ins-outs-of-using-music-online-with-accelerando-media\/#primaryimage"},"image":{"@id":"https:\/\/www.quebec-elan.org\/en\/the-ins-outs-of-using-music-online-with-accelerando-media\/#primaryimage"},"thumbnailUrl":"https:\/\/www.quebec-elan.org\/wp-content\/uploads\/2021\/12\/accelerando-event-Instagram-Post-1-845x321-1.jpg","datePublished":"2021-12-07T19:56:37+00:00","dateModified":"2022-08-17T12:29:19+00:00","description":"A not-for-profit organization that connects, supports, and creates opportunities for English-speaking artists and cultural workers of all disciplines from every region of Quebec.","breadcrumb":{"@id":"https:\/\/www.quebec-elan.org\/en\/the-ins-outs-of-using-music-online-with-accelerando-media\/#breadcrumb"},"inLanguage":"en-US","potentialAction":[{"@type":"ReadAction","target":["https:\/\/www.quebec-elan.org\/en\/the-ins-outs-of-using-music-online-with-accelerando-media\/"]}]},{"@type":"ImageObject","inLanguage":"en-US","@id":"https:\/\/www.quebec-elan.org\/en\/the-ins-outs-of-using-music-online-with-accelerando-media\/#primaryimage","url":"https:\/\/www.quebec-elan.org\/wp-content\/uploads\/2021\/12\/accelerando-event-Instagram-Post-1-845x321-1.jpg","contentUrl":"https:\/\/www.quebec-elan.org\/wp-content\/uploads\/2021\/12\/accelerando-event-Instagram-Post-1-845x321-1.jpg","width":845,"height":321},{"@type":"BreadcrumbList","@id":"https:\/\/www.quebec-elan.org\/en\/the-ins-outs-of-using-music-online-with-accelerando-media\/#breadcrumb","itemListElement":[{"@type":"ListItem","position":1,"name":"Home","item":"https:\/\/www.quebec-elan.org\/en\/new-home\/"},{"@type":"ListItem","position":2,"name":"The ins &#038; outs of Using Music Online with accelerando.media"}]},{"@type":"WebSite","@id":"https:\/\/www.quebec-elan.org\/en\/#website","url":"https:\/\/www.quebec-elan.org\/en\/","name":"ELAN","description":"English Language Arts Network","publisher":{"@id":"https:\/\/www.quebec-elan.org\/en\/#organization"},"potentialAction":[{"@type":"SearchAction","target":{"@type":"EntryPoint","urlTemplate":"https:\/\/www.quebec-elan.org\/en\/?s={search_term_string}"},"query-input":{"@type":"PropertyValueSpecification","valueRequired":true,"valueName":"search_term_string"}}],"inLanguage":"en-US"},{"@type":"Organization","@id":"https:\/\/www.quebec-elan.org\/en\/#organization","name":"ELAN - English Language Arts Network","url":"https:\/\/www.quebec-elan.org\/en\/","logo":{"@type":"ImageObject","inLanguage":"en-US","@id":"https:\/\/www.quebec-elan.org\/en\/#\/schema\/logo\/image\/","url":"https:\/\/www.quebec-elan.org\/wp-content\/uploads\/2022\/05\/elan-logo-360.jpg","contentUrl":"https:\/\/www.quebec-elan.org\/wp-content\/uploads\/2022\/05\/elan-logo-360.jpg","width":360,"height":70,"caption":"ELAN - English Language Arts Network"},"image":{"@id":"https:\/\/www.quebec-elan.org\/en\/#\/schema\/logo\/image\/"}},{"@type":"Person","@id":"https:\/\/www.quebec-elan.org\/en\/#\/schema\/person\/4aaafbe7c737c481f7cc144f5237888f","name":"Andre Elan Quebec","image":{"@type":"ImageObject","inLanguage":"en-US","@id":"https:\/\/secure.gravatar.com\/avatar\/7ea082d3d909c4cb837bac18df8ab3523b4a3b6bc196bc83d5ca7f186807bf4e?s=96&d=mm&r=g","url":"https:\/\/secure.gravatar.com\/avatar\/7ea082d3d909c4cb837bac18df8ab3523b4a3b6bc196bc83d5ca7f186807bf4e?s=96&d=mm&r=g","contentUrl":"https:\/\/secure.gravatar.com\/avatar\/7ea082d3d909c4cb837bac18df8ab3523b4a3b6bc196bc83d5ca7f186807bf4e?s=96&d=mm&r=g","caption":"Andre Elan Quebec"},"description":"The English-Language Arts Network (ELAN) is a not-for-profit organization that connects, supports, and creates opportunities for Quebec\u2019s English-speaking artists and arts communities. ELAN members are individuals and organizations from a wide array of artistic disciplines, cultural and geographic backgrounds, and linguistic and cultural communities. Together this network reflects an evolving Qu\u00e9bec identity and celebrates the province\u2019s cultural, artistic, and social diversity.","url":"https:\/\/www.quebec-elan.org\/en\/author\/elan-quebec\/"}]}},"_links":{"self":[{"href":"https:\/\/www.quebec-elan.org\/en\/wp-json\/wp\/v2\/posts\/43096","targetHints":{"allow":["GET"]}}],"collection":[{"href":"https:\/\/www.quebec-elan.org\/en\/wp-json\/wp\/v2\/posts"}],"about":[{"href":"https:\/\/www.quebec-elan.org\/en\/wp-json\/wp\/v2\/types\/post"}],"author":[{"embeddable":true,"href":"https:\/\/www.quebec-elan.org\/en\/wp-json\/wp\/v2\/users\/234"}],"replies":[{"embeddable":true,"href":"https:\/\/www.quebec-elan.org\/en\/wp-json\/wp\/v2\/comments?post=43096"}],"version-history":[{"count":2,"href":"https:\/\/www.quebec-elan.org\/en\/wp-json\/wp\/v2\/posts\/43096\/revisions"}],"predecessor-version":[{"id":43097,"href":"https:\/\/www.quebec-elan.org\/en\/wp-json\/wp\/v2\/posts\/43096\/revisions\/43097"}],"wp:featuredmedia":[{"embeddable":true,"href":"https:\/\/www.quebec-elan.org\/en\/wp-json\/wp\/v2\/media\/43102"}],"wp:attachment":[{"href":"https:\/\/www.quebec-elan.org\/en\/wp-json\/wp\/v2\/media?parent=43096"}],"wp:term":[{"taxonomy":"category","embeddable":true,"href":"https:\/\/www.quebec-elan.org\/en\/wp-json\/wp\/v2\/categories?post=43096"},{"taxonomy":"post_tag","embeddable":true,"href":"https:\/\/www.quebec-elan.org\/en\/wp-json\/wp\/v2\/tags?post=43096"}],"curies":[{"name":"wp","href":"https:\/\/api.w.org\/{rel}","templated":true}]}}