{"id":47723,"date":"2022-12-14T19:13:21","date_gmt":"2022-12-15T00:13:21","guid":{"rendered":"https:\/\/www.quebec-elan.org\/?p=47723"},"modified":"2022-12-15T17:38:09","modified_gmt":"2022-12-15T22:38:09","slug":"year-in-review-what-we-choose-to-remember","status":"publish","type":"post","link":"https:\/\/www.quebec-elan.org\/en\/year-in-review-what-we-choose-to-remember\/","title":{"rendered":"Year in Review: What We Choose to Remember"},"content":{"rendered":"\n<p>The <em>Waves of Change<\/em> docu-series was a 200-year (1820-2020) oral history of Quebec\u2019s English-speaking communities recorded on the 50th anniversary of the FLQ crisis. <em>What We Choose to Remember <\/em>is the feature-length documentary that grew out of this project. This May, <em>What We Choose to Remember<\/em> premiered at the Hudson Film Festival to much critical acclaim. <\/p>\n\n\n\n<figure class=\"wp-block-image aligncenter size-full is-resized\"><img fetchpriority=\"high\" decoding=\"async\" src=\"https:\/\/www.quebec-elan.org\/wp-content\/uploads\/2022\/08\/wwctr_photo-705x626-1.jpg\" alt=\"\" class=\"wp-image-43106\" width=\"374\" height=\"332\" srcset=\"https:\/\/www.quebec-elan.org\/wp-content\/uploads\/2022\/08\/wwctr_photo-705x626-1.jpg 705w, https:\/\/www.quebec-elan.org\/wp-content\/uploads\/2022\/08\/wwctr_photo-705x626-1-600x533.jpg 600w, https:\/\/www.quebec-elan.org\/wp-content\/uploads\/2022\/08\/wwctr_photo-705x626-1-300x266.jpg 300w\" sizes=\"(max-width: 374px) 100vw, 374px\" \/><figcaption class=\"wp-element-caption\"><em>Left to right: David Birmbaum (MNA D\u2019Arcy-McGee), Vanessa Herrick (ELAN), Guy Rex Rodgers (Director),&nbsp; David Johnston (Office of the Commissioner of Official Languages), William Floch (Secr\u00e9tariat aux relations avec les Qu\u00e9b\u00e9cois d\u2019expression anglaise) at the Hudson Film Festival<\/em><\/figcaption><\/figure>\n\n\n\n<p>ELAN\u2019s feature length documentary What We Choose to Remember began a tour in Knowlton that continued to Barachois and Gasp\u00e9 in the Gasp\u00e9sie, Rouyn-Noranda in Abitibi-Temiscamingue, Quebec City and Chateauguay, Ormstown and Pincourt in Mont\u00e9t\u00e9gie. Director Guy Rex Rodgers attended all screenings and facilitated post-screening conversations with audiences about identity and belonging in Quebec. <\/p>\n\n\n\n<figure class=\"wp-block-image aligncenter size-large is-resized\"><img decoding=\"async\" src=\"https:\/\/www.quebec-elan.org\/wp-content\/uploads\/2022\/12\/WWCTR-August-image-1030x773.jpg\" alt=\"\" class=\"wp-image-47726\" width=\"380\" height=\"285\" srcset=\"https:\/\/www.quebec-elan.org\/wp-content\/uploads\/2022\/12\/WWCTR-August-image-1030x773.jpg 1030w, https:\/\/www.quebec-elan.org\/wp-content\/uploads\/2022\/12\/WWCTR-August-image-scaled-600x450.jpg 600w, https:\/\/www.quebec-elan.org\/wp-content\/uploads\/2022\/12\/WWCTR-August-image-300x225.jpg 300w, https:\/\/www.quebec-elan.org\/wp-content\/uploads\/2022\/12\/WWCTR-August-image-768x576.jpg 768w, https:\/\/www.quebec-elan.org\/wp-content\/uploads\/2022\/12\/WWCTR-August-image-1536x1152.jpg 1536w, https:\/\/www.quebec-elan.org\/wp-content\/uploads\/2022\/12\/WWCTR-August-image-2048x1536.jpg 2048w, https:\/\/www.quebec-elan.org\/wp-content\/uploads\/2022\/12\/WWCTR-August-image-1500x1125.jpg 1500w, https:\/\/www.quebec-elan.org\/wp-content\/uploads\/2022\/12\/WWCTR-August-image-705x529.jpg 705w, https:\/\/www.quebec-elan.org\/wp-content\/uploads\/2022\/12\/WWCTR-August-image-450x338.jpg 450w, https:\/\/www.quebec-elan.org\/wp-content\/uploads\/2022\/12\/WWCTR-August-image-scaled.jpg 1450w\" sizes=\"(max-width: 380px) 100vw, 380px\" \/><figcaption class=\"wp-element-caption\"><em>August 2022. What We Choose to Remember screening in Chateauguay.<\/em><\/figcaption><\/figure>\n\n\n\n<p>In September, ELAN\u2019s newest documentary about identity and belonging in Quebec, <em>Waves of Change: Reimagining Quebec<\/em>, was broadcast on CBC television, The documentary is now available on CBC GEM. You can now stream the documentary on <a href=\"https:\/\/gem.cbc.ca\/media\/absolutely-canadian\/s22e28\" target=\"_blank\" rel=\"noreferrer noopener\">CBC Gem<\/a>.<\/p>\n\n\n\n<p><\/p>\n\n\n\n<figure class=\"wp-block-image aligncenter size-large is-resized\"><img decoding=\"async\" src=\"https:\/\/www.quebec-elan.org\/wp-content\/uploads\/2022\/12\/WWCTR-September-image-1030x579.jpg\" alt=\"\" class=\"wp-image-47724\" width=\"801\" height=\"449\" srcset=\"https:\/\/www.quebec-elan.org\/wp-content\/uploads\/2022\/12\/WWCTR-September-image-1030x579.jpg 1030w, https:\/\/www.quebec-elan.org\/wp-content\/uploads\/2022\/12\/WWCTR-September-image-300x169.jpg 300w, https:\/\/www.quebec-elan.org\/wp-content\/uploads\/2022\/12\/WWCTR-September-image-768x432.jpg 768w, https:\/\/www.quebec-elan.org\/wp-content\/uploads\/2022\/12\/WWCTR-September-image-450x253.jpg 450w\" sizes=\"(max-width: 801px) 100vw, 801px\" \/><figcaption class=\"wp-element-caption\"><em>CBC Promotion for Waves of Change: Reimagining Quebec.<\/em><\/figcaption><\/figure>\n","protected":false},"excerpt":{"rendered":"<p>The Waves of Change docu-series was a 200-year (1820-2020) oral history of Quebec\u2019s English-speaking communities recorded on the 50th anniversary of the FLQ crisis. What We Choose to Remember is the feature-length documentary that grew out of this project. This May, What We Choose to Remember premiered at the Hudson Film Festival to much critical [&hellip;]<\/p>\n","protected":false},"author":234,"featured_media":47667,"comment_status":"closed","ping_status":"closed","sticky":false,"template":"","format":"standard","meta":{"footnotes":""},"categories":[477,1,257,462],"tags":[],"class_list":["post-47723","post","type-post","status-publish","format-standard","has-post-thumbnail","hentry","category-e-newsletter","category-news","category-events-and-projects","category-waves-of-change"],"yoast_head":"<!-- This site is optimized with the Yoast SEO plugin v27.5 - https:\/\/yoast.com\/product\/yoast-seo-wordpress\/ -->\n<title>Year in Review: What We Choose to Remember - ELAN<\/title>\n<meta name=\"description\" content=\"A not-for-profit organization that connects, supports, and creates opportunities for English-speaking artists and cultural workers of all disciplines from every region of Quebec.\" \/>\n<meta name=\"robots\" content=\"index, follow, max-snippet:-1, max-image-preview:large, max-video-preview:-1\" \/>\n<link rel=\"canonical\" href=\"https:\/\/www.quebec-elan.org\/en\/year-in-review-what-we-choose-to-remember\/\" \/>\n<meta property=\"og:locale\" content=\"en_US\" \/>\n<meta property=\"og:type\" content=\"article\" \/>\n<meta property=\"og:title\" content=\"Year in Review: What We Choose to Remember - ELAN\" \/>\n<meta property=\"og:description\" content=\"A not-for-profit organization that connects, supports, and creates opportunities for English-speaking artists and cultural workers of all disciplines from every region of Quebec.\" \/>\n<meta property=\"og:url\" content=\"https:\/\/www.quebec-elan.org\/en\/year-in-review-what-we-choose-to-remember\/\" \/>\n<meta property=\"og:site_name\" content=\"ELAN\" \/>\n<meta property=\"article:published_time\" content=\"2022-12-15T00:13:21+00:00\" \/>\n<meta property=\"article:modified_time\" content=\"2022-12-15T22:38:09+00:00\" \/>\n<meta property=\"og:image\" content=\"https:\/\/www.quebec-elan.org\/wp-content\/uploads\/2022\/12\/Year-In-Review-Banners-2-scaled.jpg\" \/>\n\t<meta property=\"og:image:width\" content=\"1450\" \/>\n\t<meta property=\"og:image:height\" content=\"817\" \/>\n\t<meta property=\"og:image:type\" content=\"image\/jpeg\" \/>\n<meta name=\"author\" content=\"Andre Elan Quebec\" \/>\n<meta name=\"twitter:card\" content=\"summary_large_image\" \/>\n<meta name=\"twitter:label1\" content=\"Written by\" \/>\n\t<meta name=\"twitter:data1\" content=\"Andre Elan Quebec\" \/>\n\t<meta name=\"twitter:label2\" content=\"Est. reading time\" \/>\n\t<meta name=\"twitter:data2\" content=\"2 minutes\" \/>\n<script type=\"application\/ld+json\" class=\"yoast-schema-graph\">{\"@context\":\"https:\\\/\\\/schema.org\",\"@graph\":[{\"@type\":\"Article\",\"@id\":\"https:\\\/\\\/www.quebec-elan.org\\\/en\\\/year-in-review-what-we-choose-to-remember\\\/#article\",\"isPartOf\":{\"@id\":\"https:\\\/\\\/www.quebec-elan.org\\\/en\\\/year-in-review-what-we-choose-to-remember\\\/\"},\"author\":{\"name\":\"Andre Elan Quebec\",\"@id\":\"https:\\\/\\\/www.quebec-elan.org\\\/en\\\/#\\\/schema\\\/person\\\/4aaafbe7c737c481f7cc144f5237888f\"},\"headline\":\"Year in Review: What We Choose to Remember\",\"datePublished\":\"2022-12-15T00:13:21+00:00\",\"dateModified\":\"2022-12-15T22:38:09+00:00\",\"mainEntityOfPage\":{\"@id\":\"https:\\\/\\\/www.quebec-elan.org\\\/en\\\/year-in-review-what-we-choose-to-remember\\\/\"},\"wordCount\":223,\"publisher\":{\"@id\":\"https:\\\/\\\/www.quebec-elan.org\\\/en\\\/#organization\"},\"image\":{\"@id\":\"https:\\\/\\\/www.quebec-elan.org\\\/en\\\/year-in-review-what-we-choose-to-remember\\\/#primaryimage\"},\"thumbnailUrl\":\"https:\\\/\\\/www.quebec-elan.org\\\/wp-content\\\/uploads\\\/2022\\\/12\\\/Year-In-Review-Banners-2-scaled.jpg\",\"articleSection\":[\"E-Newsletter\",\"News\",\"Project News\",\"Waves of Change\"],\"inLanguage\":\"en-US\"},{\"@type\":\"WebPage\",\"@id\":\"https:\\\/\\\/www.quebec-elan.org\\\/en\\\/year-in-review-what-we-choose-to-remember\\\/\",\"url\":\"https:\\\/\\\/www.quebec-elan.org\\\/en\\\/year-in-review-what-we-choose-to-remember\\\/\",\"name\":\"Year in Review: What We Choose to Remember - ELAN\",\"isPartOf\":{\"@id\":\"https:\\\/\\\/www.quebec-elan.org\\\/en\\\/#website\"},\"primaryImageOfPage\":{\"@id\":\"https:\\\/\\\/www.quebec-elan.org\\\/en\\\/year-in-review-what-we-choose-to-remember\\\/#primaryimage\"},\"image\":{\"@id\":\"https:\\\/\\\/www.quebec-elan.org\\\/en\\\/year-in-review-what-we-choose-to-remember\\\/#primaryimage\"},\"thumbnailUrl\":\"https:\\\/\\\/www.quebec-elan.org\\\/wp-content\\\/uploads\\\/2022\\\/12\\\/Year-In-Review-Banners-2-scaled.jpg\",\"datePublished\":\"2022-12-15T00:13:21+00:00\",\"dateModified\":\"2022-12-15T22:38:09+00:00\",\"description\":\"A not-for-profit organization that connects, supports, and creates opportunities for English-speaking artists and cultural workers of all disciplines from every region of Quebec.\",\"breadcrumb\":{\"@id\":\"https:\\\/\\\/www.quebec-elan.org\\\/en\\\/year-in-review-what-we-choose-to-remember\\\/#breadcrumb\"},\"inLanguage\":\"en-US\",\"potentialAction\":[{\"@type\":\"ReadAction\",\"target\":[\"https:\\\/\\\/www.quebec-elan.org\\\/en\\\/year-in-review-what-we-choose-to-remember\\\/\"]}]},{\"@type\":\"ImageObject\",\"inLanguage\":\"en-US\",\"@id\":\"https:\\\/\\\/www.quebec-elan.org\\\/en\\\/year-in-review-what-we-choose-to-remember\\\/#primaryimage\",\"url\":\"https:\\\/\\\/www.quebec-elan.org\\\/wp-content\\\/uploads\\\/2022\\\/12\\\/Year-In-Review-Banners-2-scaled.jpg\",\"contentUrl\":\"https:\\\/\\\/www.quebec-elan.org\\\/wp-content\\\/uploads\\\/2022\\\/12\\\/Year-In-Review-Banners-2-scaled.jpg\",\"width\":1450,\"height\":817},{\"@type\":\"BreadcrumbList\",\"@id\":\"https:\\\/\\\/www.quebec-elan.org\\\/en\\\/year-in-review-what-we-choose-to-remember\\\/#breadcrumb\",\"itemListElement\":[{\"@type\":\"ListItem\",\"position\":1,\"name\":\"Home\",\"item\":\"https:\\\/\\\/www.quebec-elan.org\\\/en\\\/new-home\\\/\"},{\"@type\":\"ListItem\",\"position\":2,\"name\":\"Year in Review: What We Choose to Remember\"}]},{\"@type\":\"WebSite\",\"@id\":\"https:\\\/\\\/www.quebec-elan.org\\\/en\\\/#website\",\"url\":\"https:\\\/\\\/www.quebec-elan.org\\\/en\\\/\",\"name\":\"ELAN\",\"description\":\"English Language Arts Network\",\"publisher\":{\"@id\":\"https:\\\/\\\/www.quebec-elan.org\\\/en\\\/#organization\"},\"potentialAction\":[{\"@type\":\"SearchAction\",\"target\":{\"@type\":\"EntryPoint\",\"urlTemplate\":\"https:\\\/\\\/www.quebec-elan.org\\\/en\\\/?s={search_term_string}\"},\"query-input\":{\"@type\":\"PropertyValueSpecification\",\"valueRequired\":true,\"valueName\":\"search_term_string\"}}],\"inLanguage\":\"en-US\"},{\"@type\":\"Organization\",\"@id\":\"https:\\\/\\\/www.quebec-elan.org\\\/en\\\/#organization\",\"name\":\"ELAN - English Language Arts Network\",\"url\":\"https:\\\/\\\/www.quebec-elan.org\\\/en\\\/\",\"logo\":{\"@type\":\"ImageObject\",\"inLanguage\":\"en-US\",\"@id\":\"https:\\\/\\\/www.quebec-elan.org\\\/en\\\/#\\\/schema\\\/logo\\\/image\\\/\",\"url\":\"https:\\\/\\\/www.quebec-elan.org\\\/wp-content\\\/uploads\\\/2022\\\/05\\\/elan-logo-360.jpg\",\"contentUrl\":\"https:\\\/\\\/www.quebec-elan.org\\\/wp-content\\\/uploads\\\/2022\\\/05\\\/elan-logo-360.jpg\",\"width\":360,\"height\":70,\"caption\":\"ELAN - English Language Arts Network\"},\"image\":{\"@id\":\"https:\\\/\\\/www.quebec-elan.org\\\/en\\\/#\\\/schema\\\/logo\\\/image\\\/\"}},{\"@type\":\"Person\",\"@id\":\"https:\\\/\\\/www.quebec-elan.org\\\/en\\\/#\\\/schema\\\/person\\\/4aaafbe7c737c481f7cc144f5237888f\",\"name\":\"Andre Elan Quebec\",\"image\":{\"@type\":\"ImageObject\",\"inLanguage\":\"en-US\",\"@id\":\"https:\\\/\\\/secure.gravatar.com\\\/avatar\\\/7ea082d3d909c4cb837bac18df8ab3523b4a3b6bc196bc83d5ca7f186807bf4e?s=96&d=mm&r=g\",\"url\":\"https:\\\/\\\/secure.gravatar.com\\\/avatar\\\/7ea082d3d909c4cb837bac18df8ab3523b4a3b6bc196bc83d5ca7f186807bf4e?s=96&d=mm&r=g\",\"contentUrl\":\"https:\\\/\\\/secure.gravatar.com\\\/avatar\\\/7ea082d3d909c4cb837bac18df8ab3523b4a3b6bc196bc83d5ca7f186807bf4e?s=96&d=mm&r=g\",\"caption\":\"Andre Elan Quebec\"},\"description\":\"The English-Language Arts Network (ELAN) is a not-for-profit organization that connects, supports, and creates opportunities for Quebec\u2019s English-speaking artists and arts communities. ELAN members are individuals and organizations from a wide array of artistic disciplines, cultural and geographic backgrounds, and linguistic and cultural communities. Together this network reflects an evolving Qu\u00e9bec identity and celebrates the province\u2019s cultural, artistic, and social diversity.\",\"url\":\"https:\\\/\\\/www.quebec-elan.org\\\/en\\\/author\\\/elan-quebec\\\/\"}]}<\/script>\n<!-- \/ Yoast SEO plugin. -->","yoast_head_json":{"title":"Year in Review: What We Choose to Remember - ELAN","description":"A not-for-profit organization that connects, supports, and creates opportunities for English-speaking artists and cultural workers of all disciplines from every region of Quebec.","robots":{"index":"index","follow":"follow","max-snippet":"max-snippet:-1","max-image-preview":"max-image-preview:large","max-video-preview":"max-video-preview:-1"},"canonical":"https:\/\/www.quebec-elan.org\/en\/year-in-review-what-we-choose-to-remember\/","og_locale":"en_US","og_type":"article","og_title":"Year in Review: What We Choose to Remember - ELAN","og_description":"A not-for-profit organization that connects, supports, and creates opportunities for English-speaking artists and cultural workers of all disciplines from every region of Quebec.","og_url":"https:\/\/www.quebec-elan.org\/en\/year-in-review-what-we-choose-to-remember\/","og_site_name":"ELAN","article_published_time":"2022-12-15T00:13:21+00:00","article_modified_time":"2022-12-15T22:38:09+00:00","og_image":[{"width":1450,"height":817,"url":"https:\/\/www.quebec-elan.org\/wp-content\/uploads\/2022\/12\/Year-In-Review-Banners-2-scaled.jpg","type":"image\/jpeg"}],"author":"Andre Elan Quebec","twitter_card":"summary_large_image","twitter_misc":{"Written by":"Andre Elan Quebec","Est. reading time":"2 minutes"},"schema":{"@context":"https:\/\/schema.org","@graph":[{"@type":"Article","@id":"https:\/\/www.quebec-elan.org\/en\/year-in-review-what-we-choose-to-remember\/#article","isPartOf":{"@id":"https:\/\/www.quebec-elan.org\/en\/year-in-review-what-we-choose-to-remember\/"},"author":{"name":"Andre Elan Quebec","@id":"https:\/\/www.quebec-elan.org\/en\/#\/schema\/person\/4aaafbe7c737c481f7cc144f5237888f"},"headline":"Year in Review: What We Choose to Remember","datePublished":"2022-12-15T00:13:21+00:00","dateModified":"2022-12-15T22:38:09+00:00","mainEntityOfPage":{"@id":"https:\/\/www.quebec-elan.org\/en\/year-in-review-what-we-choose-to-remember\/"},"wordCount":223,"publisher":{"@id":"https:\/\/www.quebec-elan.org\/en\/#organization"},"image":{"@id":"https:\/\/www.quebec-elan.org\/en\/year-in-review-what-we-choose-to-remember\/#primaryimage"},"thumbnailUrl":"https:\/\/www.quebec-elan.org\/wp-content\/uploads\/2022\/12\/Year-In-Review-Banners-2-scaled.jpg","articleSection":["E-Newsletter","News","Project News","Waves of Change"],"inLanguage":"en-US"},{"@type":"WebPage","@id":"https:\/\/www.quebec-elan.org\/en\/year-in-review-what-we-choose-to-remember\/","url":"https:\/\/www.quebec-elan.org\/en\/year-in-review-what-we-choose-to-remember\/","name":"Year in Review: What We Choose to Remember - ELAN","isPartOf":{"@id":"https:\/\/www.quebec-elan.org\/en\/#website"},"primaryImageOfPage":{"@id":"https:\/\/www.quebec-elan.org\/en\/year-in-review-what-we-choose-to-remember\/#primaryimage"},"image":{"@id":"https:\/\/www.quebec-elan.org\/en\/year-in-review-what-we-choose-to-remember\/#primaryimage"},"thumbnailUrl":"https:\/\/www.quebec-elan.org\/wp-content\/uploads\/2022\/12\/Year-In-Review-Banners-2-scaled.jpg","datePublished":"2022-12-15T00:13:21+00:00","dateModified":"2022-12-15T22:38:09+00:00","description":"A not-for-profit organization that connects, supports, and creates opportunities for English-speaking artists and cultural workers of all disciplines from every region of Quebec.","breadcrumb":{"@id":"https:\/\/www.quebec-elan.org\/en\/year-in-review-what-we-choose-to-remember\/#breadcrumb"},"inLanguage":"en-US","potentialAction":[{"@type":"ReadAction","target":["https:\/\/www.quebec-elan.org\/en\/year-in-review-what-we-choose-to-remember\/"]}]},{"@type":"ImageObject","inLanguage":"en-US","@id":"https:\/\/www.quebec-elan.org\/en\/year-in-review-what-we-choose-to-remember\/#primaryimage","url":"https:\/\/www.quebec-elan.org\/wp-content\/uploads\/2022\/12\/Year-In-Review-Banners-2-scaled.jpg","contentUrl":"https:\/\/www.quebec-elan.org\/wp-content\/uploads\/2022\/12\/Year-In-Review-Banners-2-scaled.jpg","width":1450,"height":817},{"@type":"BreadcrumbList","@id":"https:\/\/www.quebec-elan.org\/en\/year-in-review-what-we-choose-to-remember\/#breadcrumb","itemListElement":[{"@type":"ListItem","position":1,"name":"Home","item":"https:\/\/www.quebec-elan.org\/en\/new-home\/"},{"@type":"ListItem","position":2,"name":"Year in Review: What We Choose to Remember"}]},{"@type":"WebSite","@id":"https:\/\/www.quebec-elan.org\/en\/#website","url":"https:\/\/www.quebec-elan.org\/en\/","name":"ELAN","description":"English Language Arts Network","publisher":{"@id":"https:\/\/www.quebec-elan.org\/en\/#organization"},"potentialAction":[{"@type":"SearchAction","target":{"@type":"EntryPoint","urlTemplate":"https:\/\/www.quebec-elan.org\/en\/?s={search_term_string}"},"query-input":{"@type":"PropertyValueSpecification","valueRequired":true,"valueName":"search_term_string"}}],"inLanguage":"en-US"},{"@type":"Organization","@id":"https:\/\/www.quebec-elan.org\/en\/#organization","name":"ELAN - English Language Arts Network","url":"https:\/\/www.quebec-elan.org\/en\/","logo":{"@type":"ImageObject","inLanguage":"en-US","@id":"https:\/\/www.quebec-elan.org\/en\/#\/schema\/logo\/image\/","url":"https:\/\/www.quebec-elan.org\/wp-content\/uploads\/2022\/05\/elan-logo-360.jpg","contentUrl":"https:\/\/www.quebec-elan.org\/wp-content\/uploads\/2022\/05\/elan-logo-360.jpg","width":360,"height":70,"caption":"ELAN - English Language Arts Network"},"image":{"@id":"https:\/\/www.quebec-elan.org\/en\/#\/schema\/logo\/image\/"}},{"@type":"Person","@id":"https:\/\/www.quebec-elan.org\/en\/#\/schema\/person\/4aaafbe7c737c481f7cc144f5237888f","name":"Andre Elan Quebec","image":{"@type":"ImageObject","inLanguage":"en-US","@id":"https:\/\/secure.gravatar.com\/avatar\/7ea082d3d909c4cb837bac18df8ab3523b4a3b6bc196bc83d5ca7f186807bf4e?s=96&d=mm&r=g","url":"https:\/\/secure.gravatar.com\/avatar\/7ea082d3d909c4cb837bac18df8ab3523b4a3b6bc196bc83d5ca7f186807bf4e?s=96&d=mm&r=g","contentUrl":"https:\/\/secure.gravatar.com\/avatar\/7ea082d3d909c4cb837bac18df8ab3523b4a3b6bc196bc83d5ca7f186807bf4e?s=96&d=mm&r=g","caption":"Andre Elan Quebec"},"description":"The English-Language Arts Network (ELAN) is a not-for-profit organization that connects, supports, and creates opportunities for Quebec\u2019s English-speaking artists and arts communities. ELAN members are individuals and organizations from a wide array of artistic disciplines, cultural and geographic backgrounds, and linguistic and cultural communities. Together this network reflects an evolving Qu\u00e9bec identity and celebrates the province\u2019s cultural, artistic, and social diversity.","url":"https:\/\/www.quebec-elan.org\/en\/author\/elan-quebec\/"}]}},"_links":{"self":[{"href":"https:\/\/www.quebec-elan.org\/en\/wp-json\/wp\/v2\/posts\/47723","targetHints":{"allow":["GET"]}}],"collection":[{"href":"https:\/\/www.quebec-elan.org\/en\/wp-json\/wp\/v2\/posts"}],"about":[{"href":"https:\/\/www.quebec-elan.org\/en\/wp-json\/wp\/v2\/types\/post"}],"author":[{"embeddable":true,"href":"https:\/\/www.quebec-elan.org\/en\/wp-json\/wp\/v2\/users\/234"}],"replies":[{"embeddable":true,"href":"https:\/\/www.quebec-elan.org\/en\/wp-json\/wp\/v2\/comments?post=47723"}],"version-history":[{"count":4,"href":"https:\/\/www.quebec-elan.org\/en\/wp-json\/wp\/v2\/posts\/47723\/revisions"}],"predecessor-version":[{"id":47749,"href":"https:\/\/www.quebec-elan.org\/en\/wp-json\/wp\/v2\/posts\/47723\/revisions\/47749"}],"wp:featuredmedia":[{"embeddable":true,"href":"https:\/\/www.quebec-elan.org\/en\/wp-json\/wp\/v2\/media\/47667"}],"wp:attachment":[{"href":"https:\/\/www.quebec-elan.org\/en\/wp-json\/wp\/v2\/media?parent=47723"}],"wp:term":[{"taxonomy":"category","embeddable":true,"href":"https:\/\/www.quebec-elan.org\/en\/wp-json\/wp\/v2\/categories?post=47723"},{"taxonomy":"post_tag","embeddable":true,"href":"https:\/\/www.quebec-elan.org\/en\/wp-json\/wp\/v2\/tags?post=47723"}],"curies":[{"name":"wp","href":"https:\/\/api.w.org\/{rel}","templated":true}]}}