{"id":48012,"date":"2023-02-01T14:14:49","date_gmt":"2023-02-01T19:14:49","guid":{"rendered":"https:\/\/www.quebec-elan.org\/?p=48012"},"modified":"2024-02-15T16:43:24","modified_gmt":"2024-02-15T21:43:24","slug":"black-history-month-events-activities-2023","status":"publish","type":"post","link":"https:\/\/www.quebec-elan.org\/en\/black-history-month-events-activities-2023\/","title":{"rendered":"Black History Month Events &#038; Activities 2024"},"content":{"rendered":"\n<p>A rundown of English-Language Arts events happening in Quebec for Black History Month 2024. Many of these events have been contributed by ELAN members and folks in the community. If you have an event you would like to see included on this list, feel free to reach out to communications[at]quebec-elan.org <\/p>\n\n\n\n<p>For the most up to date events &amp; activities, be sure to follow along with these community organizations:<\/p>\n\n\n\n<ul class=\"wp-block-list\">\n<li><a href=\"https:\/\/www.moishistoiredesnoirs.com\/\" target=\"_blank\" rel=\"noreferrer noopener\"><strong>Mois de l&#8217;histoire des Noir.e.s <\/strong><\/a> (This is the official &amp; most complete calendar for Black History Month activities in Quebec, available in French &amp; English)<\/li>\n\n\n\n<li><a href=\"https:\/\/www.instagram.com\/p\/C229kxTMTxo\/?img_index=10\" target=\"_blank\" rel=\"noreferrer noopener\">Fondation Dynastie<\/a> <\/li>\n\n\n\n<li><a href=\"https:\/\/cbacm.org\/event\/black-history-month-calendar\/?event_date=2024-02-01\" target=\"_blank\" rel=\"noreferrer noopener\">Council for Black Aging Community of Montreal<\/a><\/li>\n\n\n\n<li><a href=\"https:\/\/blackestrie.com\/en\/events\/\" target=\"_blank\" rel=\"noreferrer noopener\">Black Estrie<\/a> (Eastern Townships)<\/li>\n<\/ul>\n\n\n\n<figure class=\"wp-block-image size-large\"><img fetchpriority=\"high\" decoding=\"async\" width=\"1030\" height=\"515\" src=\"https:\/\/www.quebec-elan.org\/wp-content\/uploads\/2023\/02\/FEB-NEWSLETTER-1030x515.jpg\" alt=\"\" class=\"wp-image-48013\" srcset=\"https:\/\/www.quebec-elan.org\/wp-content\/uploads\/2023\/02\/FEB-NEWSLETTER-1030x515.jpg 1030w, https:\/\/www.quebec-elan.org\/wp-content\/uploads\/2023\/02\/FEB-NEWSLETTER-scaled-600x300.jpg 600w, https:\/\/www.quebec-elan.org\/wp-content\/uploads\/2023\/02\/FEB-NEWSLETTER-300x150.jpg 300w, https:\/\/www.quebec-elan.org\/wp-content\/uploads\/2023\/02\/FEB-NEWSLETTER-768x384.jpg 768w, https:\/\/www.quebec-elan.org\/wp-content\/uploads\/2023\/02\/FEB-NEWSLETTER-1536x768.jpg 1536w, https:\/\/www.quebec-elan.org\/wp-content\/uploads\/2023\/02\/FEB-NEWSLETTER-2048x1024.jpg 2048w, https:\/\/www.quebec-elan.org\/wp-content\/uploads\/2023\/02\/FEB-NEWSLETTER-1500x750.jpg 1500w, https:\/\/www.quebec-elan.org\/wp-content\/uploads\/2023\/02\/FEB-NEWSLETTER-705x353.jpg 705w, https:\/\/www.quebec-elan.org\/wp-content\/uploads\/2023\/02\/FEB-NEWSLETTER-450x225.jpg 450w, https:\/\/www.quebec-elan.org\/wp-content\/uploads\/2023\/02\/FEB-NEWSLETTER-scaled.jpg 1450w\" sizes=\"(max-width: 1030px) 100vw, 1030px\" \/><figcaption class=\"wp-element-caption\"><em>Mural in Little Burgandy, Montreal. Photo by: Annie Rutherford.<\/em><\/figcaption><\/figure>\n\n\n\n<p><\/p>\n\n\n\n<h2 class=\"wp-block-heading\"><strong>February 1 \u2013 17<\/strong><\/h2>\n\n\n\n<p><strong>DIGGERS<\/strong>&nbsp;<strong>(Theatre)<\/strong> &#8211;  a&nbsp;Black Theatre Workshop and Prairie Theatre Exchange Co-Production opens on February 1 at Segal Centre for Performing Arts. &#8220;There are those who stand apart by merit of the work they do \u2013 whether they want to or not. Three gravediggers make the best&nbsp;of a bad situation as townsfolk grow increasingly distant.&#8221;<br><a href=\"https:\/\/poetryclinic.org\/\" target=\"_blank\" rel=\"noreferrer noopener\">Click here to&nbsp;<\/a><a href=\"https:\/\/lanaissancedevenus.com\/volunteer-bnvole\" target=\"_blank\" rel=\"noreferrer noopener\">learn more<\/a><a href=\"https:\/\/blacktheatreworkshop.ca\/diggers\/\" target=\"_blank\" rel=\"noreferrer noopener\">&nbsp;&amp; to get your tickets<\/a><\/p>\n\n\n\n<h2 class=\"wp-block-heading\"><strong>February <\/strong>7<\/h2>\n\n\n\n<p><strong><strong>Mighty Jerome&nbsp;<\/strong>(<a href=\"https:\/\/www.nfb.ca\/film\/mighty_jerome\/\" target=\"_blank\" rel=\"noreferrer noopener\">Documentary Film<\/a>)<\/strong> &#8211; presented at 7 p.m. at the Alanis Obomsawin Theatre, located in the NFB headquarters in the heart of the Quartier des Spectacles.<br><a href=\"https:\/\/poetryclinic.org\/\" target=\"_blank\" rel=\"noreferrer noopener\">Click here to&nbsp;<\/a><a href=\"https:\/\/lanaissancedevenus.com\/volunteer-bnvole\" target=\"_blank\" rel=\"noreferrer noopener\">learn more<\/a><a href=\"https:\/\/www.eventbrite.ca\/e\/billets-le-grand-jerome-mighty-jerome-charles-officer-807433373957?aff=oddtdtcreator\" target=\"_blank\" rel=\"noreferrer noopener\">&nbsp;&amp; to get your tickets<\/a><\/p>\n\n\n\n<h2 class=\"wp-block-heading\"><strong>February <\/strong>8<\/h2>\n\n\n\n<p><strong>Black Montreal Photographers Swap &amp; Chat Event (Photographer networking)<\/strong> &#8211; a Montreal gathering for Black photographers at all skill levels coming together to exchange more than just images.<br><a href=\"https:\/\/poetryclinic.org\/\" target=\"_blank\" rel=\"noreferrer noopener\">Click here to&nbsp;<\/a><a href=\"https:\/\/lanaissancedevenus.com\/volunteer-bnvole\" target=\"_blank\" rel=\"noreferrer noopener\">learn more<\/a><a href=\"https:\/\/www.eventbrite.ca\/e\/black-montreal-photographers-swap-chat-event-tickets-793585755357?aff=oddtdtcreator\" target=\"_blank\" rel=\"noreferrer noopener\">&nbsp;&amp; to get your tickets<\/a><\/p>\n\n\n\n<h2 class=\"wp-block-heading\"><strong>Feb 10&nbsp;<\/strong><\/h2>\n\n\n\n<p><strong>BLACK VOICES IN DANCE&nbsp;(Round table discussion about dance in ENG &amp; FR)<\/strong> &#8211; Hosted by street dance professional, Jaleesa \u00ab Tealeaf \u00bb Coligny with the choreographer and dancer of&nbsp;<s>DARK<\/s>MATTER, Cherish Menzo, as well as the performer of CONFESSION PUBLIQUE, Ang\u00e9lique Willkie, this round table will lead a reflection and a dialogue on around the question of decolonization of dance stages, representation of Black bodies on stage, and the creative process as black artists.<br><a href=\"https:\/\/usine-c.com\/spectacle\/darkmatter\" target=\"_blank\" rel=\"noreferrer noopener\"><strong>Click here for details.<\/strong><\/a><\/p>\n\n\n\n<h2 class=\"wp-block-heading\"><strong>Feb 1<\/strong>1<\/h2>\n\n\n\n<p><strong>INSIDE MADPOETIX STUDIOS<\/strong>&nbsp;<strong>(Interdisciplinary &amp; Open Mic)<\/strong> &#8211; Soir\u00e9es Intimes Series  allows the audience to get to know the feature performer through an interview during the show live. &nbsp;<strong>Jonathan \u00c9mile<\/strong> will be interviewed by our host&nbsp;<strong>Kym Dominique-Ferguson&nbsp;<a href=\"https:\/\/www.instagram.com\/mrkdferguson\/\" target=\"_blank\" rel=\"noreferrer noopener\">@Mrkdferguson<\/a><\/strong>. This is a one of a kind experience. There will be 8 Open Mic spots available for all genres: spoken word, poetry, comedy, singers, clowns, dancers, you name it we welcome it. They are each given a 5 min timeslot.&nbsp;<br><a href=\"https:\/\/poetryclinic.org\/\" target=\"_blank\" rel=\"noreferrer noopener\">Click here to&nbsp;<\/a><a href=\"https:\/\/lanaissancedevenus.com\/volunteer-bnvole\" target=\"_blank\" rel=\"noreferrer noopener\">learn more<\/a><a href=\"https:\/\/montrealfringe.online.red61.ca\/event\/2030:387\/2030:1884\/\" target=\"_blank\" rel=\"noreferrer noopener\">&nbsp;&amp; to get your tickets<\/a><\/p>\n\n\n\n<p><\/p>\n\n\n\n<h2 class=\"wp-block-heading\"><strong>Feb <\/strong>14<\/h2>\n\n\n\n<p><strong>Afrodiaspora Global<\/strong><em>&nbsp;<\/em><strong>(documentary)<\/strong> &#8211; tracing filmmaker and anthropologist Sheila S Walker\u2019s research into African diaspora communities around the world. After the screening will be a discussion with Walker as well as Khadiatou Sarr, a doctoral student at the Universit\u00e9 du Qu\u00e9bec \u00e0 Montr\u00e9al (UQAM) specializing in international law.&nbsp;<br><a href=\"https:\/\/poetryclinic.org\/\" target=\"_blank\" rel=\"noreferrer noopener\">Click here to&nbsp;<\/a><a href=\"https:\/\/www.musee-mccord-stewart.ca\/en\/activities\/screening-discussion-documentary-afrodiaspora-global\/\" target=\"_blank\" rel=\"noreferrer noopener\">learn more<\/a><\/p>\n\n\n\n<h2 class=\"wp-block-heading\"><strong>Feb 1<\/strong>5 &#8211; 25<\/h2>\n\n\n\n<p><strong><a href=\"https:\/\/www.facebook.com\/ImagoTheatre514\">Imago Theatre<\/a> &#8216;s production, The Flood<\/strong>, opens February 15th at <a href=\"https:\/\/www.facebook.com\/CentaurTheatreCompany\">Centaur Theatre Company<\/a> &#8211; opening night is already sold out, so don&#8217;t sleep on tickets, get yours now! <br><a href=\"https:\/\/poetryclinic.org\/\" target=\"_blank\" rel=\"noreferrer noopener\">Click here to\u00a0<\/a><a href=\"https:\/\/lanaissancedevenus.com\/volunteer-bnvole\" target=\"_blank\" rel=\"noreferrer noopener\">learn more<\/a><a href=\"https:\/\/www.imagotheatre.ca\/en\/the-flood\" target=\"_blank\" rel=\"noreferrer noopener\">\u00a0&amp; to get your tickets<\/a><\/p>\n\n\n\n<p><\/p>\n\n\n\n<h2 class=\"wp-block-heading\"><strong>Feb 2<\/strong>1<\/h2>\n\n\n\n<p><strong>\u00a0A Conversation with 2023 Scotiabank Giller Prize Finalist Dionne Irving<\/strong> (Virtual) &#8211; The Eleanor London Cote Saint Luc Public Library is holding an event with author Dionne Irving in Celebration of Black History Month. Dionne Irving presents The Islands: Stories, her debut short story collection. * In collaboration with Paragraphe Bookstore. 2:00-3:00PM <a href=\"https:\/\/csllibrary.org\/iguana\/www.main.cls?surl=liveonzoom\" target=\"_blank\" rel=\"noreferrer noopener\">Click here for the Zoom Link\u00a0<\/a>\u00a0\u00a0\u00a0\u00a0\u00a0\u00a0\u00a0\u00a0<\/p>\n\n\n\n<p><strong><a href=\"https:\/\/www.facebook.com\/profile.php?id=100066810090750\">LaSalle D&amp;D 50+ Centre<\/a>&#8216;s Black History Month Extravaganza<\/strong> <strong>(Community celebration 55+, interdisciplinary)<\/strong> &#8211; featuring the Montreal Steppers, Traditional Steel Drum, Poetry, and Caribbean delicacies to enjoy! 8700 Hardy, LaSalle, H8N 2P5<br><a href=\"https:\/\/poetryclinic.org\/\" target=\"_blank\" rel=\"noreferrer noopener\">Click here to\u00a0<\/a><a href=\"https:\/\/www.facebook.com\/photo\/?fbid=772569804915985&amp;set=pb.100064889162035.-2207520000\" target=\"_blank\" rel=\"noreferrer noopener\">learn more<\/a><\/p>\n\n\n\n<h4 class=\"wp-block-heading\">For an extensive list of programming in both French and English in Montreal and the province, <a href=\"https:\/\/ev.moishistoiredesnoirs.com\/\"><strong>click here to consult the Mois de l&#8217;histoire des noires calendar.<\/strong><\/a><\/h4>\n\n\n\n<p>To share your events or resources, please contact communications@quebec-elan.org<\/p>\n","protected":false},"excerpt":{"rendered":"<p>A rundown of English-Language Arts events happening in Quebec for Black History Month 2024. Many of these events have been contributed by ELAN members and folks in the community. If you have an event you would like to see included on this list, feel free to reach out to communications[at]quebec-elan.org For the most up to [&hellip;]<\/p>\n","protected":false},"author":234,"featured_media":0,"comment_status":"closed","ping_status":"closed","sticky":false,"template":"","format":"standard","meta":{"footnotes":""},"categories":[1],"tags":[],"class_list":["post-48012","post","type-post","status-publish","format-standard","hentry","category-news"],"yoast_head":"<!-- This site is optimized with the Yoast SEO plugin v27.5 - https:\/\/yoast.com\/product\/yoast-seo-wordpress\/ -->\n<title>Black History Month Events &amp; Activities 2024 - ELAN<\/title>\n<meta name=\"description\" content=\"A not-for-profit organization that connects, supports, and creates opportunities for English-speaking artists and cultural workers of all disciplines from every region of Quebec.\" \/>\n<meta name=\"robots\" content=\"index, follow, max-snippet:-1, max-image-preview:large, max-video-preview:-1\" \/>\n<link rel=\"canonical\" href=\"https:\/\/www.quebec-elan.org\/en\/black-history-month-events-activities-2023\/\" \/>\n<meta property=\"og:locale\" content=\"en_US\" \/>\n<meta property=\"og:type\" content=\"article\" \/>\n<meta property=\"og:title\" content=\"Black History Month Events &amp; Activities 2024 - ELAN\" \/>\n<meta property=\"og:description\" content=\"A not-for-profit organization that connects, supports, and creates opportunities for English-speaking artists and cultural workers of all disciplines from every region of Quebec.\" \/>\n<meta property=\"og:url\" content=\"https:\/\/www.quebec-elan.org\/en\/black-history-month-events-activities-2023\/\" \/>\n<meta property=\"og:site_name\" content=\"ELAN\" \/>\n<meta property=\"article:published_time\" content=\"2023-02-01T19:14:49+00:00\" \/>\n<meta property=\"article:modified_time\" content=\"2024-02-15T21:43:24+00:00\" \/>\n<meta property=\"og:image\" content=\"https:\/\/www.quebec-elan.org\/wp-content\/uploads\/2023\/02\/FEB-NEWSLETTER-1030x515.jpg\" \/>\n<meta name=\"author\" content=\"Andre Elan Quebec\" \/>\n<meta name=\"twitter:card\" content=\"summary_large_image\" \/>\n<meta name=\"twitter:label1\" content=\"Written by\" \/>\n\t<meta name=\"twitter:data1\" content=\"Andre Elan Quebec\" \/>\n\t<meta name=\"twitter:label2\" content=\"Est. reading time\" \/>\n\t<meta name=\"twitter:data2\" content=\"4 minutes\" \/>\n<script type=\"application\/ld+json\" class=\"yoast-schema-graph\">{\"@context\":\"https:\\\/\\\/schema.org\",\"@graph\":[{\"@type\":\"Article\",\"@id\":\"https:\\\/\\\/www.quebec-elan.org\\\/en\\\/black-history-month-events-activities-2023\\\/#article\",\"isPartOf\":{\"@id\":\"https:\\\/\\\/www.quebec-elan.org\\\/en\\\/black-history-month-events-activities-2023\\\/\"},\"author\":{\"name\":\"Andre Elan Quebec\",\"@id\":\"https:\\\/\\\/www.quebec-elan.org\\\/en\\\/#\\\/schema\\\/person\\\/4aaafbe7c737c481f7cc144f5237888f\"},\"headline\":\"Black History Month Events &#038; Activities 2024\",\"datePublished\":\"2023-02-01T19:14:49+00:00\",\"dateModified\":\"2024-02-15T21:43:24+00:00\",\"mainEntityOfPage\":{\"@id\":\"https:\\\/\\\/www.quebec-elan.org\\\/en\\\/black-history-month-events-activities-2023\\\/\"},\"wordCount\":689,\"publisher\":{\"@id\":\"https:\\\/\\\/www.quebec-elan.org\\\/en\\\/#organization\"},\"image\":{\"@id\":\"https:\\\/\\\/www.quebec-elan.org\\\/en\\\/black-history-month-events-activities-2023\\\/#primaryimage\"},\"thumbnailUrl\":\"https:\\\/\\\/www.quebec-elan.org\\\/wp-content\\\/uploads\\\/2023\\\/02\\\/FEB-NEWSLETTER-1030x515.jpg\",\"articleSection\":[\"News\"],\"inLanguage\":\"en-US\"},{\"@type\":\"WebPage\",\"@id\":\"https:\\\/\\\/www.quebec-elan.org\\\/en\\\/black-history-month-events-activities-2023\\\/\",\"url\":\"https:\\\/\\\/www.quebec-elan.org\\\/en\\\/black-history-month-events-activities-2023\\\/\",\"name\":\"Black History Month Events & Activities 2024 - ELAN\",\"isPartOf\":{\"@id\":\"https:\\\/\\\/www.quebec-elan.org\\\/en\\\/#website\"},\"primaryImageOfPage\":{\"@id\":\"https:\\\/\\\/www.quebec-elan.org\\\/en\\\/black-history-month-events-activities-2023\\\/#primaryimage\"},\"image\":{\"@id\":\"https:\\\/\\\/www.quebec-elan.org\\\/en\\\/black-history-month-events-activities-2023\\\/#primaryimage\"},\"thumbnailUrl\":\"https:\\\/\\\/www.quebec-elan.org\\\/wp-content\\\/uploads\\\/2023\\\/02\\\/FEB-NEWSLETTER-1030x515.jpg\",\"datePublished\":\"2023-02-01T19:14:49+00:00\",\"dateModified\":\"2024-02-15T21:43:24+00:00\",\"description\":\"A not-for-profit organization that connects, supports, and creates opportunities for English-speaking artists and cultural workers of all disciplines from every region of Quebec.\",\"breadcrumb\":{\"@id\":\"https:\\\/\\\/www.quebec-elan.org\\\/en\\\/black-history-month-events-activities-2023\\\/#breadcrumb\"},\"inLanguage\":\"en-US\",\"potentialAction\":[{\"@type\":\"ReadAction\",\"target\":[\"https:\\\/\\\/www.quebec-elan.org\\\/en\\\/black-history-month-events-activities-2023\\\/\"]}]},{\"@type\":\"ImageObject\",\"inLanguage\":\"en-US\",\"@id\":\"https:\\\/\\\/www.quebec-elan.org\\\/en\\\/black-history-month-events-activities-2023\\\/#primaryimage\",\"url\":\"https:\\\/\\\/www.quebec-elan.org\\\/wp-content\\\/uploads\\\/2023\\\/02\\\/FEB-NEWSLETTER-1030x515.jpg\",\"contentUrl\":\"https:\\\/\\\/www.quebec-elan.org\\\/wp-content\\\/uploads\\\/2023\\\/02\\\/FEB-NEWSLETTER-1030x515.jpg\"},{\"@type\":\"BreadcrumbList\",\"@id\":\"https:\\\/\\\/www.quebec-elan.org\\\/en\\\/black-history-month-events-activities-2023\\\/#breadcrumb\",\"itemListElement\":[{\"@type\":\"ListItem\",\"position\":1,\"name\":\"Home\",\"item\":\"https:\\\/\\\/www.quebec-elan.org\\\/en\\\/new-home\\\/\"},{\"@type\":\"ListItem\",\"position\":2,\"name\":\"Black History Month Events &#038; Activities 2024\"}]},{\"@type\":\"WebSite\",\"@id\":\"https:\\\/\\\/www.quebec-elan.org\\\/en\\\/#website\",\"url\":\"https:\\\/\\\/www.quebec-elan.org\\\/en\\\/\",\"name\":\"ELAN\",\"description\":\"English Language Arts Network\",\"publisher\":{\"@id\":\"https:\\\/\\\/www.quebec-elan.org\\\/en\\\/#organization\"},\"potentialAction\":[{\"@type\":\"SearchAction\",\"target\":{\"@type\":\"EntryPoint\",\"urlTemplate\":\"https:\\\/\\\/www.quebec-elan.org\\\/en\\\/?s={search_term_string}\"},\"query-input\":{\"@type\":\"PropertyValueSpecification\",\"valueRequired\":true,\"valueName\":\"search_term_string\"}}],\"inLanguage\":\"en-US\"},{\"@type\":\"Organization\",\"@id\":\"https:\\\/\\\/www.quebec-elan.org\\\/en\\\/#organization\",\"name\":\"ELAN - English Language Arts Network\",\"url\":\"https:\\\/\\\/www.quebec-elan.org\\\/en\\\/\",\"logo\":{\"@type\":\"ImageObject\",\"inLanguage\":\"en-US\",\"@id\":\"https:\\\/\\\/www.quebec-elan.org\\\/en\\\/#\\\/schema\\\/logo\\\/image\\\/\",\"url\":\"https:\\\/\\\/www.quebec-elan.org\\\/wp-content\\\/uploads\\\/2022\\\/05\\\/elan-logo-360.jpg\",\"contentUrl\":\"https:\\\/\\\/www.quebec-elan.org\\\/wp-content\\\/uploads\\\/2022\\\/05\\\/elan-logo-360.jpg\",\"width\":360,\"height\":70,\"caption\":\"ELAN - English Language Arts Network\"},\"image\":{\"@id\":\"https:\\\/\\\/www.quebec-elan.org\\\/en\\\/#\\\/schema\\\/logo\\\/image\\\/\"}},{\"@type\":\"Person\",\"@id\":\"https:\\\/\\\/www.quebec-elan.org\\\/en\\\/#\\\/schema\\\/person\\\/4aaafbe7c737c481f7cc144f5237888f\",\"name\":\"Andre Elan Quebec\",\"image\":{\"@type\":\"ImageObject\",\"inLanguage\":\"en-US\",\"@id\":\"https:\\\/\\\/secure.gravatar.com\\\/avatar\\\/7ea082d3d909c4cb837bac18df8ab3523b4a3b6bc196bc83d5ca7f186807bf4e?s=96&d=mm&r=g\",\"url\":\"https:\\\/\\\/secure.gravatar.com\\\/avatar\\\/7ea082d3d909c4cb837bac18df8ab3523b4a3b6bc196bc83d5ca7f186807bf4e?s=96&d=mm&r=g\",\"contentUrl\":\"https:\\\/\\\/secure.gravatar.com\\\/avatar\\\/7ea082d3d909c4cb837bac18df8ab3523b4a3b6bc196bc83d5ca7f186807bf4e?s=96&d=mm&r=g\",\"caption\":\"Andre Elan Quebec\"},\"description\":\"The English-Language Arts Network (ELAN) is a not-for-profit organization that connects, supports, and creates opportunities for Quebec\u2019s English-speaking artists and arts communities. ELAN members are individuals and organizations from a wide array of artistic disciplines, cultural and geographic backgrounds, and linguistic and cultural communities. Together this network reflects an evolving Qu\u00e9bec identity and celebrates the province\u2019s cultural, artistic, and social diversity.\",\"url\":\"https:\\\/\\\/www.quebec-elan.org\\\/en\\\/author\\\/elan-quebec\\\/\"}]}<\/script>\n<!-- \/ Yoast SEO plugin. -->","yoast_head_json":{"title":"Black History Month Events & Activities 2024 - ELAN","description":"A not-for-profit organization that connects, supports, and creates opportunities for English-speaking artists and cultural workers of all disciplines from every region of Quebec.","robots":{"index":"index","follow":"follow","max-snippet":"max-snippet:-1","max-image-preview":"max-image-preview:large","max-video-preview":"max-video-preview:-1"},"canonical":"https:\/\/www.quebec-elan.org\/en\/black-history-month-events-activities-2023\/","og_locale":"en_US","og_type":"article","og_title":"Black History Month Events & Activities 2024 - ELAN","og_description":"A not-for-profit organization that connects, supports, and creates opportunities for English-speaking artists and cultural workers of all disciplines from every region of Quebec.","og_url":"https:\/\/www.quebec-elan.org\/en\/black-history-month-events-activities-2023\/","og_site_name":"ELAN","article_published_time":"2023-02-01T19:14:49+00:00","article_modified_time":"2024-02-15T21:43:24+00:00","og_image":[{"url":"https:\/\/www.quebec-elan.org\/wp-content\/uploads\/2023\/02\/FEB-NEWSLETTER-1030x515.jpg","type":"","width":"","height":""}],"author":"Andre Elan Quebec","twitter_card":"summary_large_image","twitter_misc":{"Written by":"Andre Elan Quebec","Est. reading time":"4 minutes"},"schema":{"@context":"https:\/\/schema.org","@graph":[{"@type":"Article","@id":"https:\/\/www.quebec-elan.org\/en\/black-history-month-events-activities-2023\/#article","isPartOf":{"@id":"https:\/\/www.quebec-elan.org\/en\/black-history-month-events-activities-2023\/"},"author":{"name":"Andre Elan Quebec","@id":"https:\/\/www.quebec-elan.org\/en\/#\/schema\/person\/4aaafbe7c737c481f7cc144f5237888f"},"headline":"Black History Month Events &#038; Activities 2024","datePublished":"2023-02-01T19:14:49+00:00","dateModified":"2024-02-15T21:43:24+00:00","mainEntityOfPage":{"@id":"https:\/\/www.quebec-elan.org\/en\/black-history-month-events-activities-2023\/"},"wordCount":689,"publisher":{"@id":"https:\/\/www.quebec-elan.org\/en\/#organization"},"image":{"@id":"https:\/\/www.quebec-elan.org\/en\/black-history-month-events-activities-2023\/#primaryimage"},"thumbnailUrl":"https:\/\/www.quebec-elan.org\/wp-content\/uploads\/2023\/02\/FEB-NEWSLETTER-1030x515.jpg","articleSection":["News"],"inLanguage":"en-US"},{"@type":"WebPage","@id":"https:\/\/www.quebec-elan.org\/en\/black-history-month-events-activities-2023\/","url":"https:\/\/www.quebec-elan.org\/en\/black-history-month-events-activities-2023\/","name":"Black History Month Events & Activities 2024 - ELAN","isPartOf":{"@id":"https:\/\/www.quebec-elan.org\/en\/#website"},"primaryImageOfPage":{"@id":"https:\/\/www.quebec-elan.org\/en\/black-history-month-events-activities-2023\/#primaryimage"},"image":{"@id":"https:\/\/www.quebec-elan.org\/en\/black-history-month-events-activities-2023\/#primaryimage"},"thumbnailUrl":"https:\/\/www.quebec-elan.org\/wp-content\/uploads\/2023\/02\/FEB-NEWSLETTER-1030x515.jpg","datePublished":"2023-02-01T19:14:49+00:00","dateModified":"2024-02-15T21:43:24+00:00","description":"A not-for-profit organization that connects, supports, and creates opportunities for English-speaking artists and cultural workers of all disciplines from every region of Quebec.","breadcrumb":{"@id":"https:\/\/www.quebec-elan.org\/en\/black-history-month-events-activities-2023\/#breadcrumb"},"inLanguage":"en-US","potentialAction":[{"@type":"ReadAction","target":["https:\/\/www.quebec-elan.org\/en\/black-history-month-events-activities-2023\/"]}]},{"@type":"ImageObject","inLanguage":"en-US","@id":"https:\/\/www.quebec-elan.org\/en\/black-history-month-events-activities-2023\/#primaryimage","url":"https:\/\/www.quebec-elan.org\/wp-content\/uploads\/2023\/02\/FEB-NEWSLETTER-1030x515.jpg","contentUrl":"https:\/\/www.quebec-elan.org\/wp-content\/uploads\/2023\/02\/FEB-NEWSLETTER-1030x515.jpg"},{"@type":"BreadcrumbList","@id":"https:\/\/www.quebec-elan.org\/en\/black-history-month-events-activities-2023\/#breadcrumb","itemListElement":[{"@type":"ListItem","position":1,"name":"Home","item":"https:\/\/www.quebec-elan.org\/en\/new-home\/"},{"@type":"ListItem","position":2,"name":"Black History Month Events &#038; Activities 2024"}]},{"@type":"WebSite","@id":"https:\/\/www.quebec-elan.org\/en\/#website","url":"https:\/\/www.quebec-elan.org\/en\/","name":"ELAN","description":"English Language Arts Network","publisher":{"@id":"https:\/\/www.quebec-elan.org\/en\/#organization"},"potentialAction":[{"@type":"SearchAction","target":{"@type":"EntryPoint","urlTemplate":"https:\/\/www.quebec-elan.org\/en\/?s={search_term_string}"},"query-input":{"@type":"PropertyValueSpecification","valueRequired":true,"valueName":"search_term_string"}}],"inLanguage":"en-US"},{"@type":"Organization","@id":"https:\/\/www.quebec-elan.org\/en\/#organization","name":"ELAN - English Language Arts Network","url":"https:\/\/www.quebec-elan.org\/en\/","logo":{"@type":"ImageObject","inLanguage":"en-US","@id":"https:\/\/www.quebec-elan.org\/en\/#\/schema\/logo\/image\/","url":"https:\/\/www.quebec-elan.org\/wp-content\/uploads\/2022\/05\/elan-logo-360.jpg","contentUrl":"https:\/\/www.quebec-elan.org\/wp-content\/uploads\/2022\/05\/elan-logo-360.jpg","width":360,"height":70,"caption":"ELAN - English Language Arts Network"},"image":{"@id":"https:\/\/www.quebec-elan.org\/en\/#\/schema\/logo\/image\/"}},{"@type":"Person","@id":"https:\/\/www.quebec-elan.org\/en\/#\/schema\/person\/4aaafbe7c737c481f7cc144f5237888f","name":"Andre Elan Quebec","image":{"@type":"ImageObject","inLanguage":"en-US","@id":"https:\/\/secure.gravatar.com\/avatar\/7ea082d3d909c4cb837bac18df8ab3523b4a3b6bc196bc83d5ca7f186807bf4e?s=96&d=mm&r=g","url":"https:\/\/secure.gravatar.com\/avatar\/7ea082d3d909c4cb837bac18df8ab3523b4a3b6bc196bc83d5ca7f186807bf4e?s=96&d=mm&r=g","contentUrl":"https:\/\/secure.gravatar.com\/avatar\/7ea082d3d909c4cb837bac18df8ab3523b4a3b6bc196bc83d5ca7f186807bf4e?s=96&d=mm&r=g","caption":"Andre Elan Quebec"},"description":"The English-Language Arts Network (ELAN) is a not-for-profit organization that connects, supports, and creates opportunities for Quebec\u2019s English-speaking artists and arts communities. ELAN members are individuals and organizations from a wide array of artistic disciplines, cultural and geographic backgrounds, and linguistic and cultural communities. Together this network reflects an evolving Qu\u00e9bec identity and celebrates the province\u2019s cultural, artistic, and social diversity.","url":"https:\/\/www.quebec-elan.org\/en\/author\/elan-quebec\/"}]}},"_links":{"self":[{"href":"https:\/\/www.quebec-elan.org\/en\/wp-json\/wp\/v2\/posts\/48012","targetHints":{"allow":["GET"]}}],"collection":[{"href":"https:\/\/www.quebec-elan.org\/en\/wp-json\/wp\/v2\/posts"}],"about":[{"href":"https:\/\/www.quebec-elan.org\/en\/wp-json\/wp\/v2\/types\/post"}],"author":[{"embeddable":true,"href":"https:\/\/www.quebec-elan.org\/en\/wp-json\/wp\/v2\/users\/234"}],"replies":[{"embeddable":true,"href":"https:\/\/www.quebec-elan.org\/en\/wp-json\/wp\/v2\/comments?post=48012"}],"version-history":[{"count":10,"href":"https:\/\/www.quebec-elan.org\/en\/wp-json\/wp\/v2\/posts\/48012\/revisions"}],"predecessor-version":[{"id":60178,"href":"https:\/\/www.quebec-elan.org\/en\/wp-json\/wp\/v2\/posts\/48012\/revisions\/60178"}],"wp:attachment":[{"href":"https:\/\/www.quebec-elan.org\/en\/wp-json\/wp\/v2\/media?parent=48012"}],"wp:term":[{"taxonomy":"category","embeddable":true,"href":"https:\/\/www.quebec-elan.org\/en\/wp-json\/wp\/v2\/categories?post=48012"},{"taxonomy":"post_tag","embeddable":true,"href":"https:\/\/www.quebec-elan.org\/en\/wp-json\/wp\/v2\/tags?post=48012"}],"curies":[{"name":"wp","href":"https:\/\/api.w.org\/{rel}","templated":true}]}}