{"id":10850,"date":"2017-01-09T16:18:58","date_gmt":"2017-01-09T16:18:58","guid":{"rendered":"https:\/\/www.quebec-elan.org\/?p=10850"},"modified":"2017-01-09T16:18:58","modified_gmt":"2017-01-09T16:18:58","slug":"mot-du-directeur-executif-janvier-2017","status":"publish","type":"post","link":"https:\/\/www.quebec-elan.org\/fr\/mot-du-directeur-executif-janvier-2017\/","title":{"rendered":"Mot du directeur ex\u00e9cutif, janvier 2017"},"content":{"rendered":"<p>Bienvenue en 2017, ann\u00e9e qui marquera le 150<sup>e<\/sup> anniversaire de la Conf\u00e9d\u00e9ration canadienne et le 375<sup>e<\/sup> anniversaire de la ville de Montr\u00e9al. Selon l\u2019historien Gustave Lanct\u00f4t, la fondation de Ville Marie par Paul de Chomedey de Maisonneuve et Jeanne Mance fut un \u00e9v\u00e9nement unique dans l\u2019histoire, car ce fut \u00ab la naissance d\u2019une ville d\u00e9di\u00e9e \u00e0 la Vierge Marie et dont le seul but \u00e9tait la gloire de Dieu et la conversion des autochtones \u00bb. Pendant des si\u00e8cles, Montr\u00e9al a \u00e9t\u00e9 d\u00e9finie par la religion (\u00ab C\u2019est la premi\u00e8re fois que je me trouve dans une ville o\u00f9 l\u2019on ne peut lancer une brique sans casser un vitrail d\u2019\u00e9glise \u00bb, a \u00e9crit Mark Twain), ce qui a eu pour effet de diviser ses citoyens en deux solitudes d\u00e9connect\u00e9es l\u2019une de l\u2019autre, ph\u00e9nom\u00e8ne qui a \u00e9t\u00e9 renforc\u00e9 par les barri\u00e8res linguistiques.<\/p>\n<p>Le Qu\u00e9bec moderne est pacifique, prosp\u00e8re et tol\u00e9rant, et la plupart de ses citoyens ont adopt\u00e9 le fran\u00e7ais comme langue publique commune. Nous avons fait des efforts consid\u00e9rables pour cr\u00e9er une soci\u00e9t\u00e9 inclusive, mais la premi\u00e8re vid\u00e9o promotionnelle de la Soci\u00e9t\u00e9 des c\u00e9l\u00e9brations du 375<sup>e<\/sup> a montr\u00e9 qu\u2019il y a encore un \u00e9cart entre la th\u00e9orie et la r\u00e9alit\u00e9. Gilbert Rozon et son \u00e9quipe ont imm\u00e9diatement reconnu que cette vid\u00e9o \u00e9tait unidimensionnelle, et ils ont t\u00f4t fait de la remplacer par une repr\u00e9sentation plus diversifi\u00e9e, ce qui est tout \u00e0 leur honneur. Il est malheureux qu\u2019au Qu\u00e9bec la plupart d\u2019entre nous vivions encore dans des univers parall\u00e8les, partageant l\u2019espace public comme des \u00e9trangers virtuels. Cette ann\u00e9e de c\u00e9l\u00e9brations nous donnera maintes fois l\u2019occasion de faire tomber les vieux murs et de cr\u00e9er de nouveaux ponts. Mon espoir pour 2017 est que nous saisissions ces opportunit\u00e9s. ELAN a pr\u00e9vu plusieurs \u00e9v\u00e9nements pour l\u2019ann\u00e9e 2017, afin que la rh\u00e9torique de l\u2019inclusion devienne une r\u00e9alit\u00e9 v\u00e9cue.<\/p>\n<p><img decoding=\"async\" src=\"https:\/\/gallery.mailchimp.com\/0fd7f177103a51acf8a9669d5\/images\/guy_signature_graphic_no_background.png\" alt=\"\" width=\"150\" height=\"62\" align=\"none\" data-cke-saved-src=\"https:\/\/gallery.mailchimp.com\/0fd7f177103a51acf8a9669d5\/images\/guy_signature_graphic_no_background.png\" \/><\/p>\n<p>&nbsp;<\/p>\n<p>Guy Rodgers<\/p>\n<p>Directeur ex\u00e9cutif<\/p>\n","protected":false},"excerpt":{"rendered":"<p>Bienvenue en 2017, ann\u00e9e qui marquera le 150e anniversaire de la Conf\u00e9d\u00e9ration canadienne et le 375e anniversaire de la ville de Montr\u00e9al. Selon l\u2019historien Gustave Lanct\u00f4t, la fondation de Ville Marie par Paul de Chomedey de Maisonneuve et Jeanne Mance fut un \u00e9v\u00e9nement unique dans l\u2019histoire, car ce fut \u00ab la naissance d\u2019une ville d\u00e9di\u00e9e [&hellip;]<\/p>\n","protected":false},"author":234,"featured_media":10712,"comment_status":"closed","ping_status":"closed","sticky":false,"template":"","format":"standard","meta":{"footnotes":""},"categories":[2],"tags":[],"class_list":["post-10850","post","type-post","status-publish","format-standard","has-post-thumbnail","hentry","category-non-classifiee"],"yoast_head":"<!-- This site is optimized with the Yoast SEO plugin v27.5 - https:\/\/yoast.com\/product\/yoast-seo-wordpress\/ -->\n<title>Mot du directeur ex\u00e9cutif, janvier 2017 - ELAN<\/title>\n<meta name=\"description\" content=\"A not-for-profit organization that connects, supports, and creates opportunities for English-speaking artists and cultural workers of all disciplines from every region of Quebec.\" \/>\n<meta name=\"robots\" content=\"index, follow, max-snippet:-1, max-image-preview:large, max-video-preview:-1\" \/>\n<link rel=\"canonical\" href=\"https:\/\/www.quebec-elan.org\/fr\/mot-du-directeur-executif-janvier-2017\/\" \/>\n<meta property=\"og:locale\" content=\"fr_FR\" \/>\n<meta property=\"og:type\" content=\"article\" \/>\n<meta property=\"og:title\" content=\"Mot du directeur ex\u00e9cutif, janvier 2017 - ELAN\" \/>\n<meta property=\"og:description\" content=\"A not-for-profit organization that connects, supports, and creates opportunities for English-speaking artists and cultural workers of all disciplines from every region of Quebec.\" \/>\n<meta property=\"og:url\" content=\"https:\/\/www.quebec-elan.org\/fr\/mot-du-directeur-executif-janvier-2017\/\" \/>\n<meta property=\"og:site_name\" content=\"ELAN\" \/>\n<meta property=\"article:published_time\" content=\"2017-01-09T16:18:58+00:00\" \/>\n<meta property=\"og:image\" content=\"https:\/\/www.quebec-elan.org\/wp-content\/uploads\/2017\/01\/20161201_181440-scaled.jpg\" \/>\n\t<meta property=\"og:image:width\" content=\"1450\" \/>\n\t<meta property=\"og:image:height\" content=\"816\" \/>\n\t<meta property=\"og:image:type\" content=\"image\/jpeg\" \/>\n<meta name=\"author\" content=\"Andre Elan Quebec\" \/>\n<meta name=\"twitter:card\" content=\"summary_large_image\" \/>\n<meta name=\"twitter:label1\" content=\"\u00c9crit par\" \/>\n\t<meta name=\"twitter:data1\" content=\"Andre Elan Quebec\" \/>\n\t<meta name=\"twitter:label2\" content=\"Dur\u00e9e de lecture estim\u00e9e\" \/>\n\t<meta name=\"twitter:data2\" content=\"2 minutes\" \/>\n<script type=\"application\/ld+json\" class=\"yoast-schema-graph\">{\"@context\":\"https:\\\/\\\/schema.org\",\"@graph\":[{\"@type\":\"Article\",\"@id\":\"https:\\\/\\\/www.quebec-elan.org\\\/fr\\\/mot-du-directeur-executif-janvier-2017\\\/#article\",\"isPartOf\":{\"@id\":\"https:\\\/\\\/www.quebec-elan.org\\\/fr\\\/mot-du-directeur-executif-janvier-2017\\\/\"},\"author\":{\"name\":\"Andre Elan Quebec\",\"@id\":\"https:\\\/\\\/www.quebec-elan.org\\\/en\\\/#\\\/schema\\\/person\\\/4aaafbe7c737c481f7cc144f5237888f\"},\"headline\":\"Mot du directeur ex\u00e9cutif, janvier 2017\",\"datePublished\":\"2017-01-09T16:18:58+00:00\",\"mainEntityOfPage\":{\"@id\":\"https:\\\/\\\/www.quebec-elan.org\\\/fr\\\/mot-du-directeur-executif-janvier-2017\\\/\"},\"wordCount\":370,\"publisher\":{\"@id\":\"https:\\\/\\\/www.quebec-elan.org\\\/en\\\/#organization\"},\"image\":{\"@id\":\"https:\\\/\\\/www.quebec-elan.org\\\/fr\\\/mot-du-directeur-executif-janvier-2017\\\/#primaryimage\"},\"thumbnailUrl\":\"https:\\\/\\\/www.quebec-elan.org\\\/wp-content\\\/uploads\\\/2017\\\/01\\\/20161201_181440-scaled.jpg\",\"articleSection\":[\"Non classifi\u00e9(e)\"],\"inLanguage\":\"fr-FR\"},{\"@type\":\"WebPage\",\"@id\":\"https:\\\/\\\/www.quebec-elan.org\\\/fr\\\/mot-du-directeur-executif-janvier-2017\\\/\",\"url\":\"https:\\\/\\\/www.quebec-elan.org\\\/fr\\\/mot-du-directeur-executif-janvier-2017\\\/\",\"name\":\"Mot du directeur ex\u00e9cutif, janvier 2017 - ELAN\",\"isPartOf\":{\"@id\":\"https:\\\/\\\/www.quebec-elan.org\\\/en\\\/#website\"},\"primaryImageOfPage\":{\"@id\":\"https:\\\/\\\/www.quebec-elan.org\\\/fr\\\/mot-du-directeur-executif-janvier-2017\\\/#primaryimage\"},\"image\":{\"@id\":\"https:\\\/\\\/www.quebec-elan.org\\\/fr\\\/mot-du-directeur-executif-janvier-2017\\\/#primaryimage\"},\"thumbnailUrl\":\"https:\\\/\\\/www.quebec-elan.org\\\/wp-content\\\/uploads\\\/2017\\\/01\\\/20161201_181440-scaled.jpg\",\"datePublished\":\"2017-01-09T16:18:58+00:00\",\"description\":\"A not-for-profit organization that connects, supports, and creates opportunities for English-speaking artists and cultural workers of all disciplines from every region of Quebec.\",\"breadcrumb\":{\"@id\":\"https:\\\/\\\/www.quebec-elan.org\\\/fr\\\/mot-du-directeur-executif-janvier-2017\\\/#breadcrumb\"},\"inLanguage\":\"fr-FR\",\"potentialAction\":[{\"@type\":\"ReadAction\",\"target\":[\"https:\\\/\\\/www.quebec-elan.org\\\/fr\\\/mot-du-directeur-executif-janvier-2017\\\/\"]}]},{\"@type\":\"ImageObject\",\"inLanguage\":\"fr-FR\",\"@id\":\"https:\\\/\\\/www.quebec-elan.org\\\/fr\\\/mot-du-directeur-executif-janvier-2017\\\/#primaryimage\",\"url\":\"https:\\\/\\\/www.quebec-elan.org\\\/wp-content\\\/uploads\\\/2017\\\/01\\\/20161201_181440-scaled.jpg\",\"contentUrl\":\"https:\\\/\\\/www.quebec-elan.org\\\/wp-content\\\/uploads\\\/2017\\\/01\\\/20161201_181440-scaled.jpg\",\"width\":1450,\"height\":816},{\"@type\":\"BreadcrumbList\",\"@id\":\"https:\\\/\\\/www.quebec-elan.org\\\/fr\\\/mot-du-directeur-executif-janvier-2017\\\/#breadcrumb\",\"itemListElement\":[{\"@type\":\"ListItem\",\"position\":1,\"name\":\"Home\",\"item\":\"https:\\\/\\\/www.quebec-elan.org\\\/fr\\\/\"},{\"@type\":\"ListItem\",\"position\":2,\"name\":\"Mot du directeur ex\u00e9cutif, janvier 2017\"}]},{\"@type\":\"WebSite\",\"@id\":\"https:\\\/\\\/www.quebec-elan.org\\\/en\\\/#website\",\"url\":\"https:\\\/\\\/www.quebec-elan.org\\\/en\\\/\",\"name\":\"ELAN\",\"description\":\"English Language Arts Network\",\"publisher\":{\"@id\":\"https:\\\/\\\/www.quebec-elan.org\\\/en\\\/#organization\"},\"potentialAction\":[{\"@type\":\"SearchAction\",\"target\":{\"@type\":\"EntryPoint\",\"urlTemplate\":\"https:\\\/\\\/www.quebec-elan.org\\\/en\\\/?s={search_term_string}\"},\"query-input\":{\"@type\":\"PropertyValueSpecification\",\"valueRequired\":true,\"valueName\":\"search_term_string\"}}],\"inLanguage\":\"fr-FR\"},{\"@type\":\"Organization\",\"@id\":\"https:\\\/\\\/www.quebec-elan.org\\\/en\\\/#organization\",\"name\":\"ELAN - English Language Arts Network\",\"url\":\"https:\\\/\\\/www.quebec-elan.org\\\/en\\\/\",\"logo\":{\"@type\":\"ImageObject\",\"inLanguage\":\"fr-FR\",\"@id\":\"https:\\\/\\\/www.quebec-elan.org\\\/en\\\/#\\\/schema\\\/logo\\\/image\\\/\",\"url\":\"https:\\\/\\\/www.quebec-elan.org\\\/wp-content\\\/uploads\\\/2022\\\/05\\\/elan-logo-360.jpg\",\"contentUrl\":\"https:\\\/\\\/www.quebec-elan.org\\\/wp-content\\\/uploads\\\/2022\\\/05\\\/elan-logo-360.jpg\",\"width\":360,\"height\":70,\"caption\":\"ELAN - English Language Arts Network\"},\"image\":{\"@id\":\"https:\\\/\\\/www.quebec-elan.org\\\/en\\\/#\\\/schema\\\/logo\\\/image\\\/\"}},{\"@type\":\"Person\",\"@id\":\"https:\\\/\\\/www.quebec-elan.org\\\/en\\\/#\\\/schema\\\/person\\\/4aaafbe7c737c481f7cc144f5237888f\",\"name\":\"Andre Elan Quebec\",\"image\":{\"@type\":\"ImageObject\",\"inLanguage\":\"fr-FR\",\"@id\":\"https:\\\/\\\/secure.gravatar.com\\\/avatar\\\/7ea082d3d909c4cb837bac18df8ab3523b4a3b6bc196bc83d5ca7f186807bf4e?s=96&d=mm&r=g\",\"url\":\"https:\\\/\\\/secure.gravatar.com\\\/avatar\\\/7ea082d3d909c4cb837bac18df8ab3523b4a3b6bc196bc83d5ca7f186807bf4e?s=96&d=mm&r=g\",\"contentUrl\":\"https:\\\/\\\/secure.gravatar.com\\\/avatar\\\/7ea082d3d909c4cb837bac18df8ab3523b4a3b6bc196bc83d5ca7f186807bf4e?s=96&d=mm&r=g\",\"caption\":\"Andre Elan Quebec\"},\"description\":\"The English-Language Arts Network (ELAN) is a not-for-profit organization that connects, supports, and creates opportunities for Quebec\u2019s English-speaking artists and arts communities. ELAN members are individuals and organizations from a wide array of artistic disciplines, cultural and geographic backgrounds, and linguistic and cultural communities. Together this network reflects an evolving Qu\u00e9bec identity and celebrates the province\u2019s cultural, artistic, and social diversity.\",\"url\":\"https:\\\/\\\/www.quebec-elan.org\\\/fr\\\/author\\\/elan-quebec\\\/\"}]}<\/script>\n<!-- \/ Yoast SEO plugin. -->","yoast_head_json":{"title":"Mot du directeur ex\u00e9cutif, janvier 2017 - ELAN","description":"A not-for-profit organization that connects, supports, and creates opportunities for English-speaking artists and cultural workers of all disciplines from every region of Quebec.","robots":{"index":"index","follow":"follow","max-snippet":"max-snippet:-1","max-image-preview":"max-image-preview:large","max-video-preview":"max-video-preview:-1"},"canonical":"https:\/\/www.quebec-elan.org\/fr\/mot-du-directeur-executif-janvier-2017\/","og_locale":"fr_FR","og_type":"article","og_title":"Mot du directeur ex\u00e9cutif, janvier 2017 - ELAN","og_description":"A not-for-profit organization that connects, supports, and creates opportunities for English-speaking artists and cultural workers of all disciplines from every region of Quebec.","og_url":"https:\/\/www.quebec-elan.org\/fr\/mot-du-directeur-executif-janvier-2017\/","og_site_name":"ELAN","article_published_time":"2017-01-09T16:18:58+00:00","og_image":[{"width":1450,"height":816,"url":"https:\/\/www.quebec-elan.org\/wp-content\/uploads\/2017\/01\/20161201_181440-scaled.jpg","type":"image\/jpeg"}],"author":"Andre Elan Quebec","twitter_card":"summary_large_image","twitter_misc":{"\u00c9crit par":"Andre Elan Quebec","Dur\u00e9e de lecture estim\u00e9e":"2 minutes"},"schema":{"@context":"https:\/\/schema.org","@graph":[{"@type":"Article","@id":"https:\/\/www.quebec-elan.org\/fr\/mot-du-directeur-executif-janvier-2017\/#article","isPartOf":{"@id":"https:\/\/www.quebec-elan.org\/fr\/mot-du-directeur-executif-janvier-2017\/"},"author":{"name":"Andre Elan Quebec","@id":"https:\/\/www.quebec-elan.org\/en\/#\/schema\/person\/4aaafbe7c737c481f7cc144f5237888f"},"headline":"Mot du directeur ex\u00e9cutif, janvier 2017","datePublished":"2017-01-09T16:18:58+00:00","mainEntityOfPage":{"@id":"https:\/\/www.quebec-elan.org\/fr\/mot-du-directeur-executif-janvier-2017\/"},"wordCount":370,"publisher":{"@id":"https:\/\/www.quebec-elan.org\/en\/#organization"},"image":{"@id":"https:\/\/www.quebec-elan.org\/fr\/mot-du-directeur-executif-janvier-2017\/#primaryimage"},"thumbnailUrl":"https:\/\/www.quebec-elan.org\/wp-content\/uploads\/2017\/01\/20161201_181440-scaled.jpg","articleSection":["Non classifi\u00e9(e)"],"inLanguage":"fr-FR"},{"@type":"WebPage","@id":"https:\/\/www.quebec-elan.org\/fr\/mot-du-directeur-executif-janvier-2017\/","url":"https:\/\/www.quebec-elan.org\/fr\/mot-du-directeur-executif-janvier-2017\/","name":"Mot du directeur ex\u00e9cutif, janvier 2017 - ELAN","isPartOf":{"@id":"https:\/\/www.quebec-elan.org\/en\/#website"},"primaryImageOfPage":{"@id":"https:\/\/www.quebec-elan.org\/fr\/mot-du-directeur-executif-janvier-2017\/#primaryimage"},"image":{"@id":"https:\/\/www.quebec-elan.org\/fr\/mot-du-directeur-executif-janvier-2017\/#primaryimage"},"thumbnailUrl":"https:\/\/www.quebec-elan.org\/wp-content\/uploads\/2017\/01\/20161201_181440-scaled.jpg","datePublished":"2017-01-09T16:18:58+00:00","description":"A not-for-profit organization that connects, supports, and creates opportunities for English-speaking artists and cultural workers of all disciplines from every region of Quebec.","breadcrumb":{"@id":"https:\/\/www.quebec-elan.org\/fr\/mot-du-directeur-executif-janvier-2017\/#breadcrumb"},"inLanguage":"fr-FR","potentialAction":[{"@type":"ReadAction","target":["https:\/\/www.quebec-elan.org\/fr\/mot-du-directeur-executif-janvier-2017\/"]}]},{"@type":"ImageObject","inLanguage":"fr-FR","@id":"https:\/\/www.quebec-elan.org\/fr\/mot-du-directeur-executif-janvier-2017\/#primaryimage","url":"https:\/\/www.quebec-elan.org\/wp-content\/uploads\/2017\/01\/20161201_181440-scaled.jpg","contentUrl":"https:\/\/www.quebec-elan.org\/wp-content\/uploads\/2017\/01\/20161201_181440-scaled.jpg","width":1450,"height":816},{"@type":"BreadcrumbList","@id":"https:\/\/www.quebec-elan.org\/fr\/mot-du-directeur-executif-janvier-2017\/#breadcrumb","itemListElement":[{"@type":"ListItem","position":1,"name":"Home","item":"https:\/\/www.quebec-elan.org\/fr\/"},{"@type":"ListItem","position":2,"name":"Mot du directeur ex\u00e9cutif, janvier 2017"}]},{"@type":"WebSite","@id":"https:\/\/www.quebec-elan.org\/en\/#website","url":"https:\/\/www.quebec-elan.org\/en\/","name":"ELAN","description":"English Language Arts Network","publisher":{"@id":"https:\/\/www.quebec-elan.org\/en\/#organization"},"potentialAction":[{"@type":"SearchAction","target":{"@type":"EntryPoint","urlTemplate":"https:\/\/www.quebec-elan.org\/en\/?s={search_term_string}"},"query-input":{"@type":"PropertyValueSpecification","valueRequired":true,"valueName":"search_term_string"}}],"inLanguage":"fr-FR"},{"@type":"Organization","@id":"https:\/\/www.quebec-elan.org\/en\/#organization","name":"ELAN - English Language Arts Network","url":"https:\/\/www.quebec-elan.org\/en\/","logo":{"@type":"ImageObject","inLanguage":"fr-FR","@id":"https:\/\/www.quebec-elan.org\/en\/#\/schema\/logo\/image\/","url":"https:\/\/www.quebec-elan.org\/wp-content\/uploads\/2022\/05\/elan-logo-360.jpg","contentUrl":"https:\/\/www.quebec-elan.org\/wp-content\/uploads\/2022\/05\/elan-logo-360.jpg","width":360,"height":70,"caption":"ELAN - English Language Arts Network"},"image":{"@id":"https:\/\/www.quebec-elan.org\/en\/#\/schema\/logo\/image\/"}},{"@type":"Person","@id":"https:\/\/www.quebec-elan.org\/en\/#\/schema\/person\/4aaafbe7c737c481f7cc144f5237888f","name":"Andre Elan Quebec","image":{"@type":"ImageObject","inLanguage":"fr-FR","@id":"https:\/\/secure.gravatar.com\/avatar\/7ea082d3d909c4cb837bac18df8ab3523b4a3b6bc196bc83d5ca7f186807bf4e?s=96&d=mm&r=g","url":"https:\/\/secure.gravatar.com\/avatar\/7ea082d3d909c4cb837bac18df8ab3523b4a3b6bc196bc83d5ca7f186807bf4e?s=96&d=mm&r=g","contentUrl":"https:\/\/secure.gravatar.com\/avatar\/7ea082d3d909c4cb837bac18df8ab3523b4a3b6bc196bc83d5ca7f186807bf4e?s=96&d=mm&r=g","caption":"Andre Elan Quebec"},"description":"The English-Language Arts Network (ELAN) is a not-for-profit organization that connects, supports, and creates opportunities for Quebec\u2019s English-speaking artists and arts communities. ELAN members are individuals and organizations from a wide array of artistic disciplines, cultural and geographic backgrounds, and linguistic and cultural communities. Together this network reflects an evolving Qu\u00e9bec identity and celebrates the province\u2019s cultural, artistic, and social diversity.","url":"https:\/\/www.quebec-elan.org\/fr\/author\/elan-quebec\/"}]}},"_links":{"self":[{"href":"https:\/\/www.quebec-elan.org\/fr\/wp-json\/wp\/v2\/posts\/10850","targetHints":{"allow":["GET"]}}],"collection":[{"href":"https:\/\/www.quebec-elan.org\/fr\/wp-json\/wp\/v2\/posts"}],"about":[{"href":"https:\/\/www.quebec-elan.org\/fr\/wp-json\/wp\/v2\/types\/post"}],"author":[{"embeddable":true,"href":"https:\/\/www.quebec-elan.org\/fr\/wp-json\/wp\/v2\/users\/234"}],"replies":[{"embeddable":true,"href":"https:\/\/www.quebec-elan.org\/fr\/wp-json\/wp\/v2\/comments?post=10850"}],"version-history":[{"count":0,"href":"https:\/\/www.quebec-elan.org\/fr\/wp-json\/wp\/v2\/posts\/10850\/revisions"}],"wp:featuredmedia":[{"embeddable":true,"href":"https:\/\/www.quebec-elan.org\/fr\/wp-json\/wp\/v2\/media\/10712"}],"wp:attachment":[{"href":"https:\/\/www.quebec-elan.org\/fr\/wp-json\/wp\/v2\/media?parent=10850"}],"wp:term":[{"taxonomy":"category","embeddable":true,"href":"https:\/\/www.quebec-elan.org\/fr\/wp-json\/wp\/v2\/categories?post=10850"},{"taxonomy":"post_tag","embeddable":true,"href":"https:\/\/www.quebec-elan.org\/fr\/wp-json\/wp\/v2\/tags?post=10850"}],"curies":[{"name":"wp","href":"https:\/\/api.w.org\/{rel}","templated":true}]}}