{"id":14678,"date":"2017-08-28T17:48:42","date_gmt":"2017-08-28T17:48:42","guid":{"rendered":"https:\/\/www.quebec-elan.org\/?p=14678"},"modified":"2017-09-01T13:20:57","modified_gmt":"2017-09-01T13:20:57","slug":"mot-du-director-septembre-2017","status":"publish","type":"post","link":"https:\/\/www.quebec-elan.org\/fr\/mot-du-director-septembre-2017\/","title":{"rendered":"Mot du directeur &#8211; septembre 2017"},"content":{"rendered":"\n<style type=\"text\/css\" data-created_by=\"avia_inline_auto\" id=\"style-css-av-av_image-9c0e51b66ab290cb0ed0ad6263bcedcc\">\n.avia-image-container.av-av_image-9c0e51b66ab290cb0ed0ad6263bcedcc img.avia_image{\nbox-shadow:none;\n}\n.avia-image-container.av-av_image-9c0e51b66ab290cb0ed0ad6263bcedcc .av-caption-image-overlay-bg{\nopacity:0.4;\nbackground-color:#000000;\n}\n.avia-image-container.av-av_image-9c0e51b66ab290cb0ed0ad6263bcedcc .av-image-caption-overlay-center{\ncolor:#ffffff;\n}\n<\/style>\n<div  class='avia-image-container av-av_image-9c0e51b66ab290cb0ed0ad6263bcedcc av-styling- avia-align-center  avia-builder-el-0  el_before_av_heading  avia-builder-el-first  noHover av-overlay-on-hover'   itemprop=\"image\" itemscope=\"itemscope\" itemtype=\"https:\/\/schema.org\/ImageObject\" ><div class=\"avia-image-container-inner\"><div class=\"avia-image-overlay-wrap\"><div class=\"av-image-caption-overlay\"><div class=\"av-caption-image-overlay-bg\"><\/div><div class=\"av-image-caption-overlay-position\"><div class=\"av-image-caption-overlay-center\"><p>Photo: Kinga Michalska.<\/p>\n<\/div><\/div><\/div><img fetchpriority=\"high\" fetchpriority=\"high\" decoding=\"async\" fetchpriority=\"high\" class='wp-image-24832 avia-img-lazy-loading-not-24832 avia_image ' src=\"https:\/\/www.quebec-elan.org\/wp-content\/uploads\/2017\/08\/Untitled-1030x510.png\" alt='' title='ELAN Executive Director Guy Rodgers, Board President Bettina Forget, and Program Manager Amy Macdonald presenting at our 13th AGM on August 29 at Le Ges\u00f9. Photo: Kinga Michalska.\u00a0'  height=\"510\" width=\"1030\"  itemprop=\"thumbnailUrl\" srcset=\"https:\/\/www.quebec-elan.org\/wp-content\/uploads\/2017\/08\/Untitled-1030x510.png 1030w, https:\/\/www.quebec-elan.org\/wp-content\/uploads\/2017\/08\/Untitled-600x297.png 600w, https:\/\/www.quebec-elan.org\/wp-content\/uploads\/2017\/08\/Untitled-300x149.png 300w, https:\/\/www.quebec-elan.org\/wp-content\/uploads\/2017\/08\/Untitled-768x380.png 768w, https:\/\/www.quebec-elan.org\/wp-content\/uploads\/2017\/08\/Untitled-705x349.png 705w, https:\/\/www.quebec-elan.org\/wp-content\/uploads\/2017\/08\/Untitled-450x223.png 450w, https:\/\/www.quebec-elan.org\/wp-content\/uploads\/2017\/08\/Untitled.png 1200w\" sizes=\"(max-width: 1030px) 100vw, 1030px\" \/><\/div><\/div><\/div>\n\n<style type=\"text\/css\" data-created_by=\"avia_inline_auto\" id=\"style-css-av-av_heading-9005cd2f984be04eed388e315b6a8256\">\n#top .av-special-heading.av-av_heading-9005cd2f984be04eed388e315b6a8256{\npadding-bottom:10px;\n}\nbody .av-special-heading.av-av_heading-9005cd2f984be04eed388e315b6a8256 .av-special-heading-tag .heading-char{\nfont-size:25px;\n}\n.av-special-heading.av-av_heading-9005cd2f984be04eed388e315b6a8256 .av-subheading{\nfont-size:15px;\n}\n<\/style>\n<div  class='av-special-heading av-av_heading-9005cd2f984be04eed388e315b6a8256 av-special-heading-h2 blockquote modern-quote  avia-builder-el-1  el_after_av_image  el_before_av_textblock '><h2 class='av-special-heading-tag '  itemprop=\"headline\"  >Mot du directeur &#8211; septembre 2017<\/h2><div class=\"special-heading-border\"><div class=\"special-heading-inner-border\"><\/div><\/div><\/div>\n<section  class='av_textblock_section av-av_textblock-2de302bf1aa3cf4c9157dbe6f50ac7eb '   itemscope=\"itemscope\" itemtype=\"https:\/\/schema.org\/BlogPosting\" itemprop=\"blogPost\" ><div class='avia_textblock'  itemprop=\"text\" ><p>La 13<sup>e<\/sup> assembl\u00e9e g\u00e9n\u00e9rale annuelle d\u2019ELAN a eu lieu le mardi 29 ao\u00fbt \u00e0 la salle du Ges\u00f9, 1200 rue de Bleury, Montr\u00e9al. Ce fut pour nous l\u2019occasion de faire conna\u00eetre \u00e0 nos membres et amis les nombreuses r\u00e9alisations d\u2019ELAN, ainsi que les projets \u00e0 venir.<\/p>\n<p>Trois motions ont \u00e9t\u00e9 adopt\u00e9es, visant \u00e0\u00a01) actualiser le mandat d\u2019ELAN ; 2) accepter les \u00e9tudiants \u00e0 temps partiel et les \u00e9tudiants de toutes disciplines au statut de membre \u00e9tudiant ; et 3) une premi\u00e8re pour ELAN, transformer notre syst\u00e8me de cotisations en syst\u00e8me de contributions volontaires. Il s\u2019agit d\u2019une \u00e9tape importante dans notre d\u00e9sir de rendre accessible l\u2019adh\u00e9sion \u00e0 ELAN aux artistes de tous horizons et de tous niveaux de revenus. <a href=\"https:\/\/www.quebec-elan.org\/2017\/07\/28\/elans-13th-agm\/\">Cliquez ici<\/a> pour acc\u00e9der aux documents de base concernant ces motions, et consultez le bulletin d\u2019ELAN et les m\u00e9dias sociaux pour suivre les \u00e9tapes de notre cheminement en vue d\u2019un syst\u00e8me de contributions volontaires.<\/p>\n<p>Les membres \u00e9lus au conseil pour un mandat de deux ans sont :<\/p>\n<\/div><\/section>\n\n<style type=\"text\/css\" data-created_by=\"avia_inline_auto\" id=\"style-css-av-av_one_half-71b1a76d2f50e382f094e87c0ebcc81f\">\n.flex_column.av-av_one_half-71b1a76d2f50e382f094e87c0ebcc81f{\nborder-radius:0px 0px 0px 0px;\npadding:0px 0px 0px 0px;\n}\n<\/style>\n<div  class='flex_column av-av_one_half-71b1a76d2f50e382f094e87c0ebcc81f av_one_half  avia-builder-el-3  el_after_av_textblock  el_before_av_one_half  first no_margin flex_column_div av-zero-column-padding  column-top-margin'     ><section  class='av_textblock_section av-av_textblock-2de302bf1aa3cf4c9157dbe6f50ac7eb '   itemscope=\"itemscope\" itemtype=\"https:\/\/schema.org\/BlogPosting\" itemprop=\"blogPost\" ><div class='avia_textblock'  itemprop=\"text\" ><ul>\n<li>Louise Campbell (Music)<\/li>\n<li>Kalina Skulska (Regions)<\/li>\n<li>Bettina Forget (Visual Arts)<\/li>\n<li>Paul Bracegirdle (Writing\/Publishing)<\/li>\n<\/ul>\n<\/div><\/section><\/div>\n\n<style type=\"text\/css\" data-created_by=\"avia_inline_auto\" id=\"style-css-av-av_one_half-c8fc129dc35fd1ae2a1e410224d39ea8\">\n.flex_column.av-av_one_half-c8fc129dc35fd1ae2a1e410224d39ea8{\nborder-radius:0px 0px 0px 0px;\npadding:0px 0px 0px 0px;\n}\n<\/style>\n<div  class='flex_column av-av_one_half-c8fc129dc35fd1ae2a1e410224d39ea8 av_one_half  avia-builder-el-5  el_after_av_one_half  el_before_av_one_half  no_margin flex_column_div av-zero-column-padding  column-top-margin'     ><section  class='av_textblock_section av-av_textblock-2de302bf1aa3cf4c9157dbe6f50ac7eb '   itemscope=\"itemscope\" itemtype=\"https:\/\/schema.org\/BlogPosting\" itemprop=\"blogPost\" ><div class='avia_textblock'  itemprop=\"text\" ><ul>\n<li>Lori Schubert (Writing\/Publishing: QWF)<\/li>\n<li>Keith Henderson (Writing\/Publishing: AELAQ)<\/li>\n<li>Farah Fancy (Corporate)<\/li>\n<\/ul>\n<\/div><\/section><\/div>\n\n<style type=\"text\/css\" data-created_by=\"avia_inline_auto\" id=\"style-css-av-av_one_half-71b1a76d2f50e382f094e87c0ebcc81f\">\n.flex_column.av-av_one_half-71b1a76d2f50e382f094e87c0ebcc81f{\nborder-radius:0px 0px 0px 0px;\npadding:0px 0px 0px 0px;\n}\n<\/style>\n<div  class='flex_column av-av_one_half-71b1a76d2f50e382f094e87c0ebcc81f av_one_half  avia-builder-el-7  el_after_av_one_half  el_before_av_one_half  first no_margin flex_column_div av-zero-column-padding  column-top-margin'     ><section  class='av_textblock_section av-av_textblock-2de302bf1aa3cf4c9157dbe6f50ac7eb '   itemscope=\"itemscope\" itemtype=\"https:\/\/schema.org\/BlogPosting\" itemprop=\"blogPost\" ><div class='avia_textblock'  itemprop=\"text\" ><p>Les membres \u00e9lus l\u2019ann\u00e9e derni\u00e8re au conseil et y si\u00e9geant toujours sont :<\/p>\n<ul>\n<li>Valerie Buddle (Dance)<\/li>\n<li>Fortner Anderson (Film\/Video)<\/li>\n<li>Karen Cho (Film\/Video)<\/li>\n<li>Rob Lutes (Music)<\/li>\n<li>Dan Webster (Presenting Organisations)<\/li>\n<\/ul>\n<\/div><\/section><\/div>\n\n<style type=\"text\/css\" data-created_by=\"avia_inline_auto\" id=\"style-css-av-av_one_half-c8fc129dc35fd1ae2a1e410224d39ea8\">\n.flex_column.av-av_one_half-c8fc129dc35fd1ae2a1e410224d39ea8{\nborder-radius:0px 0px 0px 0px;\npadding:0px 0px 0px 0px;\n}\n<\/style>\n<div  class='flex_column av-av_one_half-c8fc129dc35fd1ae2a1e410224d39ea8 av_one_half  avia-builder-el-9  el_after_av_one_half  el_before_av_textblock  no_margin flex_column_div av-zero-column-padding  column-top-margin'     ><section  class='av_textblock_section av-av_textblock-2de302bf1aa3cf4c9157dbe6f50ac7eb '   itemscope=\"itemscope\" itemtype=\"https:\/\/schema.org\/BlogPosting\" itemprop=\"blogPost\" ><div class='avia_textblock'  itemprop=\"text\" ><ul>\n<li>Kristelle Holliday (Regions)<\/li>\n<li>Warona Setshwaelo (Theatre)<\/li>\n<li>Deborah Forde (Theatre: QDF)<\/li>\n<li>Khosro Berahmandi (Visual Arts)<\/li>\n<\/ul>\n<\/div><\/section><\/div>\n<section  class='av_textblock_section av-av_textblock-2de302bf1aa3cf4c9157dbe6f50ac7eb '   itemscope=\"itemscope\" itemtype=\"https:\/\/schema.org\/BlogPosting\" itemprop=\"blogPost\" ><div class='avia_textblock'  itemprop=\"text\" ><p><a href=\"https:\/\/www.quebec-elan.org\/board\/\">Cliquez ici<\/a> pour d\u00e9couvrir les notices biographiques des membres du conseil d\u2019administration d\u2019ELAN.<\/p>\n<p>Le conseil ex\u00e9cutif d\u2019ELAN se compose de\u00a0Bettina Forget, pr\u00e9sidente ; Val\u00e9rie Buddle, vice-pr\u00e9sidente ; Kristelle Holliday, tr\u00e9sori\u00e8re ; et Karen Cho, secr\u00e9taire.<\/p>\n<p>L\u2019assembl\u00e9e g\u00e9n\u00e9rale a \u00e9t\u00e9 suivie d\u2019un cinq \u00e0 sept et d\u2019un March\u00e9 minute des plus anim\u00e9s. Une galerie de photos de l\u2019\u00e9v\u00e9nement sera bient\u00f4t disponible. Si vous n\u2019avez pas pu assister \u00e0 l\u2019AGA et que vous souhaitez prendre connaissance de l\u2019ordre du jour, des \u00e9tats financiers ou du rapport d\u2019activit\u00e9s d\u2019ELAN, vous pouvez les trouver sur notre site web en cliquant ici.<\/p>\n<p>L\u2019ann\u00e9e \u00e0 venir sera la plus occup\u00e9e de toute l\u2019histoire d\u2019ELAN, et ce gr\u00e2ce \u00e0 la mise en \u0153uvre de projets subventionn\u00e9s par le minist\u00e8re du Patrimoine canadien, par le Conseil des arts du Canada et par le Conseil des arts de Montr\u00e9al. En outre, un nouveau programme de subventions du CALQ nous permettra d\u2019embaucher de nouveaux employ\u00e9s cet automne (<a href=\"https:\/\/www.quebec-elan.org\/2017\/08\/14\/were-hiring\/\">cliquez ici<\/a> pour d\u00e9couvrir les offres d\u2019emploi). J\u2019ai h\u00e2te de travailler avec les personnes talentueuses qui composent notre conseil d\u2019administration afin de trouver de nouvelles fa\u00e7ons de servir les membres d\u2019ELAN.<\/p>\n<p>Guy Rodgers<\/p>\n<p>Directeur ex\u00e9cutif<\/p>\n<\/div><\/section>\n","protected":false},"excerpt":{"rendered":"","protected":false},"author":4348,"featured_media":0,"comment_status":"closed","ping_status":"closed","sticky":false,"template":"","format":"standard","meta":{"footnotes":""},"categories":[2],"tags":[],"class_list":["post-14678","post","type-post","status-publish","format-standard","hentry","category-non-classifiee"],"yoast_head":"<!-- This site is optimized with the Yoast SEO plugin v27.4 - https:\/\/yoast.com\/product\/yoast-seo-wordpress\/ -->\n<title>Mot du directeur - septembre 2017 - ELAN<\/title>\n<meta name=\"description\" content=\"A not-for-profit organization that connects, supports, and creates opportunities for English-speaking artists and cultural workers of all disciplines from every region of Quebec.\" \/>\n<meta name=\"robots\" content=\"index, follow, max-snippet:-1, max-image-preview:large, max-video-preview:-1\" \/>\n<link rel=\"canonical\" href=\"https:\/\/www.quebec-elan.org\/fr\/mot-du-director-septembre-2017\/\" \/>\n<meta property=\"og:locale\" content=\"fr_FR\" \/>\n<meta property=\"og:type\" content=\"article\" \/>\n<meta property=\"og:title\" content=\"Mot du directeur - septembre 2017 - ELAN\" \/>\n<meta property=\"og:description\" content=\"A not-for-profit organization that connects, supports, and creates opportunities for English-speaking artists and cultural workers of all disciplines from every region of Quebec.\" \/>\n<meta property=\"og:url\" content=\"https:\/\/www.quebec-elan.org\/fr\/mot-du-director-septembre-2017\/\" \/>\n<meta property=\"og:site_name\" content=\"ELAN\" \/>\n<meta property=\"article:published_time\" content=\"2017-08-28T17:48:42+00:00\" \/>\n<meta property=\"article:modified_time\" content=\"2017-09-01T13:20:57+00:00\" \/>\n<meta name=\"author\" content=\"E L A N Membership\" \/>\n<meta name=\"twitter:card\" content=\"summary_large_image\" \/>\n<meta name=\"twitter:label1\" content=\"\u00c9crit par\" \/>\n\t<meta name=\"twitter:data1\" content=\"E L A N Membership\" \/>\n\t<meta name=\"twitter:label2\" content=\"Dur\u00e9e de lecture estim\u00e9e\" \/>\n\t<meta name=\"twitter:data2\" content=\"5 minutes\" \/>\n<script type=\"application\/ld+json\" class=\"yoast-schema-graph\">{\"@context\":\"https:\\\/\\\/schema.org\",\"@graph\":[{\"@type\":\"Article\",\"@id\":\"https:\\\/\\\/www.quebec-elan.org\\\/fr\\\/mot-du-director-septembre-2017\\\/#article\",\"isPartOf\":{\"@id\":\"https:\\\/\\\/www.quebec-elan.org\\\/fr\\\/mot-du-director-septembre-2017\\\/\"},\"author\":{\"name\":\"E L A N Membership\",\"@id\":\"https:\\\/\\\/www.quebec-elan.org\\\/en\\\/#\\\/schema\\\/person\\\/0d6866bf889e6c6114535436ff1f805f\"},\"headline\":\"Mot du directeur &#8211; septembre 2017\",\"datePublished\":\"2017-08-28T17:48:42+00:00\",\"dateModified\":\"2017-09-01T13:20:57+00:00\",\"mainEntityOfPage\":{\"@id\":\"https:\\\/\\\/www.quebec-elan.org\\\/fr\\\/mot-du-director-septembre-2017\\\/\"},\"wordCount\":828,\"publisher\":{\"@id\":\"https:\\\/\\\/www.quebec-elan.org\\\/en\\\/#organization\"},\"articleSection\":[\"Non classifi\u00e9(e)\"],\"inLanguage\":\"fr-FR\"},{\"@type\":\"WebPage\",\"@id\":\"https:\\\/\\\/www.quebec-elan.org\\\/fr\\\/mot-du-director-septembre-2017\\\/\",\"url\":\"https:\\\/\\\/www.quebec-elan.org\\\/fr\\\/mot-du-director-septembre-2017\\\/\",\"name\":\"Mot du directeur - septembre 2017 - ELAN\",\"isPartOf\":{\"@id\":\"https:\\\/\\\/www.quebec-elan.org\\\/en\\\/#website\"},\"datePublished\":\"2017-08-28T17:48:42+00:00\",\"dateModified\":\"2017-09-01T13:20:57+00:00\",\"description\":\"A not-for-profit organization that connects, supports, and creates opportunities for English-speaking artists and cultural workers of all disciplines from every region of Quebec.\",\"breadcrumb\":{\"@id\":\"https:\\\/\\\/www.quebec-elan.org\\\/fr\\\/mot-du-director-septembre-2017\\\/#breadcrumb\"},\"inLanguage\":\"fr-FR\",\"potentialAction\":[{\"@type\":\"ReadAction\",\"target\":[\"https:\\\/\\\/www.quebec-elan.org\\\/fr\\\/mot-du-director-septembre-2017\\\/\"]}]},{\"@type\":\"BreadcrumbList\",\"@id\":\"https:\\\/\\\/www.quebec-elan.org\\\/fr\\\/mot-du-director-septembre-2017\\\/#breadcrumb\",\"itemListElement\":[{\"@type\":\"ListItem\",\"position\":1,\"name\":\"Home\",\"item\":\"https:\\\/\\\/www.quebec-elan.org\\\/fr\\\/\"},{\"@type\":\"ListItem\",\"position\":2,\"name\":\"Mot du directeur &#8211; septembre 2017\"}]},{\"@type\":\"WebSite\",\"@id\":\"https:\\\/\\\/www.quebec-elan.org\\\/en\\\/#website\",\"url\":\"https:\\\/\\\/www.quebec-elan.org\\\/en\\\/\",\"name\":\"ELAN\",\"description\":\"English Language Arts Network\",\"publisher\":{\"@id\":\"https:\\\/\\\/www.quebec-elan.org\\\/en\\\/#organization\"},\"potentialAction\":[{\"@type\":\"SearchAction\",\"target\":{\"@type\":\"EntryPoint\",\"urlTemplate\":\"https:\\\/\\\/www.quebec-elan.org\\\/en\\\/?s={search_term_string}\"},\"query-input\":{\"@type\":\"PropertyValueSpecification\",\"valueRequired\":true,\"valueName\":\"search_term_string\"}}],\"inLanguage\":\"fr-FR\"},{\"@type\":\"Organization\",\"@id\":\"https:\\\/\\\/www.quebec-elan.org\\\/en\\\/#organization\",\"name\":\"ELAN - English Language Arts Network\",\"url\":\"https:\\\/\\\/www.quebec-elan.org\\\/en\\\/\",\"logo\":{\"@type\":\"ImageObject\",\"inLanguage\":\"fr-FR\",\"@id\":\"https:\\\/\\\/www.quebec-elan.org\\\/en\\\/#\\\/schema\\\/logo\\\/image\\\/\",\"url\":\"https:\\\/\\\/www.quebec-elan.org\\\/wp-content\\\/uploads\\\/2022\\\/05\\\/elan-logo-360.jpg\",\"contentUrl\":\"https:\\\/\\\/www.quebec-elan.org\\\/wp-content\\\/uploads\\\/2022\\\/05\\\/elan-logo-360.jpg\",\"width\":360,\"height\":70,\"caption\":\"ELAN - English Language Arts Network\"},\"image\":{\"@id\":\"https:\\\/\\\/www.quebec-elan.org\\\/en\\\/#\\\/schema\\\/logo\\\/image\\\/\"}},{\"@type\":\"Person\",\"@id\":\"https:\\\/\\\/www.quebec-elan.org\\\/en\\\/#\\\/schema\\\/person\\\/0d6866bf889e6c6114535436ff1f805f\",\"name\":\"E L A N Membership\",\"image\":{\"@type\":\"ImageObject\",\"inLanguage\":\"fr-FR\",\"@id\":\"https:\\\/\\\/secure.gravatar.com\\\/avatar\\\/d2346317b2c64a4c015a056cf706c17172947ceadb555c0b943820b2ff927181?s=96&d=mm&r=g\",\"url\":\"https:\\\/\\\/secure.gravatar.com\\\/avatar\\\/d2346317b2c64a4c015a056cf706c17172947ceadb555c0b943820b2ff927181?s=96&d=mm&r=g\",\"contentUrl\":\"https:\\\/\\\/secure.gravatar.com\\\/avatar\\\/d2346317b2c64a4c015a056cf706c17172947ceadb555c0b943820b2ff927181?s=96&d=mm&r=g\",\"caption\":\"E L A N Membership\"},\"url\":\"https:\\\/\\\/www.quebec-elan.org\\\/fr\\\/author\\\/e-l-a-n-membership\\\/\"}]}<\/script>\n<!-- \/ Yoast SEO plugin. -->","yoast_head_json":{"title":"Mot du directeur - septembre 2017 - ELAN","description":"A not-for-profit organization that connects, supports, and creates opportunities for English-speaking artists and cultural workers of all disciplines from every region of Quebec.","robots":{"index":"index","follow":"follow","max-snippet":"max-snippet:-1","max-image-preview":"max-image-preview:large","max-video-preview":"max-video-preview:-1"},"canonical":"https:\/\/www.quebec-elan.org\/fr\/mot-du-director-septembre-2017\/","og_locale":"fr_FR","og_type":"article","og_title":"Mot du directeur - septembre 2017 - ELAN","og_description":"A not-for-profit organization that connects, supports, and creates opportunities for English-speaking artists and cultural workers of all disciplines from every region of Quebec.","og_url":"https:\/\/www.quebec-elan.org\/fr\/mot-du-director-septembre-2017\/","og_site_name":"ELAN","article_published_time":"2017-08-28T17:48:42+00:00","article_modified_time":"2017-09-01T13:20:57+00:00","author":"E L A N Membership","twitter_card":"summary_large_image","twitter_misc":{"\u00c9crit par":"E L A N Membership","Dur\u00e9e de lecture estim\u00e9e":"5 minutes"},"schema":{"@context":"https:\/\/schema.org","@graph":[{"@type":"Article","@id":"https:\/\/www.quebec-elan.org\/fr\/mot-du-director-septembre-2017\/#article","isPartOf":{"@id":"https:\/\/www.quebec-elan.org\/fr\/mot-du-director-septembre-2017\/"},"author":{"name":"E L A N Membership","@id":"https:\/\/www.quebec-elan.org\/en\/#\/schema\/person\/0d6866bf889e6c6114535436ff1f805f"},"headline":"Mot du directeur &#8211; septembre 2017","datePublished":"2017-08-28T17:48:42+00:00","dateModified":"2017-09-01T13:20:57+00:00","mainEntityOfPage":{"@id":"https:\/\/www.quebec-elan.org\/fr\/mot-du-director-septembre-2017\/"},"wordCount":828,"publisher":{"@id":"https:\/\/www.quebec-elan.org\/en\/#organization"},"articleSection":["Non classifi\u00e9(e)"],"inLanguage":"fr-FR"},{"@type":"WebPage","@id":"https:\/\/www.quebec-elan.org\/fr\/mot-du-director-septembre-2017\/","url":"https:\/\/www.quebec-elan.org\/fr\/mot-du-director-septembre-2017\/","name":"Mot du directeur - septembre 2017 - ELAN","isPartOf":{"@id":"https:\/\/www.quebec-elan.org\/en\/#website"},"datePublished":"2017-08-28T17:48:42+00:00","dateModified":"2017-09-01T13:20:57+00:00","description":"A not-for-profit organization that connects, supports, and creates opportunities for English-speaking artists and cultural workers of all disciplines from every region of Quebec.","breadcrumb":{"@id":"https:\/\/www.quebec-elan.org\/fr\/mot-du-director-septembre-2017\/#breadcrumb"},"inLanguage":"fr-FR","potentialAction":[{"@type":"ReadAction","target":["https:\/\/www.quebec-elan.org\/fr\/mot-du-director-septembre-2017\/"]}]},{"@type":"BreadcrumbList","@id":"https:\/\/www.quebec-elan.org\/fr\/mot-du-director-septembre-2017\/#breadcrumb","itemListElement":[{"@type":"ListItem","position":1,"name":"Home","item":"https:\/\/www.quebec-elan.org\/fr\/"},{"@type":"ListItem","position":2,"name":"Mot du directeur &#8211; septembre 2017"}]},{"@type":"WebSite","@id":"https:\/\/www.quebec-elan.org\/en\/#website","url":"https:\/\/www.quebec-elan.org\/en\/","name":"ELAN","description":"English Language Arts Network","publisher":{"@id":"https:\/\/www.quebec-elan.org\/en\/#organization"},"potentialAction":[{"@type":"SearchAction","target":{"@type":"EntryPoint","urlTemplate":"https:\/\/www.quebec-elan.org\/en\/?s={search_term_string}"},"query-input":{"@type":"PropertyValueSpecification","valueRequired":true,"valueName":"search_term_string"}}],"inLanguage":"fr-FR"},{"@type":"Organization","@id":"https:\/\/www.quebec-elan.org\/en\/#organization","name":"ELAN - English Language Arts Network","url":"https:\/\/www.quebec-elan.org\/en\/","logo":{"@type":"ImageObject","inLanguage":"fr-FR","@id":"https:\/\/www.quebec-elan.org\/en\/#\/schema\/logo\/image\/","url":"https:\/\/www.quebec-elan.org\/wp-content\/uploads\/2022\/05\/elan-logo-360.jpg","contentUrl":"https:\/\/www.quebec-elan.org\/wp-content\/uploads\/2022\/05\/elan-logo-360.jpg","width":360,"height":70,"caption":"ELAN - English Language Arts Network"},"image":{"@id":"https:\/\/www.quebec-elan.org\/en\/#\/schema\/logo\/image\/"}},{"@type":"Person","@id":"https:\/\/www.quebec-elan.org\/en\/#\/schema\/person\/0d6866bf889e6c6114535436ff1f805f","name":"E L A N Membership","image":{"@type":"ImageObject","inLanguage":"fr-FR","@id":"https:\/\/secure.gravatar.com\/avatar\/d2346317b2c64a4c015a056cf706c17172947ceadb555c0b943820b2ff927181?s=96&d=mm&r=g","url":"https:\/\/secure.gravatar.com\/avatar\/d2346317b2c64a4c015a056cf706c17172947ceadb555c0b943820b2ff927181?s=96&d=mm&r=g","contentUrl":"https:\/\/secure.gravatar.com\/avatar\/d2346317b2c64a4c015a056cf706c17172947ceadb555c0b943820b2ff927181?s=96&d=mm&r=g","caption":"E L A N Membership"},"url":"https:\/\/www.quebec-elan.org\/fr\/author\/e-l-a-n-membership\/"}]}},"_links":{"self":[{"href":"https:\/\/www.quebec-elan.org\/fr\/wp-json\/wp\/v2\/posts\/14678","targetHints":{"allow":["GET"]}}],"collection":[{"href":"https:\/\/www.quebec-elan.org\/fr\/wp-json\/wp\/v2\/posts"}],"about":[{"href":"https:\/\/www.quebec-elan.org\/fr\/wp-json\/wp\/v2\/types\/post"}],"author":[{"embeddable":true,"href":"https:\/\/www.quebec-elan.org\/fr\/wp-json\/wp\/v2\/users\/4348"}],"replies":[{"embeddable":true,"href":"https:\/\/www.quebec-elan.org\/fr\/wp-json\/wp\/v2\/comments?post=14678"}],"version-history":[{"count":7,"href":"https:\/\/www.quebec-elan.org\/fr\/wp-json\/wp\/v2\/posts\/14678\/revisions"}],"predecessor-version":[{"id":14825,"href":"https:\/\/www.quebec-elan.org\/fr\/wp-json\/wp\/v2\/posts\/14678\/revisions\/14825"}],"wp:attachment":[{"href":"https:\/\/www.quebec-elan.org\/fr\/wp-json\/wp\/v2\/media?parent=14678"}],"wp:term":[{"taxonomy":"category","embeddable":true,"href":"https:\/\/www.quebec-elan.org\/fr\/wp-json\/wp\/v2\/categories?post=14678"},{"taxonomy":"post_tag","embeddable":true,"href":"https:\/\/www.quebec-elan.org\/fr\/wp-json\/wp\/v2\/tags?post=14678"}],"curies":[{"name":"wp","href":"https:\/\/api.w.org\/{rel}","templated":true}]}}