{"id":14782,"date":"2017-08-31T15:34:05","date_gmt":"2017-08-31T15:34:05","guid":{"rendered":"https:\/\/www.quebec-elan.org\/?p=14782"},"modified":"2017-08-31T15:44:21","modified_gmt":"2017-08-31T15:44:21","slug":"en-souvenir-deleanor-stubley","status":"publish","type":"post","link":"https:\/\/www.quebec-elan.org\/fr\/en-souvenir-deleanor-stubley\/","title":{"rendered":"En Souvenir d&rsquo;Eleanor Stubley"},"content":{"rendered":"<p>ELAN tient \u00e0 exprimer ses sinc\u00e8res condol\u00e9ances aux amis et \u00e0 la famille d\u2019Eleanor Stubley, membre d\u2019ELAN, d\u00e9c\u00e9d\u00e9e en ao\u00fbt dernier. La Dre Stubley \u00e9tait doyenne adjointe des \u00e9tudes sup\u00e9rieures de l\u2019\u00c9cole de musique Schulich de McGill, et elle avait re\u00e7u la m\u00e9daille du jubil\u00e9 de diamant de la reine Elizabeth II pour sa contribution exceptionnelle aux arts. On se souviendra d\u2019elle comme d\u2019une chef d\u2019orchestre, professeure, musicienne et universitaire d\u00e9vou\u00e9e et passionn\u00e9e, dont le travail transcendait les disciplines et les domaines de recherches. Pour en savoir davantage sur son parcours et son implication au sein de la communaut\u00e9 artistique qu\u00e9b\u00e9coise, cliquez sur les liens suivants :\u00a0 <a href=\"http:\/\/www.mcgilltribune.com\/news\/mcgill-and-montreal-mourn-the-loss-of-eleanor-stubley-987492\/\">McGill Tribune article<\/a> et <a href=\"http:\/\/montrealgazette.com\/news\/local-news\/mcgill-professor-eleanor-stubley-a-profoundly-musical-person\">piece in the Montreal Gazette<\/a>.<\/p>\n","protected":false},"excerpt":{"rendered":"<p>ELAN tient \u00e0 exprimer ses sinc\u00e8res condol\u00e9ances aux amis et \u00e0 la famille d\u2019Eleanor Stubley, membre d\u2019ELAN, d\u00e9c\u00e9d\u00e9e en ao\u00fbt dernier. La Dre Stubley \u00e9tait doyenne adjointe des \u00e9tudes sup\u00e9rieures de l\u2019\u00c9cole de musique Schulich de McGill, et elle avait re\u00e7u la m\u00e9daille du jubil\u00e9 de diamant de la reine Elizabeth II pour sa contribution [&hellip;]<\/p>\n","protected":false},"author":4348,"featured_media":0,"comment_status":"closed","ping_status":"closed","sticky":false,"template":"","format":"standard","meta":{"footnotes":""},"categories":[2],"tags":[],"class_list":["post-14782","post","type-post","status-publish","format-standard","hentry","category-non-classifiee"],"yoast_head":"<!-- This site is optimized with the Yoast SEO plugin v27.5 - https:\/\/yoast.com\/product\/yoast-seo-wordpress\/ -->\n<title>En Souvenir d&#039;Eleanor Stubley - ELAN<\/title>\n<meta name=\"description\" content=\"A not-for-profit organization that connects, supports, and creates opportunities for English-speaking artists and cultural workers of all disciplines from every region of Quebec.\" \/>\n<meta name=\"robots\" content=\"index, follow, max-snippet:-1, max-image-preview:large, max-video-preview:-1\" \/>\n<link rel=\"canonical\" href=\"https:\/\/www.quebec-elan.org\/fr\/en-souvenir-deleanor-stubley\/\" \/>\n<meta property=\"og:locale\" content=\"fr_FR\" \/>\n<meta property=\"og:type\" content=\"article\" \/>\n<meta property=\"og:title\" content=\"En Souvenir d&#039;Eleanor Stubley - ELAN\" \/>\n<meta property=\"og:description\" content=\"A not-for-profit organization that connects, supports, and creates opportunities for English-speaking artists and cultural workers of all disciplines from every region of Quebec.\" \/>\n<meta property=\"og:url\" content=\"https:\/\/www.quebec-elan.org\/fr\/en-souvenir-deleanor-stubley\/\" \/>\n<meta property=\"og:site_name\" content=\"ELAN\" \/>\n<meta property=\"article:published_time\" content=\"2017-08-31T15:34:05+00:00\" \/>\n<meta property=\"article:modified_time\" content=\"2017-08-31T15:44:21+00:00\" \/>\n<meta name=\"author\" content=\"E L A N Membership\" \/>\n<meta name=\"twitter:card\" content=\"summary_large_image\" \/>\n<meta name=\"twitter:label1\" content=\"\u00c9crit par\" \/>\n\t<meta name=\"twitter:data1\" content=\"E L A N Membership\" \/>\n\t<meta name=\"twitter:label2\" content=\"Dur\u00e9e de lecture estim\u00e9e\" \/>\n\t<meta name=\"twitter:data2\" content=\"1 minute\" \/>\n<script type=\"application\/ld+json\" class=\"yoast-schema-graph\">{\"@context\":\"https:\\\/\\\/schema.org\",\"@graph\":[{\"@type\":\"Article\",\"@id\":\"https:\\\/\\\/www.quebec-elan.org\\\/fr\\\/en-souvenir-deleanor-stubley\\\/#article\",\"isPartOf\":{\"@id\":\"https:\\\/\\\/www.quebec-elan.org\\\/fr\\\/en-souvenir-deleanor-stubley\\\/\"},\"author\":{\"name\":\"E L A N Membership\",\"@id\":\"https:\\\/\\\/www.quebec-elan.org\\\/en\\\/#\\\/schema\\\/person\\\/0d6866bf889e6c6114535436ff1f805f\"},\"headline\":\"En Souvenir d&rsquo;Eleanor Stubley\",\"datePublished\":\"2017-08-31T15:34:05+00:00\",\"dateModified\":\"2017-08-31T15:44:21+00:00\",\"mainEntityOfPage\":{\"@id\":\"https:\\\/\\\/www.quebec-elan.org\\\/fr\\\/en-souvenir-deleanor-stubley\\\/\"},\"wordCount\":138,\"publisher\":{\"@id\":\"https:\\\/\\\/www.quebec-elan.org\\\/en\\\/#organization\"},\"articleSection\":[\"Non classifi\u00e9(e)\"],\"inLanguage\":\"fr-FR\"},{\"@type\":\"WebPage\",\"@id\":\"https:\\\/\\\/www.quebec-elan.org\\\/fr\\\/en-souvenir-deleanor-stubley\\\/\",\"url\":\"https:\\\/\\\/www.quebec-elan.org\\\/fr\\\/en-souvenir-deleanor-stubley\\\/\",\"name\":\"En Souvenir d'Eleanor Stubley - ELAN\",\"isPartOf\":{\"@id\":\"https:\\\/\\\/www.quebec-elan.org\\\/en\\\/#website\"},\"datePublished\":\"2017-08-31T15:34:05+00:00\",\"dateModified\":\"2017-08-31T15:44:21+00:00\",\"description\":\"A not-for-profit organization that connects, supports, and creates opportunities for English-speaking artists and cultural workers of all disciplines from every region of Quebec.\",\"breadcrumb\":{\"@id\":\"https:\\\/\\\/www.quebec-elan.org\\\/fr\\\/en-souvenir-deleanor-stubley\\\/#breadcrumb\"},\"inLanguage\":\"fr-FR\",\"potentialAction\":[{\"@type\":\"ReadAction\",\"target\":[\"https:\\\/\\\/www.quebec-elan.org\\\/fr\\\/en-souvenir-deleanor-stubley\\\/\"]}]},{\"@type\":\"BreadcrumbList\",\"@id\":\"https:\\\/\\\/www.quebec-elan.org\\\/fr\\\/en-souvenir-deleanor-stubley\\\/#breadcrumb\",\"itemListElement\":[{\"@type\":\"ListItem\",\"position\":1,\"name\":\"Home\",\"item\":\"https:\\\/\\\/www.quebec-elan.org\\\/fr\\\/\"},{\"@type\":\"ListItem\",\"position\":2,\"name\":\"En Souvenir d&rsquo;Eleanor Stubley\"}]},{\"@type\":\"WebSite\",\"@id\":\"https:\\\/\\\/www.quebec-elan.org\\\/en\\\/#website\",\"url\":\"https:\\\/\\\/www.quebec-elan.org\\\/en\\\/\",\"name\":\"ELAN\",\"description\":\"English Language Arts Network\",\"publisher\":{\"@id\":\"https:\\\/\\\/www.quebec-elan.org\\\/en\\\/#organization\"},\"potentialAction\":[{\"@type\":\"SearchAction\",\"target\":{\"@type\":\"EntryPoint\",\"urlTemplate\":\"https:\\\/\\\/www.quebec-elan.org\\\/en\\\/?s={search_term_string}\"},\"query-input\":{\"@type\":\"PropertyValueSpecification\",\"valueRequired\":true,\"valueName\":\"search_term_string\"}}],\"inLanguage\":\"fr-FR\"},{\"@type\":\"Organization\",\"@id\":\"https:\\\/\\\/www.quebec-elan.org\\\/en\\\/#organization\",\"name\":\"ELAN - English Language Arts Network\",\"url\":\"https:\\\/\\\/www.quebec-elan.org\\\/en\\\/\",\"logo\":{\"@type\":\"ImageObject\",\"inLanguage\":\"fr-FR\",\"@id\":\"https:\\\/\\\/www.quebec-elan.org\\\/en\\\/#\\\/schema\\\/logo\\\/image\\\/\",\"url\":\"https:\\\/\\\/www.quebec-elan.org\\\/wp-content\\\/uploads\\\/2022\\\/05\\\/elan-logo-360.jpg\",\"contentUrl\":\"https:\\\/\\\/www.quebec-elan.org\\\/wp-content\\\/uploads\\\/2022\\\/05\\\/elan-logo-360.jpg\",\"width\":360,\"height\":70,\"caption\":\"ELAN - English Language Arts Network\"},\"image\":{\"@id\":\"https:\\\/\\\/www.quebec-elan.org\\\/en\\\/#\\\/schema\\\/logo\\\/image\\\/\"}},{\"@type\":\"Person\",\"@id\":\"https:\\\/\\\/www.quebec-elan.org\\\/en\\\/#\\\/schema\\\/person\\\/0d6866bf889e6c6114535436ff1f805f\",\"name\":\"E L A N Membership\",\"image\":{\"@type\":\"ImageObject\",\"inLanguage\":\"fr-FR\",\"@id\":\"https:\\\/\\\/secure.gravatar.com\\\/avatar\\\/d2346317b2c64a4c015a056cf706c17172947ceadb555c0b943820b2ff927181?s=96&d=mm&r=g\",\"url\":\"https:\\\/\\\/secure.gravatar.com\\\/avatar\\\/d2346317b2c64a4c015a056cf706c17172947ceadb555c0b943820b2ff927181?s=96&d=mm&r=g\",\"contentUrl\":\"https:\\\/\\\/secure.gravatar.com\\\/avatar\\\/d2346317b2c64a4c015a056cf706c17172947ceadb555c0b943820b2ff927181?s=96&d=mm&r=g\",\"caption\":\"E L A N Membership\"},\"url\":\"https:\\\/\\\/www.quebec-elan.org\\\/fr\\\/author\\\/e-l-a-n-membership\\\/\"}]}<\/script>\n<!-- \/ Yoast SEO plugin. -->","yoast_head_json":{"title":"En Souvenir d'Eleanor Stubley - ELAN","description":"A not-for-profit organization that connects, supports, and creates opportunities for English-speaking artists and cultural workers of all disciplines from every region of Quebec.","robots":{"index":"index","follow":"follow","max-snippet":"max-snippet:-1","max-image-preview":"max-image-preview:large","max-video-preview":"max-video-preview:-1"},"canonical":"https:\/\/www.quebec-elan.org\/fr\/en-souvenir-deleanor-stubley\/","og_locale":"fr_FR","og_type":"article","og_title":"En Souvenir d'Eleanor Stubley - ELAN","og_description":"A not-for-profit organization that connects, supports, and creates opportunities for English-speaking artists and cultural workers of all disciplines from every region of Quebec.","og_url":"https:\/\/www.quebec-elan.org\/fr\/en-souvenir-deleanor-stubley\/","og_site_name":"ELAN","article_published_time":"2017-08-31T15:34:05+00:00","article_modified_time":"2017-08-31T15:44:21+00:00","author":"E L A N Membership","twitter_card":"summary_large_image","twitter_misc":{"\u00c9crit par":"E L A N Membership","Dur\u00e9e de lecture estim\u00e9e":"1 minute"},"schema":{"@context":"https:\/\/schema.org","@graph":[{"@type":"Article","@id":"https:\/\/www.quebec-elan.org\/fr\/en-souvenir-deleanor-stubley\/#article","isPartOf":{"@id":"https:\/\/www.quebec-elan.org\/fr\/en-souvenir-deleanor-stubley\/"},"author":{"name":"E L A N Membership","@id":"https:\/\/www.quebec-elan.org\/en\/#\/schema\/person\/0d6866bf889e6c6114535436ff1f805f"},"headline":"En Souvenir d&rsquo;Eleanor Stubley","datePublished":"2017-08-31T15:34:05+00:00","dateModified":"2017-08-31T15:44:21+00:00","mainEntityOfPage":{"@id":"https:\/\/www.quebec-elan.org\/fr\/en-souvenir-deleanor-stubley\/"},"wordCount":138,"publisher":{"@id":"https:\/\/www.quebec-elan.org\/en\/#organization"},"articleSection":["Non classifi\u00e9(e)"],"inLanguage":"fr-FR"},{"@type":"WebPage","@id":"https:\/\/www.quebec-elan.org\/fr\/en-souvenir-deleanor-stubley\/","url":"https:\/\/www.quebec-elan.org\/fr\/en-souvenir-deleanor-stubley\/","name":"En Souvenir d'Eleanor Stubley - ELAN","isPartOf":{"@id":"https:\/\/www.quebec-elan.org\/en\/#website"},"datePublished":"2017-08-31T15:34:05+00:00","dateModified":"2017-08-31T15:44:21+00:00","description":"A not-for-profit organization that connects, supports, and creates opportunities for English-speaking artists and cultural workers of all disciplines from every region of Quebec.","breadcrumb":{"@id":"https:\/\/www.quebec-elan.org\/fr\/en-souvenir-deleanor-stubley\/#breadcrumb"},"inLanguage":"fr-FR","potentialAction":[{"@type":"ReadAction","target":["https:\/\/www.quebec-elan.org\/fr\/en-souvenir-deleanor-stubley\/"]}]},{"@type":"BreadcrumbList","@id":"https:\/\/www.quebec-elan.org\/fr\/en-souvenir-deleanor-stubley\/#breadcrumb","itemListElement":[{"@type":"ListItem","position":1,"name":"Home","item":"https:\/\/www.quebec-elan.org\/fr\/"},{"@type":"ListItem","position":2,"name":"En Souvenir d&rsquo;Eleanor Stubley"}]},{"@type":"WebSite","@id":"https:\/\/www.quebec-elan.org\/en\/#website","url":"https:\/\/www.quebec-elan.org\/en\/","name":"ELAN","description":"English Language Arts Network","publisher":{"@id":"https:\/\/www.quebec-elan.org\/en\/#organization"},"potentialAction":[{"@type":"SearchAction","target":{"@type":"EntryPoint","urlTemplate":"https:\/\/www.quebec-elan.org\/en\/?s={search_term_string}"},"query-input":{"@type":"PropertyValueSpecification","valueRequired":true,"valueName":"search_term_string"}}],"inLanguage":"fr-FR"},{"@type":"Organization","@id":"https:\/\/www.quebec-elan.org\/en\/#organization","name":"ELAN - English Language Arts Network","url":"https:\/\/www.quebec-elan.org\/en\/","logo":{"@type":"ImageObject","inLanguage":"fr-FR","@id":"https:\/\/www.quebec-elan.org\/en\/#\/schema\/logo\/image\/","url":"https:\/\/www.quebec-elan.org\/wp-content\/uploads\/2022\/05\/elan-logo-360.jpg","contentUrl":"https:\/\/www.quebec-elan.org\/wp-content\/uploads\/2022\/05\/elan-logo-360.jpg","width":360,"height":70,"caption":"ELAN - English Language Arts Network"},"image":{"@id":"https:\/\/www.quebec-elan.org\/en\/#\/schema\/logo\/image\/"}},{"@type":"Person","@id":"https:\/\/www.quebec-elan.org\/en\/#\/schema\/person\/0d6866bf889e6c6114535436ff1f805f","name":"E L A N Membership","image":{"@type":"ImageObject","inLanguage":"fr-FR","@id":"https:\/\/secure.gravatar.com\/avatar\/d2346317b2c64a4c015a056cf706c17172947ceadb555c0b943820b2ff927181?s=96&d=mm&r=g","url":"https:\/\/secure.gravatar.com\/avatar\/d2346317b2c64a4c015a056cf706c17172947ceadb555c0b943820b2ff927181?s=96&d=mm&r=g","contentUrl":"https:\/\/secure.gravatar.com\/avatar\/d2346317b2c64a4c015a056cf706c17172947ceadb555c0b943820b2ff927181?s=96&d=mm&r=g","caption":"E L A N Membership"},"url":"https:\/\/www.quebec-elan.org\/fr\/author\/e-l-a-n-membership\/"}]}},"_links":{"self":[{"href":"https:\/\/www.quebec-elan.org\/fr\/wp-json\/wp\/v2\/posts\/14782","targetHints":{"allow":["GET"]}}],"collection":[{"href":"https:\/\/www.quebec-elan.org\/fr\/wp-json\/wp\/v2\/posts"}],"about":[{"href":"https:\/\/www.quebec-elan.org\/fr\/wp-json\/wp\/v2\/types\/post"}],"author":[{"embeddable":true,"href":"https:\/\/www.quebec-elan.org\/fr\/wp-json\/wp\/v2\/users\/4348"}],"replies":[{"embeddable":true,"href":"https:\/\/www.quebec-elan.org\/fr\/wp-json\/wp\/v2\/comments?post=14782"}],"version-history":[{"count":2,"href":"https:\/\/www.quebec-elan.org\/fr\/wp-json\/wp\/v2\/posts\/14782\/revisions"}],"predecessor-version":[{"id":14787,"href":"https:\/\/www.quebec-elan.org\/fr\/wp-json\/wp\/v2\/posts\/14782\/revisions\/14787"}],"wp:attachment":[{"href":"https:\/\/www.quebec-elan.org\/fr\/wp-json\/wp\/v2\/media?parent=14782"}],"wp:term":[{"taxonomy":"category","embeddable":true,"href":"https:\/\/www.quebec-elan.org\/fr\/wp-json\/wp\/v2\/categories?post=14782"},{"taxonomy":"post_tag","embeddable":true,"href":"https:\/\/www.quebec-elan.org\/fr\/wp-json\/wp\/v2\/tags?post=14782"}],"curies":[{"name":"wp","href":"https:\/\/api.w.org\/{rel}","templated":true}]}}