{"id":15393,"date":"2017-09-29T17:24:17","date_gmt":"2017-09-29T17:24:17","guid":{"rendered":"https:\/\/www.quebec-elan.org\/?p=15393"},"modified":"2019-05-07T11:03:48","modified_gmt":"2019-05-07T11:03:48","slug":"mot-du-directeur-executif-2","status":"publish","type":"post","link":"https:\/\/www.quebec-elan.org\/fr\/mot-du-directeur-executif-2\/","title":{"rendered":"Mot du directeur ex\u00e9cutif"},"content":{"rendered":"<p>L\u2019\u00e9dition 2017 du festival <strong>Arts Alive! Qu\u00e9bec<\/strong> a d\u00e9but\u00e9 le 1<sup>er <\/sup>juillet dans la pluie pour se terminer le 24 septembre dans une chaleur accablante. Nous n\u2019avons pas de contr\u00f4le sur les conditions m\u00e9t\u00e9orologiques, mais nos trois ann\u00e9es d\u2019existence en compagnie d\u2019un public toujours croissant et avec le soutien des m\u00e9dias, de nos fid\u00e8les collaborateurs et de la communaut\u00e9 nous ont confirm\u00e9 la valeur des choses que nous pouvons contr\u00f4ler.<\/p>\n<p>L\u2019organisme Canada 150 a \u00e9t\u00e9 notre principal bailleur de fonds cette ann\u00e9e, et ce soutien nous a permis d\u2019inviter un plus grand nombre d\u2019artistes (parmi lesquels de nombreux membres d\u2019ELAN), d\u2019accueillir plus de spectacles et d\u2019offrir plus d\u2019ateliers. Ce fut un r\u00e9el plaisir de travailler avec les b\u00e9n\u00e9voles enthousiastes qui se sont offerts \u00e0 Knowlton, Qu\u00e9bec, Hudson, Huntingdon, Wakefield et dans l\u2019ouest de Montr\u00e9al. Nous n\u2019avons pour l\u2019instant aucune source de financement pour la prochaine \u00e9dition d\u2019Arts Alive! Qu\u00e9bec, mais nous avons bien des id\u00e9es. Pour avoir un aper\u00e7u des activit\u00e9s qui ont eu lieu durant l\u2019\u00e9t\u00e9 2017, cliquez <a href=\"https:\/\/www.facebook.com\/media\/set\/?set=a.143384782911127.1073741832.121291205120485&amp;type=1&amp;l=e19a74ac7c\">ici<\/a>.<\/p>\n<p><strong>Gr\u00e2ce \u00e0 de nouvelles subventions, principalement du Conseil des arts et des lettres du Qu\u00e9bec (CALQ), ELAN peut doubler son personnel, qui passera de deux \u00e0 quatre personnes.<\/strong> Nous avons re\u00e7u 132 excellentes candidatures pour les postes de Coordonnateur\/trice des services aux membres et de Coordonnateur \/trice aux communications et \u00e0 la sensibilisation, et nous effectuerons des entretiens tout au long du mois d\u2019octobre. J\u2019esp\u00e8re pouvoir annoncer en novembre le nom des nouveaux membres de notre \u00e9quipe. Nous sommes enthousiastes l\u2019id\u00e9e de tout ce qu\u2019ELAN pourra accomplir gr\u00e2ce \u00e0 cette nouvelle source d\u2019id\u00e9es et d\u2019\u00e9nergie. Restez aux aguets pour en savoir davantage.<\/p>\n<p>&nbsp;<\/p>\n<p>Guy Rodgers<\/p>\n<p>Directeur ex\u00e9cutif<\/p>\n","protected":false},"excerpt":{"rendered":"<p>L\u2019\u00e9dition 2017 du festival Arts Alive! Qu\u00e9bec a d\u00e9but\u00e9 le 1er juillet dans la pluie pour se terminer le 24 septembre dans une chaleur accablante. Nous n\u2019avons pas de contr\u00f4le sur les conditions m\u00e9t\u00e9orologiques, mais nos trois ann\u00e9es d\u2019existence en compagnie d\u2019un public toujours croissant et avec le soutien des m\u00e9dias, de nos fid\u00e8les collaborateurs [&hellip;]<\/p>\n","protected":false},"author":4348,"featured_media":15322,"comment_status":"closed","ping_status":"closed","sticky":false,"template":"","format":"standard","meta":{"footnotes":""},"categories":[2],"tags":[],"class_list":["post-15393","post","type-post","status-publish","format-standard","has-post-thumbnail","hentry","category-non-classifiee"],"yoast_head":"<!-- This site is optimized with the Yoast SEO plugin v27.4 - https:\/\/yoast.com\/product\/yoast-seo-wordpress\/ -->\n<title>Mot du directeur ex\u00e9cutif - ELAN<\/title>\n<meta name=\"description\" content=\"A not-for-profit organization that connects, supports, and creates opportunities for English-speaking artists and cultural workers of all disciplines from every region of Quebec.\" \/>\n<meta name=\"robots\" content=\"index, follow, max-snippet:-1, max-image-preview:large, max-video-preview:-1\" \/>\n<link rel=\"canonical\" href=\"https:\/\/www.quebec-elan.org\/fr\/mot-du-directeur-executif-2\/\" \/>\n<meta property=\"og:locale\" content=\"fr_FR\" \/>\n<meta property=\"og:type\" content=\"article\" \/>\n<meta property=\"og:title\" content=\"Mot du directeur ex\u00e9cutif - ELAN\" \/>\n<meta property=\"og:description\" content=\"A not-for-profit organization that connects, supports, and creates opportunities for English-speaking artists and cultural workers of all disciplines from every region of Quebec.\" \/>\n<meta property=\"og:url\" content=\"https:\/\/www.quebec-elan.org\/fr\/mot-du-directeur-executif-2\/\" \/>\n<meta property=\"og:site_name\" content=\"ELAN\" \/>\n<meta property=\"article:published_time\" content=\"2017-09-29T17:24:17+00:00\" \/>\n<meta property=\"article:modified_time\" content=\"2019-05-07T11:03:48+00:00\" \/>\n<meta property=\"og:image\" content=\"https:\/\/www.quebec-elan.org\/wp-content\/uploads\/2017\/09\/102-scaled.jpg\" \/>\n\t<meta property=\"og:image:width\" content=\"1450\" \/>\n\t<meta property=\"og:image:height\" content=\"1066\" \/>\n\t<meta property=\"og:image:type\" content=\"image\/jpeg\" \/>\n<meta name=\"author\" content=\"E L A N Membership\" \/>\n<meta name=\"twitter:card\" content=\"summary_large_image\" \/>\n<meta name=\"twitter:label1\" content=\"\u00c9crit par\" \/>\n\t<meta name=\"twitter:data1\" content=\"E L A N Membership\" \/>\n\t<meta name=\"twitter:label2\" content=\"Dur\u00e9e de lecture estim\u00e9e\" \/>\n\t<meta name=\"twitter:data2\" content=\"2 minutes\" \/>\n<script type=\"application\/ld+json\" class=\"yoast-schema-graph\">{\"@context\":\"https:\\\/\\\/schema.org\",\"@graph\":[{\"@type\":\"Article\",\"@id\":\"https:\\\/\\\/www.quebec-elan.org\\\/fr\\\/mot-du-directeur-executif-2\\\/#article\",\"isPartOf\":{\"@id\":\"https:\\\/\\\/www.quebec-elan.org\\\/fr\\\/mot-du-directeur-executif-2\\\/\"},\"author\":{\"name\":\"E L A N Membership\",\"@id\":\"https:\\\/\\\/www.quebec-elan.org\\\/en\\\/#\\\/schema\\\/person\\\/0d6866bf889e6c6114535436ff1f805f\"},\"headline\":\"Mot du directeur ex\u00e9cutif\",\"datePublished\":\"2017-09-29T17:24:17+00:00\",\"dateModified\":\"2019-05-07T11:03:48+00:00\",\"mainEntityOfPage\":{\"@id\":\"https:\\\/\\\/www.quebec-elan.org\\\/fr\\\/mot-du-directeur-executif-2\\\/\"},\"wordCount\":322,\"publisher\":{\"@id\":\"https:\\\/\\\/www.quebec-elan.org\\\/en\\\/#organization\"},\"image\":{\"@id\":\"https:\\\/\\\/www.quebec-elan.org\\\/fr\\\/mot-du-directeur-executif-2\\\/#primaryimage\"},\"thumbnailUrl\":\"https:\\\/\\\/www.quebec-elan.org\\\/wp-content\\\/uploads\\\/2017\\\/09\\\/102-scaled.jpg\",\"articleSection\":[\"Non classifi\u00e9(e)\"],\"inLanguage\":\"fr-FR\"},{\"@type\":\"WebPage\",\"@id\":\"https:\\\/\\\/www.quebec-elan.org\\\/fr\\\/mot-du-directeur-executif-2\\\/\",\"url\":\"https:\\\/\\\/www.quebec-elan.org\\\/fr\\\/mot-du-directeur-executif-2\\\/\",\"name\":\"Mot du directeur ex\u00e9cutif - ELAN\",\"isPartOf\":{\"@id\":\"https:\\\/\\\/www.quebec-elan.org\\\/en\\\/#website\"},\"primaryImageOfPage\":{\"@id\":\"https:\\\/\\\/www.quebec-elan.org\\\/fr\\\/mot-du-directeur-executif-2\\\/#primaryimage\"},\"image\":{\"@id\":\"https:\\\/\\\/www.quebec-elan.org\\\/fr\\\/mot-du-directeur-executif-2\\\/#primaryimage\"},\"thumbnailUrl\":\"https:\\\/\\\/www.quebec-elan.org\\\/wp-content\\\/uploads\\\/2017\\\/09\\\/102-scaled.jpg\",\"datePublished\":\"2017-09-29T17:24:17+00:00\",\"dateModified\":\"2019-05-07T11:03:48+00:00\",\"description\":\"A not-for-profit organization that connects, supports, and creates opportunities for English-speaking artists and cultural workers of all disciplines from every region of Quebec.\",\"breadcrumb\":{\"@id\":\"https:\\\/\\\/www.quebec-elan.org\\\/fr\\\/mot-du-directeur-executif-2\\\/#breadcrumb\"},\"inLanguage\":\"fr-FR\",\"potentialAction\":[{\"@type\":\"ReadAction\",\"target\":[\"https:\\\/\\\/www.quebec-elan.org\\\/fr\\\/mot-du-directeur-executif-2\\\/\"]}]},{\"@type\":\"ImageObject\",\"inLanguage\":\"fr-FR\",\"@id\":\"https:\\\/\\\/www.quebec-elan.org\\\/fr\\\/mot-du-directeur-executif-2\\\/#primaryimage\",\"url\":\"https:\\\/\\\/www.quebec-elan.org\\\/wp-content\\\/uploads\\\/2017\\\/09\\\/102-scaled.jpg\",\"contentUrl\":\"https:\\\/\\\/www.quebec-elan.org\\\/wp-content\\\/uploads\\\/2017\\\/09\\\/102-scaled.jpg\",\"width\":1450,\"height\":1066,\"caption\":\"Photo: Audrey Riley.\"},{\"@type\":\"BreadcrumbList\",\"@id\":\"https:\\\/\\\/www.quebec-elan.org\\\/fr\\\/mot-du-directeur-executif-2\\\/#breadcrumb\",\"itemListElement\":[{\"@type\":\"ListItem\",\"position\":1,\"name\":\"Home\",\"item\":\"https:\\\/\\\/www.quebec-elan.org\\\/fr\\\/\"},{\"@type\":\"ListItem\",\"position\":2,\"name\":\"Mot du directeur ex\u00e9cutif\"}]},{\"@type\":\"WebSite\",\"@id\":\"https:\\\/\\\/www.quebec-elan.org\\\/en\\\/#website\",\"url\":\"https:\\\/\\\/www.quebec-elan.org\\\/en\\\/\",\"name\":\"ELAN\",\"description\":\"English Language Arts Network\",\"publisher\":{\"@id\":\"https:\\\/\\\/www.quebec-elan.org\\\/en\\\/#organization\"},\"potentialAction\":[{\"@type\":\"SearchAction\",\"target\":{\"@type\":\"EntryPoint\",\"urlTemplate\":\"https:\\\/\\\/www.quebec-elan.org\\\/en\\\/?s={search_term_string}\"},\"query-input\":{\"@type\":\"PropertyValueSpecification\",\"valueRequired\":true,\"valueName\":\"search_term_string\"}}],\"inLanguage\":\"fr-FR\"},{\"@type\":\"Organization\",\"@id\":\"https:\\\/\\\/www.quebec-elan.org\\\/en\\\/#organization\",\"name\":\"ELAN - English Language Arts Network\",\"url\":\"https:\\\/\\\/www.quebec-elan.org\\\/en\\\/\",\"logo\":{\"@type\":\"ImageObject\",\"inLanguage\":\"fr-FR\",\"@id\":\"https:\\\/\\\/www.quebec-elan.org\\\/en\\\/#\\\/schema\\\/logo\\\/image\\\/\",\"url\":\"https:\\\/\\\/www.quebec-elan.org\\\/wp-content\\\/uploads\\\/2022\\\/05\\\/elan-logo-360.jpg\",\"contentUrl\":\"https:\\\/\\\/www.quebec-elan.org\\\/wp-content\\\/uploads\\\/2022\\\/05\\\/elan-logo-360.jpg\",\"width\":360,\"height\":70,\"caption\":\"ELAN - English Language Arts Network\"},\"image\":{\"@id\":\"https:\\\/\\\/www.quebec-elan.org\\\/en\\\/#\\\/schema\\\/logo\\\/image\\\/\"}},{\"@type\":\"Person\",\"@id\":\"https:\\\/\\\/www.quebec-elan.org\\\/en\\\/#\\\/schema\\\/person\\\/0d6866bf889e6c6114535436ff1f805f\",\"name\":\"E L A N Membership\",\"image\":{\"@type\":\"ImageObject\",\"inLanguage\":\"fr-FR\",\"@id\":\"https:\\\/\\\/secure.gravatar.com\\\/avatar\\\/d2346317b2c64a4c015a056cf706c17172947ceadb555c0b943820b2ff927181?s=96&d=mm&r=g\",\"url\":\"https:\\\/\\\/secure.gravatar.com\\\/avatar\\\/d2346317b2c64a4c015a056cf706c17172947ceadb555c0b943820b2ff927181?s=96&d=mm&r=g\",\"contentUrl\":\"https:\\\/\\\/secure.gravatar.com\\\/avatar\\\/d2346317b2c64a4c015a056cf706c17172947ceadb555c0b943820b2ff927181?s=96&d=mm&r=g\",\"caption\":\"E L A N Membership\"},\"url\":\"https:\\\/\\\/www.quebec-elan.org\\\/fr\\\/author\\\/e-l-a-n-membership\\\/\"}]}<\/script>\n<!-- \/ Yoast SEO plugin. -->","yoast_head_json":{"title":"Mot du directeur ex\u00e9cutif - ELAN","description":"A not-for-profit organization that connects, supports, and creates opportunities for English-speaking artists and cultural workers of all disciplines from every region of Quebec.","robots":{"index":"index","follow":"follow","max-snippet":"max-snippet:-1","max-image-preview":"max-image-preview:large","max-video-preview":"max-video-preview:-1"},"canonical":"https:\/\/www.quebec-elan.org\/fr\/mot-du-directeur-executif-2\/","og_locale":"fr_FR","og_type":"article","og_title":"Mot du directeur ex\u00e9cutif - ELAN","og_description":"A not-for-profit organization that connects, supports, and creates opportunities for English-speaking artists and cultural workers of all disciplines from every region of Quebec.","og_url":"https:\/\/www.quebec-elan.org\/fr\/mot-du-directeur-executif-2\/","og_site_name":"ELAN","article_published_time":"2017-09-29T17:24:17+00:00","article_modified_time":"2019-05-07T11:03:48+00:00","og_image":[{"width":1450,"height":1066,"url":"https:\/\/www.quebec-elan.org\/wp-content\/uploads\/2017\/09\/102-scaled.jpg","type":"image\/jpeg"}],"author":"E L A N Membership","twitter_card":"summary_large_image","twitter_misc":{"\u00c9crit par":"E L A N Membership","Dur\u00e9e de lecture estim\u00e9e":"2 minutes"},"schema":{"@context":"https:\/\/schema.org","@graph":[{"@type":"Article","@id":"https:\/\/www.quebec-elan.org\/fr\/mot-du-directeur-executif-2\/#article","isPartOf":{"@id":"https:\/\/www.quebec-elan.org\/fr\/mot-du-directeur-executif-2\/"},"author":{"name":"E L A N Membership","@id":"https:\/\/www.quebec-elan.org\/en\/#\/schema\/person\/0d6866bf889e6c6114535436ff1f805f"},"headline":"Mot du directeur ex\u00e9cutif","datePublished":"2017-09-29T17:24:17+00:00","dateModified":"2019-05-07T11:03:48+00:00","mainEntityOfPage":{"@id":"https:\/\/www.quebec-elan.org\/fr\/mot-du-directeur-executif-2\/"},"wordCount":322,"publisher":{"@id":"https:\/\/www.quebec-elan.org\/en\/#organization"},"image":{"@id":"https:\/\/www.quebec-elan.org\/fr\/mot-du-directeur-executif-2\/#primaryimage"},"thumbnailUrl":"https:\/\/www.quebec-elan.org\/wp-content\/uploads\/2017\/09\/102-scaled.jpg","articleSection":["Non classifi\u00e9(e)"],"inLanguage":"fr-FR"},{"@type":"WebPage","@id":"https:\/\/www.quebec-elan.org\/fr\/mot-du-directeur-executif-2\/","url":"https:\/\/www.quebec-elan.org\/fr\/mot-du-directeur-executif-2\/","name":"Mot du directeur ex\u00e9cutif - ELAN","isPartOf":{"@id":"https:\/\/www.quebec-elan.org\/en\/#website"},"primaryImageOfPage":{"@id":"https:\/\/www.quebec-elan.org\/fr\/mot-du-directeur-executif-2\/#primaryimage"},"image":{"@id":"https:\/\/www.quebec-elan.org\/fr\/mot-du-directeur-executif-2\/#primaryimage"},"thumbnailUrl":"https:\/\/www.quebec-elan.org\/wp-content\/uploads\/2017\/09\/102-scaled.jpg","datePublished":"2017-09-29T17:24:17+00:00","dateModified":"2019-05-07T11:03:48+00:00","description":"A not-for-profit organization that connects, supports, and creates opportunities for English-speaking artists and cultural workers of all disciplines from every region of Quebec.","breadcrumb":{"@id":"https:\/\/www.quebec-elan.org\/fr\/mot-du-directeur-executif-2\/#breadcrumb"},"inLanguage":"fr-FR","potentialAction":[{"@type":"ReadAction","target":["https:\/\/www.quebec-elan.org\/fr\/mot-du-directeur-executif-2\/"]}]},{"@type":"ImageObject","inLanguage":"fr-FR","@id":"https:\/\/www.quebec-elan.org\/fr\/mot-du-directeur-executif-2\/#primaryimage","url":"https:\/\/www.quebec-elan.org\/wp-content\/uploads\/2017\/09\/102-scaled.jpg","contentUrl":"https:\/\/www.quebec-elan.org\/wp-content\/uploads\/2017\/09\/102-scaled.jpg","width":1450,"height":1066,"caption":"Photo: Audrey Riley."},{"@type":"BreadcrumbList","@id":"https:\/\/www.quebec-elan.org\/fr\/mot-du-directeur-executif-2\/#breadcrumb","itemListElement":[{"@type":"ListItem","position":1,"name":"Home","item":"https:\/\/www.quebec-elan.org\/fr\/"},{"@type":"ListItem","position":2,"name":"Mot du directeur ex\u00e9cutif"}]},{"@type":"WebSite","@id":"https:\/\/www.quebec-elan.org\/en\/#website","url":"https:\/\/www.quebec-elan.org\/en\/","name":"ELAN","description":"English Language Arts Network","publisher":{"@id":"https:\/\/www.quebec-elan.org\/en\/#organization"},"potentialAction":[{"@type":"SearchAction","target":{"@type":"EntryPoint","urlTemplate":"https:\/\/www.quebec-elan.org\/en\/?s={search_term_string}"},"query-input":{"@type":"PropertyValueSpecification","valueRequired":true,"valueName":"search_term_string"}}],"inLanguage":"fr-FR"},{"@type":"Organization","@id":"https:\/\/www.quebec-elan.org\/en\/#organization","name":"ELAN - English Language Arts Network","url":"https:\/\/www.quebec-elan.org\/en\/","logo":{"@type":"ImageObject","inLanguage":"fr-FR","@id":"https:\/\/www.quebec-elan.org\/en\/#\/schema\/logo\/image\/","url":"https:\/\/www.quebec-elan.org\/wp-content\/uploads\/2022\/05\/elan-logo-360.jpg","contentUrl":"https:\/\/www.quebec-elan.org\/wp-content\/uploads\/2022\/05\/elan-logo-360.jpg","width":360,"height":70,"caption":"ELAN - English Language Arts Network"},"image":{"@id":"https:\/\/www.quebec-elan.org\/en\/#\/schema\/logo\/image\/"}},{"@type":"Person","@id":"https:\/\/www.quebec-elan.org\/en\/#\/schema\/person\/0d6866bf889e6c6114535436ff1f805f","name":"E L A N Membership","image":{"@type":"ImageObject","inLanguage":"fr-FR","@id":"https:\/\/secure.gravatar.com\/avatar\/d2346317b2c64a4c015a056cf706c17172947ceadb555c0b943820b2ff927181?s=96&d=mm&r=g","url":"https:\/\/secure.gravatar.com\/avatar\/d2346317b2c64a4c015a056cf706c17172947ceadb555c0b943820b2ff927181?s=96&d=mm&r=g","contentUrl":"https:\/\/secure.gravatar.com\/avatar\/d2346317b2c64a4c015a056cf706c17172947ceadb555c0b943820b2ff927181?s=96&d=mm&r=g","caption":"E L A N Membership"},"url":"https:\/\/www.quebec-elan.org\/fr\/author\/e-l-a-n-membership\/"}]}},"_links":{"self":[{"href":"https:\/\/www.quebec-elan.org\/fr\/wp-json\/wp\/v2\/posts\/15393","targetHints":{"allow":["GET"]}}],"collection":[{"href":"https:\/\/www.quebec-elan.org\/fr\/wp-json\/wp\/v2\/posts"}],"about":[{"href":"https:\/\/www.quebec-elan.org\/fr\/wp-json\/wp\/v2\/types\/post"}],"author":[{"embeddable":true,"href":"https:\/\/www.quebec-elan.org\/fr\/wp-json\/wp\/v2\/users\/4348"}],"replies":[{"embeddable":true,"href":"https:\/\/www.quebec-elan.org\/fr\/wp-json\/wp\/v2\/comments?post=15393"}],"version-history":[{"count":2,"href":"https:\/\/www.quebec-elan.org\/fr\/wp-json\/wp\/v2\/posts\/15393\/revisions"}],"predecessor-version":[{"id":15697,"href":"https:\/\/www.quebec-elan.org\/fr\/wp-json\/wp\/v2\/posts\/15393\/revisions\/15697"}],"wp:featuredmedia":[{"embeddable":true,"href":"https:\/\/www.quebec-elan.org\/fr\/wp-json\/wp\/v2\/media\/15322"}],"wp:attachment":[{"href":"https:\/\/www.quebec-elan.org\/fr\/wp-json\/wp\/v2\/media?parent=15393"}],"wp:term":[{"taxonomy":"category","embeddable":true,"href":"https:\/\/www.quebec-elan.org\/fr\/wp-json\/wp\/v2\/categories?post=15393"},{"taxonomy":"post_tag","embeddable":true,"href":"https:\/\/www.quebec-elan.org\/fr\/wp-json\/wp\/v2\/tags?post=15393"}],"curies":[{"name":"wp","href":"https:\/\/api.w.org\/{rel}","templated":true}]}}