{"id":15584,"date":"2017-10-17T16:23:40","date_gmt":"2017-10-17T16:23:40","guid":{"rendered":"https:\/\/www.quebec-elan.org\/?p=15584"},"modified":"2019-05-07T11:09:35","modified_gmt":"2019-05-07T11:09:35","slug":"consultation-sur-la-discrimination-systemique-et-le-racisme-dans-le-milieu-culturel-et-mediatique","status":"publish","type":"post","link":"https:\/\/www.quebec-elan.org\/fr\/consultation-sur-la-discrimination-systemique-et-le-racisme-dans-le-milieu-culturel-et-mediatique\/","title":{"rendered":"Consultation sur la discrimination syst\u00e9mique et le racisme dans le milieu culturel et m\u00e9diatique"},"content":{"rendered":"<p>Diversit\u00e9 artistique Montr\u00e9al (DAM) a \u00e9t\u00e9 retenu par la Commission des droits de la personne et des droits de la jeunesse (CDPDJ) pour tenir une consultation locale sur la discrimination syst\u00e9mique et le racisme li\u00e9e au milieu culturel et m\u00e9diatique. DAM m\u00e8nera cette consultation du 3 au 8 novembre 2017 en collaboration avec Culture Montr\u00e9al, English Language Arts Network (ELAN) et Espace Nodal.<\/p>\n<p>La consultation se d\u00e9roulera dans les deux langues officielles en deux activit\u00e9s distinctes du 3 au 8 novembre pour permettre \u00e0 l\u2019ensemble des acteurs qui gravitent autour et au sein du milieu culturel et m\u00e9diatique de se prononcer. Elle inclura une audition publique (8 novembre) et plusieurs groupes de discussion \u00e0 huis clos (3-7 novembre) afin de garantir un espace s\u00e9curitaire de t\u00e9moignage. Parall\u00e8lement \u00e0 ce processus, il y aura \u00e9galement la possibilit\u00e9 de t\u00e9moigner anonymement en ligne sur le site de la CDPDJ.<\/p>\n<p>La date limite pour s&rsquo;inscrire aux activit\u00e9s est le <strong>29 octobre<\/strong>.<\/p>\n<p><a href=\"http:\/\/www.diversiteartistique.org\/fr\/activites\/consultation\/\">Appel \u00e0 participation &#8211; cliquez ici<\/a><br \/>\n<a href=\"http:\/\/bit.ly\/2glYOcI\">Inscription aux groupes de discussion &#8211; cliquez ici<\/a><br \/>\n<a href=\"http:\/\/bit.ly\/2glYOcI\">Inscription \u00e0 l&rsquo;audition publique &#8211; cliquez ici<\/a><\/p>\n<p>&nbsp;<\/p>\n<p>Si vous souhaitez contribuer votre t\u00e9moignage en ligne, vous pourrez le faire d\u00e8s le 17 octobre sur la <a href=\"http:\/\/www.cdpdj.qc.ca\/fr\/consultation-2017\/Pages\/default.aspx\" target=\"_blank\" rel=\"noopener noreferrer\">plateforme\u00a0en ligne du CDPDJ<\/a>.<\/p>\n<p>Si vous habitez hors de Montr\u00e9al, veuillez consulter le site web de la CDPDJ pour conna\u00eetre une consultation locale dans votre r\u00e9gion: <a href=\"http:\/\/www.cdpdj.qc.ca\/fr\/consultation-2017\/Pages\/organismes.aspx\">http:\/\/www.cdpdj.qc.ca\/fr\/consultation-2017\/Pages\/organismes.aspx<\/a><\/p>\n<p><a href=\"http:\/\/mailchi.mp\/diversiteartistique\/communique-appel-participation-consultation-sur-le-racisme-systemique-culture-media\">Lisez le communiqu\u00e9 de presse de DAM en cliquant ici.<\/a><\/p>\n","protected":false},"excerpt":{"rendered":"<p>Diversit\u00e9 artistique Montr\u00e9al (DAM) a \u00e9t\u00e9 retenu par la Commission des droits de la personne et des droits de la jeunesse (CDPDJ) pour tenir une consultation locale sur la discrimination syst\u00e9mique et le racisme li\u00e9e au milieu culturel et m\u00e9diatique. DAM m\u00e8nera cette consultation du 3 au 8 novembre 2017 en collaboration avec Culture Montr\u00e9al, [&hellip;]<\/p>\n","protected":false},"author":234,"featured_media":0,"comment_status":"closed","ping_status":"closed","sticky":false,"template":"","format":"standard","meta":{"footnotes":""},"categories":[2,149],"tags":[],"class_list":["post-15584","post","type-post","status-publish","format-standard","hentry","category-non-classifiee","category-nouvelles"],"yoast_head":"<!-- This site is optimized with the Yoast SEO plugin v27.4 - https:\/\/yoast.com\/product\/yoast-seo-wordpress\/ -->\n<title>Consultation sur la discrimination syst\u00e9mique et le racisme dans le milieu culturel et m\u00e9diatique - ELAN<\/title>\n<meta name=\"description\" content=\"A not-for-profit organization that connects, supports, and creates opportunities for English-speaking artists and cultural workers of all disciplines from every region of Quebec.\" \/>\n<meta name=\"robots\" content=\"index, follow, max-snippet:-1, max-image-preview:large, max-video-preview:-1\" \/>\n<link rel=\"canonical\" href=\"https:\/\/www.quebec-elan.org\/fr\/consultation-sur-la-discrimination-systemique-et-le-racisme-dans-le-milieu-culturel-et-mediatique\/\" \/>\n<meta property=\"og:locale\" content=\"fr_FR\" \/>\n<meta property=\"og:type\" content=\"article\" \/>\n<meta property=\"og:title\" content=\"Consultation sur la discrimination syst\u00e9mique et le racisme dans le milieu culturel et m\u00e9diatique - ELAN\" \/>\n<meta property=\"og:description\" content=\"A not-for-profit organization that connects, supports, and creates opportunities for English-speaking artists and cultural workers of all disciplines from every region of Quebec.\" \/>\n<meta property=\"og:url\" content=\"https:\/\/www.quebec-elan.org\/fr\/consultation-sur-la-discrimination-systemique-et-le-racisme-dans-le-milieu-culturel-et-mediatique\/\" \/>\n<meta property=\"og:site_name\" content=\"ELAN\" \/>\n<meta property=\"article:published_time\" content=\"2017-10-17T16:23:40+00:00\" \/>\n<meta property=\"article:modified_time\" content=\"2019-05-07T11:09:35+00:00\" \/>\n<meta name=\"author\" content=\"Andre Elan Quebec\" \/>\n<meta name=\"twitter:card\" content=\"summary_large_image\" \/>\n<meta name=\"twitter:label1\" content=\"\u00c9crit par\" \/>\n\t<meta name=\"twitter:data1\" content=\"Andre Elan Quebec\" \/>\n\t<meta name=\"twitter:label2\" content=\"Dur\u00e9e de lecture estim\u00e9e\" \/>\n\t<meta name=\"twitter:data2\" content=\"1 minute\" \/>\n<script type=\"application\/ld+json\" class=\"yoast-schema-graph\">{\"@context\":\"https:\\\/\\\/schema.org\",\"@graph\":[{\"@type\":\"Article\",\"@id\":\"https:\\\/\\\/www.quebec-elan.org\\\/fr\\\/consultation-sur-la-discrimination-systemique-et-le-racisme-dans-le-milieu-culturel-et-mediatique\\\/#article\",\"isPartOf\":{\"@id\":\"https:\\\/\\\/www.quebec-elan.org\\\/fr\\\/consultation-sur-la-discrimination-systemique-et-le-racisme-dans-le-milieu-culturel-et-mediatique\\\/\"},\"author\":{\"name\":\"Andre Elan Quebec\",\"@id\":\"https:\\\/\\\/www.quebec-elan.org\\\/en\\\/#\\\/schema\\\/person\\\/4aaafbe7c737c481f7cc144f5237888f\"},\"headline\":\"Consultation sur la discrimination syst\u00e9mique et le racisme dans le milieu culturel et m\u00e9diatique\",\"datePublished\":\"2017-10-17T16:23:40+00:00\",\"dateModified\":\"2019-05-07T11:09:35+00:00\",\"mainEntityOfPage\":{\"@id\":\"https:\\\/\\\/www.quebec-elan.org\\\/fr\\\/consultation-sur-la-discrimination-systemique-et-le-racisme-dans-le-milieu-culturel-et-mediatique\\\/\"},\"wordCount\":270,\"publisher\":{\"@id\":\"https:\\\/\\\/www.quebec-elan.org\\\/en\\\/#organization\"},\"articleSection\":[\"Non classifi\u00e9(e)\",\"Nouvelles\"],\"inLanguage\":\"fr-FR\"},{\"@type\":\"WebPage\",\"@id\":\"https:\\\/\\\/www.quebec-elan.org\\\/fr\\\/consultation-sur-la-discrimination-systemique-et-le-racisme-dans-le-milieu-culturel-et-mediatique\\\/\",\"url\":\"https:\\\/\\\/www.quebec-elan.org\\\/fr\\\/consultation-sur-la-discrimination-systemique-et-le-racisme-dans-le-milieu-culturel-et-mediatique\\\/\",\"name\":\"Consultation sur la discrimination syst\u00e9mique et le racisme dans le milieu culturel et m\u00e9diatique - ELAN\",\"isPartOf\":{\"@id\":\"https:\\\/\\\/www.quebec-elan.org\\\/en\\\/#website\"},\"datePublished\":\"2017-10-17T16:23:40+00:00\",\"dateModified\":\"2019-05-07T11:09:35+00:00\",\"description\":\"A not-for-profit organization that connects, supports, and creates opportunities for English-speaking artists and cultural workers of all disciplines from every region of Quebec.\",\"breadcrumb\":{\"@id\":\"https:\\\/\\\/www.quebec-elan.org\\\/fr\\\/consultation-sur-la-discrimination-systemique-et-le-racisme-dans-le-milieu-culturel-et-mediatique\\\/#breadcrumb\"},\"inLanguage\":\"fr-FR\",\"potentialAction\":[{\"@type\":\"ReadAction\",\"target\":[\"https:\\\/\\\/www.quebec-elan.org\\\/fr\\\/consultation-sur-la-discrimination-systemique-et-le-racisme-dans-le-milieu-culturel-et-mediatique\\\/\"]}]},{\"@type\":\"BreadcrumbList\",\"@id\":\"https:\\\/\\\/www.quebec-elan.org\\\/fr\\\/consultation-sur-la-discrimination-systemique-et-le-racisme-dans-le-milieu-culturel-et-mediatique\\\/#breadcrumb\",\"itemListElement\":[{\"@type\":\"ListItem\",\"position\":1,\"name\":\"Home\",\"item\":\"https:\\\/\\\/www.quebec-elan.org\\\/fr\\\/\"},{\"@type\":\"ListItem\",\"position\":2,\"name\":\"Consultation sur la discrimination syst\u00e9mique et le racisme dans le milieu culturel et m\u00e9diatique\"}]},{\"@type\":\"WebSite\",\"@id\":\"https:\\\/\\\/www.quebec-elan.org\\\/en\\\/#website\",\"url\":\"https:\\\/\\\/www.quebec-elan.org\\\/en\\\/\",\"name\":\"ELAN\",\"description\":\"English Language Arts Network\",\"publisher\":{\"@id\":\"https:\\\/\\\/www.quebec-elan.org\\\/en\\\/#organization\"},\"potentialAction\":[{\"@type\":\"SearchAction\",\"target\":{\"@type\":\"EntryPoint\",\"urlTemplate\":\"https:\\\/\\\/www.quebec-elan.org\\\/en\\\/?s={search_term_string}\"},\"query-input\":{\"@type\":\"PropertyValueSpecification\",\"valueRequired\":true,\"valueName\":\"search_term_string\"}}],\"inLanguage\":\"fr-FR\"},{\"@type\":\"Organization\",\"@id\":\"https:\\\/\\\/www.quebec-elan.org\\\/en\\\/#organization\",\"name\":\"ELAN - English Language Arts Network\",\"url\":\"https:\\\/\\\/www.quebec-elan.org\\\/en\\\/\",\"logo\":{\"@type\":\"ImageObject\",\"inLanguage\":\"fr-FR\",\"@id\":\"https:\\\/\\\/www.quebec-elan.org\\\/en\\\/#\\\/schema\\\/logo\\\/image\\\/\",\"url\":\"https:\\\/\\\/www.quebec-elan.org\\\/wp-content\\\/uploads\\\/2022\\\/05\\\/elan-logo-360.jpg\",\"contentUrl\":\"https:\\\/\\\/www.quebec-elan.org\\\/wp-content\\\/uploads\\\/2022\\\/05\\\/elan-logo-360.jpg\",\"width\":360,\"height\":70,\"caption\":\"ELAN - English Language Arts Network\"},\"image\":{\"@id\":\"https:\\\/\\\/www.quebec-elan.org\\\/en\\\/#\\\/schema\\\/logo\\\/image\\\/\"}},{\"@type\":\"Person\",\"@id\":\"https:\\\/\\\/www.quebec-elan.org\\\/en\\\/#\\\/schema\\\/person\\\/4aaafbe7c737c481f7cc144f5237888f\",\"name\":\"Andre Elan Quebec\",\"image\":{\"@type\":\"ImageObject\",\"inLanguage\":\"fr-FR\",\"@id\":\"https:\\\/\\\/secure.gravatar.com\\\/avatar\\\/7ea082d3d909c4cb837bac18df8ab3523b4a3b6bc196bc83d5ca7f186807bf4e?s=96&d=mm&r=g\",\"url\":\"https:\\\/\\\/secure.gravatar.com\\\/avatar\\\/7ea082d3d909c4cb837bac18df8ab3523b4a3b6bc196bc83d5ca7f186807bf4e?s=96&d=mm&r=g\",\"contentUrl\":\"https:\\\/\\\/secure.gravatar.com\\\/avatar\\\/7ea082d3d909c4cb837bac18df8ab3523b4a3b6bc196bc83d5ca7f186807bf4e?s=96&d=mm&r=g\",\"caption\":\"Andre Elan Quebec\"},\"description\":\"The English-Language Arts Network (ELAN) is a not-for-profit organization that connects, supports, and creates opportunities for Quebec\u2019s English-speaking artists and arts communities. ELAN members are individuals and organizations from a wide array of artistic disciplines, cultural and geographic backgrounds, and linguistic and cultural communities. Together this network reflects an evolving Qu\u00e9bec identity and celebrates the province\u2019s cultural, artistic, and social diversity.\",\"url\":\"https:\\\/\\\/www.quebec-elan.org\\\/fr\\\/author\\\/elan-quebec\\\/\"}]}<\/script>\n<!-- \/ Yoast SEO plugin. -->","yoast_head_json":{"title":"Consultation sur la discrimination syst\u00e9mique et le racisme dans le milieu culturel et m\u00e9diatique - ELAN","description":"A not-for-profit organization that connects, supports, and creates opportunities for English-speaking artists and cultural workers of all disciplines from every region of Quebec.","robots":{"index":"index","follow":"follow","max-snippet":"max-snippet:-1","max-image-preview":"max-image-preview:large","max-video-preview":"max-video-preview:-1"},"canonical":"https:\/\/www.quebec-elan.org\/fr\/consultation-sur-la-discrimination-systemique-et-le-racisme-dans-le-milieu-culturel-et-mediatique\/","og_locale":"fr_FR","og_type":"article","og_title":"Consultation sur la discrimination syst\u00e9mique et le racisme dans le milieu culturel et m\u00e9diatique - ELAN","og_description":"A not-for-profit organization that connects, supports, and creates opportunities for English-speaking artists and cultural workers of all disciplines from every region of Quebec.","og_url":"https:\/\/www.quebec-elan.org\/fr\/consultation-sur-la-discrimination-systemique-et-le-racisme-dans-le-milieu-culturel-et-mediatique\/","og_site_name":"ELAN","article_published_time":"2017-10-17T16:23:40+00:00","article_modified_time":"2019-05-07T11:09:35+00:00","author":"Andre Elan Quebec","twitter_card":"summary_large_image","twitter_misc":{"\u00c9crit par":"Andre Elan Quebec","Dur\u00e9e de lecture estim\u00e9e":"1 minute"},"schema":{"@context":"https:\/\/schema.org","@graph":[{"@type":"Article","@id":"https:\/\/www.quebec-elan.org\/fr\/consultation-sur-la-discrimination-systemique-et-le-racisme-dans-le-milieu-culturel-et-mediatique\/#article","isPartOf":{"@id":"https:\/\/www.quebec-elan.org\/fr\/consultation-sur-la-discrimination-systemique-et-le-racisme-dans-le-milieu-culturel-et-mediatique\/"},"author":{"name":"Andre Elan Quebec","@id":"https:\/\/www.quebec-elan.org\/en\/#\/schema\/person\/4aaafbe7c737c481f7cc144f5237888f"},"headline":"Consultation sur la discrimination syst\u00e9mique et le racisme dans le milieu culturel et m\u00e9diatique","datePublished":"2017-10-17T16:23:40+00:00","dateModified":"2019-05-07T11:09:35+00:00","mainEntityOfPage":{"@id":"https:\/\/www.quebec-elan.org\/fr\/consultation-sur-la-discrimination-systemique-et-le-racisme-dans-le-milieu-culturel-et-mediatique\/"},"wordCount":270,"publisher":{"@id":"https:\/\/www.quebec-elan.org\/en\/#organization"},"articleSection":["Non classifi\u00e9(e)","Nouvelles"],"inLanguage":"fr-FR"},{"@type":"WebPage","@id":"https:\/\/www.quebec-elan.org\/fr\/consultation-sur-la-discrimination-systemique-et-le-racisme-dans-le-milieu-culturel-et-mediatique\/","url":"https:\/\/www.quebec-elan.org\/fr\/consultation-sur-la-discrimination-systemique-et-le-racisme-dans-le-milieu-culturel-et-mediatique\/","name":"Consultation sur la discrimination syst\u00e9mique et le racisme dans le milieu culturel et m\u00e9diatique - ELAN","isPartOf":{"@id":"https:\/\/www.quebec-elan.org\/en\/#website"},"datePublished":"2017-10-17T16:23:40+00:00","dateModified":"2019-05-07T11:09:35+00:00","description":"A not-for-profit organization that connects, supports, and creates opportunities for English-speaking artists and cultural workers of all disciplines from every region of Quebec.","breadcrumb":{"@id":"https:\/\/www.quebec-elan.org\/fr\/consultation-sur-la-discrimination-systemique-et-le-racisme-dans-le-milieu-culturel-et-mediatique\/#breadcrumb"},"inLanguage":"fr-FR","potentialAction":[{"@type":"ReadAction","target":["https:\/\/www.quebec-elan.org\/fr\/consultation-sur-la-discrimination-systemique-et-le-racisme-dans-le-milieu-culturel-et-mediatique\/"]}]},{"@type":"BreadcrumbList","@id":"https:\/\/www.quebec-elan.org\/fr\/consultation-sur-la-discrimination-systemique-et-le-racisme-dans-le-milieu-culturel-et-mediatique\/#breadcrumb","itemListElement":[{"@type":"ListItem","position":1,"name":"Home","item":"https:\/\/www.quebec-elan.org\/fr\/"},{"@type":"ListItem","position":2,"name":"Consultation sur la discrimination syst\u00e9mique et le racisme dans le milieu culturel et m\u00e9diatique"}]},{"@type":"WebSite","@id":"https:\/\/www.quebec-elan.org\/en\/#website","url":"https:\/\/www.quebec-elan.org\/en\/","name":"ELAN","description":"English Language Arts Network","publisher":{"@id":"https:\/\/www.quebec-elan.org\/en\/#organization"},"potentialAction":[{"@type":"SearchAction","target":{"@type":"EntryPoint","urlTemplate":"https:\/\/www.quebec-elan.org\/en\/?s={search_term_string}"},"query-input":{"@type":"PropertyValueSpecification","valueRequired":true,"valueName":"search_term_string"}}],"inLanguage":"fr-FR"},{"@type":"Organization","@id":"https:\/\/www.quebec-elan.org\/en\/#organization","name":"ELAN - English Language Arts Network","url":"https:\/\/www.quebec-elan.org\/en\/","logo":{"@type":"ImageObject","inLanguage":"fr-FR","@id":"https:\/\/www.quebec-elan.org\/en\/#\/schema\/logo\/image\/","url":"https:\/\/www.quebec-elan.org\/wp-content\/uploads\/2022\/05\/elan-logo-360.jpg","contentUrl":"https:\/\/www.quebec-elan.org\/wp-content\/uploads\/2022\/05\/elan-logo-360.jpg","width":360,"height":70,"caption":"ELAN - English Language Arts Network"},"image":{"@id":"https:\/\/www.quebec-elan.org\/en\/#\/schema\/logo\/image\/"}},{"@type":"Person","@id":"https:\/\/www.quebec-elan.org\/en\/#\/schema\/person\/4aaafbe7c737c481f7cc144f5237888f","name":"Andre Elan Quebec","image":{"@type":"ImageObject","inLanguage":"fr-FR","@id":"https:\/\/secure.gravatar.com\/avatar\/7ea082d3d909c4cb837bac18df8ab3523b4a3b6bc196bc83d5ca7f186807bf4e?s=96&d=mm&r=g","url":"https:\/\/secure.gravatar.com\/avatar\/7ea082d3d909c4cb837bac18df8ab3523b4a3b6bc196bc83d5ca7f186807bf4e?s=96&d=mm&r=g","contentUrl":"https:\/\/secure.gravatar.com\/avatar\/7ea082d3d909c4cb837bac18df8ab3523b4a3b6bc196bc83d5ca7f186807bf4e?s=96&d=mm&r=g","caption":"Andre Elan Quebec"},"description":"The English-Language Arts Network (ELAN) is a not-for-profit organization that connects, supports, and creates opportunities for Quebec\u2019s English-speaking artists and arts communities. ELAN members are individuals and organizations from a wide array of artistic disciplines, cultural and geographic backgrounds, and linguistic and cultural communities. Together this network reflects an evolving Qu\u00e9bec identity and celebrates the province\u2019s cultural, artistic, and social diversity.","url":"https:\/\/www.quebec-elan.org\/fr\/author\/elan-quebec\/"}]}},"_links":{"self":[{"href":"https:\/\/www.quebec-elan.org\/fr\/wp-json\/wp\/v2\/posts\/15584","targetHints":{"allow":["GET"]}}],"collection":[{"href":"https:\/\/www.quebec-elan.org\/fr\/wp-json\/wp\/v2\/posts"}],"about":[{"href":"https:\/\/www.quebec-elan.org\/fr\/wp-json\/wp\/v2\/types\/post"}],"author":[{"embeddable":true,"href":"https:\/\/www.quebec-elan.org\/fr\/wp-json\/wp\/v2\/users\/234"}],"replies":[{"embeddable":true,"href":"https:\/\/www.quebec-elan.org\/fr\/wp-json\/wp\/v2\/comments?post=15584"}],"version-history":[{"count":5,"href":"https:\/\/www.quebec-elan.org\/fr\/wp-json\/wp\/v2\/posts\/15584\/revisions"}],"predecessor-version":[{"id":27255,"href":"https:\/\/www.quebec-elan.org\/fr\/wp-json\/wp\/v2\/posts\/15584\/revisions\/27255"}],"wp:attachment":[{"href":"https:\/\/www.quebec-elan.org\/fr\/wp-json\/wp\/v2\/media?parent=15584"}],"wp:term":[{"taxonomy":"category","embeddable":true,"href":"https:\/\/www.quebec-elan.org\/fr\/wp-json\/wp\/v2\/categories?post=15584"},{"taxonomy":"post_tag","embeddable":true,"href":"https:\/\/www.quebec-elan.org\/fr\/wp-json\/wp\/v2\/tags?post=15584"}],"curies":[{"name":"wp","href":"https:\/\/api.w.org\/{rel}","templated":true}]}}