{"id":21493,"date":"2018-08-01T14:08:27","date_gmt":"2018-08-01T14:08:27","guid":{"rendered":"https:\/\/www.quebec-elan.org\/?p=21493"},"modified":"2018-08-01T14:10:10","modified_gmt":"2018-08-01T14:10:10","slug":"arts-alive-quebec-knowlton-et-la-ville-de-quebec","status":"publish","type":"post","link":"https:\/\/www.quebec-elan.org\/fr\/arts-alive-quebec-knowlton-et-la-ville-de-quebec\/","title":{"rendered":"Arts Alive! Qu\u00e9bec &#8211; Knowlton et la ville de Qu\u00e9bec"},"content":{"rendered":"<p>Ce week-end, Arts Alive! Qu\u00e9bec arrive \u00e0 Knowlton et \u00e0 la ville de Qu\u00e9bec !<\/p>\n<p>La ville de Knowlton c\u00e9l\u00e9brera les arts pendant trois jours, du vendredi <strong>3 ao\u00fbt<\/strong> au dimanche <strong>5 ao\u00fbt<\/strong>. La programmation comprend de nombreux ateliers int\u00e9ressants, des concerts, du th\u00e9\u00e2tre, et plus encore !<\/p>\n<p><a href=\"https:\/\/www.quebec-elan.org\/event\/arts-alive-quebec-knowlton\/\">Cliquez ici pour d\u00e9couvrir toute la programmation<\/a>.<\/p>\n<p>La ville de Qu\u00e9bec accueillera Arts Alive! Qu\u00e9bec les <strong>3 et 4 ao\u00fbt<\/strong>. Assurez-vous de consulter la liste des concerts de jazz !<\/p>\n<p><a href=\"https:\/\/www.quebec-elan.org\/event\/arts-alive-quebec-quebec-city\/\">Cliquez ici pour d\u00e9couvrir toute la programmation.<\/a><\/p>\n<hr \/>\n<p><span style=\"color: #000000;\"><strong>\u00c0 venir&#8230;<\/strong><\/span><\/p>\n<p>En collaboration avec the <a href=\"http:\/\/www.qwf.org\/\">Quebec Writers&rsquo; Federation<\/a>, <a href=\"https:\/\/aelaq.org\/\">Association of English Language Publishers of Quebec<\/a>, et la <a href=\"http:\/\/www.bibliobaiedurfe.com\">Biblioth\u00e8que de Baie d&rsquo;Urf\u00e9<\/a>, Arts Alive! Qu\u00e9bec sera \u00e0 Baie d&rsquo;Urf\u00e9 \u00e0 le Centre communautaire Fritz le <strong>15 ao\u00fbt<\/strong>. Cliquez ici pour la programmation.<\/p>\n<p style=\"text-align: center;\">Consultez notre <a href=\"https:\/\/www.quebec-elan.org\/events\/\">calendrier d\u2019\u00e9v\u00e9nements<\/a> et notre <a href=\"https:\/\/www.quebec-elan.org\/arts-alive-quebec\/\">site Web<\/a><br \/>\npour les prochaines manifestations d\u2019Arts Alive! Quebec.<\/p>\n","protected":false},"excerpt":{"rendered":"<p>Ce week-end, Arts Alive! Qu\u00e9bec arrive \u00e0 Knowlton et \u00e0 la ville de Qu\u00e9bec ! La ville de Knowlton c\u00e9l\u00e9brera les arts pendant trois jours, du vendredi 3 ao\u00fbt au dimanche 5 ao\u00fbt. La programmation comprend de nombreux ateliers int\u00e9ressants, des concerts, du th\u00e9\u00e2tre, et plus encore ! Cliquez ici pour d\u00e9couvrir toute la programmation. [&hellip;]<\/p>\n","protected":false},"author":234,"featured_media":21494,"comment_status":"closed","ping_status":"closed","sticky":false,"template":"","format":"standard","meta":{"footnotes":""},"categories":[149],"tags":[],"class_list":["post-21493","post","type-post","status-publish","format-standard","has-post-thumbnail","hentry","category-nouvelles"],"yoast_head":"<!-- This site is optimized with the Yoast SEO plugin v27.5 - https:\/\/yoast.com\/product\/yoast-seo-wordpress\/ -->\n<title>Arts Alive! Qu\u00e9bec - Knowlton et la ville de Qu\u00e9bec - ELAN<\/title>\n<meta name=\"description\" content=\"A not-for-profit organization that connects, supports, and creates opportunities for English-speaking artists and cultural workers of all disciplines from every region of Quebec.\" \/>\n<meta name=\"robots\" content=\"index, follow, max-snippet:-1, max-image-preview:large, max-video-preview:-1\" \/>\n<link rel=\"canonical\" href=\"https:\/\/www.quebec-elan.org\/fr\/arts-alive-quebec-knowlton-et-la-ville-de-quebec\/\" \/>\n<meta property=\"og:locale\" content=\"fr_FR\" \/>\n<meta property=\"og:type\" content=\"article\" \/>\n<meta property=\"og:title\" content=\"Arts Alive! Qu\u00e9bec - Knowlton et la ville de Qu\u00e9bec - ELAN\" \/>\n<meta property=\"og:description\" content=\"A not-for-profit organization that connects, supports, and creates opportunities for English-speaking artists and cultural workers of all disciplines from every region of Quebec.\" \/>\n<meta property=\"og:url\" content=\"https:\/\/www.quebec-elan.org\/fr\/arts-alive-quebec-knowlton-et-la-ville-de-quebec\/\" \/>\n<meta property=\"og:site_name\" content=\"ELAN\" \/>\n<meta property=\"article:published_time\" content=\"2018-08-01T14:08:27+00:00\" \/>\n<meta property=\"article:modified_time\" content=\"2018-08-01T14:10:10+00:00\" \/>\n<meta property=\"og:image\" content=\"https:\/\/www.quebec-elan.org\/wp-content\/uploads\/2018\/08\/aaq.png\" \/>\n\t<meta property=\"og:image:width\" content=\"600\" \/>\n\t<meta property=\"og:image:height\" content=\"300\" \/>\n\t<meta property=\"og:image:type\" content=\"image\/png\" \/>\n<meta name=\"author\" content=\"Andre Elan Quebec\" \/>\n<meta name=\"twitter:card\" content=\"summary_large_image\" \/>\n<meta name=\"twitter:label1\" content=\"\u00c9crit par\" \/>\n\t<meta name=\"twitter:data1\" content=\"Andre Elan Quebec\" \/>\n\t<meta name=\"twitter:label2\" content=\"Dur\u00e9e de lecture estim\u00e9e\" \/>\n\t<meta name=\"twitter:data2\" content=\"1 minute\" \/>\n<script type=\"application\/ld+json\" class=\"yoast-schema-graph\">{\"@context\":\"https:\\\/\\\/schema.org\",\"@graph\":[{\"@type\":\"Article\",\"@id\":\"https:\\\/\\\/www.quebec-elan.org\\\/fr\\\/arts-alive-quebec-knowlton-et-la-ville-de-quebec\\\/#article\",\"isPartOf\":{\"@id\":\"https:\\\/\\\/www.quebec-elan.org\\\/fr\\\/arts-alive-quebec-knowlton-et-la-ville-de-quebec\\\/\"},\"author\":{\"name\":\"Andre Elan Quebec\",\"@id\":\"https:\\\/\\\/www.quebec-elan.org\\\/en\\\/#\\\/schema\\\/person\\\/4aaafbe7c737c481f7cc144f5237888f\"},\"headline\":\"Arts Alive! Qu\u00e9bec &#8211; Knowlton et la ville de Qu\u00e9bec\",\"datePublished\":\"2018-08-01T14:08:27+00:00\",\"dateModified\":\"2018-08-01T14:10:10+00:00\",\"mainEntityOfPage\":{\"@id\":\"https:\\\/\\\/www.quebec-elan.org\\\/fr\\\/arts-alive-quebec-knowlton-et-la-ville-de-quebec\\\/\"},\"wordCount\":162,\"publisher\":{\"@id\":\"https:\\\/\\\/www.quebec-elan.org\\\/en\\\/#organization\"},\"image\":{\"@id\":\"https:\\\/\\\/www.quebec-elan.org\\\/fr\\\/arts-alive-quebec-knowlton-et-la-ville-de-quebec\\\/#primaryimage\"},\"thumbnailUrl\":\"https:\\\/\\\/www.quebec-elan.org\\\/wp-content\\\/uploads\\\/2018\\\/08\\\/aaq.png\",\"articleSection\":[\"Nouvelles\"],\"inLanguage\":\"fr-FR\"},{\"@type\":\"WebPage\",\"@id\":\"https:\\\/\\\/www.quebec-elan.org\\\/fr\\\/arts-alive-quebec-knowlton-et-la-ville-de-quebec\\\/\",\"url\":\"https:\\\/\\\/www.quebec-elan.org\\\/fr\\\/arts-alive-quebec-knowlton-et-la-ville-de-quebec\\\/\",\"name\":\"Arts Alive! Qu\u00e9bec - Knowlton et la ville de Qu\u00e9bec - ELAN\",\"isPartOf\":{\"@id\":\"https:\\\/\\\/www.quebec-elan.org\\\/en\\\/#website\"},\"primaryImageOfPage\":{\"@id\":\"https:\\\/\\\/www.quebec-elan.org\\\/fr\\\/arts-alive-quebec-knowlton-et-la-ville-de-quebec\\\/#primaryimage\"},\"image\":{\"@id\":\"https:\\\/\\\/www.quebec-elan.org\\\/fr\\\/arts-alive-quebec-knowlton-et-la-ville-de-quebec\\\/#primaryimage\"},\"thumbnailUrl\":\"https:\\\/\\\/www.quebec-elan.org\\\/wp-content\\\/uploads\\\/2018\\\/08\\\/aaq.png\",\"datePublished\":\"2018-08-01T14:08:27+00:00\",\"dateModified\":\"2018-08-01T14:10:10+00:00\",\"description\":\"A not-for-profit organization that connects, supports, and creates opportunities for English-speaking artists and cultural workers of all disciplines from every region of Quebec.\",\"breadcrumb\":{\"@id\":\"https:\\\/\\\/www.quebec-elan.org\\\/fr\\\/arts-alive-quebec-knowlton-et-la-ville-de-quebec\\\/#breadcrumb\"},\"inLanguage\":\"fr-FR\",\"potentialAction\":[{\"@type\":\"ReadAction\",\"target\":[\"https:\\\/\\\/www.quebec-elan.org\\\/fr\\\/arts-alive-quebec-knowlton-et-la-ville-de-quebec\\\/\"]}]},{\"@type\":\"ImageObject\",\"inLanguage\":\"fr-FR\",\"@id\":\"https:\\\/\\\/www.quebec-elan.org\\\/fr\\\/arts-alive-quebec-knowlton-et-la-ville-de-quebec\\\/#primaryimage\",\"url\":\"https:\\\/\\\/www.quebec-elan.org\\\/wp-content\\\/uploads\\\/2018\\\/08\\\/aaq.png\",\"contentUrl\":\"https:\\\/\\\/www.quebec-elan.org\\\/wp-content\\\/uploads\\\/2018\\\/08\\\/aaq.png\",\"width\":600,\"height\":300},{\"@type\":\"BreadcrumbList\",\"@id\":\"https:\\\/\\\/www.quebec-elan.org\\\/fr\\\/arts-alive-quebec-knowlton-et-la-ville-de-quebec\\\/#breadcrumb\",\"itemListElement\":[{\"@type\":\"ListItem\",\"position\":1,\"name\":\"Home\",\"item\":\"https:\\\/\\\/www.quebec-elan.org\\\/fr\\\/\"},{\"@type\":\"ListItem\",\"position\":2,\"name\":\"Arts Alive! Qu\u00e9bec &#8211; Knowlton et la ville de Qu\u00e9bec\"}]},{\"@type\":\"WebSite\",\"@id\":\"https:\\\/\\\/www.quebec-elan.org\\\/en\\\/#website\",\"url\":\"https:\\\/\\\/www.quebec-elan.org\\\/en\\\/\",\"name\":\"ELAN\",\"description\":\"English Language Arts Network\",\"publisher\":{\"@id\":\"https:\\\/\\\/www.quebec-elan.org\\\/en\\\/#organization\"},\"potentialAction\":[{\"@type\":\"SearchAction\",\"target\":{\"@type\":\"EntryPoint\",\"urlTemplate\":\"https:\\\/\\\/www.quebec-elan.org\\\/en\\\/?s={search_term_string}\"},\"query-input\":{\"@type\":\"PropertyValueSpecification\",\"valueRequired\":true,\"valueName\":\"search_term_string\"}}],\"inLanguage\":\"fr-FR\"},{\"@type\":\"Organization\",\"@id\":\"https:\\\/\\\/www.quebec-elan.org\\\/en\\\/#organization\",\"name\":\"ELAN - English Language Arts Network\",\"url\":\"https:\\\/\\\/www.quebec-elan.org\\\/en\\\/\",\"logo\":{\"@type\":\"ImageObject\",\"inLanguage\":\"fr-FR\",\"@id\":\"https:\\\/\\\/www.quebec-elan.org\\\/en\\\/#\\\/schema\\\/logo\\\/image\\\/\",\"url\":\"https:\\\/\\\/www.quebec-elan.org\\\/wp-content\\\/uploads\\\/2022\\\/05\\\/elan-logo-360.jpg\",\"contentUrl\":\"https:\\\/\\\/www.quebec-elan.org\\\/wp-content\\\/uploads\\\/2022\\\/05\\\/elan-logo-360.jpg\",\"width\":360,\"height\":70,\"caption\":\"ELAN - English Language Arts Network\"},\"image\":{\"@id\":\"https:\\\/\\\/www.quebec-elan.org\\\/en\\\/#\\\/schema\\\/logo\\\/image\\\/\"}},{\"@type\":\"Person\",\"@id\":\"https:\\\/\\\/www.quebec-elan.org\\\/en\\\/#\\\/schema\\\/person\\\/4aaafbe7c737c481f7cc144f5237888f\",\"name\":\"Andre Elan Quebec\",\"image\":{\"@type\":\"ImageObject\",\"inLanguage\":\"fr-FR\",\"@id\":\"https:\\\/\\\/secure.gravatar.com\\\/avatar\\\/7ea082d3d909c4cb837bac18df8ab3523b4a3b6bc196bc83d5ca7f186807bf4e?s=96&d=mm&r=g\",\"url\":\"https:\\\/\\\/secure.gravatar.com\\\/avatar\\\/7ea082d3d909c4cb837bac18df8ab3523b4a3b6bc196bc83d5ca7f186807bf4e?s=96&d=mm&r=g\",\"contentUrl\":\"https:\\\/\\\/secure.gravatar.com\\\/avatar\\\/7ea082d3d909c4cb837bac18df8ab3523b4a3b6bc196bc83d5ca7f186807bf4e?s=96&d=mm&r=g\",\"caption\":\"Andre Elan Quebec\"},\"description\":\"The English-Language Arts Network (ELAN) is a not-for-profit organization that connects, supports, and creates opportunities for Quebec\u2019s English-speaking artists and arts communities. ELAN members are individuals and organizations from a wide array of artistic disciplines, cultural and geographic backgrounds, and linguistic and cultural communities. Together this network reflects an evolving Qu\u00e9bec identity and celebrates the province\u2019s cultural, artistic, and social diversity.\",\"url\":\"https:\\\/\\\/www.quebec-elan.org\\\/fr\\\/author\\\/elan-quebec\\\/\"}]}<\/script>\n<!-- \/ Yoast SEO plugin. -->","yoast_head_json":{"title":"Arts Alive! Qu\u00e9bec - Knowlton et la ville de Qu\u00e9bec - ELAN","description":"A not-for-profit organization that connects, supports, and creates opportunities for English-speaking artists and cultural workers of all disciplines from every region of Quebec.","robots":{"index":"index","follow":"follow","max-snippet":"max-snippet:-1","max-image-preview":"max-image-preview:large","max-video-preview":"max-video-preview:-1"},"canonical":"https:\/\/www.quebec-elan.org\/fr\/arts-alive-quebec-knowlton-et-la-ville-de-quebec\/","og_locale":"fr_FR","og_type":"article","og_title":"Arts Alive! Qu\u00e9bec - Knowlton et la ville de Qu\u00e9bec - ELAN","og_description":"A not-for-profit organization that connects, supports, and creates opportunities for English-speaking artists and cultural workers of all disciplines from every region of Quebec.","og_url":"https:\/\/www.quebec-elan.org\/fr\/arts-alive-quebec-knowlton-et-la-ville-de-quebec\/","og_site_name":"ELAN","article_published_time":"2018-08-01T14:08:27+00:00","article_modified_time":"2018-08-01T14:10:10+00:00","og_image":[{"width":600,"height":300,"url":"https:\/\/www.quebec-elan.org\/wp-content\/uploads\/2018\/08\/aaq.png","type":"image\/png"}],"author":"Andre Elan Quebec","twitter_card":"summary_large_image","twitter_misc":{"\u00c9crit par":"Andre Elan Quebec","Dur\u00e9e de lecture estim\u00e9e":"1 minute"},"schema":{"@context":"https:\/\/schema.org","@graph":[{"@type":"Article","@id":"https:\/\/www.quebec-elan.org\/fr\/arts-alive-quebec-knowlton-et-la-ville-de-quebec\/#article","isPartOf":{"@id":"https:\/\/www.quebec-elan.org\/fr\/arts-alive-quebec-knowlton-et-la-ville-de-quebec\/"},"author":{"name":"Andre Elan Quebec","@id":"https:\/\/www.quebec-elan.org\/en\/#\/schema\/person\/4aaafbe7c737c481f7cc144f5237888f"},"headline":"Arts Alive! Qu\u00e9bec &#8211; Knowlton et la ville de Qu\u00e9bec","datePublished":"2018-08-01T14:08:27+00:00","dateModified":"2018-08-01T14:10:10+00:00","mainEntityOfPage":{"@id":"https:\/\/www.quebec-elan.org\/fr\/arts-alive-quebec-knowlton-et-la-ville-de-quebec\/"},"wordCount":162,"publisher":{"@id":"https:\/\/www.quebec-elan.org\/en\/#organization"},"image":{"@id":"https:\/\/www.quebec-elan.org\/fr\/arts-alive-quebec-knowlton-et-la-ville-de-quebec\/#primaryimage"},"thumbnailUrl":"https:\/\/www.quebec-elan.org\/wp-content\/uploads\/2018\/08\/aaq.png","articleSection":["Nouvelles"],"inLanguage":"fr-FR"},{"@type":"WebPage","@id":"https:\/\/www.quebec-elan.org\/fr\/arts-alive-quebec-knowlton-et-la-ville-de-quebec\/","url":"https:\/\/www.quebec-elan.org\/fr\/arts-alive-quebec-knowlton-et-la-ville-de-quebec\/","name":"Arts Alive! Qu\u00e9bec - Knowlton et la ville de Qu\u00e9bec - ELAN","isPartOf":{"@id":"https:\/\/www.quebec-elan.org\/en\/#website"},"primaryImageOfPage":{"@id":"https:\/\/www.quebec-elan.org\/fr\/arts-alive-quebec-knowlton-et-la-ville-de-quebec\/#primaryimage"},"image":{"@id":"https:\/\/www.quebec-elan.org\/fr\/arts-alive-quebec-knowlton-et-la-ville-de-quebec\/#primaryimage"},"thumbnailUrl":"https:\/\/www.quebec-elan.org\/wp-content\/uploads\/2018\/08\/aaq.png","datePublished":"2018-08-01T14:08:27+00:00","dateModified":"2018-08-01T14:10:10+00:00","description":"A not-for-profit organization that connects, supports, and creates opportunities for English-speaking artists and cultural workers of all disciplines from every region of Quebec.","breadcrumb":{"@id":"https:\/\/www.quebec-elan.org\/fr\/arts-alive-quebec-knowlton-et-la-ville-de-quebec\/#breadcrumb"},"inLanguage":"fr-FR","potentialAction":[{"@type":"ReadAction","target":["https:\/\/www.quebec-elan.org\/fr\/arts-alive-quebec-knowlton-et-la-ville-de-quebec\/"]}]},{"@type":"ImageObject","inLanguage":"fr-FR","@id":"https:\/\/www.quebec-elan.org\/fr\/arts-alive-quebec-knowlton-et-la-ville-de-quebec\/#primaryimage","url":"https:\/\/www.quebec-elan.org\/wp-content\/uploads\/2018\/08\/aaq.png","contentUrl":"https:\/\/www.quebec-elan.org\/wp-content\/uploads\/2018\/08\/aaq.png","width":600,"height":300},{"@type":"BreadcrumbList","@id":"https:\/\/www.quebec-elan.org\/fr\/arts-alive-quebec-knowlton-et-la-ville-de-quebec\/#breadcrumb","itemListElement":[{"@type":"ListItem","position":1,"name":"Home","item":"https:\/\/www.quebec-elan.org\/fr\/"},{"@type":"ListItem","position":2,"name":"Arts Alive! Qu\u00e9bec &#8211; Knowlton et la ville de Qu\u00e9bec"}]},{"@type":"WebSite","@id":"https:\/\/www.quebec-elan.org\/en\/#website","url":"https:\/\/www.quebec-elan.org\/en\/","name":"ELAN","description":"English Language Arts Network","publisher":{"@id":"https:\/\/www.quebec-elan.org\/en\/#organization"},"potentialAction":[{"@type":"SearchAction","target":{"@type":"EntryPoint","urlTemplate":"https:\/\/www.quebec-elan.org\/en\/?s={search_term_string}"},"query-input":{"@type":"PropertyValueSpecification","valueRequired":true,"valueName":"search_term_string"}}],"inLanguage":"fr-FR"},{"@type":"Organization","@id":"https:\/\/www.quebec-elan.org\/en\/#organization","name":"ELAN - English Language Arts Network","url":"https:\/\/www.quebec-elan.org\/en\/","logo":{"@type":"ImageObject","inLanguage":"fr-FR","@id":"https:\/\/www.quebec-elan.org\/en\/#\/schema\/logo\/image\/","url":"https:\/\/www.quebec-elan.org\/wp-content\/uploads\/2022\/05\/elan-logo-360.jpg","contentUrl":"https:\/\/www.quebec-elan.org\/wp-content\/uploads\/2022\/05\/elan-logo-360.jpg","width":360,"height":70,"caption":"ELAN - English Language Arts Network"},"image":{"@id":"https:\/\/www.quebec-elan.org\/en\/#\/schema\/logo\/image\/"}},{"@type":"Person","@id":"https:\/\/www.quebec-elan.org\/en\/#\/schema\/person\/4aaafbe7c737c481f7cc144f5237888f","name":"Andre Elan Quebec","image":{"@type":"ImageObject","inLanguage":"fr-FR","@id":"https:\/\/secure.gravatar.com\/avatar\/7ea082d3d909c4cb837bac18df8ab3523b4a3b6bc196bc83d5ca7f186807bf4e?s=96&d=mm&r=g","url":"https:\/\/secure.gravatar.com\/avatar\/7ea082d3d909c4cb837bac18df8ab3523b4a3b6bc196bc83d5ca7f186807bf4e?s=96&d=mm&r=g","contentUrl":"https:\/\/secure.gravatar.com\/avatar\/7ea082d3d909c4cb837bac18df8ab3523b4a3b6bc196bc83d5ca7f186807bf4e?s=96&d=mm&r=g","caption":"Andre Elan Quebec"},"description":"The English-Language Arts Network (ELAN) is a not-for-profit organization that connects, supports, and creates opportunities for Quebec\u2019s English-speaking artists and arts communities. ELAN members are individuals and organizations from a wide array of artistic disciplines, cultural and geographic backgrounds, and linguistic and cultural communities. Together this network reflects an evolving Qu\u00e9bec identity and celebrates the province\u2019s cultural, artistic, and social diversity.","url":"https:\/\/www.quebec-elan.org\/fr\/author\/elan-quebec\/"}]}},"_links":{"self":[{"href":"https:\/\/www.quebec-elan.org\/fr\/wp-json\/wp\/v2\/posts\/21493","targetHints":{"allow":["GET"]}}],"collection":[{"href":"https:\/\/www.quebec-elan.org\/fr\/wp-json\/wp\/v2\/posts"}],"about":[{"href":"https:\/\/www.quebec-elan.org\/fr\/wp-json\/wp\/v2\/types\/post"}],"author":[{"embeddable":true,"href":"https:\/\/www.quebec-elan.org\/fr\/wp-json\/wp\/v2\/users\/234"}],"replies":[{"embeddable":true,"href":"https:\/\/www.quebec-elan.org\/fr\/wp-json\/wp\/v2\/comments?post=21493"}],"version-history":[{"count":0,"href":"https:\/\/www.quebec-elan.org\/fr\/wp-json\/wp\/v2\/posts\/21493\/revisions"}],"wp:featuredmedia":[{"embeddable":true,"href":"https:\/\/www.quebec-elan.org\/fr\/wp-json\/wp\/v2\/media\/21494"}],"wp:attachment":[{"href":"https:\/\/www.quebec-elan.org\/fr\/wp-json\/wp\/v2\/media?parent=21493"}],"wp:term":[{"taxonomy":"category","embeddable":true,"href":"https:\/\/www.quebec-elan.org\/fr\/wp-json\/wp\/v2\/categories?post=21493"},{"taxonomy":"post_tag","embeddable":true,"href":"https:\/\/www.quebec-elan.org\/fr\/wp-json\/wp\/v2\/tags?post=21493"}],"curies":[{"name":"wp","href":"https:\/\/api.w.org\/{rel}","templated":true}]}}