{"id":25896,"date":"2019-01-31T15:48:27","date_gmt":"2019-01-31T15:48:27","guid":{"rendered":"https:\/\/www.quebec-elan.org\/?p=25896"},"modified":"2019-01-31T16:01:24","modified_gmt":"2019-01-31T16:01:24","slug":"bilan-de-la-journee-portes-ouvertes-delan","status":"publish","type":"post","link":"https:\/\/www.quebec-elan.org\/fr\/bilan-de-la-journee-portes-ouvertes-delan\/","title":{"rendered":"Bilan de la journ\u00e9e portes ouvertes d\u2019ELAN"},"content":{"rendered":"<section  class='av_textblock_section av-jrksl09h-807505bbf509e704ce9655e30cf4de47 '   itemscope=\"itemscope\" itemtype=\"https:\/\/schema.org\/BlogPosting\" itemprop=\"blogPost\" ><div class='avia_textblock'  itemprop=\"text\" ><p>Chers membres,<\/p>\n<p>C\u2019est toujours un plaisir de vous retrouver en dehors des heures de bureau d\u2019ELAN. Lors de notre journ\u00e9e portes ouvertes, nous avons eu droit \u00e0 d\u2019excellentes pr\u00e9sentations dans le cadre du March\u00e9 minute, et nous avons pris plaisir \u00e0 converser avec nos membres, anciens et nouveaux !<\/p>\n<p>Notre prochain cinq \u00e0 sept aura lieu au printemps, et nous esp\u00e9rons vous y voir ! \u00a0Vous recevrez plus de d\u00e9tails dans un bulletin \u00e0 venir. Restez \u00e0 l\u2019aff\u00fbt !<\/p>\n<\/div><\/section>\n\n<style type=\"text\/css\" data-created_by=\"avia_inline_auto\" id=\"style-css-av-jrkshe82-b5c017da850bee02f2c474e99a79478a\">\n#top .avia-gallery.av-jrkshe82-b5c017da850bee02f2c474e99a79478a .avia-gallery-thumb a{\nwidth:20%;\n}\n<\/style>\n<div  class='avia-gallery av-jrkshe82-b5c017da850bee02f2c474e99a79478a avia_animate_when_visible  avia-builder-el-1  el_after_av_textblock  el_before_av_one_full  avia_lazyload avia-gallery-animate avia-gallery-1'  itemprop=\"image\" itemscope=\"itemscope\" itemtype=\"https:\/\/schema.org\/ImageObject\" ><meta itemprop=\"contentURL\" content=\"https:\/\/www.quebec-elan.org\/fr\/bilan-de-la-journee-portes-ouvertes-delan\/\"><div class='avia-gallery-thumb'><a href=\"https:\/\/www.quebec-elan.org\/wp-content\/uploads\/2019\/01\/20190121_191634-1030x773.jpg\" data-srcset=\"https:\/\/www.quebec-elan.org\/wp-content\/uploads\/2019\/01\/20190121_191634-1030x773.jpg 1030w, https:\/\/www.quebec-elan.org\/wp-content\/uploads\/2019\/01\/20190121_191634-scaled-600x450.jpg 600w, https:\/\/www.quebec-elan.org\/wp-content\/uploads\/2019\/01\/20190121_191634-300x225.jpg 300w, https:\/\/www.quebec-elan.org\/wp-content\/uploads\/2019\/01\/20190121_191634-768x576.jpg 768w, https:\/\/www.quebec-elan.org\/wp-content\/uploads\/2019\/01\/20190121_191634-1500x1125.jpg 1500w, https:\/\/www.quebec-elan.org\/wp-content\/uploads\/2019\/01\/20190121_191634-705x529.jpg 705w, https:\/\/www.quebec-elan.org\/wp-content\/uploads\/2019\/01\/20190121_191634-450x338.jpg 450w, https:\/\/www.quebec-elan.org\/wp-content\/uploads\/2019\/01\/20190121_191634-scaled.jpg 1450w\" data-sizes=\"(max-width: 1030px) 100vw, 1030px\" data-rel='gallery-1' data-prev-img='https:\/\/www.quebec-elan.org\/wp-content\/uploads\/2019\/01\/20190121_191634-495x400.jpg' class='first_thumb lightbox ' data-onclick='1' title='20190121_191634'  itemprop=\"thumbnailUrl\"  ><img fetchpriority=\"high\" fetchpriority=\"high\" decoding=\"async\" fetchpriority=\"high\" class=\"wp-image-25883 avia-img-lazy-loading-not-25883\"   src=\"https:\/\/www.quebec-elan.org\/wp-content\/uploads\/2019\/01\/20190121_191634-180x180.jpg\" width=\"180\" height=\"180\"  title='20190121_191634' alt='' srcset=\"https:\/\/www.quebec-elan.org\/wp-content\/uploads\/2019\/01\/20190121_191634-180x180.jpg 180w, https:\/\/www.quebec-elan.org\/wp-content\/uploads\/2019\/01\/20190121_191634-scaled-300x300.jpg 300w, https:\/\/www.quebec-elan.org\/wp-content\/uploads\/2019\/01\/20190121_191634-scaled-100x100.jpg 100w, https:\/\/www.quebec-elan.org\/wp-content\/uploads\/2019\/01\/20190121_191634-80x80.jpg 80w, https:\/\/www.quebec-elan.org\/wp-content\/uploads\/2019\/01\/20190121_191634-36x36.jpg 36w, https:\/\/www.quebec-elan.org\/wp-content\/uploads\/2019\/01\/20190121_191634-120x120.jpg 120w, https:\/\/www.quebec-elan.org\/wp-content\/uploads\/2019\/01\/20190121_191634-450x450.jpg 450w\" sizes=\"(max-width: 180px) 100vw, 180px\" \/><div class='big-prev-fake'><img loading=\"lazy\" loading=\"lazy\" decoding=\"async\" loading=\"lazy\" class=\"wp-image-25883 avia-img-lazy-loading-25883\"  width=\"495\" height=\"400\" src=\"https:\/\/www.quebec-elan.org\/wp-content\/uploads\/2019\/01\/20190121_191634-495x400.jpg\" title='20190121_191634' alt='' srcset=\"https:\/\/www.quebec-elan.org\/wp-content\/uploads\/2019\/01\/20190121_191634-495x400.jpg 495w, https:\/\/www.quebec-elan.org\/wp-content\/uploads\/2019\/01\/20190121_191634-845x684.jpg 845w\" sizes=\"auto, (max-width: 495px) 100vw, 495px\" \/><\/div><\/a><a href=\"https:\/\/www.quebec-elan.org\/wp-content\/uploads\/2019\/01\/ED-Message-2.jpg\" data-srcset=\"https:\/\/www.quebec-elan.org\/wp-content\/uploads\/2019\/01\/ED-Message-2.jpg 817w, https:\/\/www.quebec-elan.org\/wp-content\/uploads\/2019\/01\/ED-Message-2-600x242.jpg 600w, https:\/\/www.quebec-elan.org\/wp-content\/uploads\/2019\/01\/ED-Message-2-300x121.jpg 300w, https:\/\/www.quebec-elan.org\/wp-content\/uploads\/2019\/01\/ED-Message-2-768x309.jpg 768w, https:\/\/www.quebec-elan.org\/wp-content\/uploads\/2019\/01\/ED-Message-2-705x284.jpg 705w, https:\/\/www.quebec-elan.org\/wp-content\/uploads\/2019\/01\/ED-Message-2-450x181.jpg 450w\" data-sizes=\"(max-width: 817px) 100vw, 817px\" data-rel='gallery-1' data-prev-img='https:\/\/www.quebec-elan.org\/wp-content\/uploads\/2019\/01\/ED-Message-2-495x329.jpg' class='lightbox ' data-onclick='2' title='Guy Rodgers and '  itemprop=\"thumbnailUrl\"  ><img fetchpriority=\"high\" fetchpriority=\"high\" decoding=\"async\" fetchpriority=\"high\" class=\"wp-image-25843 avia-img-lazy-loading-not-25843\"  data-avia-tooltip='Guy Rodgers and ' src=\"https:\/\/www.quebec-elan.org\/wp-content\/uploads\/2019\/01\/ED-Message-2-180x180.jpg\" width=\"180\" height=\"180\"  title='ED Message 2' alt='' srcset=\"https:\/\/www.quebec-elan.org\/wp-content\/uploads\/2019\/01\/ED-Message-2-180x180.jpg 180w, https:\/\/www.quebec-elan.org\/wp-content\/uploads\/2019\/01\/ED-Message-2-300x300.jpg 300w, https:\/\/www.quebec-elan.org\/wp-content\/uploads\/2019\/01\/ED-Message-2-100x100.jpg 100w, https:\/\/www.quebec-elan.org\/wp-content\/uploads\/2019\/01\/ED-Message-2-80x80.jpg 80w, https:\/\/www.quebec-elan.org\/wp-content\/uploads\/2019\/01\/ED-Message-2-36x36.jpg 36w, https:\/\/www.quebec-elan.org\/wp-content\/uploads\/2019\/01\/ED-Message-2-120x120.jpg 120w\" sizes=\"(max-width: 180px) 100vw, 180px\" \/><div class='big-prev-fake'><img loading=\"lazy\" loading=\"lazy\" decoding=\"async\" loading=\"lazy\" class=\"wp-image-25843 avia-img-lazy-loading-25843\"  width=\"495\" height=\"329\" src=\"https:\/\/www.quebec-elan.org\/wp-content\/uploads\/2019\/01\/ED-Message-2-495x329.jpg\" title='ED Message 2' alt='' \/><\/div><\/a><a href=\"https:\/\/www.quebec-elan.org\/wp-content\/uploads\/2019\/01\/20190121_184243-1030x773.jpg\" data-srcset=\"https:\/\/www.quebec-elan.org\/wp-content\/uploads\/2019\/01\/20190121_184243-1030x773.jpg 1030w, https:\/\/www.quebec-elan.org\/wp-content\/uploads\/2019\/01\/20190121_184243-300x225.jpg 300w, https:\/\/www.quebec-elan.org\/wp-content\/uploads\/2019\/01\/20190121_184243-768x576.jpg 768w, https:\/\/www.quebec-elan.org\/wp-content\/uploads\/2019\/01\/20190121_184243-1500x1125.jpg 1500w, https:\/\/www.quebec-elan.org\/wp-content\/uploads\/2019\/01\/20190121_184243-705x529.jpg 705w, https:\/\/www.quebec-elan.org\/wp-content\/uploads\/2019\/01\/20190121_184243-450x338.jpg 450w\" data-sizes=\"(max-width: 1030px) 100vw, 1030px\" data-rel='gallery-1' data-prev-img='https:\/\/www.quebec-elan.org\/wp-content\/uploads\/2019\/01\/20190121_184243-495x400.jpg' class='lightbox ' data-onclick='3' title='20190121_184243'  itemprop=\"thumbnailUrl\"  ><img fetchpriority=\"high\" fetchpriority=\"high\" decoding=\"async\" fetchpriority=\"high\" class=\"wp-image-25855 avia-img-lazy-loading-not-25855\"   src=\"https:\/\/www.quebec-elan.org\/wp-content\/uploads\/2019\/01\/20190121_184243-180x180.jpg\" width=\"180\" height=\"180\"  title='20190121_184243' alt='' srcset=\"https:\/\/www.quebec-elan.org\/wp-content\/uploads\/2019\/01\/20190121_184243-180x180.jpg 180w, https:\/\/www.quebec-elan.org\/wp-content\/uploads\/2019\/01\/20190121_184243-scaled-300x300.jpg 300w, https:\/\/www.quebec-elan.org\/wp-content\/uploads\/2019\/01\/20190121_184243-scaled-100x100.jpg 100w, https:\/\/www.quebec-elan.org\/wp-content\/uploads\/2019\/01\/20190121_184243-80x80.jpg 80w, https:\/\/www.quebec-elan.org\/wp-content\/uploads\/2019\/01\/20190121_184243-36x36.jpg 36w, https:\/\/www.quebec-elan.org\/wp-content\/uploads\/2019\/01\/20190121_184243-120x120.jpg 120w, https:\/\/www.quebec-elan.org\/wp-content\/uploads\/2019\/01\/20190121_184243-450x450.jpg 450w\" sizes=\"(max-width: 180px) 100vw, 180px\" \/><div class='big-prev-fake'><img loading=\"lazy\" loading=\"lazy\" decoding=\"async\" loading=\"lazy\" class=\"wp-image-25855 avia-img-lazy-loading-25855\"  width=\"495\" height=\"400\" src=\"https:\/\/www.quebec-elan.org\/wp-content\/uploads\/2019\/01\/20190121_184243-495x400.jpg\" title='20190121_184243' alt='' srcset=\"https:\/\/www.quebec-elan.org\/wp-content\/uploads\/2019\/01\/20190121_184243-495x400.jpg 495w, https:\/\/www.quebec-elan.org\/wp-content\/uploads\/2019\/01\/20190121_184243-845x684.jpg 845w\" sizes=\"auto, (max-width: 495px) 100vw, 495px\" \/><\/div><\/a><a href=\"https:\/\/www.quebec-elan.org\/wp-content\/uploads\/2019\/01\/20190121_184304-1030x773.jpg\" data-srcset=\"https:\/\/www.quebec-elan.org\/wp-content\/uploads\/2019\/01\/20190121_184304-1030x773.jpg 1030w, https:\/\/www.quebec-elan.org\/wp-content\/uploads\/2019\/01\/20190121_184304-300x225.jpg 300w, https:\/\/www.quebec-elan.org\/wp-content\/uploads\/2019\/01\/20190121_184304-768x576.jpg 768w, https:\/\/www.quebec-elan.org\/wp-content\/uploads\/2019\/01\/20190121_184304-1500x1125.jpg 1500w, https:\/\/www.quebec-elan.org\/wp-content\/uploads\/2019\/01\/20190121_184304-705x529.jpg 705w, https:\/\/www.quebec-elan.org\/wp-content\/uploads\/2019\/01\/20190121_184304-450x338.jpg 450w\" data-sizes=\"(max-width: 1030px) 100vw, 1030px\" data-rel='gallery-1' data-prev-img='https:\/\/www.quebec-elan.org\/wp-content\/uploads\/2019\/01\/20190121_184304-495x400.jpg' class='lightbox ' data-onclick='4' title='20190121_184304'  itemprop=\"thumbnailUrl\"  ><img fetchpriority=\"high\" fetchpriority=\"high\" decoding=\"async\" fetchpriority=\"high\" class=\"wp-image-25857 avia-img-lazy-loading-not-25857\"   src=\"https:\/\/www.quebec-elan.org\/wp-content\/uploads\/2019\/01\/20190121_184304-180x180.jpg\" width=\"180\" height=\"180\"  title='20190121_184304' alt='' srcset=\"https:\/\/www.quebec-elan.org\/wp-content\/uploads\/2019\/01\/20190121_184304-180x180.jpg 180w, https:\/\/www.quebec-elan.org\/wp-content\/uploads\/2019\/01\/20190121_184304-scaled-300x300.jpg 300w, https:\/\/www.quebec-elan.org\/wp-content\/uploads\/2019\/01\/20190121_184304-scaled-100x100.jpg 100w, https:\/\/www.quebec-elan.org\/wp-content\/uploads\/2019\/01\/20190121_184304-80x80.jpg 80w, https:\/\/www.quebec-elan.org\/wp-content\/uploads\/2019\/01\/20190121_184304-36x36.jpg 36w, https:\/\/www.quebec-elan.org\/wp-content\/uploads\/2019\/01\/20190121_184304-120x120.jpg 120w, https:\/\/www.quebec-elan.org\/wp-content\/uploads\/2019\/01\/20190121_184304-450x450.jpg 450w\" sizes=\"(max-width: 180px) 100vw, 180px\" \/><div class='big-prev-fake'><img loading=\"lazy\" loading=\"lazy\" decoding=\"async\" loading=\"lazy\" class=\"wp-image-25857 avia-img-lazy-loading-25857\"  width=\"495\" height=\"400\" src=\"https:\/\/www.quebec-elan.org\/wp-content\/uploads\/2019\/01\/20190121_184304-495x400.jpg\" title='20190121_184304' alt='' srcset=\"https:\/\/www.quebec-elan.org\/wp-content\/uploads\/2019\/01\/20190121_184304-495x400.jpg 495w, https:\/\/www.quebec-elan.org\/wp-content\/uploads\/2019\/01\/20190121_184304-845x684.jpg 845w\" sizes=\"auto, (max-width: 495px) 100vw, 495px\" \/><\/div><\/a><a href=\"https:\/\/www.quebec-elan.org\/wp-content\/uploads\/2019\/01\/20190121_184311-1030x773.jpg\" data-srcset=\"https:\/\/www.quebec-elan.org\/wp-content\/uploads\/2019\/01\/20190121_184311-1030x773.jpg 1030w, https:\/\/www.quebec-elan.org\/wp-content\/uploads\/2019\/01\/20190121_184311-scaled-600x450.jpg 600w, https:\/\/www.quebec-elan.org\/wp-content\/uploads\/2019\/01\/20190121_184311-300x225.jpg 300w, https:\/\/www.quebec-elan.org\/wp-content\/uploads\/2019\/01\/20190121_184311-768x576.jpg 768w, https:\/\/www.quebec-elan.org\/wp-content\/uploads\/2019\/01\/20190121_184311-1500x1125.jpg 1500w, https:\/\/www.quebec-elan.org\/wp-content\/uploads\/2019\/01\/20190121_184311-705x529.jpg 705w, https:\/\/www.quebec-elan.org\/wp-content\/uploads\/2019\/01\/20190121_184311-450x338.jpg 450w, https:\/\/www.quebec-elan.org\/wp-content\/uploads\/2019\/01\/20190121_184311-scaled.jpg 1450w\" data-sizes=\"(max-width: 1030px) 100vw, 1030px\" data-rel='gallery-1' data-prev-img='https:\/\/www.quebec-elan.org\/wp-content\/uploads\/2019\/01\/20190121_184311-495x400.jpg' class='lightbox ' data-onclick='5' title='20190121_184311'  itemprop=\"thumbnailUrl\"  ><img fetchpriority=\"high\" fetchpriority=\"high\" decoding=\"async\" fetchpriority=\"high\" class=\"wp-image-25859 avia-img-lazy-loading-not-25859\"   src=\"https:\/\/www.quebec-elan.org\/wp-content\/uploads\/2019\/01\/20190121_184311-180x180.jpg\" width=\"180\" height=\"180\"  title='20190121_184311' alt='' srcset=\"https:\/\/www.quebec-elan.org\/wp-content\/uploads\/2019\/01\/20190121_184311-180x180.jpg 180w, https:\/\/www.quebec-elan.org\/wp-content\/uploads\/2019\/01\/20190121_184311-scaled-300x300.jpg 300w, https:\/\/www.quebec-elan.org\/wp-content\/uploads\/2019\/01\/20190121_184311-scaled-100x100.jpg 100w, https:\/\/www.quebec-elan.org\/wp-content\/uploads\/2019\/01\/20190121_184311-80x80.jpg 80w, https:\/\/www.quebec-elan.org\/wp-content\/uploads\/2019\/01\/20190121_184311-36x36.jpg 36w, https:\/\/www.quebec-elan.org\/wp-content\/uploads\/2019\/01\/20190121_184311-120x120.jpg 120w, https:\/\/www.quebec-elan.org\/wp-content\/uploads\/2019\/01\/20190121_184311-450x450.jpg 450w\" sizes=\"(max-width: 180px) 100vw, 180px\" \/><div class='big-prev-fake'><img loading=\"lazy\" loading=\"lazy\" decoding=\"async\" loading=\"lazy\" class=\"wp-image-25859 avia-img-lazy-loading-25859\"  width=\"495\" height=\"400\" src=\"https:\/\/www.quebec-elan.org\/wp-content\/uploads\/2019\/01\/20190121_184311-495x400.jpg\" title='20190121_184311' alt='' srcset=\"https:\/\/www.quebec-elan.org\/wp-content\/uploads\/2019\/01\/20190121_184311-495x400.jpg 495w, https:\/\/www.quebec-elan.org\/wp-content\/uploads\/2019\/01\/20190121_184311-845x684.jpg 845w\" sizes=\"auto, (max-width: 495px) 100vw, 495px\" \/><\/div><\/a><a href=\"https:\/\/www.quebec-elan.org\/wp-content\/uploads\/2019\/01\/20190121_184314-1030x773.jpg\" data-srcset=\"https:\/\/www.quebec-elan.org\/wp-content\/uploads\/2019\/01\/20190121_184314-1030x773.jpg 1030w, https:\/\/www.quebec-elan.org\/wp-content\/uploads\/2019\/01\/20190121_184314-scaled-600x450.jpg 600w, https:\/\/www.quebec-elan.org\/wp-content\/uploads\/2019\/01\/20190121_184314-300x225.jpg 300w, https:\/\/www.quebec-elan.org\/wp-content\/uploads\/2019\/01\/20190121_184314-768x576.jpg 768w, https:\/\/www.quebec-elan.org\/wp-content\/uploads\/2019\/01\/20190121_184314-1500x1125.jpg 1500w, https:\/\/www.quebec-elan.org\/wp-content\/uploads\/2019\/01\/20190121_184314-705x529.jpg 705w, https:\/\/www.quebec-elan.org\/wp-content\/uploads\/2019\/01\/20190121_184314-450x338.jpg 450w, https:\/\/www.quebec-elan.org\/wp-content\/uploads\/2019\/01\/20190121_184314-scaled.jpg 1450w\" data-sizes=\"(max-width: 1030px) 100vw, 1030px\" data-rel='gallery-1' data-prev-img='https:\/\/www.quebec-elan.org\/wp-content\/uploads\/2019\/01\/20190121_184314-495x400.jpg' class='first_thumb lightbox ' data-onclick='6' title='20190121_184314'  itemprop=\"thumbnailUrl\"  ><img fetchpriority=\"high\" fetchpriority=\"high\" decoding=\"async\" fetchpriority=\"high\" class=\"wp-image-25861 avia-img-lazy-loading-not-25861\"   src=\"https:\/\/www.quebec-elan.org\/wp-content\/uploads\/2019\/01\/20190121_184314-180x180.jpg\" width=\"180\" height=\"180\"  title='20190121_184314' alt='' srcset=\"https:\/\/www.quebec-elan.org\/wp-content\/uploads\/2019\/01\/20190121_184314-180x180.jpg 180w, https:\/\/www.quebec-elan.org\/wp-content\/uploads\/2019\/01\/20190121_184314-scaled-300x300.jpg 300w, https:\/\/www.quebec-elan.org\/wp-content\/uploads\/2019\/01\/20190121_184314-scaled-100x100.jpg 100w, https:\/\/www.quebec-elan.org\/wp-content\/uploads\/2019\/01\/20190121_184314-80x80.jpg 80w, https:\/\/www.quebec-elan.org\/wp-content\/uploads\/2019\/01\/20190121_184314-36x36.jpg 36w, https:\/\/www.quebec-elan.org\/wp-content\/uploads\/2019\/01\/20190121_184314-120x120.jpg 120w, https:\/\/www.quebec-elan.org\/wp-content\/uploads\/2019\/01\/20190121_184314-450x450.jpg 450w\" sizes=\"(max-width: 180px) 100vw, 180px\" \/><div class='big-prev-fake'><img loading=\"lazy\" loading=\"lazy\" decoding=\"async\" loading=\"lazy\" class=\"wp-image-25861 avia-img-lazy-loading-25861\"  width=\"495\" height=\"400\" src=\"https:\/\/www.quebec-elan.org\/wp-content\/uploads\/2019\/01\/20190121_184314-495x400.jpg\" title='20190121_184314' alt='' srcset=\"https:\/\/www.quebec-elan.org\/wp-content\/uploads\/2019\/01\/20190121_184314-495x400.jpg 495w, https:\/\/www.quebec-elan.org\/wp-content\/uploads\/2019\/01\/20190121_184314-845x684.jpg 845w\" sizes=\"auto, (max-width: 495px) 100vw, 495px\" \/><\/div><\/a><a href=\"https:\/\/www.quebec-elan.org\/wp-content\/uploads\/2019\/01\/20190121_190448-1030x773.jpg\" data-srcset=\"https:\/\/www.quebec-elan.org\/wp-content\/uploads\/2019\/01\/20190121_190448-1030x773.jpg 1030w, https:\/\/www.quebec-elan.org\/wp-content\/uploads\/2019\/01\/20190121_190448-scaled-600x450.jpg 600w, https:\/\/www.quebec-elan.org\/wp-content\/uploads\/2019\/01\/20190121_190448-300x225.jpg 300w, https:\/\/www.quebec-elan.org\/wp-content\/uploads\/2019\/01\/20190121_190448-768x576.jpg 768w, https:\/\/www.quebec-elan.org\/wp-content\/uploads\/2019\/01\/20190121_190448-1500x1125.jpg 1500w, https:\/\/www.quebec-elan.org\/wp-content\/uploads\/2019\/01\/20190121_190448-705x529.jpg 705w, https:\/\/www.quebec-elan.org\/wp-content\/uploads\/2019\/01\/20190121_190448-450x338.jpg 450w, https:\/\/www.quebec-elan.org\/wp-content\/uploads\/2019\/01\/20190121_190448-scaled.jpg 1450w\" data-sizes=\"(max-width: 1030px) 100vw, 1030px\" data-rel='gallery-1' data-prev-img='https:\/\/www.quebec-elan.org\/wp-content\/uploads\/2019\/01\/20190121_190448-495x400.jpg' class='lightbox ' data-onclick='7' title='20190121_190448'  itemprop=\"thumbnailUrl\"  ><img fetchpriority=\"high\" fetchpriority=\"high\" decoding=\"async\" fetchpriority=\"high\" class=\"wp-image-25863 avia-img-lazy-loading-not-25863\"   src=\"https:\/\/www.quebec-elan.org\/wp-content\/uploads\/2019\/01\/20190121_190448-180x180.jpg\" width=\"180\" height=\"180\"  title='20190121_190448' alt='' srcset=\"https:\/\/www.quebec-elan.org\/wp-content\/uploads\/2019\/01\/20190121_190448-180x180.jpg 180w, https:\/\/www.quebec-elan.org\/wp-content\/uploads\/2019\/01\/20190121_190448-scaled-300x300.jpg 300w, https:\/\/www.quebec-elan.org\/wp-content\/uploads\/2019\/01\/20190121_190448-scaled-100x100.jpg 100w, https:\/\/www.quebec-elan.org\/wp-content\/uploads\/2019\/01\/20190121_190448-80x80.jpg 80w, https:\/\/www.quebec-elan.org\/wp-content\/uploads\/2019\/01\/20190121_190448-36x36.jpg 36w, https:\/\/www.quebec-elan.org\/wp-content\/uploads\/2019\/01\/20190121_190448-120x120.jpg 120w, https:\/\/www.quebec-elan.org\/wp-content\/uploads\/2019\/01\/20190121_190448-450x450.jpg 450w\" sizes=\"(max-width: 180px) 100vw, 180px\" \/><div class='big-prev-fake'><img loading=\"lazy\" loading=\"lazy\" decoding=\"async\" loading=\"lazy\" class=\"wp-image-25863 avia-img-lazy-loading-25863\"  width=\"495\" height=\"400\" src=\"https:\/\/www.quebec-elan.org\/wp-content\/uploads\/2019\/01\/20190121_190448-495x400.jpg\" title='20190121_190448' alt='' srcset=\"https:\/\/www.quebec-elan.org\/wp-content\/uploads\/2019\/01\/20190121_190448-495x400.jpg 495w, https:\/\/www.quebec-elan.org\/wp-content\/uploads\/2019\/01\/20190121_190448-845x684.jpg 845w\" sizes=\"auto, (max-width: 495px) 100vw, 495px\" \/><\/div><\/a><a href=\"https:\/\/www.quebec-elan.org\/wp-content\/uploads\/2019\/01\/20190121_190508-1030x773.jpg\" data-srcset=\"https:\/\/www.quebec-elan.org\/wp-content\/uploads\/2019\/01\/20190121_190508-1030x773.jpg 1030w, https:\/\/www.quebec-elan.org\/wp-content\/uploads\/2019\/01\/20190121_190508-scaled-600x450.jpg 600w, https:\/\/www.quebec-elan.org\/wp-content\/uploads\/2019\/01\/20190121_190508-300x225.jpg 300w, https:\/\/www.quebec-elan.org\/wp-content\/uploads\/2019\/01\/20190121_190508-768x576.jpg 768w, https:\/\/www.quebec-elan.org\/wp-content\/uploads\/2019\/01\/20190121_190508-1500x1125.jpg 1500w, https:\/\/www.quebec-elan.org\/wp-content\/uploads\/2019\/01\/20190121_190508-705x529.jpg 705w, https:\/\/www.quebec-elan.org\/wp-content\/uploads\/2019\/01\/20190121_190508-450x338.jpg 450w, https:\/\/www.quebec-elan.org\/wp-content\/uploads\/2019\/01\/20190121_190508-scaled.jpg 1450w\" data-sizes=\"(max-width: 1030px) 100vw, 1030px\" data-rel='gallery-1' data-prev-img='https:\/\/www.quebec-elan.org\/wp-content\/uploads\/2019\/01\/20190121_190508-495x400.jpg' class='lightbox ' data-onclick='8' title='20190121_190508'  itemprop=\"thumbnailUrl\"  ><img fetchpriority=\"high\" fetchpriority=\"high\" decoding=\"async\" fetchpriority=\"high\" class=\"wp-image-25865 avia-img-lazy-loading-not-25865\"   src=\"https:\/\/www.quebec-elan.org\/wp-content\/uploads\/2019\/01\/20190121_190508-180x180.jpg\" width=\"180\" height=\"180\"  title='20190121_190508' alt='' srcset=\"https:\/\/www.quebec-elan.org\/wp-content\/uploads\/2019\/01\/20190121_190508-180x180.jpg 180w, https:\/\/www.quebec-elan.org\/wp-content\/uploads\/2019\/01\/20190121_190508-scaled-300x300.jpg 300w, https:\/\/www.quebec-elan.org\/wp-content\/uploads\/2019\/01\/20190121_190508-scaled-100x100.jpg 100w, https:\/\/www.quebec-elan.org\/wp-content\/uploads\/2019\/01\/20190121_190508-80x80.jpg 80w, https:\/\/www.quebec-elan.org\/wp-content\/uploads\/2019\/01\/20190121_190508-36x36.jpg 36w, https:\/\/www.quebec-elan.org\/wp-content\/uploads\/2019\/01\/20190121_190508-120x120.jpg 120w, https:\/\/www.quebec-elan.org\/wp-content\/uploads\/2019\/01\/20190121_190508-450x450.jpg 450w\" sizes=\"(max-width: 180px) 100vw, 180px\" \/><div class='big-prev-fake'><img loading=\"lazy\" loading=\"lazy\" decoding=\"async\" loading=\"lazy\" class=\"wp-image-25865 avia-img-lazy-loading-25865\"  width=\"495\" height=\"400\" src=\"https:\/\/www.quebec-elan.org\/wp-content\/uploads\/2019\/01\/20190121_190508-495x400.jpg\" title='20190121_190508' alt='' srcset=\"https:\/\/www.quebec-elan.org\/wp-content\/uploads\/2019\/01\/20190121_190508-495x400.jpg 495w, https:\/\/www.quebec-elan.org\/wp-content\/uploads\/2019\/01\/20190121_190508-845x684.jpg 845w\" sizes=\"auto, (max-width: 495px) 100vw, 495px\" \/><\/div><\/a><a href=\"https:\/\/www.quebec-elan.org\/wp-content\/uploads\/2019\/01\/20190121_191851-1030x773.jpg\" data-srcset=\"https:\/\/www.quebec-elan.org\/wp-content\/uploads\/2019\/01\/20190121_191851-1030x773.jpg 1030w, https:\/\/www.quebec-elan.org\/wp-content\/uploads\/2019\/01\/20190121_191851-300x225.jpg 300w, https:\/\/www.quebec-elan.org\/wp-content\/uploads\/2019\/01\/20190121_191851-768x576.jpg 768w, https:\/\/www.quebec-elan.org\/wp-content\/uploads\/2019\/01\/20190121_191851-1500x1125.jpg 1500w, https:\/\/www.quebec-elan.org\/wp-content\/uploads\/2019\/01\/20190121_191851-705x529.jpg 705w, https:\/\/www.quebec-elan.org\/wp-content\/uploads\/2019\/01\/20190121_191851-450x338.jpg 450w\" data-sizes=\"(max-width: 1030px) 100vw, 1030px\" data-rel='gallery-1' data-prev-img='https:\/\/www.quebec-elan.org\/wp-content\/uploads\/2019\/01\/20190121_191851-495x400.jpg' class='lightbox ' data-onclick='9' title='20190121_191851'  itemprop=\"thumbnailUrl\"  ><img fetchpriority=\"high\" fetchpriority=\"high\" decoding=\"async\" fetchpriority=\"high\" class=\"wp-image-25881 avia-img-lazy-loading-not-25881\"   src=\"https:\/\/www.quebec-elan.org\/wp-content\/uploads\/2019\/01\/20190121_191851-180x180.jpg\" width=\"180\" height=\"180\"  title='20190121_191851' alt='' srcset=\"https:\/\/www.quebec-elan.org\/wp-content\/uploads\/2019\/01\/20190121_191851-180x180.jpg 180w, https:\/\/www.quebec-elan.org\/wp-content\/uploads\/2019\/01\/20190121_191851-scaled-300x300.jpg 300w, https:\/\/www.quebec-elan.org\/wp-content\/uploads\/2019\/01\/20190121_191851-scaled-100x100.jpg 100w, https:\/\/www.quebec-elan.org\/wp-content\/uploads\/2019\/01\/20190121_191851-80x80.jpg 80w, https:\/\/www.quebec-elan.org\/wp-content\/uploads\/2019\/01\/20190121_191851-36x36.jpg 36w, https:\/\/www.quebec-elan.org\/wp-content\/uploads\/2019\/01\/20190121_191851-120x120.jpg 120w, https:\/\/www.quebec-elan.org\/wp-content\/uploads\/2019\/01\/20190121_191851-450x450.jpg 450w\" sizes=\"(max-width: 180px) 100vw, 180px\" \/><div class='big-prev-fake'><img loading=\"lazy\" loading=\"lazy\" decoding=\"async\" loading=\"lazy\" class=\"wp-image-25881 avia-img-lazy-loading-25881\"  width=\"495\" height=\"400\" src=\"https:\/\/www.quebec-elan.org\/wp-content\/uploads\/2019\/01\/20190121_191851-495x400.jpg\" title='20190121_191851' alt='' srcset=\"https:\/\/www.quebec-elan.org\/wp-content\/uploads\/2019\/01\/20190121_191851-495x400.jpg 495w, https:\/\/www.quebec-elan.org\/wp-content\/uploads\/2019\/01\/20190121_191851-845x684.jpg 845w\" sizes=\"auto, (max-width: 495px) 100vw, 495px\" \/><\/div><\/a><a href=\"https:\/\/www.quebec-elan.org\/wp-content\/uploads\/2019\/01\/20190121_191525-1030x773.jpg\" data-srcset=\"https:\/\/www.quebec-elan.org\/wp-content\/uploads\/2019\/01\/20190121_191525-1030x773.jpg 1030w, https:\/\/www.quebec-elan.org\/wp-content\/uploads\/2019\/01\/20190121_191525-300x225.jpg 300w, https:\/\/www.quebec-elan.org\/wp-content\/uploads\/2019\/01\/20190121_191525-768x576.jpg 768w, https:\/\/www.quebec-elan.org\/wp-content\/uploads\/2019\/01\/20190121_191525-1500x1125.jpg 1500w, https:\/\/www.quebec-elan.org\/wp-content\/uploads\/2019\/01\/20190121_191525-705x529.jpg 705w, https:\/\/www.quebec-elan.org\/wp-content\/uploads\/2019\/01\/20190121_191525-450x338.jpg 450w\" data-sizes=\"(max-width: 1030px) 100vw, 1030px\" data-rel='gallery-1' data-prev-img='https:\/\/www.quebec-elan.org\/wp-content\/uploads\/2019\/01\/20190121_191525-495x400.jpg' class='lightbox ' data-onclick='10' title='20190121_191525'  itemprop=\"thumbnailUrl\"  ><img fetchpriority=\"high\" fetchpriority=\"high\" decoding=\"async\" fetchpriority=\"high\" class=\"wp-image-25879 avia-img-lazy-loading-not-25879\"   src=\"https:\/\/www.quebec-elan.org\/wp-content\/uploads\/2019\/01\/20190121_191525-180x180.jpg\" width=\"180\" height=\"180\"  title='20190121_191525' alt='' srcset=\"https:\/\/www.quebec-elan.org\/wp-content\/uploads\/2019\/01\/20190121_191525-180x180.jpg 180w, https:\/\/www.quebec-elan.org\/wp-content\/uploads\/2019\/01\/20190121_191525-scaled-300x300.jpg 300w, https:\/\/www.quebec-elan.org\/wp-content\/uploads\/2019\/01\/20190121_191525-scaled-100x100.jpg 100w, https:\/\/www.quebec-elan.org\/wp-content\/uploads\/2019\/01\/20190121_191525-80x80.jpg 80w, https:\/\/www.quebec-elan.org\/wp-content\/uploads\/2019\/01\/20190121_191525-36x36.jpg 36w, https:\/\/www.quebec-elan.org\/wp-content\/uploads\/2019\/01\/20190121_191525-120x120.jpg 120w, https:\/\/www.quebec-elan.org\/wp-content\/uploads\/2019\/01\/20190121_191525-450x450.jpg 450w\" sizes=\"(max-width: 180px) 100vw, 180px\" \/><div class='big-prev-fake'><img loading=\"lazy\" loading=\"lazy\" decoding=\"async\" loading=\"lazy\" class=\"wp-image-25879 avia-img-lazy-loading-25879\"  width=\"495\" height=\"400\" src=\"https:\/\/www.quebec-elan.org\/wp-content\/uploads\/2019\/01\/20190121_191525-495x400.jpg\" title='20190121_191525' alt='' srcset=\"https:\/\/www.quebec-elan.org\/wp-content\/uploads\/2019\/01\/20190121_191525-495x400.jpg 495w, https:\/\/www.quebec-elan.org\/wp-content\/uploads\/2019\/01\/20190121_191525-845x684.jpg 845w\" sizes=\"auto, (max-width: 495px) 100vw, 495px\" \/><\/div><\/a><a href=\"https:\/\/www.quebec-elan.org\/wp-content\/uploads\/2019\/01\/20190121_191325-1030x773.jpg\" data-srcset=\"https:\/\/www.quebec-elan.org\/wp-content\/uploads\/2019\/01\/20190121_191325-1030x773.jpg 1030w, https:\/\/www.quebec-elan.org\/wp-content\/uploads\/2019\/01\/20190121_191325-scaled-600x450.jpg 600w, https:\/\/www.quebec-elan.org\/wp-content\/uploads\/2019\/01\/20190121_191325-300x225.jpg 300w, https:\/\/www.quebec-elan.org\/wp-content\/uploads\/2019\/01\/20190121_191325-768x576.jpg 768w, https:\/\/www.quebec-elan.org\/wp-content\/uploads\/2019\/01\/20190121_191325-1500x1125.jpg 1500w, https:\/\/www.quebec-elan.org\/wp-content\/uploads\/2019\/01\/20190121_191325-705x529.jpg 705w, https:\/\/www.quebec-elan.org\/wp-content\/uploads\/2019\/01\/20190121_191325-450x338.jpg 450w, https:\/\/www.quebec-elan.org\/wp-content\/uploads\/2019\/01\/20190121_191325-scaled.jpg 1450w\" data-sizes=\"(max-width: 1030px) 100vw, 1030px\" data-rel='gallery-1' data-prev-img='https:\/\/www.quebec-elan.org\/wp-content\/uploads\/2019\/01\/20190121_191325-495x400.jpg' class='first_thumb lightbox ' data-onclick='11' title='20190121_191325'  itemprop=\"thumbnailUrl\"  ><img fetchpriority=\"high\" fetchpriority=\"high\" decoding=\"async\" fetchpriority=\"high\" class=\"wp-image-25877 avia-img-lazy-loading-not-25877\"   src=\"https:\/\/www.quebec-elan.org\/wp-content\/uploads\/2019\/01\/20190121_191325-180x180.jpg\" width=\"180\" height=\"180\"  title='20190121_191325' alt='' srcset=\"https:\/\/www.quebec-elan.org\/wp-content\/uploads\/2019\/01\/20190121_191325-180x180.jpg 180w, https:\/\/www.quebec-elan.org\/wp-content\/uploads\/2019\/01\/20190121_191325-scaled-300x300.jpg 300w, https:\/\/www.quebec-elan.org\/wp-content\/uploads\/2019\/01\/20190121_191325-scaled-100x100.jpg 100w, https:\/\/www.quebec-elan.org\/wp-content\/uploads\/2019\/01\/20190121_191325-80x80.jpg 80w, https:\/\/www.quebec-elan.org\/wp-content\/uploads\/2019\/01\/20190121_191325-36x36.jpg 36w, https:\/\/www.quebec-elan.org\/wp-content\/uploads\/2019\/01\/20190121_191325-120x120.jpg 120w, https:\/\/www.quebec-elan.org\/wp-content\/uploads\/2019\/01\/20190121_191325-450x450.jpg 450w\" sizes=\"(max-width: 180px) 100vw, 180px\" \/><div class='big-prev-fake'><img loading=\"lazy\" loading=\"lazy\" decoding=\"async\" loading=\"lazy\" class=\"wp-image-25877 avia-img-lazy-loading-25877\"  width=\"495\" height=\"400\" src=\"https:\/\/www.quebec-elan.org\/wp-content\/uploads\/2019\/01\/20190121_191325-495x400.jpg\" title='20190121_191325' alt='' srcset=\"https:\/\/www.quebec-elan.org\/wp-content\/uploads\/2019\/01\/20190121_191325-495x400.jpg 495w, https:\/\/www.quebec-elan.org\/wp-content\/uploads\/2019\/01\/20190121_191325-845x684.jpg 845w\" sizes=\"auto, (max-width: 495px) 100vw, 495px\" \/><\/div><\/a><a href=\"https:\/\/www.quebec-elan.org\/wp-content\/uploads\/2019\/01\/20190121_191321-1030x773.jpg\" data-srcset=\"https:\/\/www.quebec-elan.org\/wp-content\/uploads\/2019\/01\/20190121_191321-1030x773.jpg 1030w, https:\/\/www.quebec-elan.org\/wp-content\/uploads\/2019\/01\/20190121_191321-scaled-600x450.jpg 600w, https:\/\/www.quebec-elan.org\/wp-content\/uploads\/2019\/01\/20190121_191321-300x225.jpg 300w, https:\/\/www.quebec-elan.org\/wp-content\/uploads\/2019\/01\/20190121_191321-768x576.jpg 768w, https:\/\/www.quebec-elan.org\/wp-content\/uploads\/2019\/01\/20190121_191321-1500x1125.jpg 1500w, https:\/\/www.quebec-elan.org\/wp-content\/uploads\/2019\/01\/20190121_191321-705x529.jpg 705w, https:\/\/www.quebec-elan.org\/wp-content\/uploads\/2019\/01\/20190121_191321-450x338.jpg 450w, https:\/\/www.quebec-elan.org\/wp-content\/uploads\/2019\/01\/20190121_191321-scaled.jpg 1450w\" data-sizes=\"(max-width: 1030px) 100vw, 1030px\" data-rel='gallery-1' data-prev-img='https:\/\/www.quebec-elan.org\/wp-content\/uploads\/2019\/01\/20190121_191321-495x400.jpg' class='lightbox ' data-onclick='12' title='20190121_191321'  itemprop=\"thumbnailUrl\"  ><img fetchpriority=\"high\" fetchpriority=\"high\" decoding=\"async\" fetchpriority=\"high\" class=\"wp-image-25875 avia-img-lazy-loading-not-25875\"   src=\"https:\/\/www.quebec-elan.org\/wp-content\/uploads\/2019\/01\/20190121_191321-180x180.jpg\" width=\"180\" height=\"180\"  title='20190121_191321' alt='' srcset=\"https:\/\/www.quebec-elan.org\/wp-content\/uploads\/2019\/01\/20190121_191321-180x180.jpg 180w, https:\/\/www.quebec-elan.org\/wp-content\/uploads\/2019\/01\/20190121_191321-scaled-300x300.jpg 300w, https:\/\/www.quebec-elan.org\/wp-content\/uploads\/2019\/01\/20190121_191321-scaled-100x100.jpg 100w, https:\/\/www.quebec-elan.org\/wp-content\/uploads\/2019\/01\/20190121_191321-80x80.jpg 80w, https:\/\/www.quebec-elan.org\/wp-content\/uploads\/2019\/01\/20190121_191321-36x36.jpg 36w, https:\/\/www.quebec-elan.org\/wp-content\/uploads\/2019\/01\/20190121_191321-120x120.jpg 120w, https:\/\/www.quebec-elan.org\/wp-content\/uploads\/2019\/01\/20190121_191321-450x450.jpg 450w\" sizes=\"(max-width: 180px) 100vw, 180px\" \/><div class='big-prev-fake'><img loading=\"lazy\" loading=\"lazy\" decoding=\"async\" loading=\"lazy\" class=\"wp-image-25875 avia-img-lazy-loading-25875\"  width=\"495\" height=\"400\" src=\"https:\/\/www.quebec-elan.org\/wp-content\/uploads\/2019\/01\/20190121_191321-495x400.jpg\" title='20190121_191321' alt='' srcset=\"https:\/\/www.quebec-elan.org\/wp-content\/uploads\/2019\/01\/20190121_191321-495x400.jpg 495w, https:\/\/www.quebec-elan.org\/wp-content\/uploads\/2019\/01\/20190121_191321-845x684.jpg 845w\" sizes=\"auto, (max-width: 495px) 100vw, 495px\" \/><\/div><\/a><a href=\"https:\/\/www.quebec-elan.org\/wp-content\/uploads\/2019\/01\/20190121_191317-1030x773.jpg\" data-srcset=\"https:\/\/www.quebec-elan.org\/wp-content\/uploads\/2019\/01\/20190121_191317-1030x773.jpg 1030w, https:\/\/www.quebec-elan.org\/wp-content\/uploads\/2019\/01\/20190121_191317-scaled-600x450.jpg 600w, https:\/\/www.quebec-elan.org\/wp-content\/uploads\/2019\/01\/20190121_191317-300x225.jpg 300w, https:\/\/www.quebec-elan.org\/wp-content\/uploads\/2019\/01\/20190121_191317-768x576.jpg 768w, https:\/\/www.quebec-elan.org\/wp-content\/uploads\/2019\/01\/20190121_191317-1500x1125.jpg 1500w, https:\/\/www.quebec-elan.org\/wp-content\/uploads\/2019\/01\/20190121_191317-705x529.jpg 705w, https:\/\/www.quebec-elan.org\/wp-content\/uploads\/2019\/01\/20190121_191317-450x338.jpg 450w, https:\/\/www.quebec-elan.org\/wp-content\/uploads\/2019\/01\/20190121_191317-scaled.jpg 1450w\" data-sizes=\"(max-width: 1030px) 100vw, 1030px\" data-rel='gallery-1' data-prev-img='https:\/\/www.quebec-elan.org\/wp-content\/uploads\/2019\/01\/20190121_191317-495x400.jpg' class='lightbox ' data-onclick='13' title='20190121_191317'  itemprop=\"thumbnailUrl\"  ><img fetchpriority=\"high\" fetchpriority=\"high\" decoding=\"async\" fetchpriority=\"high\" class=\"wp-image-25873 avia-img-lazy-loading-not-25873\"   src=\"https:\/\/www.quebec-elan.org\/wp-content\/uploads\/2019\/01\/20190121_191317-180x180.jpg\" width=\"180\" height=\"180\"  title='20190121_191317' alt='' srcset=\"https:\/\/www.quebec-elan.org\/wp-content\/uploads\/2019\/01\/20190121_191317-180x180.jpg 180w, https:\/\/www.quebec-elan.org\/wp-content\/uploads\/2019\/01\/20190121_191317-scaled-300x300.jpg 300w, https:\/\/www.quebec-elan.org\/wp-content\/uploads\/2019\/01\/20190121_191317-scaled-100x100.jpg 100w, https:\/\/www.quebec-elan.org\/wp-content\/uploads\/2019\/01\/20190121_191317-80x80.jpg 80w, https:\/\/www.quebec-elan.org\/wp-content\/uploads\/2019\/01\/20190121_191317-36x36.jpg 36w, https:\/\/www.quebec-elan.org\/wp-content\/uploads\/2019\/01\/20190121_191317-120x120.jpg 120w, https:\/\/www.quebec-elan.org\/wp-content\/uploads\/2019\/01\/20190121_191317-450x450.jpg 450w\" sizes=\"(max-width: 180px) 100vw, 180px\" \/><div class='big-prev-fake'><img loading=\"lazy\" loading=\"lazy\" decoding=\"async\" loading=\"lazy\" class=\"wp-image-25873 avia-img-lazy-loading-25873\"  width=\"495\" height=\"400\" src=\"https:\/\/www.quebec-elan.org\/wp-content\/uploads\/2019\/01\/20190121_191317-495x400.jpg\" title='20190121_191317' alt='' srcset=\"https:\/\/www.quebec-elan.org\/wp-content\/uploads\/2019\/01\/20190121_191317-495x400.jpg 495w, https:\/\/www.quebec-elan.org\/wp-content\/uploads\/2019\/01\/20190121_191317-845x684.jpg 845w\" sizes=\"auto, (max-width: 495px) 100vw, 495px\" \/><\/div><\/a><a href=\"https:\/\/www.quebec-elan.org\/wp-content\/uploads\/2019\/01\/20190121_191304-1030x773.jpg\" data-srcset=\"https:\/\/www.quebec-elan.org\/wp-content\/uploads\/2019\/01\/20190121_191304-1030x773.jpg 1030w, https:\/\/www.quebec-elan.org\/wp-content\/uploads\/2019\/01\/20190121_191304-scaled-600x450.jpg 600w, https:\/\/www.quebec-elan.org\/wp-content\/uploads\/2019\/01\/20190121_191304-300x225.jpg 300w, https:\/\/www.quebec-elan.org\/wp-content\/uploads\/2019\/01\/20190121_191304-768x576.jpg 768w, https:\/\/www.quebec-elan.org\/wp-content\/uploads\/2019\/01\/20190121_191304-1500x1125.jpg 1500w, https:\/\/www.quebec-elan.org\/wp-content\/uploads\/2019\/01\/20190121_191304-705x529.jpg 705w, https:\/\/www.quebec-elan.org\/wp-content\/uploads\/2019\/01\/20190121_191304-450x338.jpg 450w, https:\/\/www.quebec-elan.org\/wp-content\/uploads\/2019\/01\/20190121_191304-scaled.jpg 1450w\" data-sizes=\"(max-width: 1030px) 100vw, 1030px\" data-rel='gallery-1' data-prev-img='https:\/\/www.quebec-elan.org\/wp-content\/uploads\/2019\/01\/20190121_191304-495x400.jpg' class='lightbox ' data-onclick='14' title='20190121_191304'  itemprop=\"thumbnailUrl\"  ><img fetchpriority=\"high\" fetchpriority=\"high\" decoding=\"async\" fetchpriority=\"high\" class=\"wp-image-25871 avia-img-lazy-loading-not-25871\"   src=\"https:\/\/www.quebec-elan.org\/wp-content\/uploads\/2019\/01\/20190121_191304-180x180.jpg\" width=\"180\" height=\"180\"  title='20190121_191304' alt='' srcset=\"https:\/\/www.quebec-elan.org\/wp-content\/uploads\/2019\/01\/20190121_191304-180x180.jpg 180w, https:\/\/www.quebec-elan.org\/wp-content\/uploads\/2019\/01\/20190121_191304-scaled-300x300.jpg 300w, https:\/\/www.quebec-elan.org\/wp-content\/uploads\/2019\/01\/20190121_191304-scaled-100x100.jpg 100w, https:\/\/www.quebec-elan.org\/wp-content\/uploads\/2019\/01\/20190121_191304-80x80.jpg 80w, https:\/\/www.quebec-elan.org\/wp-content\/uploads\/2019\/01\/20190121_191304-36x36.jpg 36w, https:\/\/www.quebec-elan.org\/wp-content\/uploads\/2019\/01\/20190121_191304-120x120.jpg 120w, https:\/\/www.quebec-elan.org\/wp-content\/uploads\/2019\/01\/20190121_191304-450x450.jpg 450w\" sizes=\"(max-width: 180px) 100vw, 180px\" \/><div class='big-prev-fake'><img loading=\"lazy\" loading=\"lazy\" decoding=\"async\" loading=\"lazy\" class=\"wp-image-25871 avia-img-lazy-loading-25871\"  width=\"495\" height=\"400\" src=\"https:\/\/www.quebec-elan.org\/wp-content\/uploads\/2019\/01\/20190121_191304-495x400.jpg\" title='20190121_191304' alt='' srcset=\"https:\/\/www.quebec-elan.org\/wp-content\/uploads\/2019\/01\/20190121_191304-495x400.jpg 495w, https:\/\/www.quebec-elan.org\/wp-content\/uploads\/2019\/01\/20190121_191304-845x684.jpg 845w\" sizes=\"auto, (max-width: 495px) 100vw, 495px\" \/><\/div><\/a><a href=\"https:\/\/www.quebec-elan.org\/wp-content\/uploads\/2019\/01\/20190121_191223-1030x773.jpg\" data-srcset=\"https:\/\/www.quebec-elan.org\/wp-content\/uploads\/2019\/01\/20190121_191223-1030x773.jpg 1030w, https:\/\/www.quebec-elan.org\/wp-content\/uploads\/2019\/01\/20190121_191223-scaled-600x450.jpg 600w, https:\/\/www.quebec-elan.org\/wp-content\/uploads\/2019\/01\/20190121_191223-300x225.jpg 300w, https:\/\/www.quebec-elan.org\/wp-content\/uploads\/2019\/01\/20190121_191223-768x576.jpg 768w, https:\/\/www.quebec-elan.org\/wp-content\/uploads\/2019\/01\/20190121_191223-1500x1125.jpg 1500w, https:\/\/www.quebec-elan.org\/wp-content\/uploads\/2019\/01\/20190121_191223-705x529.jpg 705w, https:\/\/www.quebec-elan.org\/wp-content\/uploads\/2019\/01\/20190121_191223-450x338.jpg 450w, https:\/\/www.quebec-elan.org\/wp-content\/uploads\/2019\/01\/20190121_191223-scaled.jpg 1450w\" data-sizes=\"(max-width: 1030px) 100vw, 1030px\" data-rel='gallery-1' data-prev-img='https:\/\/www.quebec-elan.org\/wp-content\/uploads\/2019\/01\/20190121_191223-495x400.jpg' class='lightbox ' data-onclick='15' title='20190121_191223'  itemprop=\"thumbnailUrl\"  ><img fetchpriority=\"high\" fetchpriority=\"high\" decoding=\"async\" fetchpriority=\"high\" class=\"wp-image-25869 avia-img-lazy-loading-not-25869\"   src=\"https:\/\/www.quebec-elan.org\/wp-content\/uploads\/2019\/01\/20190121_191223-180x180.jpg\" width=\"180\" height=\"180\"  title='20190121_191223' alt='' srcset=\"https:\/\/www.quebec-elan.org\/wp-content\/uploads\/2019\/01\/20190121_191223-180x180.jpg 180w, https:\/\/www.quebec-elan.org\/wp-content\/uploads\/2019\/01\/20190121_191223-scaled-300x300.jpg 300w, https:\/\/www.quebec-elan.org\/wp-content\/uploads\/2019\/01\/20190121_191223-scaled-100x100.jpg 100w, https:\/\/www.quebec-elan.org\/wp-content\/uploads\/2019\/01\/20190121_191223-80x80.jpg 80w, https:\/\/www.quebec-elan.org\/wp-content\/uploads\/2019\/01\/20190121_191223-36x36.jpg 36w, https:\/\/www.quebec-elan.org\/wp-content\/uploads\/2019\/01\/20190121_191223-120x120.jpg 120w, https:\/\/www.quebec-elan.org\/wp-content\/uploads\/2019\/01\/20190121_191223-450x450.jpg 450w\" sizes=\"(max-width: 180px) 100vw, 180px\" \/><div class='big-prev-fake'><img loading=\"lazy\" loading=\"lazy\" decoding=\"async\" loading=\"lazy\" class=\"wp-image-25869 avia-img-lazy-loading-25869\"  width=\"495\" height=\"400\" src=\"https:\/\/www.quebec-elan.org\/wp-content\/uploads\/2019\/01\/20190121_191223-495x400.jpg\" title='20190121_191223' alt='' srcset=\"https:\/\/www.quebec-elan.org\/wp-content\/uploads\/2019\/01\/20190121_191223-495x400.jpg 495w, https:\/\/www.quebec-elan.org\/wp-content\/uploads\/2019\/01\/20190121_191223-845x684.jpg 845w\" sizes=\"auto, (max-width: 495px) 100vw, 495px\" \/><\/div><\/a><a href=\"https:\/\/www.quebec-elan.org\/wp-content\/uploads\/2019\/01\/20190121_191214-1030x773.jpg\" data-srcset=\"https:\/\/www.quebec-elan.org\/wp-content\/uploads\/2019\/01\/20190121_191214-1030x773.jpg 1030w, https:\/\/www.quebec-elan.org\/wp-content\/uploads\/2019\/01\/20190121_191214-300x225.jpg 300w, https:\/\/www.quebec-elan.org\/wp-content\/uploads\/2019\/01\/20190121_191214-768x576.jpg 768w, https:\/\/www.quebec-elan.org\/wp-content\/uploads\/2019\/01\/20190121_191214-1500x1125.jpg 1500w, https:\/\/www.quebec-elan.org\/wp-content\/uploads\/2019\/01\/20190121_191214-705x529.jpg 705w, https:\/\/www.quebec-elan.org\/wp-content\/uploads\/2019\/01\/20190121_191214-450x338.jpg 450w\" data-sizes=\"(max-width: 1030px) 100vw, 1030px\" data-rel='gallery-1' data-prev-img='https:\/\/www.quebec-elan.org\/wp-content\/uploads\/2019\/01\/20190121_191214-495x400.jpg' class='first_thumb lightbox ' data-onclick='16' title='20190121_191214'  itemprop=\"thumbnailUrl\"  ><img fetchpriority=\"high\" fetchpriority=\"high\" decoding=\"async\" fetchpriority=\"high\" class=\"wp-image-25867 avia-img-lazy-loading-not-25867\"   src=\"https:\/\/www.quebec-elan.org\/wp-content\/uploads\/2019\/01\/20190121_191214-180x180.jpg\" width=\"180\" height=\"180\"  title='20190121_191214' alt='' srcset=\"https:\/\/www.quebec-elan.org\/wp-content\/uploads\/2019\/01\/20190121_191214-180x180.jpg 180w, https:\/\/www.quebec-elan.org\/wp-content\/uploads\/2019\/01\/20190121_191214-scaled-300x300.jpg 300w, https:\/\/www.quebec-elan.org\/wp-content\/uploads\/2019\/01\/20190121_191214-scaled-100x100.jpg 100w, https:\/\/www.quebec-elan.org\/wp-content\/uploads\/2019\/01\/20190121_191214-80x80.jpg 80w, https:\/\/www.quebec-elan.org\/wp-content\/uploads\/2019\/01\/20190121_191214-36x36.jpg 36w, https:\/\/www.quebec-elan.org\/wp-content\/uploads\/2019\/01\/20190121_191214-120x120.jpg 120w, https:\/\/www.quebec-elan.org\/wp-content\/uploads\/2019\/01\/20190121_191214-450x450.jpg 450w\" sizes=\"(max-width: 180px) 100vw, 180px\" \/><div class='big-prev-fake'><img loading=\"lazy\" loading=\"lazy\" decoding=\"async\" loading=\"lazy\" class=\"wp-image-25867 avia-img-lazy-loading-25867\"  width=\"495\" height=\"400\" src=\"https:\/\/www.quebec-elan.org\/wp-content\/uploads\/2019\/01\/20190121_191214-495x400.jpg\" title='20190121_191214' alt='' srcset=\"https:\/\/www.quebec-elan.org\/wp-content\/uploads\/2019\/01\/20190121_191214-495x400.jpg 495w, https:\/\/www.quebec-elan.org\/wp-content\/uploads\/2019\/01\/20190121_191214-845x684.jpg 845w\" sizes=\"auto, (max-width: 495px) 100vw, 495px\" \/><\/div><\/a><\/div><\/div>\n\n<style type=\"text\/css\" data-created_by=\"avia_inline_auto\" id=\"style-css-av-av_one_full-1df1b63c6c045939f2dc1aefbdd8e7ad\">\n.flex_column.av-av_one_full-1df1b63c6c045939f2dc1aefbdd8e7ad{\nborder-radius:0px 0px 0px 0px;\npadding:0px 0px 0px 0px;\n}\n<\/style>\n<div  class='flex_column av-av_one_full-1df1b63c6c045939f2dc1aefbdd8e7ad av_one_full  avia-builder-el-2  el_after_av_gallery  avia-builder-el-last  first flex_column_div av-zero-column-padding  '     ><section  class='av_textblock_section av-jrksormg-e0926701c8cda48a7259f7a40b829d3a '   itemscope=\"itemscope\" itemtype=\"https:\/\/schema.org\/BlogPosting\" itemprop=\"blogPost\" ><div class='avia_textblock'  itemprop=\"text\" ><p><strong>Photographie par Amy Macdonald<\/strong><\/p>\n<\/div><\/section><\/div>\n","protected":false},"excerpt":{"rendered":"","protected":false},"author":234,"featured_media":24128,"comment_status":"closed","ping_status":"closed","sticky":false,"template":"","format":"standard","meta":{"footnotes":""},"categories":[149],"tags":[],"class_list":["post-25896","post","type-post","status-publish","format-standard","has-post-thumbnail","hentry","category-nouvelles"],"yoast_head":"<!-- This site is optimized with the Yoast SEO plugin v27.5 - https:\/\/yoast.com\/product\/yoast-seo-wordpress\/ -->\n<title>Bilan de la journ\u00e9e portes ouvertes d\u2019ELAN - ELAN<\/title>\n<meta name=\"description\" content=\"A not-for-profit organization that connects, supports, and creates opportunities for English-speaking artists and cultural workers of all disciplines from every region of Quebec.\" \/>\n<meta name=\"robots\" content=\"index, follow, max-snippet:-1, max-image-preview:large, max-video-preview:-1\" \/>\n<link rel=\"canonical\" href=\"https:\/\/www.quebec-elan.org\/fr\/bilan-de-la-journee-portes-ouvertes-delan\/\" \/>\n<meta property=\"og:locale\" content=\"fr_FR\" \/>\n<meta property=\"og:type\" content=\"article\" \/>\n<meta property=\"og:title\" content=\"Bilan de la journ\u00e9e portes ouvertes d\u2019ELAN - ELAN\" \/>\n<meta property=\"og:description\" content=\"A not-for-profit organization that connects, supports, and creates opportunities for English-speaking artists and cultural workers of all disciplines from every region of Quebec.\" \/>\n<meta property=\"og:url\" content=\"https:\/\/www.quebec-elan.org\/fr\/bilan-de-la-journee-portes-ouvertes-delan\/\" \/>\n<meta property=\"og:site_name\" content=\"ELAN\" \/>\n<meta property=\"article:published_time\" content=\"2019-01-31T15:48:27+00:00\" \/>\n<meta property=\"article:modified_time\" content=\"2019-01-31T16:01:24+00:00\" \/>\n<meta property=\"og:image\" content=\"https:\/\/www.quebec-elan.org\/wp-content\/uploads\/2018\/11\/Featured-Images1.png\" \/>\n\t<meta property=\"og:image:width\" content=\"843\" \/>\n\t<meta property=\"og:image:height\" content=\"317\" \/>\n\t<meta property=\"og:image:type\" content=\"image\/png\" \/>\n<meta name=\"author\" content=\"Andre Elan Quebec\" \/>\n<meta name=\"twitter:card\" content=\"summary_large_image\" \/>\n<meta name=\"twitter:label1\" content=\"\u00c9crit par\" \/>\n\t<meta name=\"twitter:data1\" content=\"Andre Elan Quebec\" \/>\n\t<meta name=\"twitter:label2\" content=\"Dur\u00e9e de lecture estim\u00e9e\" \/>\n\t<meta name=\"twitter:data2\" content=\"1 minute\" \/>\n<script type=\"application\/ld+json\" class=\"yoast-schema-graph\">{\"@context\":\"https:\\\/\\\/schema.org\",\"@graph\":[{\"@type\":\"Article\",\"@id\":\"https:\\\/\\\/www.quebec-elan.org\\\/fr\\\/bilan-de-la-journee-portes-ouvertes-delan\\\/#article\",\"isPartOf\":{\"@id\":\"https:\\\/\\\/www.quebec-elan.org\\\/fr\\\/bilan-de-la-journee-portes-ouvertes-delan\\\/\"},\"author\":{\"name\":\"Andre Elan Quebec\",\"@id\":\"https:\\\/\\\/www.quebec-elan.org\\\/en\\\/#\\\/schema\\\/person\\\/4aaafbe7c737c481f7cc144f5237888f\"},\"headline\":\"Bilan de la journ\u00e9e portes ouvertes d\u2019ELAN\",\"datePublished\":\"2019-01-31T15:48:27+00:00\",\"dateModified\":\"2019-01-31T16:01:24+00:00\",\"mainEntityOfPage\":{\"@id\":\"https:\\\/\\\/www.quebec-elan.org\\\/fr\\\/bilan-de-la-journee-portes-ouvertes-delan\\\/\"},\"wordCount\":213,\"publisher\":{\"@id\":\"https:\\\/\\\/www.quebec-elan.org\\\/en\\\/#organization\"},\"image\":{\"@id\":\"https:\\\/\\\/www.quebec-elan.org\\\/fr\\\/bilan-de-la-journee-portes-ouvertes-delan\\\/#primaryimage\"},\"thumbnailUrl\":\"https:\\\/\\\/www.quebec-elan.org\\\/wp-content\\\/uploads\\\/2018\\\/11\\\/Featured-Images1.png\",\"articleSection\":[\"Nouvelles\"],\"inLanguage\":\"fr-FR\"},{\"@type\":\"WebPage\",\"@id\":\"https:\\\/\\\/www.quebec-elan.org\\\/fr\\\/bilan-de-la-journee-portes-ouvertes-delan\\\/\",\"url\":\"https:\\\/\\\/www.quebec-elan.org\\\/fr\\\/bilan-de-la-journee-portes-ouvertes-delan\\\/\",\"name\":\"Bilan de la journ\u00e9e portes ouvertes d\u2019ELAN - ELAN\",\"isPartOf\":{\"@id\":\"https:\\\/\\\/www.quebec-elan.org\\\/en\\\/#website\"},\"primaryImageOfPage\":{\"@id\":\"https:\\\/\\\/www.quebec-elan.org\\\/fr\\\/bilan-de-la-journee-portes-ouvertes-delan\\\/#primaryimage\"},\"image\":{\"@id\":\"https:\\\/\\\/www.quebec-elan.org\\\/fr\\\/bilan-de-la-journee-portes-ouvertes-delan\\\/#primaryimage\"},\"thumbnailUrl\":\"https:\\\/\\\/www.quebec-elan.org\\\/wp-content\\\/uploads\\\/2018\\\/11\\\/Featured-Images1.png\",\"datePublished\":\"2019-01-31T15:48:27+00:00\",\"dateModified\":\"2019-01-31T16:01:24+00:00\",\"description\":\"A not-for-profit organization that connects, supports, and creates opportunities for English-speaking artists and cultural workers of all disciplines from every region of Quebec.\",\"breadcrumb\":{\"@id\":\"https:\\\/\\\/www.quebec-elan.org\\\/fr\\\/bilan-de-la-journee-portes-ouvertes-delan\\\/#breadcrumb\"},\"inLanguage\":\"fr-FR\",\"potentialAction\":[{\"@type\":\"ReadAction\",\"target\":[\"https:\\\/\\\/www.quebec-elan.org\\\/fr\\\/bilan-de-la-journee-portes-ouvertes-delan\\\/\"]}]},{\"@type\":\"ImageObject\",\"inLanguage\":\"fr-FR\",\"@id\":\"https:\\\/\\\/www.quebec-elan.org\\\/fr\\\/bilan-de-la-journee-portes-ouvertes-delan\\\/#primaryimage\",\"url\":\"https:\\\/\\\/www.quebec-elan.org\\\/wp-content\\\/uploads\\\/2018\\\/11\\\/Featured-Images1.png\",\"contentUrl\":\"https:\\\/\\\/www.quebec-elan.org\\\/wp-content\\\/uploads\\\/2018\\\/11\\\/Featured-Images1.png\",\"width\":843,\"height\":317},{\"@type\":\"BreadcrumbList\",\"@id\":\"https:\\\/\\\/www.quebec-elan.org\\\/fr\\\/bilan-de-la-journee-portes-ouvertes-delan\\\/#breadcrumb\",\"itemListElement\":[{\"@type\":\"ListItem\",\"position\":1,\"name\":\"Home\",\"item\":\"https:\\\/\\\/www.quebec-elan.org\\\/fr\\\/\"},{\"@type\":\"ListItem\",\"position\":2,\"name\":\"Bilan de la journ\u00e9e portes ouvertes d\u2019ELAN\"}]},{\"@type\":\"WebSite\",\"@id\":\"https:\\\/\\\/www.quebec-elan.org\\\/en\\\/#website\",\"url\":\"https:\\\/\\\/www.quebec-elan.org\\\/en\\\/\",\"name\":\"ELAN\",\"description\":\"English Language Arts Network\",\"publisher\":{\"@id\":\"https:\\\/\\\/www.quebec-elan.org\\\/en\\\/#organization\"},\"potentialAction\":[{\"@type\":\"SearchAction\",\"target\":{\"@type\":\"EntryPoint\",\"urlTemplate\":\"https:\\\/\\\/www.quebec-elan.org\\\/en\\\/?s={search_term_string}\"},\"query-input\":{\"@type\":\"PropertyValueSpecification\",\"valueRequired\":true,\"valueName\":\"search_term_string\"}}],\"inLanguage\":\"fr-FR\"},{\"@type\":\"Organization\",\"@id\":\"https:\\\/\\\/www.quebec-elan.org\\\/en\\\/#organization\",\"name\":\"ELAN - English Language Arts Network\",\"url\":\"https:\\\/\\\/www.quebec-elan.org\\\/en\\\/\",\"logo\":{\"@type\":\"ImageObject\",\"inLanguage\":\"fr-FR\",\"@id\":\"https:\\\/\\\/www.quebec-elan.org\\\/en\\\/#\\\/schema\\\/logo\\\/image\\\/\",\"url\":\"https:\\\/\\\/www.quebec-elan.org\\\/wp-content\\\/uploads\\\/2022\\\/05\\\/elan-logo-360.jpg\",\"contentUrl\":\"https:\\\/\\\/www.quebec-elan.org\\\/wp-content\\\/uploads\\\/2022\\\/05\\\/elan-logo-360.jpg\",\"width\":360,\"height\":70,\"caption\":\"ELAN - English Language Arts Network\"},\"image\":{\"@id\":\"https:\\\/\\\/www.quebec-elan.org\\\/en\\\/#\\\/schema\\\/logo\\\/image\\\/\"}},{\"@type\":\"Person\",\"@id\":\"https:\\\/\\\/www.quebec-elan.org\\\/en\\\/#\\\/schema\\\/person\\\/4aaafbe7c737c481f7cc144f5237888f\",\"name\":\"Andre Elan Quebec\",\"image\":{\"@type\":\"ImageObject\",\"inLanguage\":\"fr-FR\",\"@id\":\"https:\\\/\\\/secure.gravatar.com\\\/avatar\\\/7ea082d3d909c4cb837bac18df8ab3523b4a3b6bc196bc83d5ca7f186807bf4e?s=96&d=mm&r=g\",\"url\":\"https:\\\/\\\/secure.gravatar.com\\\/avatar\\\/7ea082d3d909c4cb837bac18df8ab3523b4a3b6bc196bc83d5ca7f186807bf4e?s=96&d=mm&r=g\",\"contentUrl\":\"https:\\\/\\\/secure.gravatar.com\\\/avatar\\\/7ea082d3d909c4cb837bac18df8ab3523b4a3b6bc196bc83d5ca7f186807bf4e?s=96&d=mm&r=g\",\"caption\":\"Andre Elan Quebec\"},\"description\":\"The English-Language Arts Network (ELAN) is a not-for-profit organization that connects, supports, and creates opportunities for Quebec\u2019s English-speaking artists and arts communities. ELAN members are individuals and organizations from a wide array of artistic disciplines, cultural and geographic backgrounds, and linguistic and cultural communities. Together this network reflects an evolving Qu\u00e9bec identity and celebrates the province\u2019s cultural, artistic, and social diversity.\",\"url\":\"https:\\\/\\\/www.quebec-elan.org\\\/fr\\\/author\\\/elan-quebec\\\/\"}]}<\/script>\n<!-- \/ Yoast SEO plugin. -->","yoast_head_json":{"title":"Bilan de la journ\u00e9e portes ouvertes d\u2019ELAN - ELAN","description":"A not-for-profit organization that connects, supports, and creates opportunities for English-speaking artists and cultural workers of all disciplines from every region of Quebec.","robots":{"index":"index","follow":"follow","max-snippet":"max-snippet:-1","max-image-preview":"max-image-preview:large","max-video-preview":"max-video-preview:-1"},"canonical":"https:\/\/www.quebec-elan.org\/fr\/bilan-de-la-journee-portes-ouvertes-delan\/","og_locale":"fr_FR","og_type":"article","og_title":"Bilan de la journ\u00e9e portes ouvertes d\u2019ELAN - ELAN","og_description":"A not-for-profit organization that connects, supports, and creates opportunities for English-speaking artists and cultural workers of all disciplines from every region of Quebec.","og_url":"https:\/\/www.quebec-elan.org\/fr\/bilan-de-la-journee-portes-ouvertes-delan\/","og_site_name":"ELAN","article_published_time":"2019-01-31T15:48:27+00:00","article_modified_time":"2019-01-31T16:01:24+00:00","og_image":[{"width":843,"height":317,"url":"https:\/\/www.quebec-elan.org\/wp-content\/uploads\/2018\/11\/Featured-Images1.png","type":"image\/png"}],"author":"Andre Elan Quebec","twitter_card":"summary_large_image","twitter_misc":{"\u00c9crit par":"Andre Elan Quebec","Dur\u00e9e de lecture estim\u00e9e":"1 minute"},"schema":{"@context":"https:\/\/schema.org","@graph":[{"@type":"Article","@id":"https:\/\/www.quebec-elan.org\/fr\/bilan-de-la-journee-portes-ouvertes-delan\/#article","isPartOf":{"@id":"https:\/\/www.quebec-elan.org\/fr\/bilan-de-la-journee-portes-ouvertes-delan\/"},"author":{"name":"Andre Elan Quebec","@id":"https:\/\/www.quebec-elan.org\/en\/#\/schema\/person\/4aaafbe7c737c481f7cc144f5237888f"},"headline":"Bilan de la journ\u00e9e portes ouvertes d\u2019ELAN","datePublished":"2019-01-31T15:48:27+00:00","dateModified":"2019-01-31T16:01:24+00:00","mainEntityOfPage":{"@id":"https:\/\/www.quebec-elan.org\/fr\/bilan-de-la-journee-portes-ouvertes-delan\/"},"wordCount":213,"publisher":{"@id":"https:\/\/www.quebec-elan.org\/en\/#organization"},"image":{"@id":"https:\/\/www.quebec-elan.org\/fr\/bilan-de-la-journee-portes-ouvertes-delan\/#primaryimage"},"thumbnailUrl":"https:\/\/www.quebec-elan.org\/wp-content\/uploads\/2018\/11\/Featured-Images1.png","articleSection":["Nouvelles"],"inLanguage":"fr-FR"},{"@type":"WebPage","@id":"https:\/\/www.quebec-elan.org\/fr\/bilan-de-la-journee-portes-ouvertes-delan\/","url":"https:\/\/www.quebec-elan.org\/fr\/bilan-de-la-journee-portes-ouvertes-delan\/","name":"Bilan de la journ\u00e9e portes ouvertes d\u2019ELAN - ELAN","isPartOf":{"@id":"https:\/\/www.quebec-elan.org\/en\/#website"},"primaryImageOfPage":{"@id":"https:\/\/www.quebec-elan.org\/fr\/bilan-de-la-journee-portes-ouvertes-delan\/#primaryimage"},"image":{"@id":"https:\/\/www.quebec-elan.org\/fr\/bilan-de-la-journee-portes-ouvertes-delan\/#primaryimage"},"thumbnailUrl":"https:\/\/www.quebec-elan.org\/wp-content\/uploads\/2018\/11\/Featured-Images1.png","datePublished":"2019-01-31T15:48:27+00:00","dateModified":"2019-01-31T16:01:24+00:00","description":"A not-for-profit organization that connects, supports, and creates opportunities for English-speaking artists and cultural workers of all disciplines from every region of Quebec.","breadcrumb":{"@id":"https:\/\/www.quebec-elan.org\/fr\/bilan-de-la-journee-portes-ouvertes-delan\/#breadcrumb"},"inLanguage":"fr-FR","potentialAction":[{"@type":"ReadAction","target":["https:\/\/www.quebec-elan.org\/fr\/bilan-de-la-journee-portes-ouvertes-delan\/"]}]},{"@type":"ImageObject","inLanguage":"fr-FR","@id":"https:\/\/www.quebec-elan.org\/fr\/bilan-de-la-journee-portes-ouvertes-delan\/#primaryimage","url":"https:\/\/www.quebec-elan.org\/wp-content\/uploads\/2018\/11\/Featured-Images1.png","contentUrl":"https:\/\/www.quebec-elan.org\/wp-content\/uploads\/2018\/11\/Featured-Images1.png","width":843,"height":317},{"@type":"BreadcrumbList","@id":"https:\/\/www.quebec-elan.org\/fr\/bilan-de-la-journee-portes-ouvertes-delan\/#breadcrumb","itemListElement":[{"@type":"ListItem","position":1,"name":"Home","item":"https:\/\/www.quebec-elan.org\/fr\/"},{"@type":"ListItem","position":2,"name":"Bilan de la journ\u00e9e portes ouvertes d\u2019ELAN"}]},{"@type":"WebSite","@id":"https:\/\/www.quebec-elan.org\/en\/#website","url":"https:\/\/www.quebec-elan.org\/en\/","name":"ELAN","description":"English Language Arts Network","publisher":{"@id":"https:\/\/www.quebec-elan.org\/en\/#organization"},"potentialAction":[{"@type":"SearchAction","target":{"@type":"EntryPoint","urlTemplate":"https:\/\/www.quebec-elan.org\/en\/?s={search_term_string}"},"query-input":{"@type":"PropertyValueSpecification","valueRequired":true,"valueName":"search_term_string"}}],"inLanguage":"fr-FR"},{"@type":"Organization","@id":"https:\/\/www.quebec-elan.org\/en\/#organization","name":"ELAN - English Language Arts Network","url":"https:\/\/www.quebec-elan.org\/en\/","logo":{"@type":"ImageObject","inLanguage":"fr-FR","@id":"https:\/\/www.quebec-elan.org\/en\/#\/schema\/logo\/image\/","url":"https:\/\/www.quebec-elan.org\/wp-content\/uploads\/2022\/05\/elan-logo-360.jpg","contentUrl":"https:\/\/www.quebec-elan.org\/wp-content\/uploads\/2022\/05\/elan-logo-360.jpg","width":360,"height":70,"caption":"ELAN - English Language Arts Network"},"image":{"@id":"https:\/\/www.quebec-elan.org\/en\/#\/schema\/logo\/image\/"}},{"@type":"Person","@id":"https:\/\/www.quebec-elan.org\/en\/#\/schema\/person\/4aaafbe7c737c481f7cc144f5237888f","name":"Andre Elan Quebec","image":{"@type":"ImageObject","inLanguage":"fr-FR","@id":"https:\/\/secure.gravatar.com\/avatar\/7ea082d3d909c4cb837bac18df8ab3523b4a3b6bc196bc83d5ca7f186807bf4e?s=96&d=mm&r=g","url":"https:\/\/secure.gravatar.com\/avatar\/7ea082d3d909c4cb837bac18df8ab3523b4a3b6bc196bc83d5ca7f186807bf4e?s=96&d=mm&r=g","contentUrl":"https:\/\/secure.gravatar.com\/avatar\/7ea082d3d909c4cb837bac18df8ab3523b4a3b6bc196bc83d5ca7f186807bf4e?s=96&d=mm&r=g","caption":"Andre Elan Quebec"},"description":"The English-Language Arts Network (ELAN) is a not-for-profit organization that connects, supports, and creates opportunities for Quebec\u2019s English-speaking artists and arts communities. ELAN members are individuals and organizations from a wide array of artistic disciplines, cultural and geographic backgrounds, and linguistic and cultural communities. Together this network reflects an evolving Qu\u00e9bec identity and celebrates the province\u2019s cultural, artistic, and social diversity.","url":"https:\/\/www.quebec-elan.org\/fr\/author\/elan-quebec\/"}]}},"_links":{"self":[{"href":"https:\/\/www.quebec-elan.org\/fr\/wp-json\/wp\/v2\/posts\/25896","targetHints":{"allow":["GET"]}}],"collection":[{"href":"https:\/\/www.quebec-elan.org\/fr\/wp-json\/wp\/v2\/posts"}],"about":[{"href":"https:\/\/www.quebec-elan.org\/fr\/wp-json\/wp\/v2\/types\/post"}],"author":[{"embeddable":true,"href":"https:\/\/www.quebec-elan.org\/fr\/wp-json\/wp\/v2\/users\/234"}],"replies":[{"embeddable":true,"href":"https:\/\/www.quebec-elan.org\/fr\/wp-json\/wp\/v2\/comments?post=25896"}],"version-history":[{"count":0,"href":"https:\/\/www.quebec-elan.org\/fr\/wp-json\/wp\/v2\/posts\/25896\/revisions"}],"wp:featuredmedia":[{"embeddable":true,"href":"https:\/\/www.quebec-elan.org\/fr\/wp-json\/wp\/v2\/media\/24128"}],"wp:attachment":[{"href":"https:\/\/www.quebec-elan.org\/fr\/wp-json\/wp\/v2\/media?parent=25896"}],"wp:term":[{"taxonomy":"category","embeddable":true,"href":"https:\/\/www.quebec-elan.org\/fr\/wp-json\/wp\/v2\/categories?post=25896"},{"taxonomy":"post_tag","embeddable":true,"href":"https:\/\/www.quebec-elan.org\/fr\/wp-json\/wp\/v2\/tags?post=25896"}],"curies":[{"name":"wp","href":"https:\/\/api.w.org\/{rel}","templated":true}]}}