{"id":31042,"date":"2019-11-04T18:50:12","date_gmt":"2019-11-04T18:50:12","guid":{"rendered":"https:\/\/www.quebec-elan.org\/?p=31042"},"modified":"2019-11-04T18:50:12","modified_gmt":"2019-11-04T18:50:12","slug":"le-mot-du-directeur-novembre-2019","status":"publish","type":"post","link":"https:\/\/www.quebec-elan.org\/fr\/le-mot-du-directeur-novembre-2019\/","title":{"rendered":"Le mot du directeur &#8211; novembre 2019"},"content":{"rendered":"<p><img fetchpriority=\"high\" decoding=\"async\" class=\"alignleft size-full wp-image-30993\" src=\"https:\/\/www.quebec-elan.org\/wp-content\/uploads\/2019\/11\/2017-76-with-commissioner-Saikaley-and-Yvon-Dery-Cropped.jpg\" alt=\"\" width=\"1221\" height=\"987\" srcset=\"https:\/\/www.quebec-elan.org\/wp-content\/uploads\/2019\/11\/2017-76-with-commissioner-Saikaley-and-Yvon-Dery-Cropped.jpg 1221w, https:\/\/www.quebec-elan.org\/wp-content\/uploads\/2019\/11\/2017-76-with-commissioner-Saikaley-and-Yvon-Dery-Cropped-600x485.jpg 600w, https:\/\/www.quebec-elan.org\/wp-content\/uploads\/2019\/11\/2017-76-with-commissioner-Saikaley-and-Yvon-Dery-Cropped-300x243.jpg 300w, https:\/\/www.quebec-elan.org\/wp-content\/uploads\/2019\/11\/2017-76-with-commissioner-Saikaley-and-Yvon-Dery-Cropped-768x621.jpg 768w, https:\/\/www.quebec-elan.org\/wp-content\/uploads\/2019\/11\/2017-76-with-commissioner-Saikaley-and-Yvon-Dery-Cropped-1030x833.jpg 1030w, https:\/\/www.quebec-elan.org\/wp-content\/uploads\/2019\/11\/2017-76-with-commissioner-Saikaley-and-Yvon-Dery-Cropped-495x400.jpg 495w, https:\/\/www.quebec-elan.org\/wp-content\/uploads\/2019\/11\/2017-76-with-commissioner-Saikaley-and-Yvon-Dery-Cropped-845x684.jpg 845w, https:\/\/www.quebec-elan.org\/wp-content\/uploads\/2019\/11\/2017-76-with-commissioner-Saikaley-and-Yvon-Dery-Cropped-705x570.jpg 705w\" sizes=\"(max-width: 1221px) 100vw, 1221px\" \/><\/p>\n<p>Les \u00e9lections f\u00e9d\u00e9rales sont toujours une bonne occasion pour d\u00e9battre publiquement \u00a0de nos priorit\u00e9s collectives. On n\u2019a pas beaucoup parl\u00e9 des arts et la culture durant la campagne cette ann\u00e9e, bien qu\u2019ELAN se soit associ\u00e9 \u00e0 une vingtaine d\u2019autres organismes culturels pour publier dans <em>Le Devoir<\/em> une lettre adress\u00e9e aux dirigeants des diff\u00e9rents partis. Si la question des arts et de la culture semblaient moins urgents pour l\u2019\u00e9lection 2019, c\u2019est sans doute en partie parce que le financement a \u00e9t\u00e9 consid\u00e9rablement accru l\u2019ann\u00e9e derni\u00e8re, tant au niveau f\u00e9d\u00e9ral que provincial.<\/p>\n<p>La question du climat a pris beaucoup plus d\u2019ampleur cette ann\u00e9e. Le 27 septembre dernier, environ 500 000 citoyens inquiets, dont beaucoup \u00e9taient trop jeunes pour voter, ont d\u00e9fil\u00e9 dans les rues de Montr\u00e9al pour participer \u00e0 la gr\u00e8ve internationale contre les changements climatiques. Le personnel d\u2019ELAN s\u2019est joint \u00e0 de nombreux autres organismes artistiques qui ont march\u00e9 dans une mer de banni\u00e8res aux couleurs vives. Certaines affichaient des messages pleins d\u2019espoir et d&rsquo;humour, mais un grand nombre d\u2019entre elles \u00e9taient tristes et dramatiques. On peut avoir diff\u00e9rents points de vue concernant la gravit\u00e9 et l\u2019urgence de la question climatique, et on peut voter pour un parti ou un autre en esp\u00e9rant qu\u2019il s\u2019attaquera au probl\u00e8me, mais il \u00e9tait bon pour la d\u00e9mocratie et pour la plan\u00e8te que l\u2019on donne la priorit\u00e9 \u00e0 cette question en 2019.<\/p>\n<p>Guy Rodgers<\/p>\n<p>Directeur ex\u00e9cutif<\/p>\n","protected":false},"excerpt":{"rendered":"<p>Les \u00e9lections f\u00e9d\u00e9rales sont toujours une bonne occasion pour d\u00e9battre publiquement \u00a0de nos priorit\u00e9s collectives. On n\u2019a pas beaucoup parl\u00e9 des arts et la culture durant la campagne cette ann\u00e9e, bien qu\u2019ELAN se soit associ\u00e9 \u00e0 une vingtaine d\u2019autres organismes culturels pour publier dans Le Devoir une lettre adress\u00e9e aux dirigeants des diff\u00e9rents partis. Si [&hellip;]<\/p>\n","protected":false},"author":234,"featured_media":30993,"comment_status":"closed","ping_status":"closed","sticky":false,"template":"","format":"standard","meta":{"footnotes":""},"categories":[149],"tags":[],"class_list":["post-31042","post","type-post","status-publish","format-standard","has-post-thumbnail","hentry","category-nouvelles"],"yoast_head":"<!-- This site is optimized with the Yoast SEO plugin v27.5 - https:\/\/yoast.com\/product\/yoast-seo-wordpress\/ -->\n<title>Le mot du directeur - novembre 2019 - ELAN<\/title>\n<meta name=\"description\" content=\"A not-for-profit organization that connects, supports, and creates opportunities for English-speaking artists and cultural workers of all disciplines from every region of Quebec.\" \/>\n<meta name=\"robots\" content=\"index, follow, max-snippet:-1, max-image-preview:large, max-video-preview:-1\" \/>\n<link rel=\"canonical\" href=\"https:\/\/www.quebec-elan.org\/fr\/le-mot-du-directeur-novembre-2019\/\" \/>\n<meta property=\"og:locale\" content=\"fr_FR\" \/>\n<meta property=\"og:type\" content=\"article\" \/>\n<meta property=\"og:title\" content=\"Le mot du directeur - novembre 2019 - ELAN\" \/>\n<meta property=\"og:description\" content=\"A not-for-profit organization that connects, supports, and creates opportunities for English-speaking artists and cultural workers of all disciplines from every region of Quebec.\" \/>\n<meta property=\"og:url\" content=\"https:\/\/www.quebec-elan.org\/fr\/le-mot-du-directeur-novembre-2019\/\" \/>\n<meta property=\"og:site_name\" content=\"ELAN\" \/>\n<meta property=\"article:published_time\" content=\"2019-11-04T18:50:12+00:00\" \/>\n<meta property=\"og:image\" content=\"https:\/\/www.quebec-elan.org\/wp-content\/uploads\/2019\/11\/2017-76-with-commissioner-Saikaley-and-Yvon-Dery-Cropped.jpg\" \/>\n\t<meta property=\"og:image:width\" content=\"1221\" \/>\n\t<meta property=\"og:image:height\" content=\"987\" \/>\n\t<meta property=\"og:image:type\" content=\"image\/jpeg\" \/>\n<meta name=\"author\" content=\"Andre Elan Quebec\" \/>\n<meta name=\"twitter:card\" content=\"summary_large_image\" \/>\n<meta name=\"twitter:label1\" content=\"\u00c9crit par\" \/>\n\t<meta name=\"twitter:data1\" content=\"Andre Elan Quebec\" \/>\n\t<meta name=\"twitter:label2\" content=\"Dur\u00e9e de lecture estim\u00e9e\" \/>\n\t<meta name=\"twitter:data2\" content=\"1 minute\" \/>\n<script type=\"application\/ld+json\" class=\"yoast-schema-graph\">{\"@context\":\"https:\\\/\\\/schema.org\",\"@graph\":[{\"@type\":\"Article\",\"@id\":\"https:\\\/\\\/www.quebec-elan.org\\\/fr\\\/le-mot-du-directeur-novembre-2019\\\/#article\",\"isPartOf\":{\"@id\":\"https:\\\/\\\/www.quebec-elan.org\\\/fr\\\/le-mot-du-directeur-novembre-2019\\\/\"},\"author\":{\"name\":\"Andre Elan Quebec\",\"@id\":\"https:\\\/\\\/www.quebec-elan.org\\\/en\\\/#\\\/schema\\\/person\\\/4aaafbe7c737c481f7cc144f5237888f\"},\"headline\":\"Le mot du directeur &#8211; novembre 2019\",\"datePublished\":\"2019-11-04T18:50:12+00:00\",\"mainEntityOfPage\":{\"@id\":\"https:\\\/\\\/www.quebec-elan.org\\\/fr\\\/le-mot-du-directeur-novembre-2019\\\/\"},\"wordCount\":267,\"publisher\":{\"@id\":\"https:\\\/\\\/www.quebec-elan.org\\\/en\\\/#organization\"},\"image\":{\"@id\":\"https:\\\/\\\/www.quebec-elan.org\\\/fr\\\/le-mot-du-directeur-novembre-2019\\\/#primaryimage\"},\"thumbnailUrl\":\"https:\\\/\\\/www.quebec-elan.org\\\/wp-content\\\/uploads\\\/2019\\\/11\\\/2017-76-with-commissioner-Saikaley-and-Yvon-Dery-Cropped.jpg\",\"articleSection\":[\"Nouvelles\"],\"inLanguage\":\"fr-FR\"},{\"@type\":\"WebPage\",\"@id\":\"https:\\\/\\\/www.quebec-elan.org\\\/fr\\\/le-mot-du-directeur-novembre-2019\\\/\",\"url\":\"https:\\\/\\\/www.quebec-elan.org\\\/fr\\\/le-mot-du-directeur-novembre-2019\\\/\",\"name\":\"Le mot du directeur - novembre 2019 - ELAN\",\"isPartOf\":{\"@id\":\"https:\\\/\\\/www.quebec-elan.org\\\/en\\\/#website\"},\"primaryImageOfPage\":{\"@id\":\"https:\\\/\\\/www.quebec-elan.org\\\/fr\\\/le-mot-du-directeur-novembre-2019\\\/#primaryimage\"},\"image\":{\"@id\":\"https:\\\/\\\/www.quebec-elan.org\\\/fr\\\/le-mot-du-directeur-novembre-2019\\\/#primaryimage\"},\"thumbnailUrl\":\"https:\\\/\\\/www.quebec-elan.org\\\/wp-content\\\/uploads\\\/2019\\\/11\\\/2017-76-with-commissioner-Saikaley-and-Yvon-Dery-Cropped.jpg\",\"datePublished\":\"2019-11-04T18:50:12+00:00\",\"description\":\"A not-for-profit organization that connects, supports, and creates opportunities for English-speaking artists and cultural workers of all disciplines from every region of Quebec.\",\"breadcrumb\":{\"@id\":\"https:\\\/\\\/www.quebec-elan.org\\\/fr\\\/le-mot-du-directeur-novembre-2019\\\/#breadcrumb\"},\"inLanguage\":\"fr-FR\",\"potentialAction\":[{\"@type\":\"ReadAction\",\"target\":[\"https:\\\/\\\/www.quebec-elan.org\\\/fr\\\/le-mot-du-directeur-novembre-2019\\\/\"]}]},{\"@type\":\"ImageObject\",\"inLanguage\":\"fr-FR\",\"@id\":\"https:\\\/\\\/www.quebec-elan.org\\\/fr\\\/le-mot-du-directeur-novembre-2019\\\/#primaryimage\",\"url\":\"https:\\\/\\\/www.quebec-elan.org\\\/wp-content\\\/uploads\\\/2019\\\/11\\\/2017-76-with-commissioner-Saikaley-and-Yvon-Dery-Cropped.jpg\",\"contentUrl\":\"https:\\\/\\\/www.quebec-elan.org\\\/wp-content\\\/uploads\\\/2019\\\/11\\\/2017-76-with-commissioner-Saikaley-and-Yvon-Dery-Cropped.jpg\",\"width\":1221,\"height\":987},{\"@type\":\"BreadcrumbList\",\"@id\":\"https:\\\/\\\/www.quebec-elan.org\\\/fr\\\/le-mot-du-directeur-novembre-2019\\\/#breadcrumb\",\"itemListElement\":[{\"@type\":\"ListItem\",\"position\":1,\"name\":\"Home\",\"item\":\"https:\\\/\\\/www.quebec-elan.org\\\/fr\\\/\"},{\"@type\":\"ListItem\",\"position\":2,\"name\":\"Le mot du directeur &#8211; novembre 2019\"}]},{\"@type\":\"WebSite\",\"@id\":\"https:\\\/\\\/www.quebec-elan.org\\\/en\\\/#website\",\"url\":\"https:\\\/\\\/www.quebec-elan.org\\\/en\\\/\",\"name\":\"ELAN\",\"description\":\"English Language Arts Network\",\"publisher\":{\"@id\":\"https:\\\/\\\/www.quebec-elan.org\\\/en\\\/#organization\"},\"potentialAction\":[{\"@type\":\"SearchAction\",\"target\":{\"@type\":\"EntryPoint\",\"urlTemplate\":\"https:\\\/\\\/www.quebec-elan.org\\\/en\\\/?s={search_term_string}\"},\"query-input\":{\"@type\":\"PropertyValueSpecification\",\"valueRequired\":true,\"valueName\":\"search_term_string\"}}],\"inLanguage\":\"fr-FR\"},{\"@type\":\"Organization\",\"@id\":\"https:\\\/\\\/www.quebec-elan.org\\\/en\\\/#organization\",\"name\":\"ELAN - English Language Arts Network\",\"url\":\"https:\\\/\\\/www.quebec-elan.org\\\/en\\\/\",\"logo\":{\"@type\":\"ImageObject\",\"inLanguage\":\"fr-FR\",\"@id\":\"https:\\\/\\\/www.quebec-elan.org\\\/en\\\/#\\\/schema\\\/logo\\\/image\\\/\",\"url\":\"https:\\\/\\\/www.quebec-elan.org\\\/wp-content\\\/uploads\\\/2022\\\/05\\\/elan-logo-360.jpg\",\"contentUrl\":\"https:\\\/\\\/www.quebec-elan.org\\\/wp-content\\\/uploads\\\/2022\\\/05\\\/elan-logo-360.jpg\",\"width\":360,\"height\":70,\"caption\":\"ELAN - English Language Arts Network\"},\"image\":{\"@id\":\"https:\\\/\\\/www.quebec-elan.org\\\/en\\\/#\\\/schema\\\/logo\\\/image\\\/\"}},{\"@type\":\"Person\",\"@id\":\"https:\\\/\\\/www.quebec-elan.org\\\/en\\\/#\\\/schema\\\/person\\\/4aaafbe7c737c481f7cc144f5237888f\",\"name\":\"Andre Elan Quebec\",\"image\":{\"@type\":\"ImageObject\",\"inLanguage\":\"fr-FR\",\"@id\":\"https:\\\/\\\/secure.gravatar.com\\\/avatar\\\/7ea082d3d909c4cb837bac18df8ab3523b4a3b6bc196bc83d5ca7f186807bf4e?s=96&d=mm&r=g\",\"url\":\"https:\\\/\\\/secure.gravatar.com\\\/avatar\\\/7ea082d3d909c4cb837bac18df8ab3523b4a3b6bc196bc83d5ca7f186807bf4e?s=96&d=mm&r=g\",\"contentUrl\":\"https:\\\/\\\/secure.gravatar.com\\\/avatar\\\/7ea082d3d909c4cb837bac18df8ab3523b4a3b6bc196bc83d5ca7f186807bf4e?s=96&d=mm&r=g\",\"caption\":\"Andre Elan Quebec\"},\"description\":\"The English-Language Arts Network (ELAN) is a not-for-profit organization that connects, supports, and creates opportunities for Quebec\u2019s English-speaking artists and arts communities. ELAN members are individuals and organizations from a wide array of artistic disciplines, cultural and geographic backgrounds, and linguistic and cultural communities. Together this network reflects an evolving Qu\u00e9bec identity and celebrates the province\u2019s cultural, artistic, and social diversity.\",\"url\":\"https:\\\/\\\/www.quebec-elan.org\\\/fr\\\/author\\\/elan-quebec\\\/\"}]}<\/script>\n<!-- \/ Yoast SEO plugin. -->","yoast_head_json":{"title":"Le mot du directeur - novembre 2019 - ELAN","description":"A not-for-profit organization that connects, supports, and creates opportunities for English-speaking artists and cultural workers of all disciplines from every region of Quebec.","robots":{"index":"index","follow":"follow","max-snippet":"max-snippet:-1","max-image-preview":"max-image-preview:large","max-video-preview":"max-video-preview:-1"},"canonical":"https:\/\/www.quebec-elan.org\/fr\/le-mot-du-directeur-novembre-2019\/","og_locale":"fr_FR","og_type":"article","og_title":"Le mot du directeur - novembre 2019 - ELAN","og_description":"A not-for-profit organization that connects, supports, and creates opportunities for English-speaking artists and cultural workers of all disciplines from every region of Quebec.","og_url":"https:\/\/www.quebec-elan.org\/fr\/le-mot-du-directeur-novembre-2019\/","og_site_name":"ELAN","article_published_time":"2019-11-04T18:50:12+00:00","og_image":[{"width":1221,"height":987,"url":"https:\/\/www.quebec-elan.org\/wp-content\/uploads\/2019\/11\/2017-76-with-commissioner-Saikaley-and-Yvon-Dery-Cropped.jpg","type":"image\/jpeg"}],"author":"Andre Elan Quebec","twitter_card":"summary_large_image","twitter_misc":{"\u00c9crit par":"Andre Elan Quebec","Dur\u00e9e de lecture estim\u00e9e":"1 minute"},"schema":{"@context":"https:\/\/schema.org","@graph":[{"@type":"Article","@id":"https:\/\/www.quebec-elan.org\/fr\/le-mot-du-directeur-novembre-2019\/#article","isPartOf":{"@id":"https:\/\/www.quebec-elan.org\/fr\/le-mot-du-directeur-novembre-2019\/"},"author":{"name":"Andre Elan Quebec","@id":"https:\/\/www.quebec-elan.org\/en\/#\/schema\/person\/4aaafbe7c737c481f7cc144f5237888f"},"headline":"Le mot du directeur &#8211; novembre 2019","datePublished":"2019-11-04T18:50:12+00:00","mainEntityOfPage":{"@id":"https:\/\/www.quebec-elan.org\/fr\/le-mot-du-directeur-novembre-2019\/"},"wordCount":267,"publisher":{"@id":"https:\/\/www.quebec-elan.org\/en\/#organization"},"image":{"@id":"https:\/\/www.quebec-elan.org\/fr\/le-mot-du-directeur-novembre-2019\/#primaryimage"},"thumbnailUrl":"https:\/\/www.quebec-elan.org\/wp-content\/uploads\/2019\/11\/2017-76-with-commissioner-Saikaley-and-Yvon-Dery-Cropped.jpg","articleSection":["Nouvelles"],"inLanguage":"fr-FR"},{"@type":"WebPage","@id":"https:\/\/www.quebec-elan.org\/fr\/le-mot-du-directeur-novembre-2019\/","url":"https:\/\/www.quebec-elan.org\/fr\/le-mot-du-directeur-novembre-2019\/","name":"Le mot du directeur - novembre 2019 - ELAN","isPartOf":{"@id":"https:\/\/www.quebec-elan.org\/en\/#website"},"primaryImageOfPage":{"@id":"https:\/\/www.quebec-elan.org\/fr\/le-mot-du-directeur-novembre-2019\/#primaryimage"},"image":{"@id":"https:\/\/www.quebec-elan.org\/fr\/le-mot-du-directeur-novembre-2019\/#primaryimage"},"thumbnailUrl":"https:\/\/www.quebec-elan.org\/wp-content\/uploads\/2019\/11\/2017-76-with-commissioner-Saikaley-and-Yvon-Dery-Cropped.jpg","datePublished":"2019-11-04T18:50:12+00:00","description":"A not-for-profit organization that connects, supports, and creates opportunities for English-speaking artists and cultural workers of all disciplines from every region of Quebec.","breadcrumb":{"@id":"https:\/\/www.quebec-elan.org\/fr\/le-mot-du-directeur-novembre-2019\/#breadcrumb"},"inLanguage":"fr-FR","potentialAction":[{"@type":"ReadAction","target":["https:\/\/www.quebec-elan.org\/fr\/le-mot-du-directeur-novembre-2019\/"]}]},{"@type":"ImageObject","inLanguage":"fr-FR","@id":"https:\/\/www.quebec-elan.org\/fr\/le-mot-du-directeur-novembre-2019\/#primaryimage","url":"https:\/\/www.quebec-elan.org\/wp-content\/uploads\/2019\/11\/2017-76-with-commissioner-Saikaley-and-Yvon-Dery-Cropped.jpg","contentUrl":"https:\/\/www.quebec-elan.org\/wp-content\/uploads\/2019\/11\/2017-76-with-commissioner-Saikaley-and-Yvon-Dery-Cropped.jpg","width":1221,"height":987},{"@type":"BreadcrumbList","@id":"https:\/\/www.quebec-elan.org\/fr\/le-mot-du-directeur-novembre-2019\/#breadcrumb","itemListElement":[{"@type":"ListItem","position":1,"name":"Home","item":"https:\/\/www.quebec-elan.org\/fr\/"},{"@type":"ListItem","position":2,"name":"Le mot du directeur &#8211; novembre 2019"}]},{"@type":"WebSite","@id":"https:\/\/www.quebec-elan.org\/en\/#website","url":"https:\/\/www.quebec-elan.org\/en\/","name":"ELAN","description":"English Language Arts Network","publisher":{"@id":"https:\/\/www.quebec-elan.org\/en\/#organization"},"potentialAction":[{"@type":"SearchAction","target":{"@type":"EntryPoint","urlTemplate":"https:\/\/www.quebec-elan.org\/en\/?s={search_term_string}"},"query-input":{"@type":"PropertyValueSpecification","valueRequired":true,"valueName":"search_term_string"}}],"inLanguage":"fr-FR"},{"@type":"Organization","@id":"https:\/\/www.quebec-elan.org\/en\/#organization","name":"ELAN - English Language Arts Network","url":"https:\/\/www.quebec-elan.org\/en\/","logo":{"@type":"ImageObject","inLanguage":"fr-FR","@id":"https:\/\/www.quebec-elan.org\/en\/#\/schema\/logo\/image\/","url":"https:\/\/www.quebec-elan.org\/wp-content\/uploads\/2022\/05\/elan-logo-360.jpg","contentUrl":"https:\/\/www.quebec-elan.org\/wp-content\/uploads\/2022\/05\/elan-logo-360.jpg","width":360,"height":70,"caption":"ELAN - English Language Arts Network"},"image":{"@id":"https:\/\/www.quebec-elan.org\/en\/#\/schema\/logo\/image\/"}},{"@type":"Person","@id":"https:\/\/www.quebec-elan.org\/en\/#\/schema\/person\/4aaafbe7c737c481f7cc144f5237888f","name":"Andre Elan Quebec","image":{"@type":"ImageObject","inLanguage":"fr-FR","@id":"https:\/\/secure.gravatar.com\/avatar\/7ea082d3d909c4cb837bac18df8ab3523b4a3b6bc196bc83d5ca7f186807bf4e?s=96&d=mm&r=g","url":"https:\/\/secure.gravatar.com\/avatar\/7ea082d3d909c4cb837bac18df8ab3523b4a3b6bc196bc83d5ca7f186807bf4e?s=96&d=mm&r=g","contentUrl":"https:\/\/secure.gravatar.com\/avatar\/7ea082d3d909c4cb837bac18df8ab3523b4a3b6bc196bc83d5ca7f186807bf4e?s=96&d=mm&r=g","caption":"Andre Elan Quebec"},"description":"The English-Language Arts Network (ELAN) is a not-for-profit organization that connects, supports, and creates opportunities for Quebec\u2019s English-speaking artists and arts communities. ELAN members are individuals and organizations from a wide array of artistic disciplines, cultural and geographic backgrounds, and linguistic and cultural communities. Together this network reflects an evolving Qu\u00e9bec identity and celebrates the province\u2019s cultural, artistic, and social diversity.","url":"https:\/\/www.quebec-elan.org\/fr\/author\/elan-quebec\/"}]}},"_links":{"self":[{"href":"https:\/\/www.quebec-elan.org\/fr\/wp-json\/wp\/v2\/posts\/31042","targetHints":{"allow":["GET"]}}],"collection":[{"href":"https:\/\/www.quebec-elan.org\/fr\/wp-json\/wp\/v2\/posts"}],"about":[{"href":"https:\/\/www.quebec-elan.org\/fr\/wp-json\/wp\/v2\/types\/post"}],"author":[{"embeddable":true,"href":"https:\/\/www.quebec-elan.org\/fr\/wp-json\/wp\/v2\/users\/234"}],"replies":[{"embeddable":true,"href":"https:\/\/www.quebec-elan.org\/fr\/wp-json\/wp\/v2\/comments?post=31042"}],"version-history":[{"count":2,"href":"https:\/\/www.quebec-elan.org\/fr\/wp-json\/wp\/v2\/posts\/31042\/revisions"}],"predecessor-version":[{"id":31044,"href":"https:\/\/www.quebec-elan.org\/fr\/wp-json\/wp\/v2\/posts\/31042\/revisions\/31044"}],"wp:featuredmedia":[{"embeddable":true,"href":"https:\/\/www.quebec-elan.org\/fr\/wp-json\/wp\/v2\/media\/30993"}],"wp:attachment":[{"href":"https:\/\/www.quebec-elan.org\/fr\/wp-json\/wp\/v2\/media?parent=31042"}],"wp:term":[{"taxonomy":"category","embeddable":true,"href":"https:\/\/www.quebec-elan.org\/fr\/wp-json\/wp\/v2\/categories?post=31042"},{"taxonomy":"post_tag","embeddable":true,"href":"https:\/\/www.quebec-elan.org\/fr\/wp-json\/wp\/v2\/tags?post=31042"}],"curies":[{"name":"wp","href":"https:\/\/api.w.org\/{rel}","templated":true}]}}