{"id":34401,"date":"2020-09-01T14:33:13","date_gmt":"2020-09-01T14:33:13","guid":{"rendered":"https:\/\/www.quebec-elan.org\/?p=34401"},"modified":"2020-09-01T15:03:34","modified_gmt":"2020-09-01T15:03:34","slug":"relations-quebec-aider-votre-organisation-a-terminer-2020-sur-une-bonne-note","status":"publish","type":"post","link":"https:\/\/www.quebec-elan.org\/fr\/relations-quebec-aider-votre-organisation-a-terminer-2020-sur-une-bonne-note\/","title":{"rendered":"Relations Qu\u00e9bec : aider votre organisation \u00e0 terminer 2020 sur une bonne note!"},"content":{"rendered":"<p><span lang=\"fr-CA\">Le mois de septembre est arriv\u00e9 et c\u2019est le moment id\u00e9al pour d\u00e9couvrir comment Relations Qu\u00e9bec peut vous aider \u00e0 profiter au maximum des mois \u00e0 venir! Qu&rsquo;il s&rsquo;agisse de webinaires accessibles et informatifs ou d&rsquo;un soutien individuel pour vous aider \u00e0 trouver du financement, nous fournissons aux organisations d\u2019expression anglaise en art et culture les ressources dont elles ont besoin non seulement pour gagner une certaine stabilit\u00e9 maintenant, mais aussi pour pouvoir prosp\u00e9rer en 2021 et au-del\u00e0.<\/span><\/p>\n<p><span lang=\"fr-CA\">Commencez par <\/span><span style=\"color: #0054a6;\"><strong><span lang=\"fr-CA\"><a style=\"color: #0054a6;\" href=\"https:\/\/www.quebec-elan.org\/quebec-relations\/\">consulter les archives vid\u00e9o<\/a><\/span><\/strong><\/span><span lang=\"fr-CA\"> de notre s\u00e9rie de webinaires mensuels pour une gamme d\u2019informations au sujet du financement provincial. Trouvez des ressources pour vous aider stabiliser vos op\u00e9rations durant COVID-19, des conseils sur la mon\u00e9tisation de vos diffusions en flux continu, des programmes de soutien utiles en dehors du secteur des arts, ou m\u00eame les \u00e9tapes n\u00e9cessaires pour la mise en place et le fonctionnement de votre organisation \u00e0 but non lucrative en premier lieu. Bref, il existe de nombreuses ressources ici pour vous aider \u00e0 faire passer votre travail au niveau sup\u00e9rieur.<\/span><\/p>\n<p><span lang=\"fr-CA\">Et<\/span><span lang=\"fr-CA\"> ce n\u2019est que la premi\u00e8re \u00e9tape : quand il s\u2019agit de trouver le financement qui vous convient, nous sommes l\u00e0 pour vous fournir un soutien personnalis\u00e9! Planifiez une consultation individuelle et nous nous chargerons de la recherche pour vous pr\u00e9senter toutes les programmes de financement provinciaux qui vous conviennent. Et pour ceux qui ont besoin d\u2019un coup de main suppl\u00e9mentaire, nous offrons une assistance gratuite \u00e0 la r\u00e9daction de demandes de subvention pour vous aider \u00e0 peaufiner la v\u00f4tre et \u00e0 maximiser vos chances de r\u00e9ussir.<\/span><\/p>\n<p><span lang=\"fr-CA\"><strong>Avec de telles ressources disponibles, pourquoi attendre? <\/strong><br \/>\nContactez-nous d\u00e8s aujourd&rsquo;hui \u00e0<\/span><strong> <span style=\"color: #0054a6;\"><a style=\"color: #0054a6;\" href=\"mailto:research@quebec-elan.org\"><span lang=\"fr-CA\">research@quebec-elan.or<\/span><span lang=\"fr-CA\">g<\/span> <\/a><\/span><\/strong><span lang=\"fr-CA\">pour planifier une consultation et obtenir du soutien avec vos demandes de subvention. Assurez-vous de commencer 2021 pr\u00eat \u00e0 r\u00e9ussir!<\/span><\/p>\n","protected":false},"excerpt":{"rendered":"<p>Le mois de septembre est arriv\u00e9 et c\u2019est le moment id\u00e9al pour d\u00e9couvrir comment Relations Qu\u00e9bec peut vous aider \u00e0 profiter au maximum des mois \u00e0 venir! Qu&rsquo;il s&rsquo;agisse de webinaires accessibles et informatifs ou d&rsquo;un soutien individuel pour vous aider \u00e0 trouver du financement, nous fournissons aux organisations d\u2019expression anglaise en art et culture [&hellip;]<\/p>\n","protected":false},"author":234,"featured_media":33883,"comment_status":"closed","ping_status":"closed","sticky":false,"template":"","format":"standard","meta":{"footnotes":""},"categories":[149,398],"tags":[395,424,434],"class_list":["post-34401","post","type-post","status-publish","format-standard","has-post-thumbnail","hentry","category-nouvelles","category-relations-quebec","tag-elan-fr","tag-projects-fr","tag-quebec-relations-fr"],"yoast_head":"<!-- This site is optimized with the Yoast SEO plugin v27.5 - https:\/\/yoast.com\/product\/yoast-seo-wordpress\/ -->\n<title>Relations Qu\u00e9bec : aider votre organisation \u00e0 terminer 2020 sur une bonne note! - ELAN<\/title>\n<meta name=\"description\" content=\"A not-for-profit organization that connects, supports, and creates opportunities for English-speaking artists and cultural workers of all disciplines from every region of Quebec.\" \/>\n<meta name=\"robots\" content=\"index, follow, max-snippet:-1, max-image-preview:large, max-video-preview:-1\" \/>\n<link rel=\"canonical\" href=\"https:\/\/www.quebec-elan.org\/fr\/relations-quebec-aider-votre-organisation-a-terminer-2020-sur-une-bonne-note\/\" \/>\n<meta property=\"og:locale\" content=\"fr_FR\" \/>\n<meta property=\"og:type\" content=\"article\" \/>\n<meta property=\"og:title\" content=\"Relations Qu\u00e9bec : aider votre organisation \u00e0 terminer 2020 sur une bonne note! - ELAN\" \/>\n<meta property=\"og:description\" content=\"A not-for-profit organization that connects, supports, and creates opportunities for English-speaking artists and cultural workers of all disciplines from every region of Quebec.\" \/>\n<meta property=\"og:url\" content=\"https:\/\/www.quebec-elan.org\/fr\/relations-quebec-aider-votre-organisation-a-terminer-2020-sur-une-bonne-note\/\" \/>\n<meta property=\"og:site_name\" content=\"ELAN\" \/>\n<meta property=\"article:published_time\" content=\"2020-09-01T14:33:13+00:00\" \/>\n<meta property=\"article:modified_time\" content=\"2020-09-01T15:03:34+00:00\" \/>\n<meta property=\"og:image\" content=\"https:\/\/www.quebec-elan.org\/wp-content\/uploads\/2020\/06\/web-blog.gif\" \/>\n\t<meta property=\"og:image:width\" content=\"800\" \/>\n\t<meta property=\"og:image:height\" content=\"310\" \/>\n\t<meta property=\"og:image:type\" content=\"image\/gif\" \/>\n<meta name=\"author\" content=\"Andre Elan Quebec\" \/>\n<meta name=\"twitter:card\" content=\"summary_large_image\" \/>\n<meta name=\"twitter:label1\" content=\"\u00c9crit par\" \/>\n\t<meta name=\"twitter:data1\" content=\"Andre Elan Quebec\" \/>\n\t<meta name=\"twitter:label2\" content=\"Dur\u00e9e de lecture estim\u00e9e\" \/>\n\t<meta name=\"twitter:data2\" content=\"2 minutes\" \/>\n<script type=\"application\/ld+json\" class=\"yoast-schema-graph\">{\"@context\":\"https:\\\/\\\/schema.org\",\"@graph\":[{\"@type\":\"Article\",\"@id\":\"https:\\\/\\\/www.quebec-elan.org\\\/fr\\\/relations-quebec-aider-votre-organisation-a-terminer-2020-sur-une-bonne-note\\\/#article\",\"isPartOf\":{\"@id\":\"https:\\\/\\\/www.quebec-elan.org\\\/fr\\\/relations-quebec-aider-votre-organisation-a-terminer-2020-sur-une-bonne-note\\\/\"},\"author\":{\"name\":\"Andre Elan Quebec\",\"@id\":\"https:\\\/\\\/www.quebec-elan.org\\\/en\\\/#\\\/schema\\\/person\\\/4aaafbe7c737c481f7cc144f5237888f\"},\"headline\":\"Relations Qu\u00e9bec : aider votre organisation \u00e0 terminer 2020 sur une bonne note!\",\"datePublished\":\"2020-09-01T14:33:13+00:00\",\"dateModified\":\"2020-09-01T15:03:34+00:00\",\"mainEntityOfPage\":{\"@id\":\"https:\\\/\\\/www.quebec-elan.org\\\/fr\\\/relations-quebec-aider-votre-organisation-a-terminer-2020-sur-une-bonne-note\\\/\"},\"wordCount\":323,\"publisher\":{\"@id\":\"https:\\\/\\\/www.quebec-elan.org\\\/en\\\/#organization\"},\"image\":{\"@id\":\"https:\\\/\\\/www.quebec-elan.org\\\/fr\\\/relations-quebec-aider-votre-organisation-a-terminer-2020-sur-une-bonne-note\\\/#primaryimage\"},\"thumbnailUrl\":\"https:\\\/\\\/www.quebec-elan.org\\\/wp-content\\\/uploads\\\/2020\\\/06\\\/web-blog.gif\",\"keywords\":[\"ELAN\",\"Projects\",\"Qu\u00e9bec Relations\"],\"articleSection\":[\"Nouvelles\",\"Relations Qu\u00e9bec\"],\"inLanguage\":\"fr-FR\"},{\"@type\":\"WebPage\",\"@id\":\"https:\\\/\\\/www.quebec-elan.org\\\/fr\\\/relations-quebec-aider-votre-organisation-a-terminer-2020-sur-une-bonne-note\\\/\",\"url\":\"https:\\\/\\\/www.quebec-elan.org\\\/fr\\\/relations-quebec-aider-votre-organisation-a-terminer-2020-sur-une-bonne-note\\\/\",\"name\":\"Relations Qu\u00e9bec : aider votre organisation \u00e0 terminer 2020 sur une bonne note! - ELAN\",\"isPartOf\":{\"@id\":\"https:\\\/\\\/www.quebec-elan.org\\\/en\\\/#website\"},\"primaryImageOfPage\":{\"@id\":\"https:\\\/\\\/www.quebec-elan.org\\\/fr\\\/relations-quebec-aider-votre-organisation-a-terminer-2020-sur-une-bonne-note\\\/#primaryimage\"},\"image\":{\"@id\":\"https:\\\/\\\/www.quebec-elan.org\\\/fr\\\/relations-quebec-aider-votre-organisation-a-terminer-2020-sur-une-bonne-note\\\/#primaryimage\"},\"thumbnailUrl\":\"https:\\\/\\\/www.quebec-elan.org\\\/wp-content\\\/uploads\\\/2020\\\/06\\\/web-blog.gif\",\"datePublished\":\"2020-09-01T14:33:13+00:00\",\"dateModified\":\"2020-09-01T15:03:34+00:00\",\"description\":\"A not-for-profit organization that connects, supports, and creates opportunities for English-speaking artists and cultural workers of all disciplines from every region of Quebec.\",\"breadcrumb\":{\"@id\":\"https:\\\/\\\/www.quebec-elan.org\\\/fr\\\/relations-quebec-aider-votre-organisation-a-terminer-2020-sur-une-bonne-note\\\/#breadcrumb\"},\"inLanguage\":\"fr-FR\",\"potentialAction\":[{\"@type\":\"ReadAction\",\"target\":[\"https:\\\/\\\/www.quebec-elan.org\\\/fr\\\/relations-quebec-aider-votre-organisation-a-terminer-2020-sur-une-bonne-note\\\/\"]}]},{\"@type\":\"ImageObject\",\"inLanguage\":\"fr-FR\",\"@id\":\"https:\\\/\\\/www.quebec-elan.org\\\/fr\\\/relations-quebec-aider-votre-organisation-a-terminer-2020-sur-une-bonne-note\\\/#primaryimage\",\"url\":\"https:\\\/\\\/www.quebec-elan.org\\\/wp-content\\\/uploads\\\/2020\\\/06\\\/web-blog.gif\",\"contentUrl\":\"https:\\\/\\\/www.quebec-elan.org\\\/wp-content\\\/uploads\\\/2020\\\/06\\\/web-blog.gif\",\"width\":800,\"height\":310,\"caption\":\"Qu\u00e9bec Relations Updates!\"},{\"@type\":\"BreadcrumbList\",\"@id\":\"https:\\\/\\\/www.quebec-elan.org\\\/fr\\\/relations-quebec-aider-votre-organisation-a-terminer-2020-sur-une-bonne-note\\\/#breadcrumb\",\"itemListElement\":[{\"@type\":\"ListItem\",\"position\":1,\"name\":\"Home\",\"item\":\"https:\\\/\\\/www.quebec-elan.org\\\/fr\\\/\"},{\"@type\":\"ListItem\",\"position\":2,\"name\":\"Relations Qu\u00e9bec : aider votre organisation \u00e0 terminer 2020 sur une bonne note!\"}]},{\"@type\":\"WebSite\",\"@id\":\"https:\\\/\\\/www.quebec-elan.org\\\/en\\\/#website\",\"url\":\"https:\\\/\\\/www.quebec-elan.org\\\/en\\\/\",\"name\":\"ELAN\",\"description\":\"English Language Arts Network\",\"publisher\":{\"@id\":\"https:\\\/\\\/www.quebec-elan.org\\\/en\\\/#organization\"},\"potentialAction\":[{\"@type\":\"SearchAction\",\"target\":{\"@type\":\"EntryPoint\",\"urlTemplate\":\"https:\\\/\\\/www.quebec-elan.org\\\/en\\\/?s={search_term_string}\"},\"query-input\":{\"@type\":\"PropertyValueSpecification\",\"valueRequired\":true,\"valueName\":\"search_term_string\"}}],\"inLanguage\":\"fr-FR\"},{\"@type\":\"Organization\",\"@id\":\"https:\\\/\\\/www.quebec-elan.org\\\/en\\\/#organization\",\"name\":\"ELAN - English Language Arts Network\",\"url\":\"https:\\\/\\\/www.quebec-elan.org\\\/en\\\/\",\"logo\":{\"@type\":\"ImageObject\",\"inLanguage\":\"fr-FR\",\"@id\":\"https:\\\/\\\/www.quebec-elan.org\\\/en\\\/#\\\/schema\\\/logo\\\/image\\\/\",\"url\":\"https:\\\/\\\/www.quebec-elan.org\\\/wp-content\\\/uploads\\\/2022\\\/05\\\/elan-logo-360.jpg\",\"contentUrl\":\"https:\\\/\\\/www.quebec-elan.org\\\/wp-content\\\/uploads\\\/2022\\\/05\\\/elan-logo-360.jpg\",\"width\":360,\"height\":70,\"caption\":\"ELAN - English Language Arts Network\"},\"image\":{\"@id\":\"https:\\\/\\\/www.quebec-elan.org\\\/en\\\/#\\\/schema\\\/logo\\\/image\\\/\"}},{\"@type\":\"Person\",\"@id\":\"https:\\\/\\\/www.quebec-elan.org\\\/en\\\/#\\\/schema\\\/person\\\/4aaafbe7c737c481f7cc144f5237888f\",\"name\":\"Andre Elan Quebec\",\"image\":{\"@type\":\"ImageObject\",\"inLanguage\":\"fr-FR\",\"@id\":\"https:\\\/\\\/secure.gravatar.com\\\/avatar\\\/7ea082d3d909c4cb837bac18df8ab3523b4a3b6bc196bc83d5ca7f186807bf4e?s=96&d=mm&r=g\",\"url\":\"https:\\\/\\\/secure.gravatar.com\\\/avatar\\\/7ea082d3d909c4cb837bac18df8ab3523b4a3b6bc196bc83d5ca7f186807bf4e?s=96&d=mm&r=g\",\"contentUrl\":\"https:\\\/\\\/secure.gravatar.com\\\/avatar\\\/7ea082d3d909c4cb837bac18df8ab3523b4a3b6bc196bc83d5ca7f186807bf4e?s=96&d=mm&r=g\",\"caption\":\"Andre Elan Quebec\"},\"description\":\"The English-Language Arts Network (ELAN) is a not-for-profit organization that connects, supports, and creates opportunities for Quebec\u2019s English-speaking artists and arts communities. ELAN members are individuals and organizations from a wide array of artistic disciplines, cultural and geographic backgrounds, and linguistic and cultural communities. Together this network reflects an evolving Qu\u00e9bec identity and celebrates the province\u2019s cultural, artistic, and social diversity.\",\"url\":\"https:\\\/\\\/www.quebec-elan.org\\\/fr\\\/author\\\/elan-quebec\\\/\"}]}<\/script>\n<!-- \/ Yoast SEO plugin. -->","yoast_head_json":{"title":"Relations Qu\u00e9bec : aider votre organisation \u00e0 terminer 2020 sur une bonne note! - ELAN","description":"A not-for-profit organization that connects, supports, and creates opportunities for English-speaking artists and cultural workers of all disciplines from every region of Quebec.","robots":{"index":"index","follow":"follow","max-snippet":"max-snippet:-1","max-image-preview":"max-image-preview:large","max-video-preview":"max-video-preview:-1"},"canonical":"https:\/\/www.quebec-elan.org\/fr\/relations-quebec-aider-votre-organisation-a-terminer-2020-sur-une-bonne-note\/","og_locale":"fr_FR","og_type":"article","og_title":"Relations Qu\u00e9bec : aider votre organisation \u00e0 terminer 2020 sur une bonne note! - ELAN","og_description":"A not-for-profit organization that connects, supports, and creates opportunities for English-speaking artists and cultural workers of all disciplines from every region of Quebec.","og_url":"https:\/\/www.quebec-elan.org\/fr\/relations-quebec-aider-votre-organisation-a-terminer-2020-sur-une-bonne-note\/","og_site_name":"ELAN","article_published_time":"2020-09-01T14:33:13+00:00","article_modified_time":"2020-09-01T15:03:34+00:00","og_image":[{"width":800,"height":310,"url":"https:\/\/www.quebec-elan.org\/wp-content\/uploads\/2020\/06\/web-blog.gif","type":"image\/gif"}],"author":"Andre Elan Quebec","twitter_card":"summary_large_image","twitter_misc":{"\u00c9crit par":"Andre Elan Quebec","Dur\u00e9e de lecture estim\u00e9e":"2 minutes"},"schema":{"@context":"https:\/\/schema.org","@graph":[{"@type":"Article","@id":"https:\/\/www.quebec-elan.org\/fr\/relations-quebec-aider-votre-organisation-a-terminer-2020-sur-une-bonne-note\/#article","isPartOf":{"@id":"https:\/\/www.quebec-elan.org\/fr\/relations-quebec-aider-votre-organisation-a-terminer-2020-sur-une-bonne-note\/"},"author":{"name":"Andre Elan Quebec","@id":"https:\/\/www.quebec-elan.org\/en\/#\/schema\/person\/4aaafbe7c737c481f7cc144f5237888f"},"headline":"Relations Qu\u00e9bec : aider votre organisation \u00e0 terminer 2020 sur une bonne note!","datePublished":"2020-09-01T14:33:13+00:00","dateModified":"2020-09-01T15:03:34+00:00","mainEntityOfPage":{"@id":"https:\/\/www.quebec-elan.org\/fr\/relations-quebec-aider-votre-organisation-a-terminer-2020-sur-une-bonne-note\/"},"wordCount":323,"publisher":{"@id":"https:\/\/www.quebec-elan.org\/en\/#organization"},"image":{"@id":"https:\/\/www.quebec-elan.org\/fr\/relations-quebec-aider-votre-organisation-a-terminer-2020-sur-une-bonne-note\/#primaryimage"},"thumbnailUrl":"https:\/\/www.quebec-elan.org\/wp-content\/uploads\/2020\/06\/web-blog.gif","keywords":["ELAN","Projects","Qu\u00e9bec Relations"],"articleSection":["Nouvelles","Relations Qu\u00e9bec"],"inLanguage":"fr-FR"},{"@type":"WebPage","@id":"https:\/\/www.quebec-elan.org\/fr\/relations-quebec-aider-votre-organisation-a-terminer-2020-sur-une-bonne-note\/","url":"https:\/\/www.quebec-elan.org\/fr\/relations-quebec-aider-votre-organisation-a-terminer-2020-sur-une-bonne-note\/","name":"Relations Qu\u00e9bec : aider votre organisation \u00e0 terminer 2020 sur une bonne note! - ELAN","isPartOf":{"@id":"https:\/\/www.quebec-elan.org\/en\/#website"},"primaryImageOfPage":{"@id":"https:\/\/www.quebec-elan.org\/fr\/relations-quebec-aider-votre-organisation-a-terminer-2020-sur-une-bonne-note\/#primaryimage"},"image":{"@id":"https:\/\/www.quebec-elan.org\/fr\/relations-quebec-aider-votre-organisation-a-terminer-2020-sur-une-bonne-note\/#primaryimage"},"thumbnailUrl":"https:\/\/www.quebec-elan.org\/wp-content\/uploads\/2020\/06\/web-blog.gif","datePublished":"2020-09-01T14:33:13+00:00","dateModified":"2020-09-01T15:03:34+00:00","description":"A not-for-profit organization that connects, supports, and creates opportunities for English-speaking artists and cultural workers of all disciplines from every region of Quebec.","breadcrumb":{"@id":"https:\/\/www.quebec-elan.org\/fr\/relations-quebec-aider-votre-organisation-a-terminer-2020-sur-une-bonne-note\/#breadcrumb"},"inLanguage":"fr-FR","potentialAction":[{"@type":"ReadAction","target":["https:\/\/www.quebec-elan.org\/fr\/relations-quebec-aider-votre-organisation-a-terminer-2020-sur-une-bonne-note\/"]}]},{"@type":"ImageObject","inLanguage":"fr-FR","@id":"https:\/\/www.quebec-elan.org\/fr\/relations-quebec-aider-votre-organisation-a-terminer-2020-sur-une-bonne-note\/#primaryimage","url":"https:\/\/www.quebec-elan.org\/wp-content\/uploads\/2020\/06\/web-blog.gif","contentUrl":"https:\/\/www.quebec-elan.org\/wp-content\/uploads\/2020\/06\/web-blog.gif","width":800,"height":310,"caption":"Qu\u00e9bec Relations Updates!"},{"@type":"BreadcrumbList","@id":"https:\/\/www.quebec-elan.org\/fr\/relations-quebec-aider-votre-organisation-a-terminer-2020-sur-une-bonne-note\/#breadcrumb","itemListElement":[{"@type":"ListItem","position":1,"name":"Home","item":"https:\/\/www.quebec-elan.org\/fr\/"},{"@type":"ListItem","position":2,"name":"Relations Qu\u00e9bec : aider votre organisation \u00e0 terminer 2020 sur une bonne note!"}]},{"@type":"WebSite","@id":"https:\/\/www.quebec-elan.org\/en\/#website","url":"https:\/\/www.quebec-elan.org\/en\/","name":"ELAN","description":"English Language Arts Network","publisher":{"@id":"https:\/\/www.quebec-elan.org\/en\/#organization"},"potentialAction":[{"@type":"SearchAction","target":{"@type":"EntryPoint","urlTemplate":"https:\/\/www.quebec-elan.org\/en\/?s={search_term_string}"},"query-input":{"@type":"PropertyValueSpecification","valueRequired":true,"valueName":"search_term_string"}}],"inLanguage":"fr-FR"},{"@type":"Organization","@id":"https:\/\/www.quebec-elan.org\/en\/#organization","name":"ELAN - English Language Arts Network","url":"https:\/\/www.quebec-elan.org\/en\/","logo":{"@type":"ImageObject","inLanguage":"fr-FR","@id":"https:\/\/www.quebec-elan.org\/en\/#\/schema\/logo\/image\/","url":"https:\/\/www.quebec-elan.org\/wp-content\/uploads\/2022\/05\/elan-logo-360.jpg","contentUrl":"https:\/\/www.quebec-elan.org\/wp-content\/uploads\/2022\/05\/elan-logo-360.jpg","width":360,"height":70,"caption":"ELAN - English Language Arts Network"},"image":{"@id":"https:\/\/www.quebec-elan.org\/en\/#\/schema\/logo\/image\/"}},{"@type":"Person","@id":"https:\/\/www.quebec-elan.org\/en\/#\/schema\/person\/4aaafbe7c737c481f7cc144f5237888f","name":"Andre Elan Quebec","image":{"@type":"ImageObject","inLanguage":"fr-FR","@id":"https:\/\/secure.gravatar.com\/avatar\/7ea082d3d909c4cb837bac18df8ab3523b4a3b6bc196bc83d5ca7f186807bf4e?s=96&d=mm&r=g","url":"https:\/\/secure.gravatar.com\/avatar\/7ea082d3d909c4cb837bac18df8ab3523b4a3b6bc196bc83d5ca7f186807bf4e?s=96&d=mm&r=g","contentUrl":"https:\/\/secure.gravatar.com\/avatar\/7ea082d3d909c4cb837bac18df8ab3523b4a3b6bc196bc83d5ca7f186807bf4e?s=96&d=mm&r=g","caption":"Andre Elan Quebec"},"description":"The English-Language Arts Network (ELAN) is a not-for-profit organization that connects, supports, and creates opportunities for Quebec\u2019s English-speaking artists and arts communities. ELAN members are individuals and organizations from a wide array of artistic disciplines, cultural and geographic backgrounds, and linguistic and cultural communities. Together this network reflects an evolving Qu\u00e9bec identity and celebrates the province\u2019s cultural, artistic, and social diversity.","url":"https:\/\/www.quebec-elan.org\/fr\/author\/elan-quebec\/"}]}},"_links":{"self":[{"href":"https:\/\/www.quebec-elan.org\/fr\/wp-json\/wp\/v2\/posts\/34401","targetHints":{"allow":["GET"]}}],"collection":[{"href":"https:\/\/www.quebec-elan.org\/fr\/wp-json\/wp\/v2\/posts"}],"about":[{"href":"https:\/\/www.quebec-elan.org\/fr\/wp-json\/wp\/v2\/types\/post"}],"author":[{"embeddable":true,"href":"https:\/\/www.quebec-elan.org\/fr\/wp-json\/wp\/v2\/users\/234"}],"replies":[{"embeddable":true,"href":"https:\/\/www.quebec-elan.org\/fr\/wp-json\/wp\/v2\/comments?post=34401"}],"version-history":[{"count":0,"href":"https:\/\/www.quebec-elan.org\/fr\/wp-json\/wp\/v2\/posts\/34401\/revisions"}],"wp:featuredmedia":[{"embeddable":true,"href":"https:\/\/www.quebec-elan.org\/fr\/wp-json\/wp\/v2\/media\/33883"}],"wp:attachment":[{"href":"https:\/\/www.quebec-elan.org\/fr\/wp-json\/wp\/v2\/media?parent=34401"}],"wp:term":[{"taxonomy":"category","embeddable":true,"href":"https:\/\/www.quebec-elan.org\/fr\/wp-json\/wp\/v2\/categories?post=34401"},{"taxonomy":"post_tag","embeddable":true,"href":"https:\/\/www.quebec-elan.org\/fr\/wp-json\/wp\/v2\/tags?post=34401"}],"curies":[{"name":"wp","href":"https:\/\/api.w.org\/{rel}","templated":true}]}}