{"id":34408,"date":"2020-09-01T14:45:52","date_gmt":"2020-09-01T14:45:52","guid":{"rendered":"https:\/\/www.quebec-elan.org\/?p=34408"},"modified":"2020-09-01T14:46:15","modified_gmt":"2020-09-01T14:46:15","slug":"arts2u-mise-a-jour-septembre","status":"publish","type":"post","link":"https:\/\/www.quebec-elan.org\/fr\/arts2u-mise-a-jour-septembre\/","title":{"rendered":"ARTS2U mise \u00e0 jour, septembre"},"content":{"rendered":"<p>En raison des impacts \u00e9conomiques de la Covid-19, nous essayons de trouver de nouvelles fa\u00e7ons d\u2019aider les artistes \u00e0 g\u00e9n\u00e9rer des revenus. ARTS2U est heureux d\u2019annoncer le lancement du projet pilote ARTSCAST, qui vise \u00e0 diffuser des \u00e9v\u00e9nements artistiques en direct.<\/p>\n<p>&nbsp;<\/p>\n<p>Vous trouverez tous les d\u00e9tails \u00e0 ce sujet sur notre<span style=\"color: #0054a6;\"><strong><a style=\"color: #0054a6;\" href=\"https:\/\/www.facebook.com\/ARTSCASTLiveBroadcastSeries\"> page Facebook<\/a>\u00a0<\/strong><\/span><\/p>\n<p>&nbsp;<\/p>\n<p><strong>Joignez-vous \u00e0 nous pour \u00eatre au courant de toutes nos actualit\u00e9s\u00a0!<\/strong><\/p>\n<hr \/>\n<p><span style=\"color: #0054a6;\"><strong><a style=\"color: #0054a6;\" href=\"https:\/\/www.quebec-elan.org\/arts2u\/?lang=fr\">Cliquez ici pour en savoir plus sur Arts2u!<\/a><\/strong><\/span><\/p>\n","protected":false},"excerpt":{"rendered":"<p>En raison des impacts \u00e9conomiques de la Covid-19, nous essayons de trouver de nouvelles fa\u00e7ons d\u2019aider les artistes \u00e0 g\u00e9n\u00e9rer des revenus. ARTS2U est heureux d\u2019annoncer le lancement du projet pilote ARTSCAST, qui vise \u00e0 diffuser des \u00e9v\u00e9nements artistiques en direct. &nbsp; Vous trouverez tous les d\u00e9tails \u00e0 ce sujet sur notre page Facebook\u00a0 &nbsp; [&hellip;]<\/p>\n","protected":false},"author":234,"featured_media":34395,"comment_status":"closed","ping_status":"closed","sticky":false,"template":"","format":"standard","meta":{"footnotes":""},"categories":[415,149],"tags":[416,395,392,429],"class_list":["post-34408","post","type-post","status-publish","format-standard","has-post-thumbnail","hentry","category-arts2u-2","category-nouvelles","tag-arts2u-fr","tag-elan-fr","tag-nouvelles","tag-projet"],"yoast_head":"<!-- This site is optimized with the Yoast SEO plugin v27.4 - https:\/\/yoast.com\/product\/yoast-seo-wordpress\/ -->\n<title>ARTS2U mise \u00e0 jour, septembre - ELAN<\/title>\n<meta name=\"description\" content=\"A not-for-profit organization that connects, supports, and creates opportunities for English-speaking artists and cultural workers of all disciplines from every region of Quebec.\" \/>\n<meta name=\"robots\" content=\"index, follow, max-snippet:-1, max-image-preview:large, max-video-preview:-1\" \/>\n<link rel=\"canonical\" href=\"https:\/\/www.quebec-elan.org\/fr\/arts2u-mise-a-jour-septembre\/\" \/>\n<meta property=\"og:locale\" content=\"fr_FR\" \/>\n<meta property=\"og:type\" content=\"article\" \/>\n<meta property=\"og:title\" content=\"ARTS2U mise \u00e0 jour, septembre - ELAN\" \/>\n<meta property=\"og:description\" content=\"A not-for-profit organization that connects, supports, and creates opportunities for English-speaking artists and cultural workers of all disciplines from every region of Quebec.\" \/>\n<meta property=\"og:url\" content=\"https:\/\/www.quebec-elan.org\/fr\/arts2u-mise-a-jour-septembre\/\" \/>\n<meta property=\"og:site_name\" content=\"ELAN\" \/>\n<meta property=\"article:published_time\" content=\"2020-09-01T14:45:52+00:00\" \/>\n<meta property=\"article:modified_time\" content=\"2020-09-01T14:46:15+00:00\" \/>\n<meta property=\"og:image\" content=\"https:\/\/www.quebec-elan.org\/wp-content\/uploads\/2020\/09\/web-blog-1.png\" \/>\n\t<meta property=\"og:image:width\" content=\"800\" \/>\n\t<meta property=\"og:image:height\" content=\"310\" \/>\n\t<meta property=\"og:image:type\" content=\"image\/png\" \/>\n<meta name=\"author\" content=\"Andre Elan Quebec\" \/>\n<meta name=\"twitter:card\" content=\"summary_large_image\" \/>\n<meta name=\"twitter:label1\" content=\"\u00c9crit par\" \/>\n\t<meta name=\"twitter:data1\" content=\"Andre Elan Quebec\" \/>\n<script type=\"application\/ld+json\" class=\"yoast-schema-graph\">{\"@context\":\"https:\\\/\\\/schema.org\",\"@graph\":[{\"@type\":\"Article\",\"@id\":\"https:\\\/\\\/www.quebec-elan.org\\\/fr\\\/arts2u-mise-a-jour-septembre\\\/#article\",\"isPartOf\":{\"@id\":\"https:\\\/\\\/www.quebec-elan.org\\\/fr\\\/arts2u-mise-a-jour-septembre\\\/\"},\"author\":{\"name\":\"Andre Elan Quebec\",\"@id\":\"https:\\\/\\\/www.quebec-elan.org\\\/en\\\/#\\\/schema\\\/person\\\/4aaafbe7c737c481f7cc144f5237888f\"},\"headline\":\"ARTS2U mise \u00e0 jour, septembre\",\"datePublished\":\"2020-09-01T14:45:52+00:00\",\"dateModified\":\"2020-09-01T14:46:15+00:00\",\"mainEntityOfPage\":{\"@id\":\"https:\\\/\\\/www.quebec-elan.org\\\/fr\\\/arts2u-mise-a-jour-septembre\\\/\"},\"wordCount\":85,\"publisher\":{\"@id\":\"https:\\\/\\\/www.quebec-elan.org\\\/en\\\/#organization\"},\"image\":{\"@id\":\"https:\\\/\\\/www.quebec-elan.org\\\/fr\\\/arts2u-mise-a-jour-septembre\\\/#primaryimage\"},\"thumbnailUrl\":\"https:\\\/\\\/www.quebec-elan.org\\\/wp-content\\\/uploads\\\/2020\\\/09\\\/web-blog-1.png\",\"keywords\":[\"ARTS2U\",\"ELAN\",\"nouvelles\",\"Projet\"],\"articleSection\":[\"ARTS2U\",\"Nouvelles\"],\"inLanguage\":\"fr-FR\"},{\"@type\":\"WebPage\",\"@id\":\"https:\\\/\\\/www.quebec-elan.org\\\/fr\\\/arts2u-mise-a-jour-septembre\\\/\",\"url\":\"https:\\\/\\\/www.quebec-elan.org\\\/fr\\\/arts2u-mise-a-jour-septembre\\\/\",\"name\":\"ARTS2U mise \u00e0 jour, septembre - ELAN\",\"isPartOf\":{\"@id\":\"https:\\\/\\\/www.quebec-elan.org\\\/en\\\/#website\"},\"primaryImageOfPage\":{\"@id\":\"https:\\\/\\\/www.quebec-elan.org\\\/fr\\\/arts2u-mise-a-jour-septembre\\\/#primaryimage\"},\"image\":{\"@id\":\"https:\\\/\\\/www.quebec-elan.org\\\/fr\\\/arts2u-mise-a-jour-septembre\\\/#primaryimage\"},\"thumbnailUrl\":\"https:\\\/\\\/www.quebec-elan.org\\\/wp-content\\\/uploads\\\/2020\\\/09\\\/web-blog-1.png\",\"datePublished\":\"2020-09-01T14:45:52+00:00\",\"dateModified\":\"2020-09-01T14:46:15+00:00\",\"description\":\"A not-for-profit organization that connects, supports, and creates opportunities for English-speaking artists and cultural workers of all disciplines from every region of Quebec.\",\"breadcrumb\":{\"@id\":\"https:\\\/\\\/www.quebec-elan.org\\\/fr\\\/arts2u-mise-a-jour-septembre\\\/#breadcrumb\"},\"inLanguage\":\"fr-FR\",\"potentialAction\":[{\"@type\":\"ReadAction\",\"target\":[\"https:\\\/\\\/www.quebec-elan.org\\\/fr\\\/arts2u-mise-a-jour-septembre\\\/\"]}]},{\"@type\":\"ImageObject\",\"inLanguage\":\"fr-FR\",\"@id\":\"https:\\\/\\\/www.quebec-elan.org\\\/fr\\\/arts2u-mise-a-jour-septembre\\\/#primaryimage\",\"url\":\"https:\\\/\\\/www.quebec-elan.org\\\/wp-content\\\/uploads\\\/2020\\\/09\\\/web-blog-1.png\",\"contentUrl\":\"https:\\\/\\\/www.quebec-elan.org\\\/wp-content\\\/uploads\\\/2020\\\/09\\\/web-blog-1.png\",\"width\":800,\"height\":310,\"caption\":\"ARTS2U and Artcast\"},{\"@type\":\"BreadcrumbList\",\"@id\":\"https:\\\/\\\/www.quebec-elan.org\\\/fr\\\/arts2u-mise-a-jour-septembre\\\/#breadcrumb\",\"itemListElement\":[{\"@type\":\"ListItem\",\"position\":1,\"name\":\"Home\",\"item\":\"https:\\\/\\\/www.quebec-elan.org\\\/fr\\\/\"},{\"@type\":\"ListItem\",\"position\":2,\"name\":\"ARTS2U mise \u00e0 jour, septembre\"}]},{\"@type\":\"WebSite\",\"@id\":\"https:\\\/\\\/www.quebec-elan.org\\\/en\\\/#website\",\"url\":\"https:\\\/\\\/www.quebec-elan.org\\\/en\\\/\",\"name\":\"ELAN\",\"description\":\"English Language Arts Network\",\"publisher\":{\"@id\":\"https:\\\/\\\/www.quebec-elan.org\\\/en\\\/#organization\"},\"potentialAction\":[{\"@type\":\"SearchAction\",\"target\":{\"@type\":\"EntryPoint\",\"urlTemplate\":\"https:\\\/\\\/www.quebec-elan.org\\\/en\\\/?s={search_term_string}\"},\"query-input\":{\"@type\":\"PropertyValueSpecification\",\"valueRequired\":true,\"valueName\":\"search_term_string\"}}],\"inLanguage\":\"fr-FR\"},{\"@type\":\"Organization\",\"@id\":\"https:\\\/\\\/www.quebec-elan.org\\\/en\\\/#organization\",\"name\":\"ELAN - English Language Arts Network\",\"url\":\"https:\\\/\\\/www.quebec-elan.org\\\/en\\\/\",\"logo\":{\"@type\":\"ImageObject\",\"inLanguage\":\"fr-FR\",\"@id\":\"https:\\\/\\\/www.quebec-elan.org\\\/en\\\/#\\\/schema\\\/logo\\\/image\\\/\",\"url\":\"https:\\\/\\\/www.quebec-elan.org\\\/wp-content\\\/uploads\\\/2022\\\/05\\\/elan-logo-360.jpg\",\"contentUrl\":\"https:\\\/\\\/www.quebec-elan.org\\\/wp-content\\\/uploads\\\/2022\\\/05\\\/elan-logo-360.jpg\",\"width\":360,\"height\":70,\"caption\":\"ELAN - English Language Arts Network\"},\"image\":{\"@id\":\"https:\\\/\\\/www.quebec-elan.org\\\/en\\\/#\\\/schema\\\/logo\\\/image\\\/\"}},{\"@type\":\"Person\",\"@id\":\"https:\\\/\\\/www.quebec-elan.org\\\/en\\\/#\\\/schema\\\/person\\\/4aaafbe7c737c481f7cc144f5237888f\",\"name\":\"Andre Elan Quebec\",\"image\":{\"@type\":\"ImageObject\",\"inLanguage\":\"fr-FR\",\"@id\":\"https:\\\/\\\/secure.gravatar.com\\\/avatar\\\/7ea082d3d909c4cb837bac18df8ab3523b4a3b6bc196bc83d5ca7f186807bf4e?s=96&d=mm&r=g\",\"url\":\"https:\\\/\\\/secure.gravatar.com\\\/avatar\\\/7ea082d3d909c4cb837bac18df8ab3523b4a3b6bc196bc83d5ca7f186807bf4e?s=96&d=mm&r=g\",\"contentUrl\":\"https:\\\/\\\/secure.gravatar.com\\\/avatar\\\/7ea082d3d909c4cb837bac18df8ab3523b4a3b6bc196bc83d5ca7f186807bf4e?s=96&d=mm&r=g\",\"caption\":\"Andre Elan Quebec\"},\"description\":\"The English-Language Arts Network (ELAN) is a not-for-profit organization that connects, supports, and creates opportunities for Quebec\u2019s English-speaking artists and arts communities. ELAN members are individuals and organizations from a wide array of artistic disciplines, cultural and geographic backgrounds, and linguistic and cultural communities. Together this network reflects an evolving Qu\u00e9bec identity and celebrates the province\u2019s cultural, artistic, and social diversity.\",\"url\":\"https:\\\/\\\/www.quebec-elan.org\\\/fr\\\/author\\\/elan-quebec\\\/\"}]}<\/script>\n<!-- \/ Yoast SEO plugin. -->","yoast_head_json":{"title":"ARTS2U mise \u00e0 jour, septembre - ELAN","description":"A not-for-profit organization that connects, supports, and creates opportunities for English-speaking artists and cultural workers of all disciplines from every region of Quebec.","robots":{"index":"index","follow":"follow","max-snippet":"max-snippet:-1","max-image-preview":"max-image-preview:large","max-video-preview":"max-video-preview:-1"},"canonical":"https:\/\/www.quebec-elan.org\/fr\/arts2u-mise-a-jour-septembre\/","og_locale":"fr_FR","og_type":"article","og_title":"ARTS2U mise \u00e0 jour, septembre - ELAN","og_description":"A not-for-profit organization that connects, supports, and creates opportunities for English-speaking artists and cultural workers of all disciplines from every region of Quebec.","og_url":"https:\/\/www.quebec-elan.org\/fr\/arts2u-mise-a-jour-septembre\/","og_site_name":"ELAN","article_published_time":"2020-09-01T14:45:52+00:00","article_modified_time":"2020-09-01T14:46:15+00:00","og_image":[{"width":800,"height":310,"url":"https:\/\/www.quebec-elan.org\/wp-content\/uploads\/2020\/09\/web-blog-1.png","type":"image\/png"}],"author":"Andre Elan Quebec","twitter_card":"summary_large_image","twitter_misc":{"\u00c9crit par":"Andre Elan Quebec"},"schema":{"@context":"https:\/\/schema.org","@graph":[{"@type":"Article","@id":"https:\/\/www.quebec-elan.org\/fr\/arts2u-mise-a-jour-septembre\/#article","isPartOf":{"@id":"https:\/\/www.quebec-elan.org\/fr\/arts2u-mise-a-jour-septembre\/"},"author":{"name":"Andre Elan Quebec","@id":"https:\/\/www.quebec-elan.org\/en\/#\/schema\/person\/4aaafbe7c737c481f7cc144f5237888f"},"headline":"ARTS2U mise \u00e0 jour, septembre","datePublished":"2020-09-01T14:45:52+00:00","dateModified":"2020-09-01T14:46:15+00:00","mainEntityOfPage":{"@id":"https:\/\/www.quebec-elan.org\/fr\/arts2u-mise-a-jour-septembre\/"},"wordCount":85,"publisher":{"@id":"https:\/\/www.quebec-elan.org\/en\/#organization"},"image":{"@id":"https:\/\/www.quebec-elan.org\/fr\/arts2u-mise-a-jour-septembre\/#primaryimage"},"thumbnailUrl":"https:\/\/www.quebec-elan.org\/wp-content\/uploads\/2020\/09\/web-blog-1.png","keywords":["ARTS2U","ELAN","nouvelles","Projet"],"articleSection":["ARTS2U","Nouvelles"],"inLanguage":"fr-FR"},{"@type":"WebPage","@id":"https:\/\/www.quebec-elan.org\/fr\/arts2u-mise-a-jour-septembre\/","url":"https:\/\/www.quebec-elan.org\/fr\/arts2u-mise-a-jour-septembre\/","name":"ARTS2U mise \u00e0 jour, septembre - ELAN","isPartOf":{"@id":"https:\/\/www.quebec-elan.org\/en\/#website"},"primaryImageOfPage":{"@id":"https:\/\/www.quebec-elan.org\/fr\/arts2u-mise-a-jour-septembre\/#primaryimage"},"image":{"@id":"https:\/\/www.quebec-elan.org\/fr\/arts2u-mise-a-jour-septembre\/#primaryimage"},"thumbnailUrl":"https:\/\/www.quebec-elan.org\/wp-content\/uploads\/2020\/09\/web-blog-1.png","datePublished":"2020-09-01T14:45:52+00:00","dateModified":"2020-09-01T14:46:15+00:00","description":"A not-for-profit organization that connects, supports, and creates opportunities for English-speaking artists and cultural workers of all disciplines from every region of Quebec.","breadcrumb":{"@id":"https:\/\/www.quebec-elan.org\/fr\/arts2u-mise-a-jour-septembre\/#breadcrumb"},"inLanguage":"fr-FR","potentialAction":[{"@type":"ReadAction","target":["https:\/\/www.quebec-elan.org\/fr\/arts2u-mise-a-jour-septembre\/"]}]},{"@type":"ImageObject","inLanguage":"fr-FR","@id":"https:\/\/www.quebec-elan.org\/fr\/arts2u-mise-a-jour-septembre\/#primaryimage","url":"https:\/\/www.quebec-elan.org\/wp-content\/uploads\/2020\/09\/web-blog-1.png","contentUrl":"https:\/\/www.quebec-elan.org\/wp-content\/uploads\/2020\/09\/web-blog-1.png","width":800,"height":310,"caption":"ARTS2U and Artcast"},{"@type":"BreadcrumbList","@id":"https:\/\/www.quebec-elan.org\/fr\/arts2u-mise-a-jour-septembre\/#breadcrumb","itemListElement":[{"@type":"ListItem","position":1,"name":"Home","item":"https:\/\/www.quebec-elan.org\/fr\/"},{"@type":"ListItem","position":2,"name":"ARTS2U mise \u00e0 jour, septembre"}]},{"@type":"WebSite","@id":"https:\/\/www.quebec-elan.org\/en\/#website","url":"https:\/\/www.quebec-elan.org\/en\/","name":"ELAN","description":"English Language Arts Network","publisher":{"@id":"https:\/\/www.quebec-elan.org\/en\/#organization"},"potentialAction":[{"@type":"SearchAction","target":{"@type":"EntryPoint","urlTemplate":"https:\/\/www.quebec-elan.org\/en\/?s={search_term_string}"},"query-input":{"@type":"PropertyValueSpecification","valueRequired":true,"valueName":"search_term_string"}}],"inLanguage":"fr-FR"},{"@type":"Organization","@id":"https:\/\/www.quebec-elan.org\/en\/#organization","name":"ELAN - English Language Arts Network","url":"https:\/\/www.quebec-elan.org\/en\/","logo":{"@type":"ImageObject","inLanguage":"fr-FR","@id":"https:\/\/www.quebec-elan.org\/en\/#\/schema\/logo\/image\/","url":"https:\/\/www.quebec-elan.org\/wp-content\/uploads\/2022\/05\/elan-logo-360.jpg","contentUrl":"https:\/\/www.quebec-elan.org\/wp-content\/uploads\/2022\/05\/elan-logo-360.jpg","width":360,"height":70,"caption":"ELAN - English Language Arts Network"},"image":{"@id":"https:\/\/www.quebec-elan.org\/en\/#\/schema\/logo\/image\/"}},{"@type":"Person","@id":"https:\/\/www.quebec-elan.org\/en\/#\/schema\/person\/4aaafbe7c737c481f7cc144f5237888f","name":"Andre Elan Quebec","image":{"@type":"ImageObject","inLanguage":"fr-FR","@id":"https:\/\/secure.gravatar.com\/avatar\/7ea082d3d909c4cb837bac18df8ab3523b4a3b6bc196bc83d5ca7f186807bf4e?s=96&d=mm&r=g","url":"https:\/\/secure.gravatar.com\/avatar\/7ea082d3d909c4cb837bac18df8ab3523b4a3b6bc196bc83d5ca7f186807bf4e?s=96&d=mm&r=g","contentUrl":"https:\/\/secure.gravatar.com\/avatar\/7ea082d3d909c4cb837bac18df8ab3523b4a3b6bc196bc83d5ca7f186807bf4e?s=96&d=mm&r=g","caption":"Andre Elan Quebec"},"description":"The English-Language Arts Network (ELAN) is a not-for-profit organization that connects, supports, and creates opportunities for Quebec\u2019s English-speaking artists and arts communities. ELAN members are individuals and organizations from a wide array of artistic disciplines, cultural and geographic backgrounds, and linguistic and cultural communities. Together this network reflects an evolving Qu\u00e9bec identity and celebrates the province\u2019s cultural, artistic, and social diversity.","url":"https:\/\/www.quebec-elan.org\/fr\/author\/elan-quebec\/"}]}},"_links":{"self":[{"href":"https:\/\/www.quebec-elan.org\/fr\/wp-json\/wp\/v2\/posts\/34408","targetHints":{"allow":["GET"]}}],"collection":[{"href":"https:\/\/www.quebec-elan.org\/fr\/wp-json\/wp\/v2\/posts"}],"about":[{"href":"https:\/\/www.quebec-elan.org\/fr\/wp-json\/wp\/v2\/types\/post"}],"author":[{"embeddable":true,"href":"https:\/\/www.quebec-elan.org\/fr\/wp-json\/wp\/v2\/users\/234"}],"replies":[{"embeddable":true,"href":"https:\/\/www.quebec-elan.org\/fr\/wp-json\/wp\/v2\/comments?post=34408"}],"version-history":[{"count":3,"href":"https:\/\/www.quebec-elan.org\/fr\/wp-json\/wp\/v2\/posts\/34408\/revisions"}],"predecessor-version":[{"id":34410,"href":"https:\/\/www.quebec-elan.org\/fr\/wp-json\/wp\/v2\/posts\/34408\/revisions\/34410"}],"wp:featuredmedia":[{"embeddable":true,"href":"https:\/\/www.quebec-elan.org\/fr\/wp-json\/wp\/v2\/media\/34395"}],"wp:attachment":[{"href":"https:\/\/www.quebec-elan.org\/fr\/wp-json\/wp\/v2\/media?parent=34408"}],"wp:term":[{"taxonomy":"category","embeddable":true,"href":"https:\/\/www.quebec-elan.org\/fr\/wp-json\/wp\/v2\/categories?post=34408"},{"taxonomy":"post_tag","embeddable":true,"href":"https:\/\/www.quebec-elan.org\/fr\/wp-json\/wp\/v2\/tags?post=34408"}],"curies":[{"name":"wp","href":"https:\/\/api.w.org\/{rel}","templated":true}]}}