{"id":34832,"date":"2020-11-02T14:45:55","date_gmt":"2020-11-02T14:45:55","guid":{"rendered":"https:\/\/www.quebec-elan.org\/?p=34832"},"modified":"2020-11-02T16:31:07","modified_gmt":"2020-11-02T16:31:07","slug":"mot-du-directeur-novembre-2020","status":"publish","type":"post","link":"https:\/\/www.quebec-elan.org\/fr\/mot-du-directeur-novembre-2020\/","title":{"rendered":"Mot du directeur &#8211; novembre 2020"},"content":{"rendered":"<p><strong>Guy Rodgers avec Anne-Marie Jean, Pr\u00e9sidente-directrice g\u00e9n\u00e9rale de CALQ \u00e0 ELAN 2019 AGA.<\/strong><\/p>\n<p><em>Photo : Nasuna Stuart-Ulin<\/em><\/p>\n<p>Les artistes sont des gens extr\u00eamement r\u00e9silients, aptes \u00e0 trouver rapidement des solutions cr\u00e9atives pour palier \u00e0 des situations difficiles. Cela repr\u00e9sente une grande force en temps normal. Or la situation \u00e0 laquelle nous faisons face actuellement est totalement anormale et impr\u00e9visible. Essayer de r\u00e9soudre trop de probl\u00e8mes par vous-m\u00eame, et de mani\u00e8re isol\u00e9e, peut devenir \u00e9puisant et accablant \u00e0 la longue, c\u2019est pourquoi il est important de travailler tous ensemble.<\/p>\n<p>Les diff\u00e9rents paliers de gouvernement, ainsi que les bailleurs de fonds pour les arts, ont r\u00e9agi \u00e0 la pand\u00e9mie en offrant des programmes de soutien d\u2019urgence ans pr\u00e9c\u00e9dent. Cela, ainsi que la douceur de la saison estivale, a rendu supportables les six premiers mois de la crise de Covid-19. Alors que nous entrons dans une nouvelle phase de la pand\u00e9mie, nous recevons des appels de d\u00e9tresse de la part d\u2019artistes qui ne savent pas vers qui se tourner pour obtenir de l&rsquo;aide, ni s\u2019ils sont \u00e9ligibles aux nouvelles formes d\u2019assistance et \u00e0 quelles conditions. <span style=\"color: #0054a6;\"><strong><a style=\"color: #0054a6;\" href=\"https:\/\/www.quebec-elan.org\/2020\/04\/01\/page-covid-19-delan\/?lang=fr\">La page Covid-19<\/a><\/strong><\/span> d\u2019ELAN tente de recueillir les informations les plus utiles et les plus \u00e0 jour. Nous invitons tous les artistes et travailleurs culturels \u00e0 nous contacter s\u2019ils ne trouvent pas de r\u00e9ponse \u00e0 leurs interrogations, s\u2019ils croient \u00eatre tomb\u00e9s entre les mailles du filet d\u2019un programme, et\/ou s\u2019ils se sentent tout simplement perdus. Nous pouvons vous aider \u00e0 trouver des r\u00e9ponses \u00e0 vos questions, des solutions \u00e0 vos ennuis.<\/p>\n<p>ELAN propose diverses <span style=\"color: #0054a6;\"><strong><a style=\"color: #0054a6;\" href=\"https:\/\/www.quebec-elan.org\/event\/quebec-relations-information-session-with-the-conseil-des-arts-et-lettres-du-quebec-calq\/\">s\u00e9ances d\u2019information<\/a><\/strong><\/span> et <span style=\"color: #0054a6;\"><strong><a style=\"color: #0054a6;\" href=\"https:\/\/www.quebec-elan.org\/event\/save-the-date-elan-november-schmoozer\/\">activit\u00e9s de r\u00e9seautage<\/a><\/strong><\/span> inspir\u00e9es par des conversations que nous avons eues avec certains membres. Faites-nous savoir si vous avez d\u2019autres besoins, et faites-nous conna\u00eetre les groupes de soutien qui vous viennent en aide et qui pourraient b\u00e9n\u00e9ficier \u00e0 d\u2019autres. La communaut\u00e9 d\u2019ELAN est li\u00e9e \u00e0 de nombreuses autres communaut\u00e9s. Si nous ne pouvons pas vous aider directement, nous connaissons peut-\u00eatre quelqu\u2019un qui pourrait le faire. L\u2019hiver sera long, mais de nouvelles id\u00e9es et exp\u00e9riences sont en train d\u2019\u00e9merger tout autour de nous. Il nous faut partager nos ressources et nos informations afin que tous soient en mesure d\u2019affronter la temp\u00eate.<\/p>\n","protected":false},"excerpt":{"rendered":"<p>Guy Rodgers avec Anne-Marie Jean, Pr\u00e9sidente-directrice g\u00e9n\u00e9rale de CALQ \u00e0 ELAN 2019 AGA. Photo : Nasuna Stuart-Ulin Les artistes sont des gens extr\u00eamement r\u00e9silients, aptes \u00e0 trouver rapidement des solutions cr\u00e9atives pour palier \u00e0 des situations difficiles. Cela repr\u00e9sente une grande force en temps normal. Or la situation \u00e0 laquelle nous faisons face actuellement est [&hellip;]<\/p>\n","protected":false},"author":234,"featured_media":34848,"comment_status":"closed","ping_status":"closed","sticky":false,"template":"","format":"standard","meta":{"footnotes":""},"categories":[390,149],"tags":[442,391,395,392],"class_list":["post-34832","post","type-post","status-publish","format-standard","has-post-thumbnail","hentry","category-le-mot-du-directeur","category-nouvelles","tag-covid-19-fr","tag-directeur-executif","tag-elan-fr","tag-nouvelles"],"yoast_head":"<!-- This site is optimized with the Yoast SEO plugin v27.5 - https:\/\/yoast.com\/product\/yoast-seo-wordpress\/ -->\n<title>Mot du directeur - novembre 2020 - ELAN<\/title>\n<meta name=\"description\" content=\"A not-for-profit organization that connects, supports, and creates opportunities for English-speaking artists and cultural workers of all disciplines from every region of Quebec.\" \/>\n<meta name=\"robots\" content=\"index, follow, max-snippet:-1, max-image-preview:large, max-video-preview:-1\" \/>\n<link rel=\"canonical\" href=\"https:\/\/www.quebec-elan.org\/fr\/mot-du-directeur-novembre-2020\/\" \/>\n<meta property=\"og:locale\" content=\"fr_FR\" \/>\n<meta property=\"og:type\" content=\"article\" \/>\n<meta property=\"og:title\" content=\"Mot du directeur - novembre 2020 - ELAN\" \/>\n<meta property=\"og:description\" content=\"A not-for-profit organization that connects, supports, and creates opportunities for English-speaking artists and cultural workers of all disciplines from every region of Quebec.\" \/>\n<meta property=\"og:url\" content=\"https:\/\/www.quebec-elan.org\/fr\/mot-du-directeur-novembre-2020\/\" \/>\n<meta property=\"og:site_name\" content=\"ELAN\" \/>\n<meta property=\"article:published_time\" content=\"2020-11-02T14:45:55+00:00\" \/>\n<meta property=\"article:modified_time\" content=\"2020-11-02T16:31:07+00:00\" \/>\n<meta property=\"og:image\" content=\"https:\/\/www.quebec-elan.org\/wp-content\/uploads\/2020\/11\/ELAN_AGM_2019-1274.jpg\" \/>\n\t<meta property=\"og:image:width\" content=\"800\" \/>\n\t<meta property=\"og:image:height\" content=\"310\" \/>\n\t<meta property=\"og:image:type\" content=\"image\/jpeg\" \/>\n<meta name=\"author\" content=\"Andre Elan Quebec\" \/>\n<meta name=\"twitter:card\" content=\"summary_large_image\" \/>\n<meta name=\"twitter:label1\" content=\"\u00c9crit par\" \/>\n\t<meta name=\"twitter:data1\" content=\"Andre Elan Quebec\" \/>\n\t<meta name=\"twitter:label2\" content=\"Dur\u00e9e de lecture estim\u00e9e\" \/>\n\t<meta name=\"twitter:data2\" content=\"2 minutes\" \/>\n<script type=\"application\/ld+json\" class=\"yoast-schema-graph\">{\"@context\":\"https:\\\/\\\/schema.org\",\"@graph\":[{\"@type\":\"Article\",\"@id\":\"https:\\\/\\\/www.quebec-elan.org\\\/fr\\\/mot-du-directeur-novembre-2020\\\/#article\",\"isPartOf\":{\"@id\":\"https:\\\/\\\/www.quebec-elan.org\\\/fr\\\/mot-du-directeur-novembre-2020\\\/\"},\"author\":{\"name\":\"Andre Elan Quebec\",\"@id\":\"https:\\\/\\\/www.quebec-elan.org\\\/en\\\/#\\\/schema\\\/person\\\/4aaafbe7c737c481f7cc144f5237888f\"},\"headline\":\"Mot du directeur &#8211; novembre 2020\",\"datePublished\":\"2020-11-02T14:45:55+00:00\",\"dateModified\":\"2020-11-02T16:31:07+00:00\",\"mainEntityOfPage\":{\"@id\":\"https:\\\/\\\/www.quebec-elan.org\\\/fr\\\/mot-du-directeur-novembre-2020\\\/\"},\"wordCount\":403,\"publisher\":{\"@id\":\"https:\\\/\\\/www.quebec-elan.org\\\/en\\\/#organization\"},\"image\":{\"@id\":\"https:\\\/\\\/www.quebec-elan.org\\\/fr\\\/mot-du-directeur-novembre-2020\\\/#primaryimage\"},\"thumbnailUrl\":\"https:\\\/\\\/www.quebec-elan.org\\\/wp-content\\\/uploads\\\/2020\\\/11\\\/ELAN_AGM_2019-1274.jpg\",\"keywords\":[\"COVID-19\",\"directeur ex\u00e9cutif\",\"ELAN\",\"nouvelles\"],\"articleSection\":[\"Le mot du directeur\",\"Nouvelles\"],\"inLanguage\":\"fr-FR\"},{\"@type\":\"WebPage\",\"@id\":\"https:\\\/\\\/www.quebec-elan.org\\\/fr\\\/mot-du-directeur-novembre-2020\\\/\",\"url\":\"https:\\\/\\\/www.quebec-elan.org\\\/fr\\\/mot-du-directeur-novembre-2020\\\/\",\"name\":\"Mot du directeur - novembre 2020 - ELAN\",\"isPartOf\":{\"@id\":\"https:\\\/\\\/www.quebec-elan.org\\\/en\\\/#website\"},\"primaryImageOfPage\":{\"@id\":\"https:\\\/\\\/www.quebec-elan.org\\\/fr\\\/mot-du-directeur-novembre-2020\\\/#primaryimage\"},\"image\":{\"@id\":\"https:\\\/\\\/www.quebec-elan.org\\\/fr\\\/mot-du-directeur-novembre-2020\\\/#primaryimage\"},\"thumbnailUrl\":\"https:\\\/\\\/www.quebec-elan.org\\\/wp-content\\\/uploads\\\/2020\\\/11\\\/ELAN_AGM_2019-1274.jpg\",\"datePublished\":\"2020-11-02T14:45:55+00:00\",\"dateModified\":\"2020-11-02T16:31:07+00:00\",\"description\":\"A not-for-profit organization that connects, supports, and creates opportunities for English-speaking artists and cultural workers of all disciplines from every region of Quebec.\",\"breadcrumb\":{\"@id\":\"https:\\\/\\\/www.quebec-elan.org\\\/fr\\\/mot-du-directeur-novembre-2020\\\/#breadcrumb\"},\"inLanguage\":\"fr-FR\",\"potentialAction\":[{\"@type\":\"ReadAction\",\"target\":[\"https:\\\/\\\/www.quebec-elan.org\\\/fr\\\/mot-du-directeur-novembre-2020\\\/\"]}]},{\"@type\":\"ImageObject\",\"inLanguage\":\"fr-FR\",\"@id\":\"https:\\\/\\\/www.quebec-elan.org\\\/fr\\\/mot-du-directeur-novembre-2020\\\/#primaryimage\",\"url\":\"https:\\\/\\\/www.quebec-elan.org\\\/wp-content\\\/uploads\\\/2020\\\/11\\\/ELAN_AGM_2019-1274.jpg\",\"contentUrl\":\"https:\\\/\\\/www.quebec-elan.org\\\/wp-content\\\/uploads\\\/2020\\\/11\\\/ELAN_AGM_2019-1274.jpg\",\"width\":800,\"height\":310,\"caption\":\"Guy Rodgers with Anne-Marie Jean CEO of CALQ at ELAN's AGM 2019\"},{\"@type\":\"BreadcrumbList\",\"@id\":\"https:\\\/\\\/www.quebec-elan.org\\\/fr\\\/mot-du-directeur-novembre-2020\\\/#breadcrumb\",\"itemListElement\":[{\"@type\":\"ListItem\",\"position\":1,\"name\":\"Home\",\"item\":\"https:\\\/\\\/www.quebec-elan.org\\\/fr\\\/\"},{\"@type\":\"ListItem\",\"position\":2,\"name\":\"Mot du directeur &#8211; novembre 2020\"}]},{\"@type\":\"WebSite\",\"@id\":\"https:\\\/\\\/www.quebec-elan.org\\\/en\\\/#website\",\"url\":\"https:\\\/\\\/www.quebec-elan.org\\\/en\\\/\",\"name\":\"ELAN\",\"description\":\"English Language Arts Network\",\"publisher\":{\"@id\":\"https:\\\/\\\/www.quebec-elan.org\\\/en\\\/#organization\"},\"potentialAction\":[{\"@type\":\"SearchAction\",\"target\":{\"@type\":\"EntryPoint\",\"urlTemplate\":\"https:\\\/\\\/www.quebec-elan.org\\\/en\\\/?s={search_term_string}\"},\"query-input\":{\"@type\":\"PropertyValueSpecification\",\"valueRequired\":true,\"valueName\":\"search_term_string\"}}],\"inLanguage\":\"fr-FR\"},{\"@type\":\"Organization\",\"@id\":\"https:\\\/\\\/www.quebec-elan.org\\\/en\\\/#organization\",\"name\":\"ELAN - English Language Arts Network\",\"url\":\"https:\\\/\\\/www.quebec-elan.org\\\/en\\\/\",\"logo\":{\"@type\":\"ImageObject\",\"inLanguage\":\"fr-FR\",\"@id\":\"https:\\\/\\\/www.quebec-elan.org\\\/en\\\/#\\\/schema\\\/logo\\\/image\\\/\",\"url\":\"https:\\\/\\\/www.quebec-elan.org\\\/wp-content\\\/uploads\\\/2022\\\/05\\\/elan-logo-360.jpg\",\"contentUrl\":\"https:\\\/\\\/www.quebec-elan.org\\\/wp-content\\\/uploads\\\/2022\\\/05\\\/elan-logo-360.jpg\",\"width\":360,\"height\":70,\"caption\":\"ELAN - English Language Arts Network\"},\"image\":{\"@id\":\"https:\\\/\\\/www.quebec-elan.org\\\/en\\\/#\\\/schema\\\/logo\\\/image\\\/\"}},{\"@type\":\"Person\",\"@id\":\"https:\\\/\\\/www.quebec-elan.org\\\/en\\\/#\\\/schema\\\/person\\\/4aaafbe7c737c481f7cc144f5237888f\",\"name\":\"Andre Elan Quebec\",\"image\":{\"@type\":\"ImageObject\",\"inLanguage\":\"fr-FR\",\"@id\":\"https:\\\/\\\/secure.gravatar.com\\\/avatar\\\/7ea082d3d909c4cb837bac18df8ab3523b4a3b6bc196bc83d5ca7f186807bf4e?s=96&d=mm&r=g\",\"url\":\"https:\\\/\\\/secure.gravatar.com\\\/avatar\\\/7ea082d3d909c4cb837bac18df8ab3523b4a3b6bc196bc83d5ca7f186807bf4e?s=96&d=mm&r=g\",\"contentUrl\":\"https:\\\/\\\/secure.gravatar.com\\\/avatar\\\/7ea082d3d909c4cb837bac18df8ab3523b4a3b6bc196bc83d5ca7f186807bf4e?s=96&d=mm&r=g\",\"caption\":\"Andre Elan Quebec\"},\"description\":\"The English-Language Arts Network (ELAN) is a not-for-profit organization that connects, supports, and creates opportunities for Quebec\u2019s English-speaking artists and arts communities. ELAN members are individuals and organizations from a wide array of artistic disciplines, cultural and geographic backgrounds, and linguistic and cultural communities. Together this network reflects an evolving Qu\u00e9bec identity and celebrates the province\u2019s cultural, artistic, and social diversity.\",\"url\":\"https:\\\/\\\/www.quebec-elan.org\\\/fr\\\/author\\\/elan-quebec\\\/\"}]}<\/script>\n<!-- \/ Yoast SEO plugin. -->","yoast_head_json":{"title":"Mot du directeur - novembre 2020 - ELAN","description":"A not-for-profit organization that connects, supports, and creates opportunities for English-speaking artists and cultural workers of all disciplines from every region of Quebec.","robots":{"index":"index","follow":"follow","max-snippet":"max-snippet:-1","max-image-preview":"max-image-preview:large","max-video-preview":"max-video-preview:-1"},"canonical":"https:\/\/www.quebec-elan.org\/fr\/mot-du-directeur-novembre-2020\/","og_locale":"fr_FR","og_type":"article","og_title":"Mot du directeur - novembre 2020 - ELAN","og_description":"A not-for-profit organization that connects, supports, and creates opportunities for English-speaking artists and cultural workers of all disciplines from every region of Quebec.","og_url":"https:\/\/www.quebec-elan.org\/fr\/mot-du-directeur-novembre-2020\/","og_site_name":"ELAN","article_published_time":"2020-11-02T14:45:55+00:00","article_modified_time":"2020-11-02T16:31:07+00:00","og_image":[{"width":800,"height":310,"url":"https:\/\/www.quebec-elan.org\/wp-content\/uploads\/2020\/11\/ELAN_AGM_2019-1274.jpg","type":"image\/jpeg"}],"author":"Andre Elan Quebec","twitter_card":"summary_large_image","twitter_misc":{"\u00c9crit par":"Andre Elan Quebec","Dur\u00e9e de lecture estim\u00e9e":"2 minutes"},"schema":{"@context":"https:\/\/schema.org","@graph":[{"@type":"Article","@id":"https:\/\/www.quebec-elan.org\/fr\/mot-du-directeur-novembre-2020\/#article","isPartOf":{"@id":"https:\/\/www.quebec-elan.org\/fr\/mot-du-directeur-novembre-2020\/"},"author":{"name":"Andre Elan Quebec","@id":"https:\/\/www.quebec-elan.org\/en\/#\/schema\/person\/4aaafbe7c737c481f7cc144f5237888f"},"headline":"Mot du directeur &#8211; novembre 2020","datePublished":"2020-11-02T14:45:55+00:00","dateModified":"2020-11-02T16:31:07+00:00","mainEntityOfPage":{"@id":"https:\/\/www.quebec-elan.org\/fr\/mot-du-directeur-novembre-2020\/"},"wordCount":403,"publisher":{"@id":"https:\/\/www.quebec-elan.org\/en\/#organization"},"image":{"@id":"https:\/\/www.quebec-elan.org\/fr\/mot-du-directeur-novembre-2020\/#primaryimage"},"thumbnailUrl":"https:\/\/www.quebec-elan.org\/wp-content\/uploads\/2020\/11\/ELAN_AGM_2019-1274.jpg","keywords":["COVID-19","directeur ex\u00e9cutif","ELAN","nouvelles"],"articleSection":["Le mot du directeur","Nouvelles"],"inLanguage":"fr-FR"},{"@type":"WebPage","@id":"https:\/\/www.quebec-elan.org\/fr\/mot-du-directeur-novembre-2020\/","url":"https:\/\/www.quebec-elan.org\/fr\/mot-du-directeur-novembre-2020\/","name":"Mot du directeur - novembre 2020 - ELAN","isPartOf":{"@id":"https:\/\/www.quebec-elan.org\/en\/#website"},"primaryImageOfPage":{"@id":"https:\/\/www.quebec-elan.org\/fr\/mot-du-directeur-novembre-2020\/#primaryimage"},"image":{"@id":"https:\/\/www.quebec-elan.org\/fr\/mot-du-directeur-novembre-2020\/#primaryimage"},"thumbnailUrl":"https:\/\/www.quebec-elan.org\/wp-content\/uploads\/2020\/11\/ELAN_AGM_2019-1274.jpg","datePublished":"2020-11-02T14:45:55+00:00","dateModified":"2020-11-02T16:31:07+00:00","description":"A not-for-profit organization that connects, supports, and creates opportunities for English-speaking artists and cultural workers of all disciplines from every region of Quebec.","breadcrumb":{"@id":"https:\/\/www.quebec-elan.org\/fr\/mot-du-directeur-novembre-2020\/#breadcrumb"},"inLanguage":"fr-FR","potentialAction":[{"@type":"ReadAction","target":["https:\/\/www.quebec-elan.org\/fr\/mot-du-directeur-novembre-2020\/"]}]},{"@type":"ImageObject","inLanguage":"fr-FR","@id":"https:\/\/www.quebec-elan.org\/fr\/mot-du-directeur-novembre-2020\/#primaryimage","url":"https:\/\/www.quebec-elan.org\/wp-content\/uploads\/2020\/11\/ELAN_AGM_2019-1274.jpg","contentUrl":"https:\/\/www.quebec-elan.org\/wp-content\/uploads\/2020\/11\/ELAN_AGM_2019-1274.jpg","width":800,"height":310,"caption":"Guy Rodgers with Anne-Marie Jean CEO of CALQ at ELAN's AGM 2019"},{"@type":"BreadcrumbList","@id":"https:\/\/www.quebec-elan.org\/fr\/mot-du-directeur-novembre-2020\/#breadcrumb","itemListElement":[{"@type":"ListItem","position":1,"name":"Home","item":"https:\/\/www.quebec-elan.org\/fr\/"},{"@type":"ListItem","position":2,"name":"Mot du directeur &#8211; novembre 2020"}]},{"@type":"WebSite","@id":"https:\/\/www.quebec-elan.org\/en\/#website","url":"https:\/\/www.quebec-elan.org\/en\/","name":"ELAN","description":"English Language Arts Network","publisher":{"@id":"https:\/\/www.quebec-elan.org\/en\/#organization"},"potentialAction":[{"@type":"SearchAction","target":{"@type":"EntryPoint","urlTemplate":"https:\/\/www.quebec-elan.org\/en\/?s={search_term_string}"},"query-input":{"@type":"PropertyValueSpecification","valueRequired":true,"valueName":"search_term_string"}}],"inLanguage":"fr-FR"},{"@type":"Organization","@id":"https:\/\/www.quebec-elan.org\/en\/#organization","name":"ELAN - English Language Arts Network","url":"https:\/\/www.quebec-elan.org\/en\/","logo":{"@type":"ImageObject","inLanguage":"fr-FR","@id":"https:\/\/www.quebec-elan.org\/en\/#\/schema\/logo\/image\/","url":"https:\/\/www.quebec-elan.org\/wp-content\/uploads\/2022\/05\/elan-logo-360.jpg","contentUrl":"https:\/\/www.quebec-elan.org\/wp-content\/uploads\/2022\/05\/elan-logo-360.jpg","width":360,"height":70,"caption":"ELAN - English Language Arts Network"},"image":{"@id":"https:\/\/www.quebec-elan.org\/en\/#\/schema\/logo\/image\/"}},{"@type":"Person","@id":"https:\/\/www.quebec-elan.org\/en\/#\/schema\/person\/4aaafbe7c737c481f7cc144f5237888f","name":"Andre Elan Quebec","image":{"@type":"ImageObject","inLanguage":"fr-FR","@id":"https:\/\/secure.gravatar.com\/avatar\/7ea082d3d909c4cb837bac18df8ab3523b4a3b6bc196bc83d5ca7f186807bf4e?s=96&d=mm&r=g","url":"https:\/\/secure.gravatar.com\/avatar\/7ea082d3d909c4cb837bac18df8ab3523b4a3b6bc196bc83d5ca7f186807bf4e?s=96&d=mm&r=g","contentUrl":"https:\/\/secure.gravatar.com\/avatar\/7ea082d3d909c4cb837bac18df8ab3523b4a3b6bc196bc83d5ca7f186807bf4e?s=96&d=mm&r=g","caption":"Andre Elan Quebec"},"description":"The English-Language Arts Network (ELAN) is a not-for-profit organization that connects, supports, and creates opportunities for Quebec\u2019s English-speaking artists and arts communities. ELAN members are individuals and organizations from a wide array of artistic disciplines, cultural and geographic backgrounds, and linguistic and cultural communities. Together this network reflects an evolving Qu\u00e9bec identity and celebrates the province\u2019s cultural, artistic, and social diversity.","url":"https:\/\/www.quebec-elan.org\/fr\/author\/elan-quebec\/"}]}},"_links":{"self":[{"href":"https:\/\/www.quebec-elan.org\/fr\/wp-json\/wp\/v2\/posts\/34832","targetHints":{"allow":["GET"]}}],"collection":[{"href":"https:\/\/www.quebec-elan.org\/fr\/wp-json\/wp\/v2\/posts"}],"about":[{"href":"https:\/\/www.quebec-elan.org\/fr\/wp-json\/wp\/v2\/types\/post"}],"author":[{"embeddable":true,"href":"https:\/\/www.quebec-elan.org\/fr\/wp-json\/wp\/v2\/users\/234"}],"replies":[{"embeddable":true,"href":"https:\/\/www.quebec-elan.org\/fr\/wp-json\/wp\/v2\/comments?post=34832"}],"version-history":[{"count":5,"href":"https:\/\/www.quebec-elan.org\/fr\/wp-json\/wp\/v2\/posts\/34832\/revisions"}],"predecessor-version":[{"id":34884,"href":"https:\/\/www.quebec-elan.org\/fr\/wp-json\/wp\/v2\/posts\/34832\/revisions\/34884"}],"wp:featuredmedia":[{"embeddable":true,"href":"https:\/\/www.quebec-elan.org\/fr\/wp-json\/wp\/v2\/media\/34848"}],"wp:attachment":[{"href":"https:\/\/www.quebec-elan.org\/fr\/wp-json\/wp\/v2\/media?parent=34832"}],"wp:term":[{"taxonomy":"category","embeddable":true,"href":"https:\/\/www.quebec-elan.org\/fr\/wp-json\/wp\/v2\/categories?post=34832"},{"taxonomy":"post_tag","embeddable":true,"href":"https:\/\/www.quebec-elan.org\/fr\/wp-json\/wp\/v2\/tags?post=34832"}],"curies":[{"name":"wp","href":"https:\/\/api.w.org\/{rel}","templated":true}]}}