{"id":35282,"date":"2020-12-01T16:45:02","date_gmt":"2020-12-01T16:45:02","guid":{"rendered":"https:\/\/www.quebec-elan.org\/?p=35282"},"modified":"2020-12-01T16:45:02","modified_gmt":"2020-12-01T16:45:02","slug":"artscast-live-broadcast-series-la-fille-du-laitier-presente-en-direct-du-salon-particulier","status":"publish","type":"post","link":"https:\/\/www.quebec-elan.org\/fr\/artscast-live-broadcast-series-la-fille-du-laitier-presente-en-direct-du-salon-particulier\/","title":{"rendered":"ARTSCAST Live Broadcast Series + La Fille du Laitier pr\u00e9sente EN DIRECT du Salon Particulier"},"content":{"rendered":"<div>\n<div>\u00ab\u00a0<strong>Caisse 606<\/strong> d\u00e9peint la routine des travailleurs de l\u2019\u00e9picerie du coin. Ils vous pr\u00e9senteront leurs r\u00eaves et leur soif de libert\u00e9 \u00e0 travers une \u00e9pop\u00e9e o\u00f9 objets du quotidien sont autant d\u2019\u00e9chappatoires \u00e0 leur lassitude. Vous d\u00e9couvrirez une vie de tous les possibles o\u00f9 les carottes dansent, la sauce soya se meurt d\u2019amour, et o\u00f9 le soleil a un go\u00fbt d\u2019ananas! <span style=\"color: #0054a6;\"><strong><a style=\"color: #0054a6;\" href=\"https:\/\/lafilledulaitier.com\/\">La Fille Du Laitier<\/a><\/strong><\/span> est un service de livraison-th\u00e9\u00e2tre qui distribue un th\u00e9\u00e2tre cr\u00e9atif et innovant sur le pas de votre porte gr\u00e2ce \u00e0 un camion transform\u00e9 en sc\u00e8ne urbaine mobile. C\u2019est un th\u00e9\u00e2tre professionnel abordable pr\u00e9sent\u00e9 dans des lieux familiers et accessibles aux citoyens.\u00a0\u00bb<\/div>\n<\/div>\n<div><\/div>\n<div>\n<div>\n<div>\n<div>\n<div>\n<div>BILLETS: \u00a0<span style=\"color: #0054a6;\"><strong><a style=\"color: #0054a6;\" href=\"https:\/\/l.facebook.com\/l.php?u=https%3A%2F%2Fwww.fr.tixza.com%2Fevent%2Fview%2Fcheckout-606-virtual-venue-montreal-2020-12-05-tickets-4994%3Ffbclid%3DIwAR26X2-jcsGASYWqMki8qqqD3iHAxxTAG_zhONiVvp69ytwvxtQ_EM2WtXg&amp;h=AT1qXx3XiFXkxhLDPx39UXf7v-9g7py0JtThe-h98N1ChHq9sB8u0GMiUAXZQnGaG4vgxO3HXs20rzBF1Z2k8Zr8Gr64kt1M9V_DtTeHNz_Gc3nc6Ji4DkbWAL4Xfq8X1pr9rsva5w&amp;__tn__=q&amp;c%5b0%5d=AT36HqXEWZCHjmoTaBTLPEZKHMy2FotmXJE25WzyxTybMQQ0o1LwfvSVxovF-jmRO7AhTa8eroNEbmJ6kXPo4vO6AE3dCoyYxl9xwPs-q8bWl4ePTWasqPJFKY99t69IvFDoTPrmbAWbUuwKGvAkedhmvqX5suco7DslFCTYAWXT7J4X\" target=\"_blank\" rel=\"noopener noreferrer\" data-auth=\"NotApplicable\">https:\/\/www.fr.tixza.com\/&#8230;\/checkout-606-virtual-venue&#8230;<\/a><\/strong><\/span><\/div>\n<\/div>\n<\/div>\n<\/div>\n<\/div>\n<\/div>\n","protected":false},"excerpt":{"rendered":"<p>\u00ab\u00a0Caisse 606 d\u00e9peint la routine des travailleurs de l\u2019\u00e9picerie du coin. Ils vous pr\u00e9senteront leurs r\u00eaves et leur soif de libert\u00e9 \u00e0 travers une \u00e9pop\u00e9e o\u00f9 objets du quotidien sont autant d\u2019\u00e9chappatoires \u00e0 leur lassitude. Vous d\u00e9couvrirez une vie de tous les possibles o\u00f9 les carottes dansent, la sauce soya se meurt d\u2019amour, et o\u00f9 [&hellip;]<\/p>\n","protected":false},"author":234,"featured_media":35283,"comment_status":"closed","ping_status":"closed","sticky":false,"template":"","format":"standard","meta":{"footnotes":""},"categories":[415,149],"tags":[416,395,392,429],"class_list":["post-35282","post","type-post","status-publish","format-standard","has-post-thumbnail","hentry","category-arts2u-2","category-nouvelles","tag-arts2u-fr","tag-elan-fr","tag-nouvelles","tag-projet"],"yoast_head":"<!-- This site is optimized with the Yoast SEO plugin v27.5 - https:\/\/yoast.com\/product\/yoast-seo-wordpress\/ -->\n<title>ARTSCAST Live Broadcast Series + La Fille du Laitier pr\u00e9sente EN DIRECT du Salon Particulier - ELAN<\/title>\n<meta name=\"description\" content=\"A not-for-profit organization that connects, supports, and creates opportunities for English-speaking artists and cultural workers of all disciplines from every region of Quebec.\" \/>\n<meta name=\"robots\" content=\"index, follow, max-snippet:-1, max-image-preview:large, max-video-preview:-1\" \/>\n<link rel=\"canonical\" href=\"https:\/\/www.quebec-elan.org\/fr\/artscast-live-broadcast-series-la-fille-du-laitier-presente-en-direct-du-salon-particulier\/\" \/>\n<meta property=\"og:locale\" content=\"fr_FR\" \/>\n<meta property=\"og:type\" content=\"article\" \/>\n<meta property=\"og:title\" content=\"ARTSCAST Live Broadcast Series + La Fille du Laitier pr\u00e9sente EN DIRECT du Salon Particulier - ELAN\" \/>\n<meta property=\"og:description\" content=\"A not-for-profit organization that connects, supports, and creates opportunities for English-speaking artists and cultural workers of all disciplines from every region of Quebec.\" \/>\n<meta property=\"og:url\" content=\"https:\/\/www.quebec-elan.org\/fr\/artscast-live-broadcast-series-la-fille-du-laitier-presente-en-direct-du-salon-particulier\/\" \/>\n<meta property=\"og:site_name\" content=\"ELAN\" \/>\n<meta property=\"article:published_time\" content=\"2020-12-01T16:45:02+00:00\" \/>\n<meta property=\"og:image\" content=\"https:\/\/www.quebec-elan.org\/wp-content\/uploads\/2020\/12\/web-blog-8.jpg\" \/>\n\t<meta property=\"og:image:width\" content=\"800\" \/>\n\t<meta property=\"og:image:height\" content=\"310\" \/>\n\t<meta property=\"og:image:type\" content=\"image\/jpeg\" \/>\n<meta name=\"author\" content=\"Andre Elan Quebec\" \/>\n<meta name=\"twitter:card\" content=\"summary_large_image\" \/>\n<meta name=\"twitter:label1\" content=\"\u00c9crit par\" \/>\n\t<meta name=\"twitter:data1\" content=\"Andre Elan Quebec\" \/>\n\t<meta name=\"twitter:label2\" content=\"Dur\u00e9e de lecture estim\u00e9e\" \/>\n\t<meta name=\"twitter:data2\" content=\"1 minute\" \/>\n<script type=\"application\/ld+json\" class=\"yoast-schema-graph\">{\"@context\":\"https:\\\/\\\/schema.org\",\"@graph\":[{\"@type\":\"Article\",\"@id\":\"https:\\\/\\\/www.quebec-elan.org\\\/fr\\\/artscast-live-broadcast-series-la-fille-du-laitier-presente-en-direct-du-salon-particulier\\\/#article\",\"isPartOf\":{\"@id\":\"https:\\\/\\\/www.quebec-elan.org\\\/fr\\\/artscast-live-broadcast-series-la-fille-du-laitier-presente-en-direct-du-salon-particulier\\\/\"},\"author\":{\"name\":\"Andre Elan Quebec\",\"@id\":\"https:\\\/\\\/www.quebec-elan.org\\\/en\\\/#\\\/schema\\\/person\\\/4aaafbe7c737c481f7cc144f5237888f\"},\"headline\":\"ARTSCAST Live Broadcast Series + La Fille du Laitier pr\u00e9sente EN DIRECT du Salon Particulier\",\"datePublished\":\"2020-12-01T16:45:02+00:00\",\"mainEntityOfPage\":{\"@id\":\"https:\\\/\\\/www.quebec-elan.org\\\/fr\\\/artscast-live-broadcast-series-la-fille-du-laitier-presente-en-direct-du-salon-particulier\\\/\"},\"wordCount\":143,\"publisher\":{\"@id\":\"https:\\\/\\\/www.quebec-elan.org\\\/en\\\/#organization\"},\"image\":{\"@id\":\"https:\\\/\\\/www.quebec-elan.org\\\/fr\\\/artscast-live-broadcast-series-la-fille-du-laitier-presente-en-direct-du-salon-particulier\\\/#primaryimage\"},\"thumbnailUrl\":\"https:\\\/\\\/www.quebec-elan.org\\\/wp-content\\\/uploads\\\/2020\\\/12\\\/web-blog-8.jpg\",\"keywords\":[\"ARTS2U\",\"ELAN\",\"nouvelles\",\"Projet\"],\"articleSection\":[\"ARTS2U\",\"Nouvelles\"],\"inLanguage\":\"fr-FR\"},{\"@type\":\"WebPage\",\"@id\":\"https:\\\/\\\/www.quebec-elan.org\\\/fr\\\/artscast-live-broadcast-series-la-fille-du-laitier-presente-en-direct-du-salon-particulier\\\/\",\"url\":\"https:\\\/\\\/www.quebec-elan.org\\\/fr\\\/artscast-live-broadcast-series-la-fille-du-laitier-presente-en-direct-du-salon-particulier\\\/\",\"name\":\"ARTSCAST Live Broadcast Series + La Fille du Laitier pr\u00e9sente EN DIRECT du Salon Particulier - ELAN\",\"isPartOf\":{\"@id\":\"https:\\\/\\\/www.quebec-elan.org\\\/en\\\/#website\"},\"primaryImageOfPage\":{\"@id\":\"https:\\\/\\\/www.quebec-elan.org\\\/fr\\\/artscast-live-broadcast-series-la-fille-du-laitier-presente-en-direct-du-salon-particulier\\\/#primaryimage\"},\"image\":{\"@id\":\"https:\\\/\\\/www.quebec-elan.org\\\/fr\\\/artscast-live-broadcast-series-la-fille-du-laitier-presente-en-direct-du-salon-particulier\\\/#primaryimage\"},\"thumbnailUrl\":\"https:\\\/\\\/www.quebec-elan.org\\\/wp-content\\\/uploads\\\/2020\\\/12\\\/web-blog-8.jpg\",\"datePublished\":\"2020-12-01T16:45:02+00:00\",\"description\":\"A not-for-profit organization that connects, supports, and creates opportunities for English-speaking artists and cultural workers of all disciplines from every region of Quebec.\",\"breadcrumb\":{\"@id\":\"https:\\\/\\\/www.quebec-elan.org\\\/fr\\\/artscast-live-broadcast-series-la-fille-du-laitier-presente-en-direct-du-salon-particulier\\\/#breadcrumb\"},\"inLanguage\":\"fr-FR\",\"potentialAction\":[{\"@type\":\"ReadAction\",\"target\":[\"https:\\\/\\\/www.quebec-elan.org\\\/fr\\\/artscast-live-broadcast-series-la-fille-du-laitier-presente-en-direct-du-salon-particulier\\\/\"]}]},{\"@type\":\"ImageObject\",\"inLanguage\":\"fr-FR\",\"@id\":\"https:\\\/\\\/www.quebec-elan.org\\\/fr\\\/artscast-live-broadcast-series-la-fille-du-laitier-presente-en-direct-du-salon-particulier\\\/#primaryimage\",\"url\":\"https:\\\/\\\/www.quebec-elan.org\\\/wp-content\\\/uploads\\\/2020\\\/12\\\/web-blog-8.jpg\",\"contentUrl\":\"https:\\\/\\\/www.quebec-elan.org\\\/wp-content\\\/uploads\\\/2020\\\/12\\\/web-blog-8.jpg\",\"width\":800,\"height\":310,\"caption\":\"ARTS2U\"},{\"@type\":\"BreadcrumbList\",\"@id\":\"https:\\\/\\\/www.quebec-elan.org\\\/fr\\\/artscast-live-broadcast-series-la-fille-du-laitier-presente-en-direct-du-salon-particulier\\\/#breadcrumb\",\"itemListElement\":[{\"@type\":\"ListItem\",\"position\":1,\"name\":\"Home\",\"item\":\"https:\\\/\\\/www.quebec-elan.org\\\/fr\\\/\"},{\"@type\":\"ListItem\",\"position\":2,\"name\":\"ARTSCAST Live Broadcast Series + La Fille du Laitier pr\u00e9sente EN DIRECT du Salon Particulier\"}]},{\"@type\":\"WebSite\",\"@id\":\"https:\\\/\\\/www.quebec-elan.org\\\/en\\\/#website\",\"url\":\"https:\\\/\\\/www.quebec-elan.org\\\/en\\\/\",\"name\":\"ELAN\",\"description\":\"English Language Arts Network\",\"publisher\":{\"@id\":\"https:\\\/\\\/www.quebec-elan.org\\\/en\\\/#organization\"},\"potentialAction\":[{\"@type\":\"SearchAction\",\"target\":{\"@type\":\"EntryPoint\",\"urlTemplate\":\"https:\\\/\\\/www.quebec-elan.org\\\/en\\\/?s={search_term_string}\"},\"query-input\":{\"@type\":\"PropertyValueSpecification\",\"valueRequired\":true,\"valueName\":\"search_term_string\"}}],\"inLanguage\":\"fr-FR\"},{\"@type\":\"Organization\",\"@id\":\"https:\\\/\\\/www.quebec-elan.org\\\/en\\\/#organization\",\"name\":\"ELAN - English Language Arts Network\",\"url\":\"https:\\\/\\\/www.quebec-elan.org\\\/en\\\/\",\"logo\":{\"@type\":\"ImageObject\",\"inLanguage\":\"fr-FR\",\"@id\":\"https:\\\/\\\/www.quebec-elan.org\\\/en\\\/#\\\/schema\\\/logo\\\/image\\\/\",\"url\":\"https:\\\/\\\/www.quebec-elan.org\\\/wp-content\\\/uploads\\\/2022\\\/05\\\/elan-logo-360.jpg\",\"contentUrl\":\"https:\\\/\\\/www.quebec-elan.org\\\/wp-content\\\/uploads\\\/2022\\\/05\\\/elan-logo-360.jpg\",\"width\":360,\"height\":70,\"caption\":\"ELAN - English Language Arts Network\"},\"image\":{\"@id\":\"https:\\\/\\\/www.quebec-elan.org\\\/en\\\/#\\\/schema\\\/logo\\\/image\\\/\"}},{\"@type\":\"Person\",\"@id\":\"https:\\\/\\\/www.quebec-elan.org\\\/en\\\/#\\\/schema\\\/person\\\/4aaafbe7c737c481f7cc144f5237888f\",\"name\":\"Andre Elan Quebec\",\"image\":{\"@type\":\"ImageObject\",\"inLanguage\":\"fr-FR\",\"@id\":\"https:\\\/\\\/secure.gravatar.com\\\/avatar\\\/7ea082d3d909c4cb837bac18df8ab3523b4a3b6bc196bc83d5ca7f186807bf4e?s=96&d=mm&r=g\",\"url\":\"https:\\\/\\\/secure.gravatar.com\\\/avatar\\\/7ea082d3d909c4cb837bac18df8ab3523b4a3b6bc196bc83d5ca7f186807bf4e?s=96&d=mm&r=g\",\"contentUrl\":\"https:\\\/\\\/secure.gravatar.com\\\/avatar\\\/7ea082d3d909c4cb837bac18df8ab3523b4a3b6bc196bc83d5ca7f186807bf4e?s=96&d=mm&r=g\",\"caption\":\"Andre Elan Quebec\"},\"description\":\"The English-Language Arts Network (ELAN) is a not-for-profit organization that connects, supports, and creates opportunities for Quebec\u2019s English-speaking artists and arts communities. ELAN members are individuals and organizations from a wide array of artistic disciplines, cultural and geographic backgrounds, and linguistic and cultural communities. Together this network reflects an evolving Qu\u00e9bec identity and celebrates the province\u2019s cultural, artistic, and social diversity.\",\"url\":\"https:\\\/\\\/www.quebec-elan.org\\\/fr\\\/author\\\/elan-quebec\\\/\"}]}<\/script>\n<!-- \/ Yoast SEO plugin. -->","yoast_head_json":{"title":"ARTSCAST Live Broadcast Series + La Fille du Laitier pr\u00e9sente EN DIRECT du Salon Particulier - ELAN","description":"A not-for-profit organization that connects, supports, and creates opportunities for English-speaking artists and cultural workers of all disciplines from every region of Quebec.","robots":{"index":"index","follow":"follow","max-snippet":"max-snippet:-1","max-image-preview":"max-image-preview:large","max-video-preview":"max-video-preview:-1"},"canonical":"https:\/\/www.quebec-elan.org\/fr\/artscast-live-broadcast-series-la-fille-du-laitier-presente-en-direct-du-salon-particulier\/","og_locale":"fr_FR","og_type":"article","og_title":"ARTSCAST Live Broadcast Series + La Fille du Laitier pr\u00e9sente EN DIRECT du Salon Particulier - ELAN","og_description":"A not-for-profit organization that connects, supports, and creates opportunities for English-speaking artists and cultural workers of all disciplines from every region of Quebec.","og_url":"https:\/\/www.quebec-elan.org\/fr\/artscast-live-broadcast-series-la-fille-du-laitier-presente-en-direct-du-salon-particulier\/","og_site_name":"ELAN","article_published_time":"2020-12-01T16:45:02+00:00","og_image":[{"width":800,"height":310,"url":"https:\/\/www.quebec-elan.org\/wp-content\/uploads\/2020\/12\/web-blog-8.jpg","type":"image\/jpeg"}],"author":"Andre Elan Quebec","twitter_card":"summary_large_image","twitter_misc":{"\u00c9crit par":"Andre Elan Quebec","Dur\u00e9e de lecture estim\u00e9e":"1 minute"},"schema":{"@context":"https:\/\/schema.org","@graph":[{"@type":"Article","@id":"https:\/\/www.quebec-elan.org\/fr\/artscast-live-broadcast-series-la-fille-du-laitier-presente-en-direct-du-salon-particulier\/#article","isPartOf":{"@id":"https:\/\/www.quebec-elan.org\/fr\/artscast-live-broadcast-series-la-fille-du-laitier-presente-en-direct-du-salon-particulier\/"},"author":{"name":"Andre Elan Quebec","@id":"https:\/\/www.quebec-elan.org\/en\/#\/schema\/person\/4aaafbe7c737c481f7cc144f5237888f"},"headline":"ARTSCAST Live Broadcast Series + La Fille du Laitier pr\u00e9sente EN DIRECT du Salon Particulier","datePublished":"2020-12-01T16:45:02+00:00","mainEntityOfPage":{"@id":"https:\/\/www.quebec-elan.org\/fr\/artscast-live-broadcast-series-la-fille-du-laitier-presente-en-direct-du-salon-particulier\/"},"wordCount":143,"publisher":{"@id":"https:\/\/www.quebec-elan.org\/en\/#organization"},"image":{"@id":"https:\/\/www.quebec-elan.org\/fr\/artscast-live-broadcast-series-la-fille-du-laitier-presente-en-direct-du-salon-particulier\/#primaryimage"},"thumbnailUrl":"https:\/\/www.quebec-elan.org\/wp-content\/uploads\/2020\/12\/web-blog-8.jpg","keywords":["ARTS2U","ELAN","nouvelles","Projet"],"articleSection":["ARTS2U","Nouvelles"],"inLanguage":"fr-FR"},{"@type":"WebPage","@id":"https:\/\/www.quebec-elan.org\/fr\/artscast-live-broadcast-series-la-fille-du-laitier-presente-en-direct-du-salon-particulier\/","url":"https:\/\/www.quebec-elan.org\/fr\/artscast-live-broadcast-series-la-fille-du-laitier-presente-en-direct-du-salon-particulier\/","name":"ARTSCAST Live Broadcast Series + La Fille du Laitier pr\u00e9sente EN DIRECT du Salon Particulier - ELAN","isPartOf":{"@id":"https:\/\/www.quebec-elan.org\/en\/#website"},"primaryImageOfPage":{"@id":"https:\/\/www.quebec-elan.org\/fr\/artscast-live-broadcast-series-la-fille-du-laitier-presente-en-direct-du-salon-particulier\/#primaryimage"},"image":{"@id":"https:\/\/www.quebec-elan.org\/fr\/artscast-live-broadcast-series-la-fille-du-laitier-presente-en-direct-du-salon-particulier\/#primaryimage"},"thumbnailUrl":"https:\/\/www.quebec-elan.org\/wp-content\/uploads\/2020\/12\/web-blog-8.jpg","datePublished":"2020-12-01T16:45:02+00:00","description":"A not-for-profit organization that connects, supports, and creates opportunities for English-speaking artists and cultural workers of all disciplines from every region of Quebec.","breadcrumb":{"@id":"https:\/\/www.quebec-elan.org\/fr\/artscast-live-broadcast-series-la-fille-du-laitier-presente-en-direct-du-salon-particulier\/#breadcrumb"},"inLanguage":"fr-FR","potentialAction":[{"@type":"ReadAction","target":["https:\/\/www.quebec-elan.org\/fr\/artscast-live-broadcast-series-la-fille-du-laitier-presente-en-direct-du-salon-particulier\/"]}]},{"@type":"ImageObject","inLanguage":"fr-FR","@id":"https:\/\/www.quebec-elan.org\/fr\/artscast-live-broadcast-series-la-fille-du-laitier-presente-en-direct-du-salon-particulier\/#primaryimage","url":"https:\/\/www.quebec-elan.org\/wp-content\/uploads\/2020\/12\/web-blog-8.jpg","contentUrl":"https:\/\/www.quebec-elan.org\/wp-content\/uploads\/2020\/12\/web-blog-8.jpg","width":800,"height":310,"caption":"ARTS2U"},{"@type":"BreadcrumbList","@id":"https:\/\/www.quebec-elan.org\/fr\/artscast-live-broadcast-series-la-fille-du-laitier-presente-en-direct-du-salon-particulier\/#breadcrumb","itemListElement":[{"@type":"ListItem","position":1,"name":"Home","item":"https:\/\/www.quebec-elan.org\/fr\/"},{"@type":"ListItem","position":2,"name":"ARTSCAST Live Broadcast Series + La Fille du Laitier pr\u00e9sente EN DIRECT du Salon Particulier"}]},{"@type":"WebSite","@id":"https:\/\/www.quebec-elan.org\/en\/#website","url":"https:\/\/www.quebec-elan.org\/en\/","name":"ELAN","description":"English Language Arts Network","publisher":{"@id":"https:\/\/www.quebec-elan.org\/en\/#organization"},"potentialAction":[{"@type":"SearchAction","target":{"@type":"EntryPoint","urlTemplate":"https:\/\/www.quebec-elan.org\/en\/?s={search_term_string}"},"query-input":{"@type":"PropertyValueSpecification","valueRequired":true,"valueName":"search_term_string"}}],"inLanguage":"fr-FR"},{"@type":"Organization","@id":"https:\/\/www.quebec-elan.org\/en\/#organization","name":"ELAN - English Language Arts Network","url":"https:\/\/www.quebec-elan.org\/en\/","logo":{"@type":"ImageObject","inLanguage":"fr-FR","@id":"https:\/\/www.quebec-elan.org\/en\/#\/schema\/logo\/image\/","url":"https:\/\/www.quebec-elan.org\/wp-content\/uploads\/2022\/05\/elan-logo-360.jpg","contentUrl":"https:\/\/www.quebec-elan.org\/wp-content\/uploads\/2022\/05\/elan-logo-360.jpg","width":360,"height":70,"caption":"ELAN - English Language Arts Network"},"image":{"@id":"https:\/\/www.quebec-elan.org\/en\/#\/schema\/logo\/image\/"}},{"@type":"Person","@id":"https:\/\/www.quebec-elan.org\/en\/#\/schema\/person\/4aaafbe7c737c481f7cc144f5237888f","name":"Andre Elan Quebec","image":{"@type":"ImageObject","inLanguage":"fr-FR","@id":"https:\/\/secure.gravatar.com\/avatar\/7ea082d3d909c4cb837bac18df8ab3523b4a3b6bc196bc83d5ca7f186807bf4e?s=96&d=mm&r=g","url":"https:\/\/secure.gravatar.com\/avatar\/7ea082d3d909c4cb837bac18df8ab3523b4a3b6bc196bc83d5ca7f186807bf4e?s=96&d=mm&r=g","contentUrl":"https:\/\/secure.gravatar.com\/avatar\/7ea082d3d909c4cb837bac18df8ab3523b4a3b6bc196bc83d5ca7f186807bf4e?s=96&d=mm&r=g","caption":"Andre Elan Quebec"},"description":"The English-Language Arts Network (ELAN) is a not-for-profit organization that connects, supports, and creates opportunities for Quebec\u2019s English-speaking artists and arts communities. ELAN members are individuals and organizations from a wide array of artistic disciplines, cultural and geographic backgrounds, and linguistic and cultural communities. Together this network reflects an evolving Qu\u00e9bec identity and celebrates the province\u2019s cultural, artistic, and social diversity.","url":"https:\/\/www.quebec-elan.org\/fr\/author\/elan-quebec\/"}]}},"_links":{"self":[{"href":"https:\/\/www.quebec-elan.org\/fr\/wp-json\/wp\/v2\/posts\/35282","targetHints":{"allow":["GET"]}}],"collection":[{"href":"https:\/\/www.quebec-elan.org\/fr\/wp-json\/wp\/v2\/posts"}],"about":[{"href":"https:\/\/www.quebec-elan.org\/fr\/wp-json\/wp\/v2\/types\/post"}],"author":[{"embeddable":true,"href":"https:\/\/www.quebec-elan.org\/fr\/wp-json\/wp\/v2\/users\/234"}],"replies":[{"embeddable":true,"href":"https:\/\/www.quebec-elan.org\/fr\/wp-json\/wp\/v2\/comments?post=35282"}],"version-history":[{"count":2,"href":"https:\/\/www.quebec-elan.org\/fr\/wp-json\/wp\/v2\/posts\/35282\/revisions"}],"predecessor-version":[{"id":35286,"href":"https:\/\/www.quebec-elan.org\/fr\/wp-json\/wp\/v2\/posts\/35282\/revisions\/35286"}],"wp:featuredmedia":[{"embeddable":true,"href":"https:\/\/www.quebec-elan.org\/fr\/wp-json\/wp\/v2\/media\/35283"}],"wp:attachment":[{"href":"https:\/\/www.quebec-elan.org\/fr\/wp-json\/wp\/v2\/media?parent=35282"}],"wp:term":[{"taxonomy":"category","embeddable":true,"href":"https:\/\/www.quebec-elan.org\/fr\/wp-json\/wp\/v2\/categories?post=35282"},{"taxonomy":"post_tag","embeddable":true,"href":"https:\/\/www.quebec-elan.org\/fr\/wp-json\/wp\/v2\/tags?post=35282"}],"curies":[{"name":"wp","href":"https:\/\/api.w.org\/{rel}","templated":true}]}}