{"id":35319,"date":"2020-12-02T13:56:34","date_gmt":"2020-12-02T13:56:34","guid":{"rendered":"https:\/\/www.quebec-elan.org\/?p=35319"},"modified":"2020-12-02T16:51:04","modified_gmt":"2020-12-02T16:51:04","slug":"le-projet-aines-we-are-all-in-this-together-ensemble-et-solidaires","status":"publish","type":"post","link":"https:\/\/www.quebec-elan.org\/fr\/le-projet-aines-we-are-all-in-this-together-ensemble-et-solidaires\/","title":{"rendered":"Le projet A\u00ceN\u00c9S : We Are All in This Together (Ensemble et solidaires)"},"content":{"rendered":"<p>Les deux premiers \u00e9pisodes de <strong><em>\u00ab We Are All in This Together \u00bb<\/em><\/strong> ont \u00e9t\u00e9 tourn\u00e9s durant la derni\u00e8re semaine de novembre et seront bient\u00f4t accessibles n ligne sur la nouvelle cha\u00eene YouTube d\u2019ELAN. L\u2019\u00e9pisode d\u2019ouverture porte sur la confection de biscuits du temps des F\u00eates, et le deuxi\u00e8me pr\u00e9sente un concert des F\u00eates mettant en vedette Susie Arioli, Dawn Tyler Watson, Jennifer Gasoi et le trio celtique virtuose Solstice.<\/p>\n<p>ELAN, en collaboration avec Action A\u00een\u00e9s Qu\u00e9bec, produira de nouveaux \u00e9pisodes tout au long de l\u2019hiver et du printemps. Si vous connaissez des personnes \u00e2g\u00e9es \u00e0 la recherche d\u2019activit\u00e9s divertissantes offrant un sentiment d\u2019appartenance \u00e0 la communaut\u00e9, faites-leur parvenir le lien pour la nouvelle cha\u00eene YouTube d\u2019ELAN, We Are All In This Together (\u00e0 venir). <span style=\"color: #0054a6;\"><strong><a style=\"color: #0054a6;\" href=\"mailto:communications@quebe-elan.org\">Envoyez-nous une courriel<\/a><\/strong><\/span>.<\/p>\n<p>&nbsp;<\/p>\n<p><span style=\"color: #0054a6;\"><strong><a style=\"color: #0054a6;\" href=\"https:\/\/www.quebec-elan.org\/2020\/12\/01\/seniors-project-we-are-all-in-this-together\/\">Cliquez-ici pour voir des photos<\/a><a style=\"color: #0054a6;\" href=\"https:\/\/www.quebec-elan.org\/2020\/12\/01\/seniors-project-we-are-all-in-this-together\/\"> !<\/a><\/strong><\/span><\/p>\n","protected":false},"excerpt":{"rendered":"<p>Les deux premiers \u00e9pisodes de \u00ab We Are All in This Together \u00bb ont \u00e9t\u00e9 tourn\u00e9s durant la derni\u00e8re semaine de novembre et seront bient\u00f4t accessibles n ligne sur la nouvelle cha\u00eene YouTube d\u2019ELAN. L\u2019\u00e9pisode d\u2019ouverture porte sur la confection de biscuits du temps des F\u00eates, et le deuxi\u00e8me pr\u00e9sente un concert des F\u00eates mettant [&hellip;]<\/p>\n","protected":false},"author":234,"featured_media":35349,"comment_status":"closed","ping_status":"closed","sticky":false,"template":"","format":"standard","meta":{"footnotes":""},"categories":[149],"tags":[395,392,429],"class_list":["post-35319","post","type-post","status-publish","format-standard","has-post-thumbnail","hentry","category-nouvelles","tag-elan-fr","tag-nouvelles","tag-projet"],"yoast_head":"<!-- This site is optimized with the Yoast SEO plugin v27.5 - https:\/\/yoast.com\/product\/yoast-seo-wordpress\/ -->\n<title>Le projet A\u00ceN\u00c9S : We Are All in This Together (Ensemble et solidaires) - ELAN<\/title>\n<meta name=\"description\" content=\"A not-for-profit organization that connects, supports, and creates opportunities for English-speaking artists and cultural workers of all disciplines from every region of Quebec.\" \/>\n<meta name=\"robots\" content=\"index, follow, max-snippet:-1, max-image-preview:large, max-video-preview:-1\" \/>\n<link rel=\"canonical\" href=\"https:\/\/www.quebec-elan.org\/fr\/le-projet-aines-we-are-all-in-this-together-ensemble-et-solidaires\/\" \/>\n<meta property=\"og:locale\" content=\"fr_FR\" \/>\n<meta property=\"og:type\" content=\"article\" \/>\n<meta property=\"og:title\" content=\"Le projet A\u00ceN\u00c9S : We Are All in This Together (Ensemble et solidaires) - ELAN\" \/>\n<meta property=\"og:description\" content=\"A not-for-profit organization that connects, supports, and creates opportunities for English-speaking artists and cultural workers of all disciplines from every region of Quebec.\" \/>\n<meta property=\"og:url\" content=\"https:\/\/www.quebec-elan.org\/fr\/le-projet-aines-we-are-all-in-this-together-ensemble-et-solidaires\/\" \/>\n<meta property=\"og:site_name\" content=\"ELAN\" \/>\n<meta property=\"article:published_time\" content=\"2020-12-02T13:56:34+00:00\" \/>\n<meta property=\"article:modified_time\" content=\"2020-12-02T16:51:04+00:00\" \/>\n<meta property=\"og:image\" content=\"https:\/\/www.quebec-elan.org\/wp-content\/uploads\/2020\/12\/web-blog-4.gif\" \/>\n\t<meta property=\"og:image:width\" content=\"800\" \/>\n\t<meta property=\"og:image:height\" content=\"310\" \/>\n\t<meta property=\"og:image:type\" content=\"image\/gif\" \/>\n<meta name=\"author\" content=\"Andre Elan Quebec\" \/>\n<meta name=\"twitter:card\" content=\"summary_large_image\" \/>\n<meta name=\"twitter:label1\" content=\"\u00c9crit par\" \/>\n\t<meta name=\"twitter:data1\" content=\"Andre Elan Quebec\" \/>\n\t<meta name=\"twitter:label2\" content=\"Dur\u00e9e de lecture estim\u00e9e\" \/>\n\t<meta name=\"twitter:data2\" content=\"1 minute\" \/>\n<script type=\"application\/ld+json\" class=\"yoast-schema-graph\">{\"@context\":\"https:\\\/\\\/schema.org\",\"@graph\":[{\"@type\":\"Article\",\"@id\":\"https:\\\/\\\/www.quebec-elan.org\\\/fr\\\/le-projet-aines-we-are-all-in-this-together-ensemble-et-solidaires\\\/#article\",\"isPartOf\":{\"@id\":\"https:\\\/\\\/www.quebec-elan.org\\\/fr\\\/le-projet-aines-we-are-all-in-this-together-ensemble-et-solidaires\\\/\"},\"author\":{\"name\":\"Andre Elan Quebec\",\"@id\":\"https:\\\/\\\/www.quebec-elan.org\\\/en\\\/#\\\/schema\\\/person\\\/4aaafbe7c737c481f7cc144f5237888f\"},\"headline\":\"Le projet A\u00ceN\u00c9S : We Are All in This Together (Ensemble et solidaires)\",\"datePublished\":\"2020-12-02T13:56:34+00:00\",\"dateModified\":\"2020-12-02T16:51:04+00:00\",\"mainEntityOfPage\":{\"@id\":\"https:\\\/\\\/www.quebec-elan.org\\\/fr\\\/le-projet-aines-we-are-all-in-this-together-ensemble-et-solidaires\\\/\"},\"wordCount\":164,\"publisher\":{\"@id\":\"https:\\\/\\\/www.quebec-elan.org\\\/en\\\/#organization\"},\"image\":{\"@id\":\"https:\\\/\\\/www.quebec-elan.org\\\/fr\\\/le-projet-aines-we-are-all-in-this-together-ensemble-et-solidaires\\\/#primaryimage\"},\"thumbnailUrl\":\"https:\\\/\\\/www.quebec-elan.org\\\/wp-content\\\/uploads\\\/2020\\\/12\\\/web-blog-4.gif\",\"keywords\":[\"ELAN\",\"nouvelles\",\"Projet\"],\"articleSection\":[\"Nouvelles\"],\"inLanguage\":\"fr-FR\"},{\"@type\":\"WebPage\",\"@id\":\"https:\\\/\\\/www.quebec-elan.org\\\/fr\\\/le-projet-aines-we-are-all-in-this-together-ensemble-et-solidaires\\\/\",\"url\":\"https:\\\/\\\/www.quebec-elan.org\\\/fr\\\/le-projet-aines-we-are-all-in-this-together-ensemble-et-solidaires\\\/\",\"name\":\"Le projet A\u00ceN\u00c9S : We Are All in This Together (Ensemble et solidaires) - ELAN\",\"isPartOf\":{\"@id\":\"https:\\\/\\\/www.quebec-elan.org\\\/en\\\/#website\"},\"primaryImageOfPage\":{\"@id\":\"https:\\\/\\\/www.quebec-elan.org\\\/fr\\\/le-projet-aines-we-are-all-in-this-together-ensemble-et-solidaires\\\/#primaryimage\"},\"image\":{\"@id\":\"https:\\\/\\\/www.quebec-elan.org\\\/fr\\\/le-projet-aines-we-are-all-in-this-together-ensemble-et-solidaires\\\/#primaryimage\"},\"thumbnailUrl\":\"https:\\\/\\\/www.quebec-elan.org\\\/wp-content\\\/uploads\\\/2020\\\/12\\\/web-blog-4.gif\",\"datePublished\":\"2020-12-02T13:56:34+00:00\",\"dateModified\":\"2020-12-02T16:51:04+00:00\",\"description\":\"A not-for-profit organization that connects, supports, and creates opportunities for English-speaking artists and cultural workers of all disciplines from every region of Quebec.\",\"breadcrumb\":{\"@id\":\"https:\\\/\\\/www.quebec-elan.org\\\/fr\\\/le-projet-aines-we-are-all-in-this-together-ensemble-et-solidaires\\\/#breadcrumb\"},\"inLanguage\":\"fr-FR\",\"potentialAction\":[{\"@type\":\"ReadAction\",\"target\":[\"https:\\\/\\\/www.quebec-elan.org\\\/fr\\\/le-projet-aines-we-are-all-in-this-together-ensemble-et-solidaires\\\/\"]}]},{\"@type\":\"ImageObject\",\"inLanguage\":\"fr-FR\",\"@id\":\"https:\\\/\\\/www.quebec-elan.org\\\/fr\\\/le-projet-aines-we-are-all-in-this-together-ensemble-et-solidaires\\\/#primaryimage\",\"url\":\"https:\\\/\\\/www.quebec-elan.org\\\/wp-content\\\/uploads\\\/2020\\\/12\\\/web-blog-4.gif\",\"contentUrl\":\"https:\\\/\\\/www.quebec-elan.org\\\/wp-content\\\/uploads\\\/2020\\\/12\\\/web-blog-4.gif\",\"width\":800,\"height\":310},{\"@type\":\"BreadcrumbList\",\"@id\":\"https:\\\/\\\/www.quebec-elan.org\\\/fr\\\/le-projet-aines-we-are-all-in-this-together-ensemble-et-solidaires\\\/#breadcrumb\",\"itemListElement\":[{\"@type\":\"ListItem\",\"position\":1,\"name\":\"Home\",\"item\":\"https:\\\/\\\/www.quebec-elan.org\\\/fr\\\/\"},{\"@type\":\"ListItem\",\"position\":2,\"name\":\"Le projet A\u00ceN\u00c9S : We Are All in This Together (Ensemble et solidaires)\"}]},{\"@type\":\"WebSite\",\"@id\":\"https:\\\/\\\/www.quebec-elan.org\\\/en\\\/#website\",\"url\":\"https:\\\/\\\/www.quebec-elan.org\\\/en\\\/\",\"name\":\"ELAN\",\"description\":\"English Language Arts Network\",\"publisher\":{\"@id\":\"https:\\\/\\\/www.quebec-elan.org\\\/en\\\/#organization\"},\"potentialAction\":[{\"@type\":\"SearchAction\",\"target\":{\"@type\":\"EntryPoint\",\"urlTemplate\":\"https:\\\/\\\/www.quebec-elan.org\\\/en\\\/?s={search_term_string}\"},\"query-input\":{\"@type\":\"PropertyValueSpecification\",\"valueRequired\":true,\"valueName\":\"search_term_string\"}}],\"inLanguage\":\"fr-FR\"},{\"@type\":\"Organization\",\"@id\":\"https:\\\/\\\/www.quebec-elan.org\\\/en\\\/#organization\",\"name\":\"ELAN - English Language Arts Network\",\"url\":\"https:\\\/\\\/www.quebec-elan.org\\\/en\\\/\",\"logo\":{\"@type\":\"ImageObject\",\"inLanguage\":\"fr-FR\",\"@id\":\"https:\\\/\\\/www.quebec-elan.org\\\/en\\\/#\\\/schema\\\/logo\\\/image\\\/\",\"url\":\"https:\\\/\\\/www.quebec-elan.org\\\/wp-content\\\/uploads\\\/2022\\\/05\\\/elan-logo-360.jpg\",\"contentUrl\":\"https:\\\/\\\/www.quebec-elan.org\\\/wp-content\\\/uploads\\\/2022\\\/05\\\/elan-logo-360.jpg\",\"width\":360,\"height\":70,\"caption\":\"ELAN - English Language Arts Network\"},\"image\":{\"@id\":\"https:\\\/\\\/www.quebec-elan.org\\\/en\\\/#\\\/schema\\\/logo\\\/image\\\/\"}},{\"@type\":\"Person\",\"@id\":\"https:\\\/\\\/www.quebec-elan.org\\\/en\\\/#\\\/schema\\\/person\\\/4aaafbe7c737c481f7cc144f5237888f\",\"name\":\"Andre Elan Quebec\",\"image\":{\"@type\":\"ImageObject\",\"inLanguage\":\"fr-FR\",\"@id\":\"https:\\\/\\\/secure.gravatar.com\\\/avatar\\\/7ea082d3d909c4cb837bac18df8ab3523b4a3b6bc196bc83d5ca7f186807bf4e?s=96&d=mm&r=g\",\"url\":\"https:\\\/\\\/secure.gravatar.com\\\/avatar\\\/7ea082d3d909c4cb837bac18df8ab3523b4a3b6bc196bc83d5ca7f186807bf4e?s=96&d=mm&r=g\",\"contentUrl\":\"https:\\\/\\\/secure.gravatar.com\\\/avatar\\\/7ea082d3d909c4cb837bac18df8ab3523b4a3b6bc196bc83d5ca7f186807bf4e?s=96&d=mm&r=g\",\"caption\":\"Andre Elan Quebec\"},\"description\":\"The English-Language Arts Network (ELAN) is a not-for-profit organization that connects, supports, and creates opportunities for Quebec\u2019s English-speaking artists and arts communities. ELAN members are individuals and organizations from a wide array of artistic disciplines, cultural and geographic backgrounds, and linguistic and cultural communities. Together this network reflects an evolving Qu\u00e9bec identity and celebrates the province\u2019s cultural, artistic, and social diversity.\",\"url\":\"https:\\\/\\\/www.quebec-elan.org\\\/fr\\\/author\\\/elan-quebec\\\/\"}]}<\/script>\n<!-- \/ Yoast SEO plugin. -->","yoast_head_json":{"title":"Le projet A\u00ceN\u00c9S : We Are All in This Together (Ensemble et solidaires) - ELAN","description":"A not-for-profit organization that connects, supports, and creates opportunities for English-speaking artists and cultural workers of all disciplines from every region of Quebec.","robots":{"index":"index","follow":"follow","max-snippet":"max-snippet:-1","max-image-preview":"max-image-preview:large","max-video-preview":"max-video-preview:-1"},"canonical":"https:\/\/www.quebec-elan.org\/fr\/le-projet-aines-we-are-all-in-this-together-ensemble-et-solidaires\/","og_locale":"fr_FR","og_type":"article","og_title":"Le projet A\u00ceN\u00c9S : We Are All in This Together (Ensemble et solidaires) - ELAN","og_description":"A not-for-profit organization that connects, supports, and creates opportunities for English-speaking artists and cultural workers of all disciplines from every region of Quebec.","og_url":"https:\/\/www.quebec-elan.org\/fr\/le-projet-aines-we-are-all-in-this-together-ensemble-et-solidaires\/","og_site_name":"ELAN","article_published_time":"2020-12-02T13:56:34+00:00","article_modified_time":"2020-12-02T16:51:04+00:00","og_image":[{"width":800,"height":310,"url":"https:\/\/www.quebec-elan.org\/wp-content\/uploads\/2020\/12\/web-blog-4.gif","type":"image\/gif"}],"author":"Andre Elan Quebec","twitter_card":"summary_large_image","twitter_misc":{"\u00c9crit par":"Andre Elan Quebec","Dur\u00e9e de lecture estim\u00e9e":"1 minute"},"schema":{"@context":"https:\/\/schema.org","@graph":[{"@type":"Article","@id":"https:\/\/www.quebec-elan.org\/fr\/le-projet-aines-we-are-all-in-this-together-ensemble-et-solidaires\/#article","isPartOf":{"@id":"https:\/\/www.quebec-elan.org\/fr\/le-projet-aines-we-are-all-in-this-together-ensemble-et-solidaires\/"},"author":{"name":"Andre Elan Quebec","@id":"https:\/\/www.quebec-elan.org\/en\/#\/schema\/person\/4aaafbe7c737c481f7cc144f5237888f"},"headline":"Le projet A\u00ceN\u00c9S : We Are All in This Together (Ensemble et solidaires)","datePublished":"2020-12-02T13:56:34+00:00","dateModified":"2020-12-02T16:51:04+00:00","mainEntityOfPage":{"@id":"https:\/\/www.quebec-elan.org\/fr\/le-projet-aines-we-are-all-in-this-together-ensemble-et-solidaires\/"},"wordCount":164,"publisher":{"@id":"https:\/\/www.quebec-elan.org\/en\/#organization"},"image":{"@id":"https:\/\/www.quebec-elan.org\/fr\/le-projet-aines-we-are-all-in-this-together-ensemble-et-solidaires\/#primaryimage"},"thumbnailUrl":"https:\/\/www.quebec-elan.org\/wp-content\/uploads\/2020\/12\/web-blog-4.gif","keywords":["ELAN","nouvelles","Projet"],"articleSection":["Nouvelles"],"inLanguage":"fr-FR"},{"@type":"WebPage","@id":"https:\/\/www.quebec-elan.org\/fr\/le-projet-aines-we-are-all-in-this-together-ensemble-et-solidaires\/","url":"https:\/\/www.quebec-elan.org\/fr\/le-projet-aines-we-are-all-in-this-together-ensemble-et-solidaires\/","name":"Le projet A\u00ceN\u00c9S : We Are All in This Together (Ensemble et solidaires) - ELAN","isPartOf":{"@id":"https:\/\/www.quebec-elan.org\/en\/#website"},"primaryImageOfPage":{"@id":"https:\/\/www.quebec-elan.org\/fr\/le-projet-aines-we-are-all-in-this-together-ensemble-et-solidaires\/#primaryimage"},"image":{"@id":"https:\/\/www.quebec-elan.org\/fr\/le-projet-aines-we-are-all-in-this-together-ensemble-et-solidaires\/#primaryimage"},"thumbnailUrl":"https:\/\/www.quebec-elan.org\/wp-content\/uploads\/2020\/12\/web-blog-4.gif","datePublished":"2020-12-02T13:56:34+00:00","dateModified":"2020-12-02T16:51:04+00:00","description":"A not-for-profit organization that connects, supports, and creates opportunities for English-speaking artists and cultural workers of all disciplines from every region of Quebec.","breadcrumb":{"@id":"https:\/\/www.quebec-elan.org\/fr\/le-projet-aines-we-are-all-in-this-together-ensemble-et-solidaires\/#breadcrumb"},"inLanguage":"fr-FR","potentialAction":[{"@type":"ReadAction","target":["https:\/\/www.quebec-elan.org\/fr\/le-projet-aines-we-are-all-in-this-together-ensemble-et-solidaires\/"]}]},{"@type":"ImageObject","inLanguage":"fr-FR","@id":"https:\/\/www.quebec-elan.org\/fr\/le-projet-aines-we-are-all-in-this-together-ensemble-et-solidaires\/#primaryimage","url":"https:\/\/www.quebec-elan.org\/wp-content\/uploads\/2020\/12\/web-blog-4.gif","contentUrl":"https:\/\/www.quebec-elan.org\/wp-content\/uploads\/2020\/12\/web-blog-4.gif","width":800,"height":310},{"@type":"BreadcrumbList","@id":"https:\/\/www.quebec-elan.org\/fr\/le-projet-aines-we-are-all-in-this-together-ensemble-et-solidaires\/#breadcrumb","itemListElement":[{"@type":"ListItem","position":1,"name":"Home","item":"https:\/\/www.quebec-elan.org\/fr\/"},{"@type":"ListItem","position":2,"name":"Le projet A\u00ceN\u00c9S : We Are All in This Together (Ensemble et solidaires)"}]},{"@type":"WebSite","@id":"https:\/\/www.quebec-elan.org\/en\/#website","url":"https:\/\/www.quebec-elan.org\/en\/","name":"ELAN","description":"English Language Arts Network","publisher":{"@id":"https:\/\/www.quebec-elan.org\/en\/#organization"},"potentialAction":[{"@type":"SearchAction","target":{"@type":"EntryPoint","urlTemplate":"https:\/\/www.quebec-elan.org\/en\/?s={search_term_string}"},"query-input":{"@type":"PropertyValueSpecification","valueRequired":true,"valueName":"search_term_string"}}],"inLanguage":"fr-FR"},{"@type":"Organization","@id":"https:\/\/www.quebec-elan.org\/en\/#organization","name":"ELAN - English Language Arts Network","url":"https:\/\/www.quebec-elan.org\/en\/","logo":{"@type":"ImageObject","inLanguage":"fr-FR","@id":"https:\/\/www.quebec-elan.org\/en\/#\/schema\/logo\/image\/","url":"https:\/\/www.quebec-elan.org\/wp-content\/uploads\/2022\/05\/elan-logo-360.jpg","contentUrl":"https:\/\/www.quebec-elan.org\/wp-content\/uploads\/2022\/05\/elan-logo-360.jpg","width":360,"height":70,"caption":"ELAN - English Language Arts Network"},"image":{"@id":"https:\/\/www.quebec-elan.org\/en\/#\/schema\/logo\/image\/"}},{"@type":"Person","@id":"https:\/\/www.quebec-elan.org\/en\/#\/schema\/person\/4aaafbe7c737c481f7cc144f5237888f","name":"Andre Elan Quebec","image":{"@type":"ImageObject","inLanguage":"fr-FR","@id":"https:\/\/secure.gravatar.com\/avatar\/7ea082d3d909c4cb837bac18df8ab3523b4a3b6bc196bc83d5ca7f186807bf4e?s=96&d=mm&r=g","url":"https:\/\/secure.gravatar.com\/avatar\/7ea082d3d909c4cb837bac18df8ab3523b4a3b6bc196bc83d5ca7f186807bf4e?s=96&d=mm&r=g","contentUrl":"https:\/\/secure.gravatar.com\/avatar\/7ea082d3d909c4cb837bac18df8ab3523b4a3b6bc196bc83d5ca7f186807bf4e?s=96&d=mm&r=g","caption":"Andre Elan Quebec"},"description":"The English-Language Arts Network (ELAN) is a not-for-profit organization that connects, supports, and creates opportunities for Quebec\u2019s English-speaking artists and arts communities. ELAN members are individuals and organizations from a wide array of artistic disciplines, cultural and geographic backgrounds, and linguistic and cultural communities. Together this network reflects an evolving Qu\u00e9bec identity and celebrates the province\u2019s cultural, artistic, and social diversity.","url":"https:\/\/www.quebec-elan.org\/fr\/author\/elan-quebec\/"}]}},"_links":{"self":[{"href":"https:\/\/www.quebec-elan.org\/fr\/wp-json\/wp\/v2\/posts\/35319","targetHints":{"allow":["GET"]}}],"collection":[{"href":"https:\/\/www.quebec-elan.org\/fr\/wp-json\/wp\/v2\/posts"}],"about":[{"href":"https:\/\/www.quebec-elan.org\/fr\/wp-json\/wp\/v2\/types\/post"}],"author":[{"embeddable":true,"href":"https:\/\/www.quebec-elan.org\/fr\/wp-json\/wp\/v2\/users\/234"}],"replies":[{"embeddable":true,"href":"https:\/\/www.quebec-elan.org\/fr\/wp-json\/wp\/v2\/comments?post=35319"}],"version-history":[{"count":3,"href":"https:\/\/www.quebec-elan.org\/fr\/wp-json\/wp\/v2\/posts\/35319\/revisions"}],"predecessor-version":[{"id":35357,"href":"https:\/\/www.quebec-elan.org\/fr\/wp-json\/wp\/v2\/posts\/35319\/revisions\/35357"}],"wp:featuredmedia":[{"embeddable":true,"href":"https:\/\/www.quebec-elan.org\/fr\/wp-json\/wp\/v2\/media\/35349"}],"wp:attachment":[{"href":"https:\/\/www.quebec-elan.org\/fr\/wp-json\/wp\/v2\/media?parent=35319"}],"wp:term":[{"taxonomy":"category","embeddable":true,"href":"https:\/\/www.quebec-elan.org\/fr\/wp-json\/wp\/v2\/categories?post=35319"},{"taxonomy":"post_tag","embeddable":true,"href":"https:\/\/www.quebec-elan.org\/fr\/wp-json\/wp\/v2\/tags?post=35319"}],"curies":[{"name":"wp","href":"https:\/\/api.w.org\/{rel}","templated":true}]}}