{"id":35463,"date":"2021-01-07T12:25:53","date_gmt":"2021-01-07T12:25:53","guid":{"rendered":"https:\/\/www.quebec-elan.org\/?p=35463"},"modified":"2021-01-07T12:25:53","modified_gmt":"2021-01-07T12:25:53","slug":"selfies-portraits-de-familles-anglophones-ayant-releve-des-defis","status":"publish","type":"post","link":"https:\/\/www.quebec-elan.org\/fr\/selfies-portraits-de-familles-anglophones-ayant-releve-des-defis\/","title":{"rendered":"SELFIES (portraits de familles anglophones ayant relev\u00e9 des d\u00e9fis)"},"content":{"rendered":"<p>ELAN travaille \u00e0 la production d\u2019une s\u00e9rie de courts documentaires portant sur la complexit\u00e9 des processus identitaires au sein des communaut\u00e9s anglophones du Qu\u00e9bec. Les vid\u00e9os pr\u00e9sentent cinq groupes de discussion organis\u00e9s selon les vagues d&rsquo;immigration qui se sont produites au Qu\u00e9bec. Au mois de d\u00e9cembre, nous avons eu des entretiens passionnants avec des gens dont les familles sont arriv\u00e9es avant 1945. Les deux derniers groupes de discussion mettront en vedette des gens qui sont arriv\u00e9s \u00e0 partir de 1995. Si c\u2019est votre cas et que vous souhaitez partager votre histoire, veuillez communiquez avec Guy Rodgers \u00e0 <span style=\"color: #0054a6;\"><strong><a style=\"color: #0054a6;\" href=\"mailto:guyrodgers@quebec-elan.org\">guyrodgers@quebec-elan.org<\/a><\/strong><\/span>. Les groupes de discussion auront lieu \u00e0 la fin du mois de janvier, dans des conditions respectant scrupuleusement les mesures sanitaires li\u00e9es \u00e0 la COVID-19. Si vous avez des questions concernant ces conditions, veuillez vous adresser \u00e0 <span style=\"color: #0054a6;\"><strong><a style=\"color: #0054a6;\" href=\"mailto:betty@quebec-elan.org\">betty@quebec-elan.org<\/a><\/strong><\/span>.<\/p>\n","protected":false},"excerpt":{"rendered":"<p>ELAN travaille \u00e0 la production d\u2019une s\u00e9rie de courts documentaires portant sur la complexit\u00e9 des processus identitaires au sein des communaut\u00e9s anglophones du Qu\u00e9bec. Les vid\u00e9os pr\u00e9sentent cinq groupes de discussion organis\u00e9s selon les vagues d&rsquo;immigration qui se sont produites au Qu\u00e9bec. Au mois de d\u00e9cembre, nous avons eu des entretiens passionnants avec des gens [&hellip;]<\/p>\n","protected":false},"author":234,"featured_media":35455,"comment_status":"closed","ping_status":"closed","sticky":false,"template":"","format":"standard","meta":{"footnotes":""},"categories":[149,452],"tags":[395,392,429],"class_list":["post-35463","post","type-post","status-publish","format-standard","has-post-thumbnail","hentry","category-nouvelles","category-selfies-2","tag-elan-fr","tag-nouvelles","tag-projet"],"yoast_head":"<!-- This site is optimized with the Yoast SEO plugin v27.5 - https:\/\/yoast.com\/product\/yoast-seo-wordpress\/ -->\n<title>SELFIES (portraits de familles anglophones ayant relev\u00e9 des d\u00e9fis) - ELAN<\/title>\n<meta name=\"description\" content=\"A not-for-profit organization that connects, supports, and creates opportunities for English-speaking artists and cultural workers of all disciplines from every region of Quebec.\" \/>\n<meta name=\"robots\" content=\"index, follow, max-snippet:-1, max-image-preview:large, max-video-preview:-1\" \/>\n<link rel=\"canonical\" href=\"https:\/\/www.quebec-elan.org\/fr\/selfies-portraits-de-familles-anglophones-ayant-releve-des-defis\/\" \/>\n<meta property=\"og:locale\" content=\"fr_FR\" \/>\n<meta property=\"og:type\" content=\"article\" \/>\n<meta property=\"og:title\" content=\"SELFIES (portraits de familles anglophones ayant relev\u00e9 des d\u00e9fis) - ELAN\" \/>\n<meta property=\"og:description\" content=\"A not-for-profit organization that connects, supports, and creates opportunities for English-speaking artists and cultural workers of all disciplines from every region of Quebec.\" \/>\n<meta property=\"og:url\" content=\"https:\/\/www.quebec-elan.org\/fr\/selfies-portraits-de-familles-anglophones-ayant-releve-des-defis\/\" \/>\n<meta property=\"og:site_name\" content=\"ELAN\" \/>\n<meta property=\"article:published_time\" content=\"2021-01-07T12:25:53+00:00\" \/>\n<meta property=\"og:image\" content=\"https:\/\/www.quebec-elan.org\/wp-content\/uploads\/2021\/01\/web-blog.gif\" \/>\n\t<meta property=\"og:image:width\" content=\"800\" \/>\n\t<meta property=\"og:image:height\" content=\"310\" \/>\n\t<meta property=\"og:image:type\" content=\"image\/gif\" \/>\n<meta name=\"author\" content=\"Andre Elan Quebec\" \/>\n<meta name=\"twitter:card\" content=\"summary_large_image\" \/>\n<meta name=\"twitter:label1\" content=\"\u00c9crit par\" \/>\n\t<meta name=\"twitter:data1\" content=\"Andre Elan Quebec\" \/>\n\t<meta name=\"twitter:label2\" content=\"Dur\u00e9e de lecture estim\u00e9e\" \/>\n\t<meta name=\"twitter:data2\" content=\"1 minute\" \/>\n<script type=\"application\/ld+json\" class=\"yoast-schema-graph\">{\"@context\":\"https:\\\/\\\/schema.org\",\"@graph\":[{\"@type\":\"Article\",\"@id\":\"https:\\\/\\\/www.quebec-elan.org\\\/fr\\\/selfies-portraits-de-familles-anglophones-ayant-releve-des-defis\\\/#article\",\"isPartOf\":{\"@id\":\"https:\\\/\\\/www.quebec-elan.org\\\/fr\\\/selfies-portraits-de-familles-anglophones-ayant-releve-des-defis\\\/\"},\"author\":{\"name\":\"Andre Elan Quebec\",\"@id\":\"https:\\\/\\\/www.quebec-elan.org\\\/en\\\/#\\\/schema\\\/person\\\/4aaafbe7c737c481f7cc144f5237888f\"},\"headline\":\"SELFIES (portraits de familles anglophones ayant relev\u00e9 des d\u00e9fis)\",\"datePublished\":\"2021-01-07T12:25:53+00:00\",\"mainEntityOfPage\":{\"@id\":\"https:\\\/\\\/www.quebec-elan.org\\\/fr\\\/selfies-portraits-de-familles-anglophones-ayant-releve-des-defis\\\/\"},\"wordCount\":156,\"publisher\":{\"@id\":\"https:\\\/\\\/www.quebec-elan.org\\\/en\\\/#organization\"},\"image\":{\"@id\":\"https:\\\/\\\/www.quebec-elan.org\\\/fr\\\/selfies-portraits-de-familles-anglophones-ayant-releve-des-defis\\\/#primaryimage\"},\"thumbnailUrl\":\"https:\\\/\\\/www.quebec-elan.org\\\/wp-content\\\/uploads\\\/2021\\\/01\\\/web-blog.gif\",\"keywords\":[\"ELAN\",\"nouvelles\",\"Projet\"],\"articleSection\":[\"Nouvelles\",\"SELFIES\"],\"inLanguage\":\"fr-FR\"},{\"@type\":\"WebPage\",\"@id\":\"https:\\\/\\\/www.quebec-elan.org\\\/fr\\\/selfies-portraits-de-familles-anglophones-ayant-releve-des-defis\\\/\",\"url\":\"https:\\\/\\\/www.quebec-elan.org\\\/fr\\\/selfies-portraits-de-familles-anglophones-ayant-releve-des-defis\\\/\",\"name\":\"SELFIES (portraits de familles anglophones ayant relev\u00e9 des d\u00e9fis) - ELAN\",\"isPartOf\":{\"@id\":\"https:\\\/\\\/www.quebec-elan.org\\\/en\\\/#website\"},\"primaryImageOfPage\":{\"@id\":\"https:\\\/\\\/www.quebec-elan.org\\\/fr\\\/selfies-portraits-de-familles-anglophones-ayant-releve-des-defis\\\/#primaryimage\"},\"image\":{\"@id\":\"https:\\\/\\\/www.quebec-elan.org\\\/fr\\\/selfies-portraits-de-familles-anglophones-ayant-releve-des-defis\\\/#primaryimage\"},\"thumbnailUrl\":\"https:\\\/\\\/www.quebec-elan.org\\\/wp-content\\\/uploads\\\/2021\\\/01\\\/web-blog.gif\",\"datePublished\":\"2021-01-07T12:25:53+00:00\",\"description\":\"A not-for-profit organization that connects, supports, and creates opportunities for English-speaking artists and cultural workers of all disciplines from every region of Quebec.\",\"breadcrumb\":{\"@id\":\"https:\\\/\\\/www.quebec-elan.org\\\/fr\\\/selfies-portraits-de-familles-anglophones-ayant-releve-des-defis\\\/#breadcrumb\"},\"inLanguage\":\"fr-FR\",\"potentialAction\":[{\"@type\":\"ReadAction\",\"target\":[\"https:\\\/\\\/www.quebec-elan.org\\\/fr\\\/selfies-portraits-de-familles-anglophones-ayant-releve-des-defis\\\/\"]}]},{\"@type\":\"ImageObject\",\"inLanguage\":\"fr-FR\",\"@id\":\"https:\\\/\\\/www.quebec-elan.org\\\/fr\\\/selfies-portraits-de-familles-anglophones-ayant-releve-des-defis\\\/#primaryimage\",\"url\":\"https:\\\/\\\/www.quebec-elan.org\\\/wp-content\\\/uploads\\\/2021\\\/01\\\/web-blog.gif\",\"contentUrl\":\"https:\\\/\\\/www.quebec-elan.org\\\/wp-content\\\/uploads\\\/2021\\\/01\\\/web-blog.gif\",\"width\":800,\"height\":310,\"caption\":\"SELFIES\"},{\"@type\":\"BreadcrumbList\",\"@id\":\"https:\\\/\\\/www.quebec-elan.org\\\/fr\\\/selfies-portraits-de-familles-anglophones-ayant-releve-des-defis\\\/#breadcrumb\",\"itemListElement\":[{\"@type\":\"ListItem\",\"position\":1,\"name\":\"Home\",\"item\":\"https:\\\/\\\/www.quebec-elan.org\\\/fr\\\/\"},{\"@type\":\"ListItem\",\"position\":2,\"name\":\"SELFIES (portraits de familles anglophones ayant relev\u00e9 des d\u00e9fis)\"}]},{\"@type\":\"WebSite\",\"@id\":\"https:\\\/\\\/www.quebec-elan.org\\\/en\\\/#website\",\"url\":\"https:\\\/\\\/www.quebec-elan.org\\\/en\\\/\",\"name\":\"ELAN\",\"description\":\"English Language Arts Network\",\"publisher\":{\"@id\":\"https:\\\/\\\/www.quebec-elan.org\\\/en\\\/#organization\"},\"potentialAction\":[{\"@type\":\"SearchAction\",\"target\":{\"@type\":\"EntryPoint\",\"urlTemplate\":\"https:\\\/\\\/www.quebec-elan.org\\\/en\\\/?s={search_term_string}\"},\"query-input\":{\"@type\":\"PropertyValueSpecification\",\"valueRequired\":true,\"valueName\":\"search_term_string\"}}],\"inLanguage\":\"fr-FR\"},{\"@type\":\"Organization\",\"@id\":\"https:\\\/\\\/www.quebec-elan.org\\\/en\\\/#organization\",\"name\":\"ELAN - English Language Arts Network\",\"url\":\"https:\\\/\\\/www.quebec-elan.org\\\/en\\\/\",\"logo\":{\"@type\":\"ImageObject\",\"inLanguage\":\"fr-FR\",\"@id\":\"https:\\\/\\\/www.quebec-elan.org\\\/en\\\/#\\\/schema\\\/logo\\\/image\\\/\",\"url\":\"https:\\\/\\\/www.quebec-elan.org\\\/wp-content\\\/uploads\\\/2022\\\/05\\\/elan-logo-360.jpg\",\"contentUrl\":\"https:\\\/\\\/www.quebec-elan.org\\\/wp-content\\\/uploads\\\/2022\\\/05\\\/elan-logo-360.jpg\",\"width\":360,\"height\":70,\"caption\":\"ELAN - English Language Arts Network\"},\"image\":{\"@id\":\"https:\\\/\\\/www.quebec-elan.org\\\/en\\\/#\\\/schema\\\/logo\\\/image\\\/\"}},{\"@type\":\"Person\",\"@id\":\"https:\\\/\\\/www.quebec-elan.org\\\/en\\\/#\\\/schema\\\/person\\\/4aaafbe7c737c481f7cc144f5237888f\",\"name\":\"Andre Elan Quebec\",\"image\":{\"@type\":\"ImageObject\",\"inLanguage\":\"fr-FR\",\"@id\":\"https:\\\/\\\/secure.gravatar.com\\\/avatar\\\/7ea082d3d909c4cb837bac18df8ab3523b4a3b6bc196bc83d5ca7f186807bf4e?s=96&d=mm&r=g\",\"url\":\"https:\\\/\\\/secure.gravatar.com\\\/avatar\\\/7ea082d3d909c4cb837bac18df8ab3523b4a3b6bc196bc83d5ca7f186807bf4e?s=96&d=mm&r=g\",\"contentUrl\":\"https:\\\/\\\/secure.gravatar.com\\\/avatar\\\/7ea082d3d909c4cb837bac18df8ab3523b4a3b6bc196bc83d5ca7f186807bf4e?s=96&d=mm&r=g\",\"caption\":\"Andre Elan Quebec\"},\"description\":\"The English-Language Arts Network (ELAN) is a not-for-profit organization that connects, supports, and creates opportunities for Quebec\u2019s English-speaking artists and arts communities. ELAN members are individuals and organizations from a wide array of artistic disciplines, cultural and geographic backgrounds, and linguistic and cultural communities. Together this network reflects an evolving Qu\u00e9bec identity and celebrates the province\u2019s cultural, artistic, and social diversity.\",\"url\":\"https:\\\/\\\/www.quebec-elan.org\\\/fr\\\/author\\\/elan-quebec\\\/\"}]}<\/script>\n<!-- \/ Yoast SEO plugin. -->","yoast_head_json":{"title":"SELFIES (portraits de familles anglophones ayant relev\u00e9 des d\u00e9fis) - ELAN","description":"A not-for-profit organization that connects, supports, and creates opportunities for English-speaking artists and cultural workers of all disciplines from every region of Quebec.","robots":{"index":"index","follow":"follow","max-snippet":"max-snippet:-1","max-image-preview":"max-image-preview:large","max-video-preview":"max-video-preview:-1"},"canonical":"https:\/\/www.quebec-elan.org\/fr\/selfies-portraits-de-familles-anglophones-ayant-releve-des-defis\/","og_locale":"fr_FR","og_type":"article","og_title":"SELFIES (portraits de familles anglophones ayant relev\u00e9 des d\u00e9fis) - ELAN","og_description":"A not-for-profit organization that connects, supports, and creates opportunities for English-speaking artists and cultural workers of all disciplines from every region of Quebec.","og_url":"https:\/\/www.quebec-elan.org\/fr\/selfies-portraits-de-familles-anglophones-ayant-releve-des-defis\/","og_site_name":"ELAN","article_published_time":"2021-01-07T12:25:53+00:00","og_image":[{"width":800,"height":310,"url":"https:\/\/www.quebec-elan.org\/wp-content\/uploads\/2021\/01\/web-blog.gif","type":"image\/gif"}],"author":"Andre Elan Quebec","twitter_card":"summary_large_image","twitter_misc":{"\u00c9crit par":"Andre Elan Quebec","Dur\u00e9e de lecture estim\u00e9e":"1 minute"},"schema":{"@context":"https:\/\/schema.org","@graph":[{"@type":"Article","@id":"https:\/\/www.quebec-elan.org\/fr\/selfies-portraits-de-familles-anglophones-ayant-releve-des-defis\/#article","isPartOf":{"@id":"https:\/\/www.quebec-elan.org\/fr\/selfies-portraits-de-familles-anglophones-ayant-releve-des-defis\/"},"author":{"name":"Andre Elan Quebec","@id":"https:\/\/www.quebec-elan.org\/en\/#\/schema\/person\/4aaafbe7c737c481f7cc144f5237888f"},"headline":"SELFIES (portraits de familles anglophones ayant relev\u00e9 des d\u00e9fis)","datePublished":"2021-01-07T12:25:53+00:00","mainEntityOfPage":{"@id":"https:\/\/www.quebec-elan.org\/fr\/selfies-portraits-de-familles-anglophones-ayant-releve-des-defis\/"},"wordCount":156,"publisher":{"@id":"https:\/\/www.quebec-elan.org\/en\/#organization"},"image":{"@id":"https:\/\/www.quebec-elan.org\/fr\/selfies-portraits-de-familles-anglophones-ayant-releve-des-defis\/#primaryimage"},"thumbnailUrl":"https:\/\/www.quebec-elan.org\/wp-content\/uploads\/2021\/01\/web-blog.gif","keywords":["ELAN","nouvelles","Projet"],"articleSection":["Nouvelles","SELFIES"],"inLanguage":"fr-FR"},{"@type":"WebPage","@id":"https:\/\/www.quebec-elan.org\/fr\/selfies-portraits-de-familles-anglophones-ayant-releve-des-defis\/","url":"https:\/\/www.quebec-elan.org\/fr\/selfies-portraits-de-familles-anglophones-ayant-releve-des-defis\/","name":"SELFIES (portraits de familles anglophones ayant relev\u00e9 des d\u00e9fis) - ELAN","isPartOf":{"@id":"https:\/\/www.quebec-elan.org\/en\/#website"},"primaryImageOfPage":{"@id":"https:\/\/www.quebec-elan.org\/fr\/selfies-portraits-de-familles-anglophones-ayant-releve-des-defis\/#primaryimage"},"image":{"@id":"https:\/\/www.quebec-elan.org\/fr\/selfies-portraits-de-familles-anglophones-ayant-releve-des-defis\/#primaryimage"},"thumbnailUrl":"https:\/\/www.quebec-elan.org\/wp-content\/uploads\/2021\/01\/web-blog.gif","datePublished":"2021-01-07T12:25:53+00:00","description":"A not-for-profit organization that connects, supports, and creates opportunities for English-speaking artists and cultural workers of all disciplines from every region of Quebec.","breadcrumb":{"@id":"https:\/\/www.quebec-elan.org\/fr\/selfies-portraits-de-familles-anglophones-ayant-releve-des-defis\/#breadcrumb"},"inLanguage":"fr-FR","potentialAction":[{"@type":"ReadAction","target":["https:\/\/www.quebec-elan.org\/fr\/selfies-portraits-de-familles-anglophones-ayant-releve-des-defis\/"]}]},{"@type":"ImageObject","inLanguage":"fr-FR","@id":"https:\/\/www.quebec-elan.org\/fr\/selfies-portraits-de-familles-anglophones-ayant-releve-des-defis\/#primaryimage","url":"https:\/\/www.quebec-elan.org\/wp-content\/uploads\/2021\/01\/web-blog.gif","contentUrl":"https:\/\/www.quebec-elan.org\/wp-content\/uploads\/2021\/01\/web-blog.gif","width":800,"height":310,"caption":"SELFIES"},{"@type":"BreadcrumbList","@id":"https:\/\/www.quebec-elan.org\/fr\/selfies-portraits-de-familles-anglophones-ayant-releve-des-defis\/#breadcrumb","itemListElement":[{"@type":"ListItem","position":1,"name":"Home","item":"https:\/\/www.quebec-elan.org\/fr\/"},{"@type":"ListItem","position":2,"name":"SELFIES (portraits de familles anglophones ayant relev\u00e9 des d\u00e9fis)"}]},{"@type":"WebSite","@id":"https:\/\/www.quebec-elan.org\/en\/#website","url":"https:\/\/www.quebec-elan.org\/en\/","name":"ELAN","description":"English Language Arts Network","publisher":{"@id":"https:\/\/www.quebec-elan.org\/en\/#organization"},"potentialAction":[{"@type":"SearchAction","target":{"@type":"EntryPoint","urlTemplate":"https:\/\/www.quebec-elan.org\/en\/?s={search_term_string}"},"query-input":{"@type":"PropertyValueSpecification","valueRequired":true,"valueName":"search_term_string"}}],"inLanguage":"fr-FR"},{"@type":"Organization","@id":"https:\/\/www.quebec-elan.org\/en\/#organization","name":"ELAN - English Language Arts Network","url":"https:\/\/www.quebec-elan.org\/en\/","logo":{"@type":"ImageObject","inLanguage":"fr-FR","@id":"https:\/\/www.quebec-elan.org\/en\/#\/schema\/logo\/image\/","url":"https:\/\/www.quebec-elan.org\/wp-content\/uploads\/2022\/05\/elan-logo-360.jpg","contentUrl":"https:\/\/www.quebec-elan.org\/wp-content\/uploads\/2022\/05\/elan-logo-360.jpg","width":360,"height":70,"caption":"ELAN - English Language Arts Network"},"image":{"@id":"https:\/\/www.quebec-elan.org\/en\/#\/schema\/logo\/image\/"}},{"@type":"Person","@id":"https:\/\/www.quebec-elan.org\/en\/#\/schema\/person\/4aaafbe7c737c481f7cc144f5237888f","name":"Andre Elan Quebec","image":{"@type":"ImageObject","inLanguage":"fr-FR","@id":"https:\/\/secure.gravatar.com\/avatar\/7ea082d3d909c4cb837bac18df8ab3523b4a3b6bc196bc83d5ca7f186807bf4e?s=96&d=mm&r=g","url":"https:\/\/secure.gravatar.com\/avatar\/7ea082d3d909c4cb837bac18df8ab3523b4a3b6bc196bc83d5ca7f186807bf4e?s=96&d=mm&r=g","contentUrl":"https:\/\/secure.gravatar.com\/avatar\/7ea082d3d909c4cb837bac18df8ab3523b4a3b6bc196bc83d5ca7f186807bf4e?s=96&d=mm&r=g","caption":"Andre Elan Quebec"},"description":"The English-Language Arts Network (ELAN) is a not-for-profit organization that connects, supports, and creates opportunities for Quebec\u2019s English-speaking artists and arts communities. ELAN members are individuals and organizations from a wide array of artistic disciplines, cultural and geographic backgrounds, and linguistic and cultural communities. Together this network reflects an evolving Qu\u00e9bec identity and celebrates the province\u2019s cultural, artistic, and social diversity.","url":"https:\/\/www.quebec-elan.org\/fr\/author\/elan-quebec\/"}]}},"_links":{"self":[{"href":"https:\/\/www.quebec-elan.org\/fr\/wp-json\/wp\/v2\/posts\/35463","targetHints":{"allow":["GET"]}}],"collection":[{"href":"https:\/\/www.quebec-elan.org\/fr\/wp-json\/wp\/v2\/posts"}],"about":[{"href":"https:\/\/www.quebec-elan.org\/fr\/wp-json\/wp\/v2\/types\/post"}],"author":[{"embeddable":true,"href":"https:\/\/www.quebec-elan.org\/fr\/wp-json\/wp\/v2\/users\/234"}],"replies":[{"embeddable":true,"href":"https:\/\/www.quebec-elan.org\/fr\/wp-json\/wp\/v2\/comments?post=35463"}],"version-history":[{"count":2,"href":"https:\/\/www.quebec-elan.org\/fr\/wp-json\/wp\/v2\/posts\/35463\/revisions"}],"predecessor-version":[{"id":35697,"href":"https:\/\/www.quebec-elan.org\/fr\/wp-json\/wp\/v2\/posts\/35463\/revisions\/35697"}],"wp:featuredmedia":[{"embeddable":true,"href":"https:\/\/www.quebec-elan.org\/fr\/wp-json\/wp\/v2\/media\/35455"}],"wp:attachment":[{"href":"https:\/\/www.quebec-elan.org\/fr\/wp-json\/wp\/v2\/media?parent=35463"}],"wp:term":[{"taxonomy":"category","embeddable":true,"href":"https:\/\/www.quebec-elan.org\/fr\/wp-json\/wp\/v2\/categories?post=35463"},{"taxonomy":"post_tag","embeddable":true,"href":"https:\/\/www.quebec-elan.org\/fr\/wp-json\/wp\/v2\/tags?post=35463"}],"curies":[{"name":"wp","href":"https:\/\/api.w.org\/{rel}","templated":true}]}}