{"id":35672,"date":"2021-02-01T09:24:16","date_gmt":"2021-02-01T09:24:16","guid":{"rendered":"https:\/\/www.quebec-elan.org\/?p=35672"},"modified":"2021-02-01T09:24:16","modified_gmt":"2021-02-01T09:24:16","slug":"il-ny-a-plus-de-date-limite-pour-les-demandes-de-subventions-scolaires-artiste-inspire-les-ecoles-peuvent-desormais-postuler-en-tout-temps","status":"publish","type":"post","link":"https:\/\/www.quebec-elan.org\/fr\/il-ny-a-plus-de-date-limite-pour-les-demandes-de-subventions-scolaires-artiste-inspire-les-ecoles-peuvent-desormais-postuler-en-tout-temps\/","title":{"rendered":"Il n\u2019y a plus de date limite pour les demandes de subventions scolaires Artiste\/Inspire &#8211; Les \u00e9coles peuvent d\u00e9sormais postuler en tout temps !"},"content":{"rendered":"<p><strong><em>Bonne nouvelle ! En raison des circonstances actuelles, la date limite des candidatures pour les demandes de subventions scolaires au progamme Artiste\/Inspire a \u00e9t\u00e9 annul\u00e9e pour l\u2019ann\u00e9e 2020-2021. <\/em><\/strong><\/p>\n<p>Les \u00e9coles peuvent d\u00e9sormais postuler en tout temps afin d\u2019inviter des artistes \u00e0 offrir aux enfants et aux jeunes des exp\u00e9riences artistiques et culturelles virtuelles ou en personne. De merveilleux projets sont d\u00e9j\u00e0 en cours \u00e0 travers toute la province cette ann\u00e9e, comme en t\u00e9moigne l\u2019atelier de po\u00e9sie <span style=\"color: #0054a6;\"><strong><a style=\"color: #0054a6;\" href=\"https:\/\/www.youtube.com\/watch?v=Ic91Jpzjrhs&amp;list=PL1S8IjzLBWuhRqLYsGyTkQAJLczOpUn6C&amp;index=1&amp;ab_channel=ELANquebec\">Stay Connected<\/a><\/strong><\/span>, un projet Artiste\/inspire r\u00e9alis\u00e9 par l\u2019artiste visuelle Emily Read avec les \u00e9l\u00e8ves de 6<sup>e<\/sup> ann\u00e9e de l\u2019\u00e9cole primaire Carlyle. Nous souhaitons voir davantage de projets de ce genre se concr\u00e9tiser ! Aidez-nous \u00e0 encourager toutes les \u00e9coles qu\u00e9b\u00e9coises anglophones admissibles \u00e0 postuler au programme, et ce en distribuant aupr\u00e8s des enseignants et des parents que vous connaissez nos catalogues d\u2019ateliers virtuels destin\u00e9s aux \u00e9coles <span style=\"color: #0054a6;\"><strong><a style=\"color: #0054a6;\" href=\"https:\/\/artistsinspire.ca\/wp-content\/uploads\/2020\/12\/virtual-workshop-catalogue-elementary.pdf\">primaires<\/a><\/strong><\/span> et <span style=\"color: #0054a6;\"><strong><a style=\"color: #0054a6;\" href=\"https:\/\/artistsinspire.ca\/wp-content\/uploads\/2020\/12\/virtual-workshop-catalogue-high-school.pdf\">secondaires<\/a><\/strong><\/span>.<\/p>\n<p>Lisez la suite pour savoir ce que nos artistes pensent pouvoir apporter aux \u00e9coles \u00e0 travers leurs disciplines et voir comment vous pouvez contribuer \u00e0 faire conna\u00eetre notre <span style=\"color: #0054a6;\"><strong><a style=\"color: #0054a6;\" href=\"https:\/\/artistsinspire.ca\/school-grants\/\">programme de subventions scolaires 2020-2021.<\/a><\/strong><\/span><\/p>\n<p><strong><\/p>\n<p><\/strong><\/p>\n","protected":false},"excerpt":{"rendered":"<p>Bonne nouvelle ! En raison des circonstances actuelles, la date limite des candidatures pour les demandes de subventions scolaires au progamme Artiste\/Inspire a \u00e9t\u00e9 annul\u00e9e pour l\u2019ann\u00e9e 2020-2021. Les \u00e9coles peuvent d\u00e9sormais postuler en tout temps afin d\u2019inviter des artistes \u00e0 offrir aux enfants et aux jeunes des exp\u00e9riences artistiques et culturelles virtuelles ou en [&hellip;]<\/p>\n","protected":false},"author":234,"featured_media":35658,"comment_status":"closed","ping_status":"closed","sticky":false,"template":"","format":"standard","meta":{"footnotes":""},"categories":[397,149],"tags":[430,411,394,412,413,396,395,392,429],"class_list":["post-35672","post","type-post","status-publish","format-standard","has-post-thumbnail","hentry","category-arted","category-nouvelles","tag-arted-fr","tag-arted-initiatives-fr","tag-artistes-inspirent","tag-artists-in-schools-fr","tag-artistsinspire-grants-fr","tag-arts-fr","tag-elan-fr","tag-nouvelles","tag-projet"],"yoast_head":"<!-- This site is optimized with the Yoast SEO plugin v27.5 - https:\/\/yoast.com\/product\/yoast-seo-wordpress\/ -->\n<title>Il n\u2019y a plus de date limite pour les demandes de subventions scolaires Artiste\/Inspire - Les \u00e9coles peuvent d\u00e9sormais postuler en tout temps ! - ELAN<\/title>\n<meta name=\"description\" content=\"A not-for-profit organization that connects, supports, and creates opportunities for English-speaking artists and cultural workers of all disciplines from every region of Quebec.\" \/>\n<meta name=\"robots\" content=\"index, follow, max-snippet:-1, max-image-preview:large, max-video-preview:-1\" \/>\n<link rel=\"canonical\" href=\"https:\/\/www.quebec-elan.org\/fr\/il-ny-a-plus-de-date-limite-pour-les-demandes-de-subventions-scolaires-artiste-inspire-les-ecoles-peuvent-desormais-postuler-en-tout-temps\/\" \/>\n<meta property=\"og:locale\" content=\"fr_FR\" \/>\n<meta property=\"og:type\" content=\"article\" \/>\n<meta property=\"og:title\" content=\"Il n\u2019y a plus de date limite pour les demandes de subventions scolaires Artiste\/Inspire - Les \u00e9coles peuvent d\u00e9sormais postuler en tout temps ! - ELAN\" \/>\n<meta property=\"og:description\" content=\"A not-for-profit organization that connects, supports, and creates opportunities for English-speaking artists and cultural workers of all disciplines from every region of Quebec.\" \/>\n<meta property=\"og:url\" content=\"https:\/\/www.quebec-elan.org\/fr\/il-ny-a-plus-de-date-limite-pour-les-demandes-de-subventions-scolaires-artiste-inspire-les-ecoles-peuvent-desormais-postuler-en-tout-temps\/\" \/>\n<meta property=\"og:site_name\" content=\"ELAN\" \/>\n<meta property=\"article:published_time\" content=\"2021-02-01T09:24:16+00:00\" \/>\n<meta property=\"og:image\" content=\"https:\/\/www.quebec-elan.org\/wp-content\/uploads\/2021\/01\/web-blog-4-1.gif\" \/>\n\t<meta property=\"og:image:width\" content=\"800\" \/>\n\t<meta property=\"og:image:height\" content=\"310\" \/>\n\t<meta property=\"og:image:type\" content=\"image\/gif\" \/>\n<meta name=\"author\" content=\"Andre Elan Quebec\" \/>\n<meta name=\"twitter:card\" content=\"summary_large_image\" \/>\n<meta name=\"twitter:label1\" content=\"\u00c9crit par\" \/>\n\t<meta name=\"twitter:data1\" content=\"Andre Elan Quebec\" \/>\n\t<meta name=\"twitter:label2\" content=\"Dur\u00e9e de lecture estim\u00e9e\" \/>\n\t<meta name=\"twitter:data2\" content=\"1 minute\" \/>\n<script type=\"application\/ld+json\" class=\"yoast-schema-graph\">{\"@context\":\"https:\\\/\\\/schema.org\",\"@graph\":[{\"@type\":\"Article\",\"@id\":\"https:\\\/\\\/www.quebec-elan.org\\\/fr\\\/il-ny-a-plus-de-date-limite-pour-les-demandes-de-subventions-scolaires-artiste-inspire-les-ecoles-peuvent-desormais-postuler-en-tout-temps\\\/#article\",\"isPartOf\":{\"@id\":\"https:\\\/\\\/www.quebec-elan.org\\\/fr\\\/il-ny-a-plus-de-date-limite-pour-les-demandes-de-subventions-scolaires-artiste-inspire-les-ecoles-peuvent-desormais-postuler-en-tout-temps\\\/\"},\"author\":{\"name\":\"Andre Elan Quebec\",\"@id\":\"https:\\\/\\\/www.quebec-elan.org\\\/en\\\/#\\\/schema\\\/person\\\/4aaafbe7c737c481f7cc144f5237888f\"},\"headline\":\"Il n\u2019y a plus de date limite pour les demandes de subventions scolaires Artiste\\\/Inspire &#8211; Les \u00e9coles peuvent d\u00e9sormais postuler en tout temps !\",\"datePublished\":\"2021-02-01T09:24:16+00:00\",\"mainEntityOfPage\":{\"@id\":\"https:\\\/\\\/www.quebec-elan.org\\\/fr\\\/il-ny-a-plus-de-date-limite-pour-les-demandes-de-subventions-scolaires-artiste-inspire-les-ecoles-peuvent-desormais-postuler-en-tout-temps\\\/\"},\"wordCount\":221,\"publisher\":{\"@id\":\"https:\\\/\\\/www.quebec-elan.org\\\/en\\\/#organization\"},\"image\":{\"@id\":\"https:\\\/\\\/www.quebec-elan.org\\\/fr\\\/il-ny-a-plus-de-date-limite-pour-les-demandes-de-subventions-scolaires-artiste-inspire-les-ecoles-peuvent-desormais-postuler-en-tout-temps\\\/#primaryimage\"},\"thumbnailUrl\":\"https:\\\/\\\/www.quebec-elan.org\\\/wp-content\\\/uploads\\\/2021\\\/01\\\/web-blog-4-1.gif\",\"keywords\":[\"ArtEd\",\"ArtEd Initiatives\",\"Artistes Inspirent\",\"artists in schools\",\"ArtistsInspire Grants\",\"Arts\",\"ELAN\",\"nouvelles\",\"Projet\"],\"articleSection\":[\"ArtEd\",\"Nouvelles\"],\"inLanguage\":\"fr-FR\"},{\"@type\":\"WebPage\",\"@id\":\"https:\\\/\\\/www.quebec-elan.org\\\/fr\\\/il-ny-a-plus-de-date-limite-pour-les-demandes-de-subventions-scolaires-artiste-inspire-les-ecoles-peuvent-desormais-postuler-en-tout-temps\\\/\",\"url\":\"https:\\\/\\\/www.quebec-elan.org\\\/fr\\\/il-ny-a-plus-de-date-limite-pour-les-demandes-de-subventions-scolaires-artiste-inspire-les-ecoles-peuvent-desormais-postuler-en-tout-temps\\\/\",\"name\":\"Il n\u2019y a plus de date limite pour les demandes de subventions scolaires Artiste\\\/Inspire - Les \u00e9coles peuvent d\u00e9sormais postuler en tout temps ! - ELAN\",\"isPartOf\":{\"@id\":\"https:\\\/\\\/www.quebec-elan.org\\\/en\\\/#website\"},\"primaryImageOfPage\":{\"@id\":\"https:\\\/\\\/www.quebec-elan.org\\\/fr\\\/il-ny-a-plus-de-date-limite-pour-les-demandes-de-subventions-scolaires-artiste-inspire-les-ecoles-peuvent-desormais-postuler-en-tout-temps\\\/#primaryimage\"},\"image\":{\"@id\":\"https:\\\/\\\/www.quebec-elan.org\\\/fr\\\/il-ny-a-plus-de-date-limite-pour-les-demandes-de-subventions-scolaires-artiste-inspire-les-ecoles-peuvent-desormais-postuler-en-tout-temps\\\/#primaryimage\"},\"thumbnailUrl\":\"https:\\\/\\\/www.quebec-elan.org\\\/wp-content\\\/uploads\\\/2021\\\/01\\\/web-blog-4-1.gif\",\"datePublished\":\"2021-02-01T09:24:16+00:00\",\"description\":\"A not-for-profit organization that connects, supports, and creates opportunities for English-speaking artists and cultural workers of all disciplines from every region of Quebec.\",\"breadcrumb\":{\"@id\":\"https:\\\/\\\/www.quebec-elan.org\\\/fr\\\/il-ny-a-plus-de-date-limite-pour-les-demandes-de-subventions-scolaires-artiste-inspire-les-ecoles-peuvent-desormais-postuler-en-tout-temps\\\/#breadcrumb\"},\"inLanguage\":\"fr-FR\",\"potentialAction\":[{\"@type\":\"ReadAction\",\"target\":[\"https:\\\/\\\/www.quebec-elan.org\\\/fr\\\/il-ny-a-plus-de-date-limite-pour-les-demandes-de-subventions-scolaires-artiste-inspire-les-ecoles-peuvent-desormais-postuler-en-tout-temps\\\/\"]}]},{\"@type\":\"ImageObject\",\"inLanguage\":\"fr-FR\",\"@id\":\"https:\\\/\\\/www.quebec-elan.org\\\/fr\\\/il-ny-a-plus-de-date-limite-pour-les-demandes-de-subventions-scolaires-artiste-inspire-les-ecoles-peuvent-desormais-postuler-en-tout-temps\\\/#primaryimage\",\"url\":\"https:\\\/\\\/www.quebec-elan.org\\\/wp-content\\\/uploads\\\/2021\\\/01\\\/web-blog-4-1.gif\",\"contentUrl\":\"https:\\\/\\\/www.quebec-elan.org\\\/wp-content\\\/uploads\\\/2021\\\/01\\\/web-blog-4-1.gif\",\"width\":800,\"height\":310,\"caption\":\"ArtistsInspire School Grants Deadline Suspended - Schools Can Now Apply Any Time!\"},{\"@type\":\"BreadcrumbList\",\"@id\":\"https:\\\/\\\/www.quebec-elan.org\\\/fr\\\/il-ny-a-plus-de-date-limite-pour-les-demandes-de-subventions-scolaires-artiste-inspire-les-ecoles-peuvent-desormais-postuler-en-tout-temps\\\/#breadcrumb\",\"itemListElement\":[{\"@type\":\"ListItem\",\"position\":1,\"name\":\"Home\",\"item\":\"https:\\\/\\\/www.quebec-elan.org\\\/fr\\\/\"},{\"@type\":\"ListItem\",\"position\":2,\"name\":\"Il n\u2019y a plus de date limite pour les demandes de subventions scolaires Artiste\\\/Inspire &#8211; Les \u00e9coles peuvent d\u00e9sormais postuler en tout temps !\"}]},{\"@type\":\"WebSite\",\"@id\":\"https:\\\/\\\/www.quebec-elan.org\\\/en\\\/#website\",\"url\":\"https:\\\/\\\/www.quebec-elan.org\\\/en\\\/\",\"name\":\"ELAN\",\"description\":\"English Language Arts Network\",\"publisher\":{\"@id\":\"https:\\\/\\\/www.quebec-elan.org\\\/en\\\/#organization\"},\"potentialAction\":[{\"@type\":\"SearchAction\",\"target\":{\"@type\":\"EntryPoint\",\"urlTemplate\":\"https:\\\/\\\/www.quebec-elan.org\\\/en\\\/?s={search_term_string}\"},\"query-input\":{\"@type\":\"PropertyValueSpecification\",\"valueRequired\":true,\"valueName\":\"search_term_string\"}}],\"inLanguage\":\"fr-FR\"},{\"@type\":\"Organization\",\"@id\":\"https:\\\/\\\/www.quebec-elan.org\\\/en\\\/#organization\",\"name\":\"ELAN - English Language Arts Network\",\"url\":\"https:\\\/\\\/www.quebec-elan.org\\\/en\\\/\",\"logo\":{\"@type\":\"ImageObject\",\"inLanguage\":\"fr-FR\",\"@id\":\"https:\\\/\\\/www.quebec-elan.org\\\/en\\\/#\\\/schema\\\/logo\\\/image\\\/\",\"url\":\"https:\\\/\\\/www.quebec-elan.org\\\/wp-content\\\/uploads\\\/2022\\\/05\\\/elan-logo-360.jpg\",\"contentUrl\":\"https:\\\/\\\/www.quebec-elan.org\\\/wp-content\\\/uploads\\\/2022\\\/05\\\/elan-logo-360.jpg\",\"width\":360,\"height\":70,\"caption\":\"ELAN - English Language Arts Network\"},\"image\":{\"@id\":\"https:\\\/\\\/www.quebec-elan.org\\\/en\\\/#\\\/schema\\\/logo\\\/image\\\/\"}},{\"@type\":\"Person\",\"@id\":\"https:\\\/\\\/www.quebec-elan.org\\\/en\\\/#\\\/schema\\\/person\\\/4aaafbe7c737c481f7cc144f5237888f\",\"name\":\"Andre Elan Quebec\",\"image\":{\"@type\":\"ImageObject\",\"inLanguage\":\"fr-FR\",\"@id\":\"https:\\\/\\\/secure.gravatar.com\\\/avatar\\\/7ea082d3d909c4cb837bac18df8ab3523b4a3b6bc196bc83d5ca7f186807bf4e?s=96&d=mm&r=g\",\"url\":\"https:\\\/\\\/secure.gravatar.com\\\/avatar\\\/7ea082d3d909c4cb837bac18df8ab3523b4a3b6bc196bc83d5ca7f186807bf4e?s=96&d=mm&r=g\",\"contentUrl\":\"https:\\\/\\\/secure.gravatar.com\\\/avatar\\\/7ea082d3d909c4cb837bac18df8ab3523b4a3b6bc196bc83d5ca7f186807bf4e?s=96&d=mm&r=g\",\"caption\":\"Andre Elan Quebec\"},\"description\":\"The English-Language Arts Network (ELAN) is a not-for-profit organization that connects, supports, and creates opportunities for Quebec\u2019s English-speaking artists and arts communities. ELAN members are individuals and organizations from a wide array of artistic disciplines, cultural and geographic backgrounds, and linguistic and cultural communities. Together this network reflects an evolving Qu\u00e9bec identity and celebrates the province\u2019s cultural, artistic, and social diversity.\",\"url\":\"https:\\\/\\\/www.quebec-elan.org\\\/fr\\\/author\\\/elan-quebec\\\/\"}]}<\/script>\n<!-- \/ Yoast SEO plugin. -->","yoast_head_json":{"title":"Il n\u2019y a plus de date limite pour les demandes de subventions scolaires Artiste\/Inspire - Les \u00e9coles peuvent d\u00e9sormais postuler en tout temps ! - ELAN","description":"A not-for-profit organization that connects, supports, and creates opportunities for English-speaking artists and cultural workers of all disciplines from every region of Quebec.","robots":{"index":"index","follow":"follow","max-snippet":"max-snippet:-1","max-image-preview":"max-image-preview:large","max-video-preview":"max-video-preview:-1"},"canonical":"https:\/\/www.quebec-elan.org\/fr\/il-ny-a-plus-de-date-limite-pour-les-demandes-de-subventions-scolaires-artiste-inspire-les-ecoles-peuvent-desormais-postuler-en-tout-temps\/","og_locale":"fr_FR","og_type":"article","og_title":"Il n\u2019y a plus de date limite pour les demandes de subventions scolaires Artiste\/Inspire - Les \u00e9coles peuvent d\u00e9sormais postuler en tout temps ! - ELAN","og_description":"A not-for-profit organization that connects, supports, and creates opportunities for English-speaking artists and cultural workers of all disciplines from every region of Quebec.","og_url":"https:\/\/www.quebec-elan.org\/fr\/il-ny-a-plus-de-date-limite-pour-les-demandes-de-subventions-scolaires-artiste-inspire-les-ecoles-peuvent-desormais-postuler-en-tout-temps\/","og_site_name":"ELAN","article_published_time":"2021-02-01T09:24:16+00:00","og_image":[{"width":800,"height":310,"url":"https:\/\/www.quebec-elan.org\/wp-content\/uploads\/2021\/01\/web-blog-4-1.gif","type":"image\/gif"}],"author":"Andre Elan Quebec","twitter_card":"summary_large_image","twitter_misc":{"\u00c9crit par":"Andre Elan Quebec","Dur\u00e9e de lecture estim\u00e9e":"1 minute"},"schema":{"@context":"https:\/\/schema.org","@graph":[{"@type":"Article","@id":"https:\/\/www.quebec-elan.org\/fr\/il-ny-a-plus-de-date-limite-pour-les-demandes-de-subventions-scolaires-artiste-inspire-les-ecoles-peuvent-desormais-postuler-en-tout-temps\/#article","isPartOf":{"@id":"https:\/\/www.quebec-elan.org\/fr\/il-ny-a-plus-de-date-limite-pour-les-demandes-de-subventions-scolaires-artiste-inspire-les-ecoles-peuvent-desormais-postuler-en-tout-temps\/"},"author":{"name":"Andre Elan Quebec","@id":"https:\/\/www.quebec-elan.org\/en\/#\/schema\/person\/4aaafbe7c737c481f7cc144f5237888f"},"headline":"Il n\u2019y a plus de date limite pour les demandes de subventions scolaires Artiste\/Inspire &#8211; Les \u00e9coles peuvent d\u00e9sormais postuler en tout temps !","datePublished":"2021-02-01T09:24:16+00:00","mainEntityOfPage":{"@id":"https:\/\/www.quebec-elan.org\/fr\/il-ny-a-plus-de-date-limite-pour-les-demandes-de-subventions-scolaires-artiste-inspire-les-ecoles-peuvent-desormais-postuler-en-tout-temps\/"},"wordCount":221,"publisher":{"@id":"https:\/\/www.quebec-elan.org\/en\/#organization"},"image":{"@id":"https:\/\/www.quebec-elan.org\/fr\/il-ny-a-plus-de-date-limite-pour-les-demandes-de-subventions-scolaires-artiste-inspire-les-ecoles-peuvent-desormais-postuler-en-tout-temps\/#primaryimage"},"thumbnailUrl":"https:\/\/www.quebec-elan.org\/wp-content\/uploads\/2021\/01\/web-blog-4-1.gif","keywords":["ArtEd","ArtEd Initiatives","Artistes Inspirent","artists in schools","ArtistsInspire Grants","Arts","ELAN","nouvelles","Projet"],"articleSection":["ArtEd","Nouvelles"],"inLanguage":"fr-FR"},{"@type":"WebPage","@id":"https:\/\/www.quebec-elan.org\/fr\/il-ny-a-plus-de-date-limite-pour-les-demandes-de-subventions-scolaires-artiste-inspire-les-ecoles-peuvent-desormais-postuler-en-tout-temps\/","url":"https:\/\/www.quebec-elan.org\/fr\/il-ny-a-plus-de-date-limite-pour-les-demandes-de-subventions-scolaires-artiste-inspire-les-ecoles-peuvent-desormais-postuler-en-tout-temps\/","name":"Il n\u2019y a plus de date limite pour les demandes de subventions scolaires Artiste\/Inspire - Les \u00e9coles peuvent d\u00e9sormais postuler en tout temps ! - ELAN","isPartOf":{"@id":"https:\/\/www.quebec-elan.org\/en\/#website"},"primaryImageOfPage":{"@id":"https:\/\/www.quebec-elan.org\/fr\/il-ny-a-plus-de-date-limite-pour-les-demandes-de-subventions-scolaires-artiste-inspire-les-ecoles-peuvent-desormais-postuler-en-tout-temps\/#primaryimage"},"image":{"@id":"https:\/\/www.quebec-elan.org\/fr\/il-ny-a-plus-de-date-limite-pour-les-demandes-de-subventions-scolaires-artiste-inspire-les-ecoles-peuvent-desormais-postuler-en-tout-temps\/#primaryimage"},"thumbnailUrl":"https:\/\/www.quebec-elan.org\/wp-content\/uploads\/2021\/01\/web-blog-4-1.gif","datePublished":"2021-02-01T09:24:16+00:00","description":"A not-for-profit organization that connects, supports, and creates opportunities for English-speaking artists and cultural workers of all disciplines from every region of Quebec.","breadcrumb":{"@id":"https:\/\/www.quebec-elan.org\/fr\/il-ny-a-plus-de-date-limite-pour-les-demandes-de-subventions-scolaires-artiste-inspire-les-ecoles-peuvent-desormais-postuler-en-tout-temps\/#breadcrumb"},"inLanguage":"fr-FR","potentialAction":[{"@type":"ReadAction","target":["https:\/\/www.quebec-elan.org\/fr\/il-ny-a-plus-de-date-limite-pour-les-demandes-de-subventions-scolaires-artiste-inspire-les-ecoles-peuvent-desormais-postuler-en-tout-temps\/"]}]},{"@type":"ImageObject","inLanguage":"fr-FR","@id":"https:\/\/www.quebec-elan.org\/fr\/il-ny-a-plus-de-date-limite-pour-les-demandes-de-subventions-scolaires-artiste-inspire-les-ecoles-peuvent-desormais-postuler-en-tout-temps\/#primaryimage","url":"https:\/\/www.quebec-elan.org\/wp-content\/uploads\/2021\/01\/web-blog-4-1.gif","contentUrl":"https:\/\/www.quebec-elan.org\/wp-content\/uploads\/2021\/01\/web-blog-4-1.gif","width":800,"height":310,"caption":"ArtistsInspire School Grants Deadline Suspended - Schools Can Now Apply Any Time!"},{"@type":"BreadcrumbList","@id":"https:\/\/www.quebec-elan.org\/fr\/il-ny-a-plus-de-date-limite-pour-les-demandes-de-subventions-scolaires-artiste-inspire-les-ecoles-peuvent-desormais-postuler-en-tout-temps\/#breadcrumb","itemListElement":[{"@type":"ListItem","position":1,"name":"Home","item":"https:\/\/www.quebec-elan.org\/fr\/"},{"@type":"ListItem","position":2,"name":"Il n\u2019y a plus de date limite pour les demandes de subventions scolaires Artiste\/Inspire &#8211; Les \u00e9coles peuvent d\u00e9sormais postuler en tout temps !"}]},{"@type":"WebSite","@id":"https:\/\/www.quebec-elan.org\/en\/#website","url":"https:\/\/www.quebec-elan.org\/en\/","name":"ELAN","description":"English Language Arts Network","publisher":{"@id":"https:\/\/www.quebec-elan.org\/en\/#organization"},"potentialAction":[{"@type":"SearchAction","target":{"@type":"EntryPoint","urlTemplate":"https:\/\/www.quebec-elan.org\/en\/?s={search_term_string}"},"query-input":{"@type":"PropertyValueSpecification","valueRequired":true,"valueName":"search_term_string"}}],"inLanguage":"fr-FR"},{"@type":"Organization","@id":"https:\/\/www.quebec-elan.org\/en\/#organization","name":"ELAN - English Language Arts Network","url":"https:\/\/www.quebec-elan.org\/en\/","logo":{"@type":"ImageObject","inLanguage":"fr-FR","@id":"https:\/\/www.quebec-elan.org\/en\/#\/schema\/logo\/image\/","url":"https:\/\/www.quebec-elan.org\/wp-content\/uploads\/2022\/05\/elan-logo-360.jpg","contentUrl":"https:\/\/www.quebec-elan.org\/wp-content\/uploads\/2022\/05\/elan-logo-360.jpg","width":360,"height":70,"caption":"ELAN - English Language Arts Network"},"image":{"@id":"https:\/\/www.quebec-elan.org\/en\/#\/schema\/logo\/image\/"}},{"@type":"Person","@id":"https:\/\/www.quebec-elan.org\/en\/#\/schema\/person\/4aaafbe7c737c481f7cc144f5237888f","name":"Andre Elan Quebec","image":{"@type":"ImageObject","inLanguage":"fr-FR","@id":"https:\/\/secure.gravatar.com\/avatar\/7ea082d3d909c4cb837bac18df8ab3523b4a3b6bc196bc83d5ca7f186807bf4e?s=96&d=mm&r=g","url":"https:\/\/secure.gravatar.com\/avatar\/7ea082d3d909c4cb837bac18df8ab3523b4a3b6bc196bc83d5ca7f186807bf4e?s=96&d=mm&r=g","contentUrl":"https:\/\/secure.gravatar.com\/avatar\/7ea082d3d909c4cb837bac18df8ab3523b4a3b6bc196bc83d5ca7f186807bf4e?s=96&d=mm&r=g","caption":"Andre Elan Quebec"},"description":"The English-Language Arts Network (ELAN) is a not-for-profit organization that connects, supports, and creates opportunities for Quebec\u2019s English-speaking artists and arts communities. ELAN members are individuals and organizations from a wide array of artistic disciplines, cultural and geographic backgrounds, and linguistic and cultural communities. Together this network reflects an evolving Qu\u00e9bec identity and celebrates the province\u2019s cultural, artistic, and social diversity.","url":"https:\/\/www.quebec-elan.org\/fr\/author\/elan-quebec\/"}]}},"_links":{"self":[{"href":"https:\/\/www.quebec-elan.org\/fr\/wp-json\/wp\/v2\/posts\/35672","targetHints":{"allow":["GET"]}}],"collection":[{"href":"https:\/\/www.quebec-elan.org\/fr\/wp-json\/wp\/v2\/posts"}],"about":[{"href":"https:\/\/www.quebec-elan.org\/fr\/wp-json\/wp\/v2\/types\/post"}],"author":[{"embeddable":true,"href":"https:\/\/www.quebec-elan.org\/fr\/wp-json\/wp\/v2\/users\/234"}],"replies":[{"embeddable":true,"href":"https:\/\/www.quebec-elan.org\/fr\/wp-json\/wp\/v2\/comments?post=35672"}],"version-history":[{"count":2,"href":"https:\/\/www.quebec-elan.org\/fr\/wp-json\/wp\/v2\/posts\/35672\/revisions"}],"predecessor-version":[{"id":35674,"href":"https:\/\/www.quebec-elan.org\/fr\/wp-json\/wp\/v2\/posts\/35672\/revisions\/35674"}],"wp:featuredmedia":[{"embeddable":true,"href":"https:\/\/www.quebec-elan.org\/fr\/wp-json\/wp\/v2\/media\/35658"}],"wp:attachment":[{"href":"https:\/\/www.quebec-elan.org\/fr\/wp-json\/wp\/v2\/media?parent=35672"}],"wp:term":[{"taxonomy":"category","embeddable":true,"href":"https:\/\/www.quebec-elan.org\/fr\/wp-json\/wp\/v2\/categories?post=35672"},{"taxonomy":"post_tag","embeddable":true,"href":"https:\/\/www.quebec-elan.org\/fr\/wp-json\/wp\/v2\/tags?post=35672"}],"curies":[{"name":"wp","href":"https:\/\/api.w.org\/{rel}","templated":true}]}}