{"id":36463,"date":"2021-03-31T21:31:08","date_gmt":"2021-03-31T21:31:08","guid":{"rendered":"https:\/\/www.quebec-elan.org\/?p=36463"},"modified":"2021-03-31T22:10:36","modified_gmt":"2021-03-31T22:10:36","slug":"relations-quebec-nous-voulons-vous-entendre","status":"publish","type":"post","link":"https:\/\/www.quebec-elan.org\/fr\/relations-quebec-nous-voulons-vous-entendre\/","title":{"rendered":"Relations Qu\u00e9bec : nous voulons vous entendre !"},"content":{"rendered":"<p>Le projet <strong>Relations Qu\u00e9bec<\/strong> d\u2019ELAN a \u00e9t\u00e9 lanc\u00e9 il y a trois ans pour \u00e9valuer les besoins de financement de la communaut\u00e9 artistique et culturelle anglophone et pour aider les artistes et les organismes \u00e0 naviguer dans le syst\u00e8me de subventions provincial. Depuis, vos commentaires nous ont aid\u00e9s \u00e0 mieux r\u00e9pondre \u00e0 vos besoins. En nous inspirant directement des commentaires de la collectivit\u00e9, nous avons cr\u00e9\u00e9 en mars 2020 des services de consultation pour vous aider \u00e0 rechercher des sources de financement et \u00e0 faire des demandes de subventions en fonction de vos besoins.<\/p>\n<p>Mais nous savons que nous pouvons en faire davantage.<\/p>\n<p>Alors que nous sommes en train de d\u00e9velopper la prochaine \u00e9tape de notre projet, pour offrir davantage de ressources et de soutien \u00e0 la collectivit\u00e9, nous voulons vous entendre ! Aidez-nous \u00e0 aller au-del\u00e0 de vos besoins en remplissant ce <span style=\"color: #0054a6;\"><strong><a style=\"color: #0054a6;\" href=\"https:\/\/forms.gle\/MSmZVoXE9vKDLS4o8\">bref questionnaire<\/a><\/strong><\/span>. Cette r\u00e9troaction essentielle nous permettra d\u2019am\u00e9liorer et d\u2019\u00e9largir la gamme de services offerts par le programme Relations Qu\u00e9bec, d\u00e8s maintenant et pour les ann\u00e9es \u00e0 venir.<\/p>\n<p>Vous souhaitez nous adresser vos commentaires directement ou savoir comment acc\u00e9der \u00e0 nos services ? Contactez-nous d\u00e8s aujourd\u2019hui \u00e0 <span style=\"color: #0054a6;\"><strong><a style=\"color: #0054a6;\" href=\"mailto:research@quebec-elan.org\"><u>research@quebec-elan.org<\/u><\/a><\/strong><\/span> pour r\u00e9server votre s\u00e9ance de consultation en mati\u00e8re de financement ou renseignez-vous sur nos services d\u2019assistance gratuite !<\/p>\n","protected":false},"excerpt":{"rendered":"<p>Le projet Relations Qu\u00e9bec d\u2019ELAN a \u00e9t\u00e9 lanc\u00e9 il y a trois ans pour \u00e9valuer les besoins de financement de la communaut\u00e9 artistique et culturelle anglophone et pour aider les artistes et les organismes \u00e0 naviguer dans le syst\u00e8me de subventions provincial. Depuis, vos commentaires nous ont aid\u00e9s \u00e0 mieux r\u00e9pondre \u00e0 vos besoins. En [&hellip;]<\/p>\n","protected":false},"author":234,"featured_media":36479,"comment_status":"closed","ping_status":"closed","sticky":false,"template":"","format":"standard","meta":{"footnotes":""},"categories":[2,149,398],"tags":[423,434,468],"class_list":["post-36463","post","type-post","status-publish","format-standard","has-post-thumbnail","hentry","category-non-classifiee","category-nouvelles","category-relations-quebec","tag-news-fr","tag-quebec-relations-fr","tag-survey-fr"],"yoast_head":"<!-- This site is optimized with the Yoast SEO plugin v27.5 - https:\/\/yoast.com\/product\/yoast-seo-wordpress\/ -->\n<title>Relations Qu\u00e9bec : nous voulons vous entendre ! - ELAN<\/title>\n<meta name=\"description\" content=\"A not-for-profit organization that connects, supports, and creates opportunities for English-speaking artists and cultural workers of all disciplines from every region of Quebec.\" \/>\n<meta name=\"robots\" content=\"index, follow, max-snippet:-1, max-image-preview:large, max-video-preview:-1\" \/>\n<link rel=\"canonical\" href=\"https:\/\/www.quebec-elan.org\/fr\/relations-quebec-nous-voulons-vous-entendre\/\" \/>\n<meta property=\"og:locale\" content=\"fr_FR\" \/>\n<meta property=\"og:type\" content=\"article\" \/>\n<meta property=\"og:title\" content=\"Relations Qu\u00e9bec : nous voulons vous entendre ! - ELAN\" \/>\n<meta property=\"og:description\" content=\"A not-for-profit organization that connects, supports, and creates opportunities for English-speaking artists and cultural workers of all disciplines from every region of Quebec.\" \/>\n<meta property=\"og:url\" content=\"https:\/\/www.quebec-elan.org\/fr\/relations-quebec-nous-voulons-vous-entendre\/\" \/>\n<meta property=\"og:site_name\" content=\"ELAN\" \/>\n<meta property=\"article:published_time\" content=\"2021-03-31T21:31:08+00:00\" \/>\n<meta property=\"article:modified_time\" content=\"2021-03-31T22:10:36+00:00\" \/>\n<meta property=\"og:image\" content=\"https:\/\/www.quebec-elan.org\/wp-content\/uploads\/2021\/03\/qr-survey.gif\" \/>\n\t<meta property=\"og:image:width\" content=\"800\" \/>\n\t<meta property=\"og:image:height\" content=\"310\" \/>\n\t<meta property=\"og:image:type\" content=\"image\/gif\" \/>\n<meta name=\"author\" content=\"Andre Elan Quebec\" \/>\n<meta name=\"twitter:card\" content=\"summary_large_image\" \/>\n<meta name=\"twitter:label1\" content=\"\u00c9crit par\" \/>\n\t<meta name=\"twitter:data1\" content=\"Andre Elan Quebec\" \/>\n\t<meta name=\"twitter:label2\" content=\"Dur\u00e9e de lecture estim\u00e9e\" \/>\n\t<meta name=\"twitter:data2\" content=\"1 minute\" \/>\n<script type=\"application\/ld+json\" class=\"yoast-schema-graph\">{\"@context\":\"https:\\\/\\\/schema.org\",\"@graph\":[{\"@type\":\"Article\",\"@id\":\"https:\\\/\\\/www.quebec-elan.org\\\/fr\\\/relations-quebec-nous-voulons-vous-entendre\\\/#article\",\"isPartOf\":{\"@id\":\"https:\\\/\\\/www.quebec-elan.org\\\/fr\\\/relations-quebec-nous-voulons-vous-entendre\\\/\"},\"author\":{\"name\":\"Andre Elan Quebec\",\"@id\":\"https:\\\/\\\/www.quebec-elan.org\\\/en\\\/#\\\/schema\\\/person\\\/4aaafbe7c737c481f7cc144f5237888f\"},\"headline\":\"Relations Qu\u00e9bec : nous voulons vous entendre !\",\"datePublished\":\"2021-03-31T21:31:08+00:00\",\"dateModified\":\"2021-03-31T22:10:36+00:00\",\"mainEntityOfPage\":{\"@id\":\"https:\\\/\\\/www.quebec-elan.org\\\/fr\\\/relations-quebec-nous-voulons-vous-entendre\\\/\"},\"wordCount\":224,\"publisher\":{\"@id\":\"https:\\\/\\\/www.quebec-elan.org\\\/en\\\/#organization\"},\"image\":{\"@id\":\"https:\\\/\\\/www.quebec-elan.org\\\/fr\\\/relations-quebec-nous-voulons-vous-entendre\\\/#primaryimage\"},\"thumbnailUrl\":\"https:\\\/\\\/www.quebec-elan.org\\\/wp-content\\\/uploads\\\/2021\\\/03\\\/qr-survey.gif\",\"keywords\":[\"News\",\"Qu\u00e9bec Relations\",\"Survey\"],\"articleSection\":[\"Non classifi\u00e9(e)\",\"Nouvelles\",\"Relations Qu\u00e9bec\"],\"inLanguage\":\"fr-FR\"},{\"@type\":\"WebPage\",\"@id\":\"https:\\\/\\\/www.quebec-elan.org\\\/fr\\\/relations-quebec-nous-voulons-vous-entendre\\\/\",\"url\":\"https:\\\/\\\/www.quebec-elan.org\\\/fr\\\/relations-quebec-nous-voulons-vous-entendre\\\/\",\"name\":\"Relations Qu\u00e9bec : nous voulons vous entendre ! - ELAN\",\"isPartOf\":{\"@id\":\"https:\\\/\\\/www.quebec-elan.org\\\/en\\\/#website\"},\"primaryImageOfPage\":{\"@id\":\"https:\\\/\\\/www.quebec-elan.org\\\/fr\\\/relations-quebec-nous-voulons-vous-entendre\\\/#primaryimage\"},\"image\":{\"@id\":\"https:\\\/\\\/www.quebec-elan.org\\\/fr\\\/relations-quebec-nous-voulons-vous-entendre\\\/#primaryimage\"},\"thumbnailUrl\":\"https:\\\/\\\/www.quebec-elan.org\\\/wp-content\\\/uploads\\\/2021\\\/03\\\/qr-survey.gif\",\"datePublished\":\"2021-03-31T21:31:08+00:00\",\"dateModified\":\"2021-03-31T22:10:36+00:00\",\"description\":\"A not-for-profit organization that connects, supports, and creates opportunities for English-speaking artists and cultural workers of all disciplines from every region of Quebec.\",\"breadcrumb\":{\"@id\":\"https:\\\/\\\/www.quebec-elan.org\\\/fr\\\/relations-quebec-nous-voulons-vous-entendre\\\/#breadcrumb\"},\"inLanguage\":\"fr-FR\",\"potentialAction\":[{\"@type\":\"ReadAction\",\"target\":[\"https:\\\/\\\/www.quebec-elan.org\\\/fr\\\/relations-quebec-nous-voulons-vous-entendre\\\/\"]}]},{\"@type\":\"ImageObject\",\"inLanguage\":\"fr-FR\",\"@id\":\"https:\\\/\\\/www.quebec-elan.org\\\/fr\\\/relations-quebec-nous-voulons-vous-entendre\\\/#primaryimage\",\"url\":\"https:\\\/\\\/www.quebec-elan.org\\\/wp-content\\\/uploads\\\/2021\\\/03\\\/qr-survey.gif\",\"contentUrl\":\"https:\\\/\\\/www.quebec-elan.org\\\/wp-content\\\/uploads\\\/2021\\\/03\\\/qr-survey.gif\",\"width\":800,\"height\":310},{\"@type\":\"BreadcrumbList\",\"@id\":\"https:\\\/\\\/www.quebec-elan.org\\\/fr\\\/relations-quebec-nous-voulons-vous-entendre\\\/#breadcrumb\",\"itemListElement\":[{\"@type\":\"ListItem\",\"position\":1,\"name\":\"Home\",\"item\":\"https:\\\/\\\/www.quebec-elan.org\\\/fr\\\/\"},{\"@type\":\"ListItem\",\"position\":2,\"name\":\"Relations Qu\u00e9bec : nous voulons vous entendre !\"}]},{\"@type\":\"WebSite\",\"@id\":\"https:\\\/\\\/www.quebec-elan.org\\\/en\\\/#website\",\"url\":\"https:\\\/\\\/www.quebec-elan.org\\\/en\\\/\",\"name\":\"ELAN\",\"description\":\"English Language Arts Network\",\"publisher\":{\"@id\":\"https:\\\/\\\/www.quebec-elan.org\\\/en\\\/#organization\"},\"potentialAction\":[{\"@type\":\"SearchAction\",\"target\":{\"@type\":\"EntryPoint\",\"urlTemplate\":\"https:\\\/\\\/www.quebec-elan.org\\\/en\\\/?s={search_term_string}\"},\"query-input\":{\"@type\":\"PropertyValueSpecification\",\"valueRequired\":true,\"valueName\":\"search_term_string\"}}],\"inLanguage\":\"fr-FR\"},{\"@type\":\"Organization\",\"@id\":\"https:\\\/\\\/www.quebec-elan.org\\\/en\\\/#organization\",\"name\":\"ELAN - English Language Arts Network\",\"url\":\"https:\\\/\\\/www.quebec-elan.org\\\/en\\\/\",\"logo\":{\"@type\":\"ImageObject\",\"inLanguage\":\"fr-FR\",\"@id\":\"https:\\\/\\\/www.quebec-elan.org\\\/en\\\/#\\\/schema\\\/logo\\\/image\\\/\",\"url\":\"https:\\\/\\\/www.quebec-elan.org\\\/wp-content\\\/uploads\\\/2022\\\/05\\\/elan-logo-360.jpg\",\"contentUrl\":\"https:\\\/\\\/www.quebec-elan.org\\\/wp-content\\\/uploads\\\/2022\\\/05\\\/elan-logo-360.jpg\",\"width\":360,\"height\":70,\"caption\":\"ELAN - English Language Arts Network\"},\"image\":{\"@id\":\"https:\\\/\\\/www.quebec-elan.org\\\/en\\\/#\\\/schema\\\/logo\\\/image\\\/\"}},{\"@type\":\"Person\",\"@id\":\"https:\\\/\\\/www.quebec-elan.org\\\/en\\\/#\\\/schema\\\/person\\\/4aaafbe7c737c481f7cc144f5237888f\",\"name\":\"Andre Elan Quebec\",\"image\":{\"@type\":\"ImageObject\",\"inLanguage\":\"fr-FR\",\"@id\":\"https:\\\/\\\/secure.gravatar.com\\\/avatar\\\/7ea082d3d909c4cb837bac18df8ab3523b4a3b6bc196bc83d5ca7f186807bf4e?s=96&d=mm&r=g\",\"url\":\"https:\\\/\\\/secure.gravatar.com\\\/avatar\\\/7ea082d3d909c4cb837bac18df8ab3523b4a3b6bc196bc83d5ca7f186807bf4e?s=96&d=mm&r=g\",\"contentUrl\":\"https:\\\/\\\/secure.gravatar.com\\\/avatar\\\/7ea082d3d909c4cb837bac18df8ab3523b4a3b6bc196bc83d5ca7f186807bf4e?s=96&d=mm&r=g\",\"caption\":\"Andre Elan Quebec\"},\"description\":\"The English-Language Arts Network (ELAN) is a not-for-profit organization that connects, supports, and creates opportunities for Quebec\u2019s English-speaking artists and arts communities. ELAN members are individuals and organizations from a wide array of artistic disciplines, cultural and geographic backgrounds, and linguistic and cultural communities. Together this network reflects an evolving Qu\u00e9bec identity and celebrates the province\u2019s cultural, artistic, and social diversity.\",\"url\":\"https:\\\/\\\/www.quebec-elan.org\\\/fr\\\/author\\\/elan-quebec\\\/\"}]}<\/script>\n<!-- \/ Yoast SEO plugin. -->","yoast_head_json":{"title":"Relations Qu\u00e9bec : nous voulons vous entendre ! - ELAN","description":"A not-for-profit organization that connects, supports, and creates opportunities for English-speaking artists and cultural workers of all disciplines from every region of Quebec.","robots":{"index":"index","follow":"follow","max-snippet":"max-snippet:-1","max-image-preview":"max-image-preview:large","max-video-preview":"max-video-preview:-1"},"canonical":"https:\/\/www.quebec-elan.org\/fr\/relations-quebec-nous-voulons-vous-entendre\/","og_locale":"fr_FR","og_type":"article","og_title":"Relations Qu\u00e9bec : nous voulons vous entendre ! - ELAN","og_description":"A not-for-profit organization that connects, supports, and creates opportunities for English-speaking artists and cultural workers of all disciplines from every region of Quebec.","og_url":"https:\/\/www.quebec-elan.org\/fr\/relations-quebec-nous-voulons-vous-entendre\/","og_site_name":"ELAN","article_published_time":"2021-03-31T21:31:08+00:00","article_modified_time":"2021-03-31T22:10:36+00:00","og_image":[{"width":800,"height":310,"url":"https:\/\/www.quebec-elan.org\/wp-content\/uploads\/2021\/03\/qr-survey.gif","type":"image\/gif"}],"author":"Andre Elan Quebec","twitter_card":"summary_large_image","twitter_misc":{"\u00c9crit par":"Andre Elan Quebec","Dur\u00e9e de lecture estim\u00e9e":"1 minute"},"schema":{"@context":"https:\/\/schema.org","@graph":[{"@type":"Article","@id":"https:\/\/www.quebec-elan.org\/fr\/relations-quebec-nous-voulons-vous-entendre\/#article","isPartOf":{"@id":"https:\/\/www.quebec-elan.org\/fr\/relations-quebec-nous-voulons-vous-entendre\/"},"author":{"name":"Andre Elan Quebec","@id":"https:\/\/www.quebec-elan.org\/en\/#\/schema\/person\/4aaafbe7c737c481f7cc144f5237888f"},"headline":"Relations Qu\u00e9bec : nous voulons vous entendre !","datePublished":"2021-03-31T21:31:08+00:00","dateModified":"2021-03-31T22:10:36+00:00","mainEntityOfPage":{"@id":"https:\/\/www.quebec-elan.org\/fr\/relations-quebec-nous-voulons-vous-entendre\/"},"wordCount":224,"publisher":{"@id":"https:\/\/www.quebec-elan.org\/en\/#organization"},"image":{"@id":"https:\/\/www.quebec-elan.org\/fr\/relations-quebec-nous-voulons-vous-entendre\/#primaryimage"},"thumbnailUrl":"https:\/\/www.quebec-elan.org\/wp-content\/uploads\/2021\/03\/qr-survey.gif","keywords":["News","Qu\u00e9bec Relations","Survey"],"articleSection":["Non classifi\u00e9(e)","Nouvelles","Relations Qu\u00e9bec"],"inLanguage":"fr-FR"},{"@type":"WebPage","@id":"https:\/\/www.quebec-elan.org\/fr\/relations-quebec-nous-voulons-vous-entendre\/","url":"https:\/\/www.quebec-elan.org\/fr\/relations-quebec-nous-voulons-vous-entendre\/","name":"Relations Qu\u00e9bec : nous voulons vous entendre ! - ELAN","isPartOf":{"@id":"https:\/\/www.quebec-elan.org\/en\/#website"},"primaryImageOfPage":{"@id":"https:\/\/www.quebec-elan.org\/fr\/relations-quebec-nous-voulons-vous-entendre\/#primaryimage"},"image":{"@id":"https:\/\/www.quebec-elan.org\/fr\/relations-quebec-nous-voulons-vous-entendre\/#primaryimage"},"thumbnailUrl":"https:\/\/www.quebec-elan.org\/wp-content\/uploads\/2021\/03\/qr-survey.gif","datePublished":"2021-03-31T21:31:08+00:00","dateModified":"2021-03-31T22:10:36+00:00","description":"A not-for-profit organization that connects, supports, and creates opportunities for English-speaking artists and cultural workers of all disciplines from every region of Quebec.","breadcrumb":{"@id":"https:\/\/www.quebec-elan.org\/fr\/relations-quebec-nous-voulons-vous-entendre\/#breadcrumb"},"inLanguage":"fr-FR","potentialAction":[{"@type":"ReadAction","target":["https:\/\/www.quebec-elan.org\/fr\/relations-quebec-nous-voulons-vous-entendre\/"]}]},{"@type":"ImageObject","inLanguage":"fr-FR","@id":"https:\/\/www.quebec-elan.org\/fr\/relations-quebec-nous-voulons-vous-entendre\/#primaryimage","url":"https:\/\/www.quebec-elan.org\/wp-content\/uploads\/2021\/03\/qr-survey.gif","contentUrl":"https:\/\/www.quebec-elan.org\/wp-content\/uploads\/2021\/03\/qr-survey.gif","width":800,"height":310},{"@type":"BreadcrumbList","@id":"https:\/\/www.quebec-elan.org\/fr\/relations-quebec-nous-voulons-vous-entendre\/#breadcrumb","itemListElement":[{"@type":"ListItem","position":1,"name":"Home","item":"https:\/\/www.quebec-elan.org\/fr\/"},{"@type":"ListItem","position":2,"name":"Relations Qu\u00e9bec : nous voulons vous entendre !"}]},{"@type":"WebSite","@id":"https:\/\/www.quebec-elan.org\/en\/#website","url":"https:\/\/www.quebec-elan.org\/en\/","name":"ELAN","description":"English Language Arts Network","publisher":{"@id":"https:\/\/www.quebec-elan.org\/en\/#organization"},"potentialAction":[{"@type":"SearchAction","target":{"@type":"EntryPoint","urlTemplate":"https:\/\/www.quebec-elan.org\/en\/?s={search_term_string}"},"query-input":{"@type":"PropertyValueSpecification","valueRequired":true,"valueName":"search_term_string"}}],"inLanguage":"fr-FR"},{"@type":"Organization","@id":"https:\/\/www.quebec-elan.org\/en\/#organization","name":"ELAN - English Language Arts Network","url":"https:\/\/www.quebec-elan.org\/en\/","logo":{"@type":"ImageObject","inLanguage":"fr-FR","@id":"https:\/\/www.quebec-elan.org\/en\/#\/schema\/logo\/image\/","url":"https:\/\/www.quebec-elan.org\/wp-content\/uploads\/2022\/05\/elan-logo-360.jpg","contentUrl":"https:\/\/www.quebec-elan.org\/wp-content\/uploads\/2022\/05\/elan-logo-360.jpg","width":360,"height":70,"caption":"ELAN - English Language Arts Network"},"image":{"@id":"https:\/\/www.quebec-elan.org\/en\/#\/schema\/logo\/image\/"}},{"@type":"Person","@id":"https:\/\/www.quebec-elan.org\/en\/#\/schema\/person\/4aaafbe7c737c481f7cc144f5237888f","name":"Andre Elan Quebec","image":{"@type":"ImageObject","inLanguage":"fr-FR","@id":"https:\/\/secure.gravatar.com\/avatar\/7ea082d3d909c4cb837bac18df8ab3523b4a3b6bc196bc83d5ca7f186807bf4e?s=96&d=mm&r=g","url":"https:\/\/secure.gravatar.com\/avatar\/7ea082d3d909c4cb837bac18df8ab3523b4a3b6bc196bc83d5ca7f186807bf4e?s=96&d=mm&r=g","contentUrl":"https:\/\/secure.gravatar.com\/avatar\/7ea082d3d909c4cb837bac18df8ab3523b4a3b6bc196bc83d5ca7f186807bf4e?s=96&d=mm&r=g","caption":"Andre Elan Quebec"},"description":"The English-Language Arts Network (ELAN) is a not-for-profit organization that connects, supports, and creates opportunities for Quebec\u2019s English-speaking artists and arts communities. ELAN members are individuals and organizations from a wide array of artistic disciplines, cultural and geographic backgrounds, and linguistic and cultural communities. Together this network reflects an evolving Qu\u00e9bec identity and celebrates the province\u2019s cultural, artistic, and social diversity.","url":"https:\/\/www.quebec-elan.org\/fr\/author\/elan-quebec\/"}]}},"_links":{"self":[{"href":"https:\/\/www.quebec-elan.org\/fr\/wp-json\/wp\/v2\/posts\/36463","targetHints":{"allow":["GET"]}}],"collection":[{"href":"https:\/\/www.quebec-elan.org\/fr\/wp-json\/wp\/v2\/posts"}],"about":[{"href":"https:\/\/www.quebec-elan.org\/fr\/wp-json\/wp\/v2\/types\/post"}],"author":[{"embeddable":true,"href":"https:\/\/www.quebec-elan.org\/fr\/wp-json\/wp\/v2\/users\/234"}],"replies":[{"embeddable":true,"href":"https:\/\/www.quebec-elan.org\/fr\/wp-json\/wp\/v2\/comments?post=36463"}],"version-history":[{"count":0,"href":"https:\/\/www.quebec-elan.org\/fr\/wp-json\/wp\/v2\/posts\/36463\/revisions"}],"wp:featuredmedia":[{"embeddable":true,"href":"https:\/\/www.quebec-elan.org\/fr\/wp-json\/wp\/v2\/media\/36479"}],"wp:attachment":[{"href":"https:\/\/www.quebec-elan.org\/fr\/wp-json\/wp\/v2\/media?parent=36463"}],"wp:term":[{"taxonomy":"category","embeddable":true,"href":"https:\/\/www.quebec-elan.org\/fr\/wp-json\/wp\/v2\/categories?post=36463"},{"taxonomy":"post_tag","embeddable":true,"href":"https:\/\/www.quebec-elan.org\/fr\/wp-json\/wp\/v2\/tags?post=36463"}],"curies":[{"name":"wp","href":"https:\/\/api.w.org\/{rel}","templated":true}]}}