{"id":36506,"date":"2021-03-31T23:52:05","date_gmt":"2021-03-31T23:52:05","guid":{"rendered":"https:\/\/www.quebec-elan.org\/?p=36506"},"modified":"2021-03-31T23:52:56","modified_gmt":"2021-03-31T23:52:56","slug":"les-diffusions-en-direct-dartscast","status":"publish","type":"post","link":"https:\/\/www.quebec-elan.org\/fr\/les-diffusions-en-direct-dartscast\/","title":{"rendered":"Les diffusions en direct d\u2019ARTSCAST"},"content":{"rendered":"<p>Les diffusions en direct d\u2019ARTSCAST &#8211; PRINTEMPS 2021<\/p>\n<p>Suivez le calendrier de nos prochains \u00e9v\u00e9nements !<\/p>\n<p>7 AVRIL, 20H<\/p>\n<p>Teke Teke @ <span style=\"color: #0054a6;\"><strong><a style=\"color: #0054a6;\" href=\"https:\/\/sat.qc.ca\/\"><u>Soci\u00e9t\u00e9 des Arts Technologiques (SAT)<\/u><\/a><\/strong><\/span><\/p>\n<p>Des musiques japonaises psych\u00e9d\u00e9liques qui rappellent les ann\u00e9es 60 et 70, mais qui sont aussi tr\u00e8s actuelles gr\u00e2ce aux images qui les accompagnent. Des performances qui portent sur les th\u00e8mes de l\u2019identit\u00e9, de la spiritualit\u00e9, de la renaissance et de l\u2019exploration profonde de soi.<\/p>\n<p>8 AVRIL, 20H<\/p>\n<p>Pr\u00e9sentation de <span style=\"color: #0054a6;\"><strong><a style=\"color: #0054a6;\" href=\"https:\/\/hot-tramp.com\/\">Hot Tramp Records<\/a><\/strong><\/span> @ <span style=\"color: #0054a6;\"><strong><a style=\"color: #0054a6;\" href=\"http:\/\/www.bbamgallery.com\/\">BBAM! Galerie<\/a><\/strong><\/span><\/p>\n<p>L\u2019\u00e9v\u00e9nement met en vedette <span style=\"color: #0054a6;\"><strong><a style=\"color: #0054a6;\" href=\"https:\/\/hot-tramp.com\/alicia-clara\">Alicia Clara<\/a><\/strong><\/span>, qui lance son premier album, <em>Outsider\/Unusual<\/em>, sur la nouvelle \u00e9tiquette montr\u00e9alais Hot Tramp Records. Elle est accompagn\u00e9e de sa compatriote montr\u00e9alaise <strong><span style=\"color: #0054a6;\"><a style=\"color: #0054a6;\" href=\"https:\/\/www.instagram.com\/magimerlin\/?hl=en\"><u>Magi Merlin<\/u><\/a><\/span><\/strong>, auteure\/compositrise du r\u00e9cent album <em>Drug Music<\/em>. Branchez-vous pour passer la soir\u00e9e en compagnie des vibrations RnB\/n\u00e9o-soul de Magi Merlin, suivies de la pop flottante et r\u00eaveuse d&rsquo;Alicia Clara.<\/p>\n<p>11-20 AVRIL \u2013 Rediffusion sp\u00e9ciale pour 10 jours seulement !<\/p>\n<p><span style=\"color: #0054a6;\"><strong><a style=\"color: #0054a6;\" href=\"https:\/\/threeoclocktrain.com\/bio\"><u>Mack Mackenzie<\/u><\/a><\/strong><\/span> et <span style=\"color: #0054a6;\"><strong><a style=\"color: #0054a6;\" href=\"https:\/\/chrisvelan.com\/\"><u>Chris Velan <\/u><\/a><\/strong><\/span>: rediffusion \u00e0 dur\u00e9e limit\u00e9e de l&rsquo;\u00e9mission ARTSCAST r\u00e9alis\u00e9e au l\u00e9gendaire <span style=\"color: #0054a6;\"><strong><a style=\"color: #0054a6;\" href=\"https:\/\/www.wheelclubndg.com\/\"><u>Wheel Club<\/u>.<\/a><\/strong><\/span><\/p>\n<p>16 AVRIL, 20H<\/p>\n<p><span style=\"color: #0054a6;\"><strong><a style=\"color: #0054a6;\" href=\"https:\/\/www.nientzuweng.com\/\"><u>Nien Tzu Weng<\/u><\/a><\/strong><\/span> @ <span style=\"color: #0054a6;\"><strong><a style=\"color: #0054a6;\" href=\"https:\/\/ccov.org\/en\/\"><u>Centre de Cr\u00e9ation O Vertigo<\/u><\/a><\/strong><\/span><\/p>\n<p>Une performance exp\u00e9rimentale de danse et multim\u00e9dia mettant en vedette Nien-Tzu Weng, danseuse et \u00a0artiste interdisciplinaire canadienne d\u2019origine ta\u00efwanaise r\u00e9sidant \u00e0 Montr\u00e9al. L\u2019artiste cherche \u00e0 cr\u00e9er des ponts entre les disciplines \u00e0 travers une approche exp\u00e9rimentale de la danse contemporaine. Elle est actuellement artiste en r\u00e9sidence au Studio 303 et artiste r\u00e9sidente au Topological Media Lab de l\u2019Universit\u00e9 Concordia.<\/p>\n","protected":false},"excerpt":{"rendered":"<p>Les diffusions en direct d\u2019ARTSCAST &#8211; PRINTEMPS 2021 Suivez le calendrier de nos prochains \u00e9v\u00e9nements ! 7 AVRIL, 20H Teke Teke @ Soci\u00e9t\u00e9 des Arts Technologiques (SAT) Des musiques japonaises psych\u00e9d\u00e9liques qui rappellent les ann\u00e9es 60 et 70, mais qui sont aussi tr\u00e8s actuelles gr\u00e2ce aux images qui les accompagnent. Des performances qui portent sur [&hellip;]<\/p>\n","protected":false},"author":234,"featured_media":36507,"comment_status":"closed","ping_status":"closed","sticky":false,"template":"","format":"standard","meta":{"footnotes":""},"categories":[415,149],"tags":[472,428,423],"class_list":["post-36506","post","type-post","status-publish","format-standard","has-post-thumbnail","hentry","category-arts2u-2","category-nouvelles","tag-artscast-fr","tag-events-fr","tag-news-fr"],"yoast_head":"<!-- This site is optimized with the Yoast SEO plugin v27.4 - https:\/\/yoast.com\/product\/yoast-seo-wordpress\/ -->\n<title>Les diffusions en direct d\u2019ARTSCAST - ELAN<\/title>\n<meta name=\"description\" content=\"A not-for-profit organization that connects, supports, and creates opportunities for English-speaking artists and cultural workers of all disciplines from every region of Quebec.\" \/>\n<meta name=\"robots\" content=\"index, follow, max-snippet:-1, max-image-preview:large, max-video-preview:-1\" \/>\n<link rel=\"canonical\" href=\"https:\/\/www.quebec-elan.org\/fr\/les-diffusions-en-direct-dartscast\/\" \/>\n<meta property=\"og:locale\" content=\"fr_FR\" \/>\n<meta property=\"og:type\" content=\"article\" \/>\n<meta property=\"og:title\" content=\"Les diffusions en direct d\u2019ARTSCAST - ELAN\" \/>\n<meta property=\"og:description\" content=\"A not-for-profit organization that connects, supports, and creates opportunities for English-speaking artists and cultural workers of all disciplines from every region of Quebec.\" \/>\n<meta property=\"og:url\" content=\"https:\/\/www.quebec-elan.org\/fr\/les-diffusions-en-direct-dartscast\/\" \/>\n<meta property=\"og:site_name\" content=\"ELAN\" \/>\n<meta property=\"article:published_time\" content=\"2021-03-31T23:52:05+00:00\" \/>\n<meta property=\"article:modified_time\" content=\"2021-03-31T23:52:56+00:00\" \/>\n<meta property=\"og:image\" content=\"https:\/\/www.quebec-elan.org\/wp-content\/uploads\/2021\/03\/arts2u.jpeg\" \/>\n\t<meta property=\"og:image:width\" content=\"800\" \/>\n\t<meta property=\"og:image:height\" content=\"310\" \/>\n\t<meta property=\"og:image:type\" content=\"image\/jpeg\" \/>\n<meta name=\"author\" content=\"Andre Elan Quebec\" \/>\n<meta name=\"twitter:card\" content=\"summary_large_image\" \/>\n<meta name=\"twitter:label1\" content=\"\u00c9crit par\" \/>\n\t<meta name=\"twitter:data1\" content=\"Andre Elan Quebec\" \/>\n\t<meta name=\"twitter:label2\" content=\"Dur\u00e9e de lecture estim\u00e9e\" \/>\n\t<meta name=\"twitter:data2\" content=\"2 minutes\" \/>\n<script type=\"application\/ld+json\" class=\"yoast-schema-graph\">{\"@context\":\"https:\\\/\\\/schema.org\",\"@graph\":[{\"@type\":\"Article\",\"@id\":\"https:\\\/\\\/www.quebec-elan.org\\\/fr\\\/les-diffusions-en-direct-dartscast\\\/#article\",\"isPartOf\":{\"@id\":\"https:\\\/\\\/www.quebec-elan.org\\\/fr\\\/les-diffusions-en-direct-dartscast\\\/\"},\"author\":{\"name\":\"Andre Elan Quebec\",\"@id\":\"https:\\\/\\\/www.quebec-elan.org\\\/en\\\/#\\\/schema\\\/person\\\/4aaafbe7c737c481f7cc144f5237888f\"},\"headline\":\"Les diffusions en direct d\u2019ARTSCAST\",\"datePublished\":\"2021-03-31T23:52:05+00:00\",\"dateModified\":\"2021-03-31T23:52:56+00:00\",\"mainEntityOfPage\":{\"@id\":\"https:\\\/\\\/www.quebec-elan.org\\\/fr\\\/les-diffusions-en-direct-dartscast\\\/\"},\"wordCount\":270,\"publisher\":{\"@id\":\"https:\\\/\\\/www.quebec-elan.org\\\/en\\\/#organization\"},\"image\":{\"@id\":\"https:\\\/\\\/www.quebec-elan.org\\\/fr\\\/les-diffusions-en-direct-dartscast\\\/#primaryimage\"},\"thumbnailUrl\":\"https:\\\/\\\/www.quebec-elan.org\\\/wp-content\\\/uploads\\\/2021\\\/03\\\/arts2u.jpeg\",\"keywords\":[\"Artscast\",\"Events\",\"News\"],\"articleSection\":[\"ARTS2U\",\"Nouvelles\"],\"inLanguage\":\"fr-FR\"},{\"@type\":\"WebPage\",\"@id\":\"https:\\\/\\\/www.quebec-elan.org\\\/fr\\\/les-diffusions-en-direct-dartscast\\\/\",\"url\":\"https:\\\/\\\/www.quebec-elan.org\\\/fr\\\/les-diffusions-en-direct-dartscast\\\/\",\"name\":\"Les diffusions en direct d\u2019ARTSCAST - ELAN\",\"isPartOf\":{\"@id\":\"https:\\\/\\\/www.quebec-elan.org\\\/en\\\/#website\"},\"primaryImageOfPage\":{\"@id\":\"https:\\\/\\\/www.quebec-elan.org\\\/fr\\\/les-diffusions-en-direct-dartscast\\\/#primaryimage\"},\"image\":{\"@id\":\"https:\\\/\\\/www.quebec-elan.org\\\/fr\\\/les-diffusions-en-direct-dartscast\\\/#primaryimage\"},\"thumbnailUrl\":\"https:\\\/\\\/www.quebec-elan.org\\\/wp-content\\\/uploads\\\/2021\\\/03\\\/arts2u.jpeg\",\"datePublished\":\"2021-03-31T23:52:05+00:00\",\"dateModified\":\"2021-03-31T23:52:56+00:00\",\"description\":\"A not-for-profit organization that connects, supports, and creates opportunities for English-speaking artists and cultural workers of all disciplines from every region of Quebec.\",\"breadcrumb\":{\"@id\":\"https:\\\/\\\/www.quebec-elan.org\\\/fr\\\/les-diffusions-en-direct-dartscast\\\/#breadcrumb\"},\"inLanguage\":\"fr-FR\",\"potentialAction\":[{\"@type\":\"ReadAction\",\"target\":[\"https:\\\/\\\/www.quebec-elan.org\\\/fr\\\/les-diffusions-en-direct-dartscast\\\/\"]}]},{\"@type\":\"ImageObject\",\"inLanguage\":\"fr-FR\",\"@id\":\"https:\\\/\\\/www.quebec-elan.org\\\/fr\\\/les-diffusions-en-direct-dartscast\\\/#primaryimage\",\"url\":\"https:\\\/\\\/www.quebec-elan.org\\\/wp-content\\\/uploads\\\/2021\\\/03\\\/arts2u.jpeg\",\"contentUrl\":\"https:\\\/\\\/www.quebec-elan.org\\\/wp-content\\\/uploads\\\/2021\\\/03\\\/arts2u.jpeg\",\"width\":800,\"height\":310},{\"@type\":\"BreadcrumbList\",\"@id\":\"https:\\\/\\\/www.quebec-elan.org\\\/fr\\\/les-diffusions-en-direct-dartscast\\\/#breadcrumb\",\"itemListElement\":[{\"@type\":\"ListItem\",\"position\":1,\"name\":\"Home\",\"item\":\"https:\\\/\\\/www.quebec-elan.org\\\/fr\\\/\"},{\"@type\":\"ListItem\",\"position\":2,\"name\":\"Les diffusions en direct d\u2019ARTSCAST\"}]},{\"@type\":\"WebSite\",\"@id\":\"https:\\\/\\\/www.quebec-elan.org\\\/en\\\/#website\",\"url\":\"https:\\\/\\\/www.quebec-elan.org\\\/en\\\/\",\"name\":\"ELAN\",\"description\":\"English Language Arts Network\",\"publisher\":{\"@id\":\"https:\\\/\\\/www.quebec-elan.org\\\/en\\\/#organization\"},\"potentialAction\":[{\"@type\":\"SearchAction\",\"target\":{\"@type\":\"EntryPoint\",\"urlTemplate\":\"https:\\\/\\\/www.quebec-elan.org\\\/en\\\/?s={search_term_string}\"},\"query-input\":{\"@type\":\"PropertyValueSpecification\",\"valueRequired\":true,\"valueName\":\"search_term_string\"}}],\"inLanguage\":\"fr-FR\"},{\"@type\":\"Organization\",\"@id\":\"https:\\\/\\\/www.quebec-elan.org\\\/en\\\/#organization\",\"name\":\"ELAN - English Language Arts Network\",\"url\":\"https:\\\/\\\/www.quebec-elan.org\\\/en\\\/\",\"logo\":{\"@type\":\"ImageObject\",\"inLanguage\":\"fr-FR\",\"@id\":\"https:\\\/\\\/www.quebec-elan.org\\\/en\\\/#\\\/schema\\\/logo\\\/image\\\/\",\"url\":\"https:\\\/\\\/www.quebec-elan.org\\\/wp-content\\\/uploads\\\/2022\\\/05\\\/elan-logo-360.jpg\",\"contentUrl\":\"https:\\\/\\\/www.quebec-elan.org\\\/wp-content\\\/uploads\\\/2022\\\/05\\\/elan-logo-360.jpg\",\"width\":360,\"height\":70,\"caption\":\"ELAN - English Language Arts Network\"},\"image\":{\"@id\":\"https:\\\/\\\/www.quebec-elan.org\\\/en\\\/#\\\/schema\\\/logo\\\/image\\\/\"}},{\"@type\":\"Person\",\"@id\":\"https:\\\/\\\/www.quebec-elan.org\\\/en\\\/#\\\/schema\\\/person\\\/4aaafbe7c737c481f7cc144f5237888f\",\"name\":\"Andre Elan Quebec\",\"image\":{\"@type\":\"ImageObject\",\"inLanguage\":\"fr-FR\",\"@id\":\"https:\\\/\\\/secure.gravatar.com\\\/avatar\\\/7ea082d3d909c4cb837bac18df8ab3523b4a3b6bc196bc83d5ca7f186807bf4e?s=96&d=mm&r=g\",\"url\":\"https:\\\/\\\/secure.gravatar.com\\\/avatar\\\/7ea082d3d909c4cb837bac18df8ab3523b4a3b6bc196bc83d5ca7f186807bf4e?s=96&d=mm&r=g\",\"contentUrl\":\"https:\\\/\\\/secure.gravatar.com\\\/avatar\\\/7ea082d3d909c4cb837bac18df8ab3523b4a3b6bc196bc83d5ca7f186807bf4e?s=96&d=mm&r=g\",\"caption\":\"Andre Elan Quebec\"},\"description\":\"The English-Language Arts Network (ELAN) is a not-for-profit organization that connects, supports, and creates opportunities for Quebec\u2019s English-speaking artists and arts communities. ELAN members are individuals and organizations from a wide array of artistic disciplines, cultural and geographic backgrounds, and linguistic and cultural communities. Together this network reflects an evolving Qu\u00e9bec identity and celebrates the province\u2019s cultural, artistic, and social diversity.\",\"url\":\"https:\\\/\\\/www.quebec-elan.org\\\/fr\\\/author\\\/elan-quebec\\\/\"}]}<\/script>\n<!-- \/ Yoast SEO plugin. -->","yoast_head_json":{"title":"Les diffusions en direct d\u2019ARTSCAST - ELAN","description":"A not-for-profit organization that connects, supports, and creates opportunities for English-speaking artists and cultural workers of all disciplines from every region of Quebec.","robots":{"index":"index","follow":"follow","max-snippet":"max-snippet:-1","max-image-preview":"max-image-preview:large","max-video-preview":"max-video-preview:-1"},"canonical":"https:\/\/www.quebec-elan.org\/fr\/les-diffusions-en-direct-dartscast\/","og_locale":"fr_FR","og_type":"article","og_title":"Les diffusions en direct d\u2019ARTSCAST - ELAN","og_description":"A not-for-profit organization that connects, supports, and creates opportunities for English-speaking artists and cultural workers of all disciplines from every region of Quebec.","og_url":"https:\/\/www.quebec-elan.org\/fr\/les-diffusions-en-direct-dartscast\/","og_site_name":"ELAN","article_published_time":"2021-03-31T23:52:05+00:00","article_modified_time":"2021-03-31T23:52:56+00:00","og_image":[{"width":800,"height":310,"url":"https:\/\/www.quebec-elan.org\/wp-content\/uploads\/2021\/03\/arts2u.jpeg","type":"image\/jpeg"}],"author":"Andre Elan Quebec","twitter_card":"summary_large_image","twitter_misc":{"\u00c9crit par":"Andre Elan Quebec","Dur\u00e9e de lecture estim\u00e9e":"2 minutes"},"schema":{"@context":"https:\/\/schema.org","@graph":[{"@type":"Article","@id":"https:\/\/www.quebec-elan.org\/fr\/les-diffusions-en-direct-dartscast\/#article","isPartOf":{"@id":"https:\/\/www.quebec-elan.org\/fr\/les-diffusions-en-direct-dartscast\/"},"author":{"name":"Andre Elan Quebec","@id":"https:\/\/www.quebec-elan.org\/en\/#\/schema\/person\/4aaafbe7c737c481f7cc144f5237888f"},"headline":"Les diffusions en direct d\u2019ARTSCAST","datePublished":"2021-03-31T23:52:05+00:00","dateModified":"2021-03-31T23:52:56+00:00","mainEntityOfPage":{"@id":"https:\/\/www.quebec-elan.org\/fr\/les-diffusions-en-direct-dartscast\/"},"wordCount":270,"publisher":{"@id":"https:\/\/www.quebec-elan.org\/en\/#organization"},"image":{"@id":"https:\/\/www.quebec-elan.org\/fr\/les-diffusions-en-direct-dartscast\/#primaryimage"},"thumbnailUrl":"https:\/\/www.quebec-elan.org\/wp-content\/uploads\/2021\/03\/arts2u.jpeg","keywords":["Artscast","Events","News"],"articleSection":["ARTS2U","Nouvelles"],"inLanguage":"fr-FR"},{"@type":"WebPage","@id":"https:\/\/www.quebec-elan.org\/fr\/les-diffusions-en-direct-dartscast\/","url":"https:\/\/www.quebec-elan.org\/fr\/les-diffusions-en-direct-dartscast\/","name":"Les diffusions en direct d\u2019ARTSCAST - ELAN","isPartOf":{"@id":"https:\/\/www.quebec-elan.org\/en\/#website"},"primaryImageOfPage":{"@id":"https:\/\/www.quebec-elan.org\/fr\/les-diffusions-en-direct-dartscast\/#primaryimage"},"image":{"@id":"https:\/\/www.quebec-elan.org\/fr\/les-diffusions-en-direct-dartscast\/#primaryimage"},"thumbnailUrl":"https:\/\/www.quebec-elan.org\/wp-content\/uploads\/2021\/03\/arts2u.jpeg","datePublished":"2021-03-31T23:52:05+00:00","dateModified":"2021-03-31T23:52:56+00:00","description":"A not-for-profit organization that connects, supports, and creates opportunities for English-speaking artists and cultural workers of all disciplines from every region of Quebec.","breadcrumb":{"@id":"https:\/\/www.quebec-elan.org\/fr\/les-diffusions-en-direct-dartscast\/#breadcrumb"},"inLanguage":"fr-FR","potentialAction":[{"@type":"ReadAction","target":["https:\/\/www.quebec-elan.org\/fr\/les-diffusions-en-direct-dartscast\/"]}]},{"@type":"ImageObject","inLanguage":"fr-FR","@id":"https:\/\/www.quebec-elan.org\/fr\/les-diffusions-en-direct-dartscast\/#primaryimage","url":"https:\/\/www.quebec-elan.org\/wp-content\/uploads\/2021\/03\/arts2u.jpeg","contentUrl":"https:\/\/www.quebec-elan.org\/wp-content\/uploads\/2021\/03\/arts2u.jpeg","width":800,"height":310},{"@type":"BreadcrumbList","@id":"https:\/\/www.quebec-elan.org\/fr\/les-diffusions-en-direct-dartscast\/#breadcrumb","itemListElement":[{"@type":"ListItem","position":1,"name":"Home","item":"https:\/\/www.quebec-elan.org\/fr\/"},{"@type":"ListItem","position":2,"name":"Les diffusions en direct d\u2019ARTSCAST"}]},{"@type":"WebSite","@id":"https:\/\/www.quebec-elan.org\/en\/#website","url":"https:\/\/www.quebec-elan.org\/en\/","name":"ELAN","description":"English Language Arts Network","publisher":{"@id":"https:\/\/www.quebec-elan.org\/en\/#organization"},"potentialAction":[{"@type":"SearchAction","target":{"@type":"EntryPoint","urlTemplate":"https:\/\/www.quebec-elan.org\/en\/?s={search_term_string}"},"query-input":{"@type":"PropertyValueSpecification","valueRequired":true,"valueName":"search_term_string"}}],"inLanguage":"fr-FR"},{"@type":"Organization","@id":"https:\/\/www.quebec-elan.org\/en\/#organization","name":"ELAN - English Language Arts Network","url":"https:\/\/www.quebec-elan.org\/en\/","logo":{"@type":"ImageObject","inLanguage":"fr-FR","@id":"https:\/\/www.quebec-elan.org\/en\/#\/schema\/logo\/image\/","url":"https:\/\/www.quebec-elan.org\/wp-content\/uploads\/2022\/05\/elan-logo-360.jpg","contentUrl":"https:\/\/www.quebec-elan.org\/wp-content\/uploads\/2022\/05\/elan-logo-360.jpg","width":360,"height":70,"caption":"ELAN - English Language Arts Network"},"image":{"@id":"https:\/\/www.quebec-elan.org\/en\/#\/schema\/logo\/image\/"}},{"@type":"Person","@id":"https:\/\/www.quebec-elan.org\/en\/#\/schema\/person\/4aaafbe7c737c481f7cc144f5237888f","name":"Andre Elan Quebec","image":{"@type":"ImageObject","inLanguage":"fr-FR","@id":"https:\/\/secure.gravatar.com\/avatar\/7ea082d3d909c4cb837bac18df8ab3523b4a3b6bc196bc83d5ca7f186807bf4e?s=96&d=mm&r=g","url":"https:\/\/secure.gravatar.com\/avatar\/7ea082d3d909c4cb837bac18df8ab3523b4a3b6bc196bc83d5ca7f186807bf4e?s=96&d=mm&r=g","contentUrl":"https:\/\/secure.gravatar.com\/avatar\/7ea082d3d909c4cb837bac18df8ab3523b4a3b6bc196bc83d5ca7f186807bf4e?s=96&d=mm&r=g","caption":"Andre Elan Quebec"},"description":"The English-Language Arts Network (ELAN) is a not-for-profit organization that connects, supports, and creates opportunities for Quebec\u2019s English-speaking artists and arts communities. ELAN members are individuals and organizations from a wide array of artistic disciplines, cultural and geographic backgrounds, and linguistic and cultural communities. Together this network reflects an evolving Qu\u00e9bec identity and celebrates the province\u2019s cultural, artistic, and social diversity.","url":"https:\/\/www.quebec-elan.org\/fr\/author\/elan-quebec\/"}]}},"_links":{"self":[{"href":"https:\/\/www.quebec-elan.org\/fr\/wp-json\/wp\/v2\/posts\/36506","targetHints":{"allow":["GET"]}}],"collection":[{"href":"https:\/\/www.quebec-elan.org\/fr\/wp-json\/wp\/v2\/posts"}],"about":[{"href":"https:\/\/www.quebec-elan.org\/fr\/wp-json\/wp\/v2\/types\/post"}],"author":[{"embeddable":true,"href":"https:\/\/www.quebec-elan.org\/fr\/wp-json\/wp\/v2\/users\/234"}],"replies":[{"embeddable":true,"href":"https:\/\/www.quebec-elan.org\/fr\/wp-json\/wp\/v2\/comments?post=36506"}],"version-history":[{"count":3,"href":"https:\/\/www.quebec-elan.org\/fr\/wp-json\/wp\/v2\/posts\/36506\/revisions"}],"predecessor-version":[{"id":36510,"href":"https:\/\/www.quebec-elan.org\/fr\/wp-json\/wp\/v2\/posts\/36506\/revisions\/36510"}],"wp:featuredmedia":[{"embeddable":true,"href":"https:\/\/www.quebec-elan.org\/fr\/wp-json\/wp\/v2\/media\/36507"}],"wp:attachment":[{"href":"https:\/\/www.quebec-elan.org\/fr\/wp-json\/wp\/v2\/media?parent=36506"}],"wp:term":[{"taxonomy":"category","embeddable":true,"href":"https:\/\/www.quebec-elan.org\/fr\/wp-json\/wp\/v2\/categories?post=36506"},{"taxonomy":"post_tag","embeddable":true,"href":"https:\/\/www.quebec-elan.org\/fr\/wp-json\/wp\/v2\/tags?post=36506"}],"curies":[{"name":"wp","href":"https:\/\/api.w.org\/{rel}","templated":true}]}}