{"id":39047,"date":"2021-05-10T15:29:30","date_gmt":"2021-05-10T15:29:30","guid":{"rendered":"https:\/\/www.quebec-elan.org\/?p=39047"},"modified":"2021-05-10T22:30:26","modified_gmt":"2021-05-10T22:30:26","slug":"le-mot-du-directeur-mai-2021","status":"publish","type":"post","link":"https:\/\/www.quebec-elan.org\/fr\/le-mot-du-directeur-mai-2021\/","title":{"rendered":"Le mot du directeur &#8211; mai 2021"},"content":{"rendered":"<p>Le changement. Nous en avons peur. Nous l\u2019accueillons.<\/p>\n<p>Au moment o\u00f9 s\u2019amorce la troisi\u00e8me vague de COVID-19, certains d\u2019entre nous commencent \u00e0 reconna\u00eetre et \u00e0 accepter notre nouvelle r\u00e9alit\u00e9. Nos mondes et la fa\u00e7on dont nous y vivons ont radicalement chang\u00e9. Nous devons rester conciliants, r\u00e9silients, mais aussi \u00eatre indulgents envers nous-m\u00eames face \u00e0 un avenir incertain.<\/p>\n<p>Heureusement, nous avons aussi des moments d&rsquo;espoir\u00a0: la photo sur notre fil d\u2019actualit\u00e9 d\u2019un proche qui re\u00e7oit son vaccin, la r\u00e9ouverture prudente mais optimiste du secteur des arts, la prise en charge des probl\u00e8mes syst\u00e9miques et l\u2019instauration de mesures essentielles pour favoriser l\u2019inclusion et l&rsquo;accessibilit\u00e9, les promesses de financement pour soutenir le secteur culturel dans ses efforts de relance.<\/p>\n<p>Ayant tout cela \u00e0 l&rsquo;esprit, j\u2019endosse mon nouveau r\u00f4le de directeur ex\u00e9cutif d&rsquo;ELAN en m\u2019interrogeant de mani\u00e8re humble et honn\u00eate : comment diriger sans crainte dans un moment de grand changement ?<\/p>\n<p>La r\u00e9ponse consiste \u00e0 accueillir les cadeaux qui m&rsquo;ont \u00e9t\u00e9 faits. J\u2019ai le privil\u00e8ge de me voir confier les r\u00eanes d\u2019une organisation solide, dont la mission et les valeurs s\u2019ancrent dans son travail de soutien et de promotion des artistes et de la communaut\u00e9 anglophones du Qu\u00e9bec. J&rsquo;ai \u00e9t\u00e9 accueilli \u00e0 bras ouverts par un conseil d\u2019administration et une \u00e9quipe d\u2019une incroyable patience et g\u00e9n\u00e9rosit\u00e9.<\/p>\n<p>L&rsquo;inimitable Guy Rodgers nous a transmis ses connaissances institutionnelles, des histoires riches et des voies encore \u00e0 explorer ; mon profond respect et mon admiration pour son legs nourriront et inspireront \u00e0 jamais mon travail chez ELAN. J&rsquo;ai confiance en une adh\u00e9sion vitale et engag\u00e9e de nos membres, que je continuerai \u00e0 vouloir m\u00e9riter, dans un rapport de r\u00e9ciprocit\u00e9, pour les ann\u00e9es \u00e0 venir.<\/p>\n<p>Au moment o\u00f9 je plonge dans la r\u00e9alit\u00e9 du terrain \u00e0 d\u00e9fricher, je vous invite \u00e0 partager les pens\u00e9es, les pr\u00e9occupations, les besoins, les d\u00e9fis et les r\u00e9ussites que vos connaissez en naviguant dans ces territoires inexplor\u00e9s. Je suis honor\u00e9 de vous servir et de d\u00e9fendre votre cause.<\/p>\n<p>Accueillons ensemble le changement.<\/p>\n<p>Patrick Lloyd Brennan, directeur ex\u00e9cutif<\/p>\n","protected":false},"excerpt":{"rendered":"<p>Le changement. Nous en avons peur. Nous l\u2019accueillons. Au moment o\u00f9 s\u2019amorce la troisi\u00e8me vague de COVID-19, certains d\u2019entre nous commencent \u00e0 reconna\u00eetre et \u00e0 accepter notre nouvelle r\u00e9alit\u00e9. Nos mondes et la fa\u00e7on dont nous y vivons ont radicalement chang\u00e9. Nous devons rester conciliants, r\u00e9silients, mais aussi \u00eatre indulgents envers nous-m\u00eames face \u00e0 un [&hellip;]<\/p>\n","protected":false},"author":234,"featured_media":39046,"comment_status":"closed","ping_status":"closed","sticky":false,"template":"","format":"standard","meta":{"footnotes":""},"categories":[390,2,149],"tags":[],"class_list":["post-39047","post","type-post","status-publish","format-standard","has-post-thumbnail","hentry","category-le-mot-du-directeur","category-non-classifiee","category-nouvelles"],"yoast_head":"<!-- This site is optimized with the Yoast SEO plugin v27.4 - https:\/\/yoast.com\/product\/yoast-seo-wordpress\/ -->\n<title>Le mot du directeur - mai 2021 - ELAN<\/title>\n<meta name=\"description\" content=\"A not-for-profit organization that connects, supports, and creates opportunities for English-speaking artists and cultural workers of all disciplines from every region of Quebec.\" \/>\n<meta name=\"robots\" content=\"index, follow, max-snippet:-1, max-image-preview:large, max-video-preview:-1\" \/>\n<link rel=\"canonical\" href=\"https:\/\/www.quebec-elan.org\/fr\/le-mot-du-directeur-mai-2021\/\" \/>\n<meta property=\"og:locale\" content=\"fr_FR\" \/>\n<meta property=\"og:type\" content=\"article\" \/>\n<meta property=\"og:title\" content=\"Le mot du directeur - mai 2021 - ELAN\" \/>\n<meta property=\"og:description\" content=\"A not-for-profit organization that connects, supports, and creates opportunities for English-speaking artists and cultural workers of all disciplines from every region of Quebec.\" \/>\n<meta property=\"og:url\" content=\"https:\/\/www.quebec-elan.org\/fr\/le-mot-du-directeur-mai-2021\/\" \/>\n<meta property=\"og:site_name\" content=\"ELAN\" \/>\n<meta property=\"article:published_time\" content=\"2021-05-10T15:29:30+00:00\" \/>\n<meta property=\"article:modified_time\" content=\"2021-05-10T22:30:26+00:00\" \/>\n<meta property=\"og:image\" content=\"https:\/\/www.quebec-elan.org\/wp-content\/uploads\/2021\/05\/EDMessage-1.png\" \/>\n\t<meta property=\"og:image:width\" content=\"800\" \/>\n\t<meta property=\"og:image:height\" content=\"300\" \/>\n\t<meta property=\"og:image:type\" content=\"image\/png\" \/>\n<meta name=\"author\" content=\"Andre Elan Quebec\" \/>\n<meta name=\"twitter:card\" content=\"summary_large_image\" \/>\n<meta name=\"twitter:label1\" content=\"\u00c9crit par\" \/>\n\t<meta name=\"twitter:data1\" content=\"Andre Elan Quebec\" \/>\n\t<meta name=\"twitter:label2\" content=\"Dur\u00e9e de lecture estim\u00e9e\" \/>\n\t<meta name=\"twitter:data2\" content=\"2 minutes\" \/>\n<script type=\"application\/ld+json\" class=\"yoast-schema-graph\">{\"@context\":\"https:\\\/\\\/schema.org\",\"@graph\":[{\"@type\":\"Article\",\"@id\":\"https:\\\/\\\/www.quebec-elan.org\\\/fr\\\/le-mot-du-directeur-mai-2021\\\/#article\",\"isPartOf\":{\"@id\":\"https:\\\/\\\/www.quebec-elan.org\\\/fr\\\/le-mot-du-directeur-mai-2021\\\/\"},\"author\":{\"name\":\"Andre Elan Quebec\",\"@id\":\"https:\\\/\\\/www.quebec-elan.org\\\/en\\\/#\\\/schema\\\/person\\\/4aaafbe7c737c481f7cc144f5237888f\"},\"headline\":\"Le mot du directeur &#8211; mai 2021\",\"datePublished\":\"2021-05-10T15:29:30+00:00\",\"dateModified\":\"2021-05-10T22:30:26+00:00\",\"mainEntityOfPage\":{\"@id\":\"https:\\\/\\\/www.quebec-elan.org\\\/fr\\\/le-mot-du-directeur-mai-2021\\\/\"},\"wordCount\":381,\"publisher\":{\"@id\":\"https:\\\/\\\/www.quebec-elan.org\\\/en\\\/#organization\"},\"image\":{\"@id\":\"https:\\\/\\\/www.quebec-elan.org\\\/fr\\\/le-mot-du-directeur-mai-2021\\\/#primaryimage\"},\"thumbnailUrl\":\"https:\\\/\\\/www.quebec-elan.org\\\/wp-content\\\/uploads\\\/2021\\\/05\\\/EDMessage-1.png\",\"articleSection\":[\"Le mot du directeur\",\"Non classifi\u00e9(e)\",\"Nouvelles\"],\"inLanguage\":\"fr-FR\"},{\"@type\":\"WebPage\",\"@id\":\"https:\\\/\\\/www.quebec-elan.org\\\/fr\\\/le-mot-du-directeur-mai-2021\\\/\",\"url\":\"https:\\\/\\\/www.quebec-elan.org\\\/fr\\\/le-mot-du-directeur-mai-2021\\\/\",\"name\":\"Le mot du directeur - mai 2021 - ELAN\",\"isPartOf\":{\"@id\":\"https:\\\/\\\/www.quebec-elan.org\\\/en\\\/#website\"},\"primaryImageOfPage\":{\"@id\":\"https:\\\/\\\/www.quebec-elan.org\\\/fr\\\/le-mot-du-directeur-mai-2021\\\/#primaryimage\"},\"image\":{\"@id\":\"https:\\\/\\\/www.quebec-elan.org\\\/fr\\\/le-mot-du-directeur-mai-2021\\\/#primaryimage\"},\"thumbnailUrl\":\"https:\\\/\\\/www.quebec-elan.org\\\/wp-content\\\/uploads\\\/2021\\\/05\\\/EDMessage-1.png\",\"datePublished\":\"2021-05-10T15:29:30+00:00\",\"dateModified\":\"2021-05-10T22:30:26+00:00\",\"description\":\"A not-for-profit organization that connects, supports, and creates opportunities for English-speaking artists and cultural workers of all disciplines from every region of Quebec.\",\"breadcrumb\":{\"@id\":\"https:\\\/\\\/www.quebec-elan.org\\\/fr\\\/le-mot-du-directeur-mai-2021\\\/#breadcrumb\"},\"inLanguage\":\"fr-FR\",\"potentialAction\":[{\"@type\":\"ReadAction\",\"target\":[\"https:\\\/\\\/www.quebec-elan.org\\\/fr\\\/le-mot-du-directeur-mai-2021\\\/\"]}]},{\"@type\":\"ImageObject\",\"inLanguage\":\"fr-FR\",\"@id\":\"https:\\\/\\\/www.quebec-elan.org\\\/fr\\\/le-mot-du-directeur-mai-2021\\\/#primaryimage\",\"url\":\"https:\\\/\\\/www.quebec-elan.org\\\/wp-content\\\/uploads\\\/2021\\\/05\\\/EDMessage-1.png\",\"contentUrl\":\"https:\\\/\\\/www.quebec-elan.org\\\/wp-content\\\/uploads\\\/2021\\\/05\\\/EDMessage-1.png\",\"width\":800,\"height\":300},{\"@type\":\"BreadcrumbList\",\"@id\":\"https:\\\/\\\/www.quebec-elan.org\\\/fr\\\/le-mot-du-directeur-mai-2021\\\/#breadcrumb\",\"itemListElement\":[{\"@type\":\"ListItem\",\"position\":1,\"name\":\"Home\",\"item\":\"https:\\\/\\\/www.quebec-elan.org\\\/fr\\\/\"},{\"@type\":\"ListItem\",\"position\":2,\"name\":\"Le mot du directeur &#8211; mai 2021\"}]},{\"@type\":\"WebSite\",\"@id\":\"https:\\\/\\\/www.quebec-elan.org\\\/en\\\/#website\",\"url\":\"https:\\\/\\\/www.quebec-elan.org\\\/en\\\/\",\"name\":\"ELAN\",\"description\":\"English Language Arts Network\",\"publisher\":{\"@id\":\"https:\\\/\\\/www.quebec-elan.org\\\/en\\\/#organization\"},\"potentialAction\":[{\"@type\":\"SearchAction\",\"target\":{\"@type\":\"EntryPoint\",\"urlTemplate\":\"https:\\\/\\\/www.quebec-elan.org\\\/en\\\/?s={search_term_string}\"},\"query-input\":{\"@type\":\"PropertyValueSpecification\",\"valueRequired\":true,\"valueName\":\"search_term_string\"}}],\"inLanguage\":\"fr-FR\"},{\"@type\":\"Organization\",\"@id\":\"https:\\\/\\\/www.quebec-elan.org\\\/en\\\/#organization\",\"name\":\"ELAN - English Language Arts Network\",\"url\":\"https:\\\/\\\/www.quebec-elan.org\\\/en\\\/\",\"logo\":{\"@type\":\"ImageObject\",\"inLanguage\":\"fr-FR\",\"@id\":\"https:\\\/\\\/www.quebec-elan.org\\\/en\\\/#\\\/schema\\\/logo\\\/image\\\/\",\"url\":\"https:\\\/\\\/www.quebec-elan.org\\\/wp-content\\\/uploads\\\/2022\\\/05\\\/elan-logo-360.jpg\",\"contentUrl\":\"https:\\\/\\\/www.quebec-elan.org\\\/wp-content\\\/uploads\\\/2022\\\/05\\\/elan-logo-360.jpg\",\"width\":360,\"height\":70,\"caption\":\"ELAN - English Language Arts Network\"},\"image\":{\"@id\":\"https:\\\/\\\/www.quebec-elan.org\\\/en\\\/#\\\/schema\\\/logo\\\/image\\\/\"}},{\"@type\":\"Person\",\"@id\":\"https:\\\/\\\/www.quebec-elan.org\\\/en\\\/#\\\/schema\\\/person\\\/4aaafbe7c737c481f7cc144f5237888f\",\"name\":\"Andre Elan Quebec\",\"image\":{\"@type\":\"ImageObject\",\"inLanguage\":\"fr-FR\",\"@id\":\"https:\\\/\\\/secure.gravatar.com\\\/avatar\\\/7ea082d3d909c4cb837bac18df8ab3523b4a3b6bc196bc83d5ca7f186807bf4e?s=96&d=mm&r=g\",\"url\":\"https:\\\/\\\/secure.gravatar.com\\\/avatar\\\/7ea082d3d909c4cb837bac18df8ab3523b4a3b6bc196bc83d5ca7f186807bf4e?s=96&d=mm&r=g\",\"contentUrl\":\"https:\\\/\\\/secure.gravatar.com\\\/avatar\\\/7ea082d3d909c4cb837bac18df8ab3523b4a3b6bc196bc83d5ca7f186807bf4e?s=96&d=mm&r=g\",\"caption\":\"Andre Elan Quebec\"},\"description\":\"The English-Language Arts Network (ELAN) is a not-for-profit organization that connects, supports, and creates opportunities for Quebec\u2019s English-speaking artists and arts communities. ELAN members are individuals and organizations from a wide array of artistic disciplines, cultural and geographic backgrounds, and linguistic and cultural communities. Together this network reflects an evolving Qu\u00e9bec identity and celebrates the province\u2019s cultural, artistic, and social diversity.\",\"url\":\"https:\\\/\\\/www.quebec-elan.org\\\/fr\\\/author\\\/elan-quebec\\\/\"}]}<\/script>\n<!-- \/ Yoast SEO plugin. -->","yoast_head_json":{"title":"Le mot du directeur - mai 2021 - ELAN","description":"A not-for-profit organization that connects, supports, and creates opportunities for English-speaking artists and cultural workers of all disciplines from every region of Quebec.","robots":{"index":"index","follow":"follow","max-snippet":"max-snippet:-1","max-image-preview":"max-image-preview:large","max-video-preview":"max-video-preview:-1"},"canonical":"https:\/\/www.quebec-elan.org\/fr\/le-mot-du-directeur-mai-2021\/","og_locale":"fr_FR","og_type":"article","og_title":"Le mot du directeur - mai 2021 - ELAN","og_description":"A not-for-profit organization that connects, supports, and creates opportunities for English-speaking artists and cultural workers of all disciplines from every region of Quebec.","og_url":"https:\/\/www.quebec-elan.org\/fr\/le-mot-du-directeur-mai-2021\/","og_site_name":"ELAN","article_published_time":"2021-05-10T15:29:30+00:00","article_modified_time":"2021-05-10T22:30:26+00:00","og_image":[{"width":800,"height":300,"url":"https:\/\/www.quebec-elan.org\/wp-content\/uploads\/2021\/05\/EDMessage-1.png","type":"image\/png"}],"author":"Andre Elan Quebec","twitter_card":"summary_large_image","twitter_misc":{"\u00c9crit par":"Andre Elan Quebec","Dur\u00e9e de lecture estim\u00e9e":"2 minutes"},"schema":{"@context":"https:\/\/schema.org","@graph":[{"@type":"Article","@id":"https:\/\/www.quebec-elan.org\/fr\/le-mot-du-directeur-mai-2021\/#article","isPartOf":{"@id":"https:\/\/www.quebec-elan.org\/fr\/le-mot-du-directeur-mai-2021\/"},"author":{"name":"Andre Elan Quebec","@id":"https:\/\/www.quebec-elan.org\/en\/#\/schema\/person\/4aaafbe7c737c481f7cc144f5237888f"},"headline":"Le mot du directeur &#8211; mai 2021","datePublished":"2021-05-10T15:29:30+00:00","dateModified":"2021-05-10T22:30:26+00:00","mainEntityOfPage":{"@id":"https:\/\/www.quebec-elan.org\/fr\/le-mot-du-directeur-mai-2021\/"},"wordCount":381,"publisher":{"@id":"https:\/\/www.quebec-elan.org\/en\/#organization"},"image":{"@id":"https:\/\/www.quebec-elan.org\/fr\/le-mot-du-directeur-mai-2021\/#primaryimage"},"thumbnailUrl":"https:\/\/www.quebec-elan.org\/wp-content\/uploads\/2021\/05\/EDMessage-1.png","articleSection":["Le mot du directeur","Non classifi\u00e9(e)","Nouvelles"],"inLanguage":"fr-FR"},{"@type":"WebPage","@id":"https:\/\/www.quebec-elan.org\/fr\/le-mot-du-directeur-mai-2021\/","url":"https:\/\/www.quebec-elan.org\/fr\/le-mot-du-directeur-mai-2021\/","name":"Le mot du directeur - mai 2021 - ELAN","isPartOf":{"@id":"https:\/\/www.quebec-elan.org\/en\/#website"},"primaryImageOfPage":{"@id":"https:\/\/www.quebec-elan.org\/fr\/le-mot-du-directeur-mai-2021\/#primaryimage"},"image":{"@id":"https:\/\/www.quebec-elan.org\/fr\/le-mot-du-directeur-mai-2021\/#primaryimage"},"thumbnailUrl":"https:\/\/www.quebec-elan.org\/wp-content\/uploads\/2021\/05\/EDMessage-1.png","datePublished":"2021-05-10T15:29:30+00:00","dateModified":"2021-05-10T22:30:26+00:00","description":"A not-for-profit organization that connects, supports, and creates opportunities for English-speaking artists and cultural workers of all disciplines from every region of Quebec.","breadcrumb":{"@id":"https:\/\/www.quebec-elan.org\/fr\/le-mot-du-directeur-mai-2021\/#breadcrumb"},"inLanguage":"fr-FR","potentialAction":[{"@type":"ReadAction","target":["https:\/\/www.quebec-elan.org\/fr\/le-mot-du-directeur-mai-2021\/"]}]},{"@type":"ImageObject","inLanguage":"fr-FR","@id":"https:\/\/www.quebec-elan.org\/fr\/le-mot-du-directeur-mai-2021\/#primaryimage","url":"https:\/\/www.quebec-elan.org\/wp-content\/uploads\/2021\/05\/EDMessage-1.png","contentUrl":"https:\/\/www.quebec-elan.org\/wp-content\/uploads\/2021\/05\/EDMessage-1.png","width":800,"height":300},{"@type":"BreadcrumbList","@id":"https:\/\/www.quebec-elan.org\/fr\/le-mot-du-directeur-mai-2021\/#breadcrumb","itemListElement":[{"@type":"ListItem","position":1,"name":"Home","item":"https:\/\/www.quebec-elan.org\/fr\/"},{"@type":"ListItem","position":2,"name":"Le mot du directeur &#8211; mai 2021"}]},{"@type":"WebSite","@id":"https:\/\/www.quebec-elan.org\/en\/#website","url":"https:\/\/www.quebec-elan.org\/en\/","name":"ELAN","description":"English Language Arts Network","publisher":{"@id":"https:\/\/www.quebec-elan.org\/en\/#organization"},"potentialAction":[{"@type":"SearchAction","target":{"@type":"EntryPoint","urlTemplate":"https:\/\/www.quebec-elan.org\/en\/?s={search_term_string}"},"query-input":{"@type":"PropertyValueSpecification","valueRequired":true,"valueName":"search_term_string"}}],"inLanguage":"fr-FR"},{"@type":"Organization","@id":"https:\/\/www.quebec-elan.org\/en\/#organization","name":"ELAN - English Language Arts Network","url":"https:\/\/www.quebec-elan.org\/en\/","logo":{"@type":"ImageObject","inLanguage":"fr-FR","@id":"https:\/\/www.quebec-elan.org\/en\/#\/schema\/logo\/image\/","url":"https:\/\/www.quebec-elan.org\/wp-content\/uploads\/2022\/05\/elan-logo-360.jpg","contentUrl":"https:\/\/www.quebec-elan.org\/wp-content\/uploads\/2022\/05\/elan-logo-360.jpg","width":360,"height":70,"caption":"ELAN - English Language Arts Network"},"image":{"@id":"https:\/\/www.quebec-elan.org\/en\/#\/schema\/logo\/image\/"}},{"@type":"Person","@id":"https:\/\/www.quebec-elan.org\/en\/#\/schema\/person\/4aaafbe7c737c481f7cc144f5237888f","name":"Andre Elan Quebec","image":{"@type":"ImageObject","inLanguage":"fr-FR","@id":"https:\/\/secure.gravatar.com\/avatar\/7ea082d3d909c4cb837bac18df8ab3523b4a3b6bc196bc83d5ca7f186807bf4e?s=96&d=mm&r=g","url":"https:\/\/secure.gravatar.com\/avatar\/7ea082d3d909c4cb837bac18df8ab3523b4a3b6bc196bc83d5ca7f186807bf4e?s=96&d=mm&r=g","contentUrl":"https:\/\/secure.gravatar.com\/avatar\/7ea082d3d909c4cb837bac18df8ab3523b4a3b6bc196bc83d5ca7f186807bf4e?s=96&d=mm&r=g","caption":"Andre Elan Quebec"},"description":"The English-Language Arts Network (ELAN) is a not-for-profit organization that connects, supports, and creates opportunities for Quebec\u2019s English-speaking artists and arts communities. ELAN members are individuals and organizations from a wide array of artistic disciplines, cultural and geographic backgrounds, and linguistic and cultural communities. Together this network reflects an evolving Qu\u00e9bec identity and celebrates the province\u2019s cultural, artistic, and social diversity.","url":"https:\/\/www.quebec-elan.org\/fr\/author\/elan-quebec\/"}]}},"_links":{"self":[{"href":"https:\/\/www.quebec-elan.org\/fr\/wp-json\/wp\/v2\/posts\/39047","targetHints":{"allow":["GET"]}}],"collection":[{"href":"https:\/\/www.quebec-elan.org\/fr\/wp-json\/wp\/v2\/posts"}],"about":[{"href":"https:\/\/www.quebec-elan.org\/fr\/wp-json\/wp\/v2\/types\/post"}],"author":[{"embeddable":true,"href":"https:\/\/www.quebec-elan.org\/fr\/wp-json\/wp\/v2\/users\/234"}],"replies":[{"embeddable":true,"href":"https:\/\/www.quebec-elan.org\/fr\/wp-json\/wp\/v2\/comments?post=39047"}],"version-history":[{"count":4,"href":"https:\/\/www.quebec-elan.org\/fr\/wp-json\/wp\/v2\/posts\/39047\/revisions"}],"predecessor-version":[{"id":39118,"href":"https:\/\/www.quebec-elan.org\/fr\/wp-json\/wp\/v2\/posts\/39047\/revisions\/39118"}],"wp:featuredmedia":[{"embeddable":true,"href":"https:\/\/www.quebec-elan.org\/fr\/wp-json\/wp\/v2\/media\/39046"}],"wp:attachment":[{"href":"https:\/\/www.quebec-elan.org\/fr\/wp-json\/wp\/v2\/media?parent=39047"}],"wp:term":[{"taxonomy":"category","embeddable":true,"href":"https:\/\/www.quebec-elan.org\/fr\/wp-json\/wp\/v2\/categories?post=39047"},{"taxonomy":"post_tag","embeddable":true,"href":"https:\/\/www.quebec-elan.org\/fr\/wp-json\/wp\/v2\/tags?post=39047"}],"curies":[{"name":"wp","href":"https:\/\/api.w.org\/{rel}","templated":true}]}}