{"id":39293,"date":"2021-06-02T20:03:16","date_gmt":"2021-06-02T20:03:16","guid":{"rendered":"https:\/\/www.quebec-elan.org\/?p=39293"},"modified":"2021-06-02T20:06:38","modified_gmt":"2021-06-02T20:06:38","slug":"artscast-juin-2021","status":"publish","type":"post","link":"https:\/\/www.quebec-elan.org\/fr\/artscast-juin-2021\/","title":{"rendered":"ARTSCAST, juin 2021"},"content":{"rendered":"\n<style type=\"text\/css\" data-created_by=\"avia_inline_auto\" id=\"style-css-av-av_one_fifth-53b0b300fb3685750664fb085c5ad19d\">\n.flex_column.av-av_one_fifth-53b0b300fb3685750664fb085c5ad19d{\nborder-radius:0px 0px 0px 0px;\npadding:0px 0px 0px 0px;\n}\n<\/style>\n<div  class='flex_column av-av_one_fifth-53b0b300fb3685750664fb085c5ad19d av_one_fifth  avia-builder-el-0  el_before_av_three_fifth  avia-builder-el-first  first flex_column_div av-zero-column-padding  '     ><\/div>\n\n<style type=\"text\/css\" data-created_by=\"avia_inline_auto\" id=\"style-css-av-av_three_fifth-7984035d50f0055e2d8c0f71fa3ebd04\">\n.flex_column.av-av_three_fifth-7984035d50f0055e2d8c0f71fa3ebd04{\nborder-radius:0px 0px 0px 0px;\npadding:0px 0px 0px 0px;\n}\n<\/style>\n<div  class='flex_column av-av_three_fifth-7984035d50f0055e2d8c0f71fa3ebd04 av_three_fifth  avia-builder-el-1  el_after_av_one_fifth  el_before_av_one_fifth  flex_column_div av-zero-column-padding  '     ><style type=\"text\/css\" data-created_by=\"avia_inline_auto\" id=\"style-css-av-kpfwc6wu-b44872b98a1143f5a01c7b7b4efc1f57\">\n.avia-image-container.av-kpfwc6wu-b44872b98a1143f5a01c7b7b4efc1f57 img.avia_image{\nbox-shadow:none;\n}\n.avia-image-container.av-kpfwc6wu-b44872b98a1143f5a01c7b7b4efc1f57 .av-image-caption-overlay-center{\ncolor:#ffffff;\n}\n<\/style>\n<div  class='avia-image-container av-kpfwc6wu-b44872b98a1143f5a01c7b7b4efc1f57 av-styling- avia-align-center  avia-builder-el-2  avia-builder-el-no-sibling '   itemprop=\"image\" itemscope=\"itemscope\" itemtype=\"https:\/\/schema.org\/ImageObject\" ><div class=\"avia-image-container-inner\"><div class=\"avia-image-overlay-wrap\"><img fetchpriority=\"high\" decoding=\"async\" fetchpriority=\"high\" fetchpriority=\"high\" class='wp-image-39290 avia-img-lazy-loading-not-39290 avia_image ' src=\"https:\/\/www.quebec-elan.org\/wp-content\/uploads\/2021\/06\/hosted-ARTS-CULTURE-LIVE-BROADCAST-EVENTS-AT-8-773x1030.png\" alt='' title='hosted ARTS + CULTURE LIVE BROADCAST EVENTS AT (8)'  height=\"1030\" width=\"773\"  itemprop=\"thumbnailUrl\" srcset=\"https:\/\/www.quebec-elan.org\/wp-content\/uploads\/2021\/06\/hosted-ARTS-CULTURE-LIVE-BROADCAST-EVENTS-AT-8-773x1030.png 773w, https:\/\/www.quebec-elan.org\/wp-content\/uploads\/2021\/06\/hosted-ARTS-CULTURE-LIVE-BROADCAST-EVENTS-AT-8-600x800.png 600w, https:\/\/www.quebec-elan.org\/wp-content\/uploads\/2021\/06\/hosted-ARTS-CULTURE-LIVE-BROADCAST-EVENTS-AT-8-225x300.png 225w, https:\/\/www.quebec-elan.org\/wp-content\/uploads\/2021\/06\/hosted-ARTS-CULTURE-LIVE-BROADCAST-EVENTS-AT-8-768x1024.png 768w, https:\/\/www.quebec-elan.org\/wp-content\/uploads\/2021\/06\/hosted-ARTS-CULTURE-LIVE-BROADCAST-EVENTS-AT-8-1152x1536.png 1152w, https:\/\/www.quebec-elan.org\/wp-content\/uploads\/2021\/06\/hosted-ARTS-CULTURE-LIVE-BROADCAST-EVENTS-AT-8-1536x2048.png 1536w, https:\/\/www.quebec-elan.org\/wp-content\/uploads\/2021\/06\/hosted-ARTS-CULTURE-LIVE-BROADCAST-EVENTS-AT-8-1125x1500.png 1125w, https:\/\/www.quebec-elan.org\/wp-content\/uploads\/2021\/06\/hosted-ARTS-CULTURE-LIVE-BROADCAST-EVENTS-AT-8-529x705.png 529w, https:\/\/www.quebec-elan.org\/wp-content\/uploads\/2021\/06\/hosted-ARTS-CULTURE-LIVE-BROADCAST-EVENTS-AT-8.png 1088w\" sizes=\"(max-width: 773px) 100vw, 773px\" \/><\/div><\/div><\/div><\/div>\n<style type=\"text\/css\" data-created_by=\"avia_inline_auto\" id=\"style-css-av-av_one_fifth-7984035d50f0055e2d8c0f71fa3ebd04\">\n.flex_column.av-av_one_fifth-7984035d50f0055e2d8c0f71fa3ebd04{\nborder-radius:0px 0px 0px 0px;\npadding:0px 0px 0px 0px;\n}\n<\/style>\n<div  class='flex_column av-av_one_fifth-7984035d50f0055e2d8c0f71fa3ebd04 av_one_fifth  avia-builder-el-3  el_after_av_three_fifth  el_before_av_textblock  flex_column_div av-zero-column-padding  '     ><\/div><\/p>\n<section  class='av_textblock_section av-av_textblock-01da66c8a430ece279119bac7dc1a336 '   itemscope=\"itemscope\" itemtype=\"https:\/\/schema.org\/BlogPosting\" itemprop=\"blogPost\" ><div class='avia_textblock'  itemprop=\"text\" ><p>L\u2019\u00e9quipe d\u2019ARTSCAST travaille pr\u00e9sentement \u00e0 capter des spectacles au <span style=\"color: #0054a6;\"><strong><a style=\"color: #0054a6;\" href=\"https:\/\/ccov.org\/en\/\">Centre de Cr\u00e9ation O Vertigo<\/a><\/strong><\/span> dans le cadre de r\u00e9sidences artistiques ax\u00e9s sur la danse et le th\u00e9\u00e2tre. Les diffusions \u00e0 venir comprennent la s\u00e9rie documentaire <em>Making of Dance<\/em> mettant en vedette les artistes en r\u00e9sidence de danse contemporaine Nien Tzu Weng et Victoria Mackenzie. En juin, ARTSCAST enregistrera la s\u00e9rie documentaire <em>A Casual Reconstruction: Making of Theatre<\/em> avec Johanna Nutter et Nadia Myre. Gr\u00e2ce \u00e0 ces captations, nous continuerons d\u2019alimenter notre s\u00e9rie de diffusions en direct r\u00e9alis\u00e9es dans le cadre d\u2019un projet d\u2019acc\u00e8s \u00e0 la communaut\u00e9.<\/p>\n<p>Les artistes qui veulent joindre ARTSCAST \u00e0 titre de producteurs peuvent t\u00e9l\u00e9charger leurs \u00e9v\u00e9nements virtuels sur la plateforme de diffusions en direct ARTSCAST.ca !<\/p>\n<p>T\u00e9l\u00e9chargez vos \u00e9v\u00e9nements sur la plateforme et recevez des paiements directs gr\u00e2ce \u00e0 notre nouvelle fonctionnalit\u00e9 de don \u00ab Tip Jar \u00bb. Pour plus d\u2019informations sur ce processus, cliquez <span style=\"color: #0054a6;\"><strong><a style=\"color: #0054a6;\" href=\"https:\/\/artscast.ca\/en\/contact_us\/\">ici<\/a><\/strong><\/span> ou contactez-nous \u00e0 <span style=\"color: #0054a6;\"><strong><a style=\"color: #0054a6;\" href=\"mailto:info@artscast.ca\">info@artscast.ca<\/a><\/strong><\/span> !<\/p>\n<p>Si ce n\u2019est pas d\u00e9j\u00e0 fait, visionnez notre <span style=\"color: #0054a6;\"><strong><a style=\"color: #0054a6;\" href=\"https:\/\/www.youtube.com\/watch?v=RBivHThgCNc&amp;ab_channel=ELANquebec\">Webinaire gratuit<\/a><\/strong><\/span> pour apprendre \u00e0 cr\u00e9er vos propres captations en direct et \u00eatre r\u00e9mun\u00e9r\u00e9s pour des \u00e9v\u00e9nements virtuels !<\/p>\n<p>Vous pouvez \u00e9galement consulter nos pages <span style=\"color: #0054a6;\"><strong><a style=\"color: #0054a6;\" href=\"https:\/\/www.instagram.com\/artscast.ca\/\">Instagram<\/a><\/strong><\/span> @artscast.ca et <span style=\"color: #0054a6;\"><strong><a style=\"color: #0054a6;\" href=\"https:\/\/www.facebook.com\/ARTSCASTLiveBroadcastSeries\">Facebook<\/a> <\/strong><\/span>pour consulter les mises \u00e0 jour concernant les \u00e9v\u00e9nements \u00e0 venir, les dates d\u2019inscription, les images en coulisses, et plus encore!<\/p>\n<\/div><\/section>\n","protected":false},"excerpt":{"rendered":"","protected":false},"author":234,"featured_media":36507,"comment_status":"closed","ping_status":"closed","sticky":false,"template":"","format":"standard","meta":{"footnotes":""},"categories":[415,149],"tags":[416,395,423,392],"class_list":["post-39293","post","type-post","status-publish","format-standard","has-post-thumbnail","hentry","category-arts2u-2","category-nouvelles","tag-arts2u-fr","tag-elan-fr","tag-news-fr","tag-nouvelles"],"yoast_head":"<!-- This site is optimized with the Yoast SEO plugin v27.5 - https:\/\/yoast.com\/product\/yoast-seo-wordpress\/ -->\n<title>ARTSCAST, juin 2021 - ELAN<\/title>\n<meta name=\"description\" content=\"A not-for-profit organization that connects, supports, and creates opportunities for English-speaking artists and cultural workers of all disciplines from every region of Quebec.\" \/>\n<meta name=\"robots\" content=\"index, follow, max-snippet:-1, max-image-preview:large, max-video-preview:-1\" \/>\n<link rel=\"canonical\" href=\"https:\/\/www.quebec-elan.org\/fr\/artscast-juin-2021\/\" \/>\n<meta property=\"og:locale\" content=\"fr_FR\" \/>\n<meta property=\"og:type\" content=\"article\" \/>\n<meta property=\"og:title\" content=\"ARTSCAST, juin 2021 - ELAN\" \/>\n<meta property=\"og:description\" content=\"A not-for-profit organization that connects, supports, and creates opportunities for English-speaking artists and cultural workers of all disciplines from every region of Quebec.\" \/>\n<meta property=\"og:url\" content=\"https:\/\/www.quebec-elan.org\/fr\/artscast-juin-2021\/\" \/>\n<meta property=\"og:site_name\" content=\"ELAN\" \/>\n<meta property=\"article:published_time\" content=\"2021-06-02T20:03:16+00:00\" \/>\n<meta property=\"article:modified_time\" content=\"2021-06-02T20:06:38+00:00\" \/>\n<meta property=\"og:image\" content=\"https:\/\/www.quebec-elan.org\/wp-content\/uploads\/2021\/03\/arts2u.jpeg\" \/>\n\t<meta property=\"og:image:width\" content=\"800\" \/>\n\t<meta property=\"og:image:height\" content=\"310\" \/>\n\t<meta property=\"og:image:type\" content=\"image\/jpeg\" \/>\n<meta name=\"author\" content=\"Andre Elan Quebec\" \/>\n<meta name=\"twitter:card\" content=\"summary_large_image\" \/>\n<meta name=\"twitter:label1\" content=\"\u00c9crit par\" \/>\n\t<meta name=\"twitter:data1\" content=\"Andre Elan Quebec\" \/>\n\t<meta name=\"twitter:label2\" content=\"Dur\u00e9e de lecture estim\u00e9e\" \/>\n\t<meta name=\"twitter:data2\" content=\"1 minute\" \/>\n<script type=\"application\/ld+json\" class=\"yoast-schema-graph\">{\"@context\":\"https:\\\/\\\/schema.org\",\"@graph\":[{\"@type\":\"Article\",\"@id\":\"https:\\\/\\\/www.quebec-elan.org\\\/fr\\\/artscast-juin-2021\\\/#article\",\"isPartOf\":{\"@id\":\"https:\\\/\\\/www.quebec-elan.org\\\/fr\\\/artscast-juin-2021\\\/\"},\"author\":{\"name\":\"Andre Elan Quebec\",\"@id\":\"https:\\\/\\\/www.quebec-elan.org\\\/en\\\/#\\\/schema\\\/person\\\/4aaafbe7c737c481f7cc144f5237888f\"},\"headline\":\"ARTSCAST, juin 2021\",\"datePublished\":\"2021-06-02T20:03:16+00:00\",\"dateModified\":\"2021-06-02T20:06:38+00:00\",\"mainEntityOfPage\":{\"@id\":\"https:\\\/\\\/www.quebec-elan.org\\\/fr\\\/artscast-juin-2021\\\/\"},\"wordCount\":597,\"publisher\":{\"@id\":\"https:\\\/\\\/www.quebec-elan.org\\\/en\\\/#organization\"},\"image\":{\"@id\":\"https:\\\/\\\/www.quebec-elan.org\\\/fr\\\/artscast-juin-2021\\\/#primaryimage\"},\"thumbnailUrl\":\"https:\\\/\\\/www.quebec-elan.org\\\/wp-content\\\/uploads\\\/2021\\\/03\\\/arts2u.jpeg\",\"keywords\":[\"ARTS2U\",\"ELAN\",\"News\",\"nouvelles\"],\"articleSection\":[\"ARTS2U\",\"Nouvelles\"],\"inLanguage\":\"fr-FR\"},{\"@type\":\"WebPage\",\"@id\":\"https:\\\/\\\/www.quebec-elan.org\\\/fr\\\/artscast-juin-2021\\\/\",\"url\":\"https:\\\/\\\/www.quebec-elan.org\\\/fr\\\/artscast-juin-2021\\\/\",\"name\":\"ARTSCAST, juin 2021 - ELAN\",\"isPartOf\":{\"@id\":\"https:\\\/\\\/www.quebec-elan.org\\\/en\\\/#website\"},\"primaryImageOfPage\":{\"@id\":\"https:\\\/\\\/www.quebec-elan.org\\\/fr\\\/artscast-juin-2021\\\/#primaryimage\"},\"image\":{\"@id\":\"https:\\\/\\\/www.quebec-elan.org\\\/fr\\\/artscast-juin-2021\\\/#primaryimage\"},\"thumbnailUrl\":\"https:\\\/\\\/www.quebec-elan.org\\\/wp-content\\\/uploads\\\/2021\\\/03\\\/arts2u.jpeg\",\"datePublished\":\"2021-06-02T20:03:16+00:00\",\"dateModified\":\"2021-06-02T20:06:38+00:00\",\"description\":\"A not-for-profit organization that connects, supports, and creates opportunities for English-speaking artists and cultural workers of all disciplines from every region of Quebec.\",\"breadcrumb\":{\"@id\":\"https:\\\/\\\/www.quebec-elan.org\\\/fr\\\/artscast-juin-2021\\\/#breadcrumb\"},\"inLanguage\":\"fr-FR\",\"potentialAction\":[{\"@type\":\"ReadAction\",\"target\":[\"https:\\\/\\\/www.quebec-elan.org\\\/fr\\\/artscast-juin-2021\\\/\"]}]},{\"@type\":\"ImageObject\",\"inLanguage\":\"fr-FR\",\"@id\":\"https:\\\/\\\/www.quebec-elan.org\\\/fr\\\/artscast-juin-2021\\\/#primaryimage\",\"url\":\"https:\\\/\\\/www.quebec-elan.org\\\/wp-content\\\/uploads\\\/2021\\\/03\\\/arts2u.jpeg\",\"contentUrl\":\"https:\\\/\\\/www.quebec-elan.org\\\/wp-content\\\/uploads\\\/2021\\\/03\\\/arts2u.jpeg\",\"width\":800,\"height\":310},{\"@type\":\"BreadcrumbList\",\"@id\":\"https:\\\/\\\/www.quebec-elan.org\\\/fr\\\/artscast-juin-2021\\\/#breadcrumb\",\"itemListElement\":[{\"@type\":\"ListItem\",\"position\":1,\"name\":\"Home\",\"item\":\"https:\\\/\\\/www.quebec-elan.org\\\/fr\\\/\"},{\"@type\":\"ListItem\",\"position\":2,\"name\":\"ARTSCAST, juin 2021\"}]},{\"@type\":\"WebSite\",\"@id\":\"https:\\\/\\\/www.quebec-elan.org\\\/en\\\/#website\",\"url\":\"https:\\\/\\\/www.quebec-elan.org\\\/en\\\/\",\"name\":\"ELAN\",\"description\":\"English Language Arts Network\",\"publisher\":{\"@id\":\"https:\\\/\\\/www.quebec-elan.org\\\/en\\\/#organization\"},\"potentialAction\":[{\"@type\":\"SearchAction\",\"target\":{\"@type\":\"EntryPoint\",\"urlTemplate\":\"https:\\\/\\\/www.quebec-elan.org\\\/en\\\/?s={search_term_string}\"},\"query-input\":{\"@type\":\"PropertyValueSpecification\",\"valueRequired\":true,\"valueName\":\"search_term_string\"}}],\"inLanguage\":\"fr-FR\"},{\"@type\":\"Organization\",\"@id\":\"https:\\\/\\\/www.quebec-elan.org\\\/en\\\/#organization\",\"name\":\"ELAN - English Language Arts Network\",\"url\":\"https:\\\/\\\/www.quebec-elan.org\\\/en\\\/\",\"logo\":{\"@type\":\"ImageObject\",\"inLanguage\":\"fr-FR\",\"@id\":\"https:\\\/\\\/www.quebec-elan.org\\\/en\\\/#\\\/schema\\\/logo\\\/image\\\/\",\"url\":\"https:\\\/\\\/www.quebec-elan.org\\\/wp-content\\\/uploads\\\/2022\\\/05\\\/elan-logo-360.jpg\",\"contentUrl\":\"https:\\\/\\\/www.quebec-elan.org\\\/wp-content\\\/uploads\\\/2022\\\/05\\\/elan-logo-360.jpg\",\"width\":360,\"height\":70,\"caption\":\"ELAN - English Language Arts Network\"},\"image\":{\"@id\":\"https:\\\/\\\/www.quebec-elan.org\\\/en\\\/#\\\/schema\\\/logo\\\/image\\\/\"}},{\"@type\":\"Person\",\"@id\":\"https:\\\/\\\/www.quebec-elan.org\\\/en\\\/#\\\/schema\\\/person\\\/4aaafbe7c737c481f7cc144f5237888f\",\"name\":\"Andre Elan Quebec\",\"image\":{\"@type\":\"ImageObject\",\"inLanguage\":\"fr-FR\",\"@id\":\"https:\\\/\\\/secure.gravatar.com\\\/avatar\\\/7ea082d3d909c4cb837bac18df8ab3523b4a3b6bc196bc83d5ca7f186807bf4e?s=96&d=mm&r=g\",\"url\":\"https:\\\/\\\/secure.gravatar.com\\\/avatar\\\/7ea082d3d909c4cb837bac18df8ab3523b4a3b6bc196bc83d5ca7f186807bf4e?s=96&d=mm&r=g\",\"contentUrl\":\"https:\\\/\\\/secure.gravatar.com\\\/avatar\\\/7ea082d3d909c4cb837bac18df8ab3523b4a3b6bc196bc83d5ca7f186807bf4e?s=96&d=mm&r=g\",\"caption\":\"Andre Elan Quebec\"},\"description\":\"The English-Language Arts Network (ELAN) is a not-for-profit organization that connects, supports, and creates opportunities for Quebec\u2019s English-speaking artists and arts communities. ELAN members are individuals and organizations from a wide array of artistic disciplines, cultural and geographic backgrounds, and linguistic and cultural communities. Together this network reflects an evolving Qu\u00e9bec identity and celebrates the province\u2019s cultural, artistic, and social diversity.\",\"url\":\"https:\\\/\\\/www.quebec-elan.org\\\/fr\\\/author\\\/elan-quebec\\\/\"}]}<\/script>\n<!-- \/ Yoast SEO plugin. -->","yoast_head_json":{"title":"ARTSCAST, juin 2021 - ELAN","description":"A not-for-profit organization that connects, supports, and creates opportunities for English-speaking artists and cultural workers of all disciplines from every region of Quebec.","robots":{"index":"index","follow":"follow","max-snippet":"max-snippet:-1","max-image-preview":"max-image-preview:large","max-video-preview":"max-video-preview:-1"},"canonical":"https:\/\/www.quebec-elan.org\/fr\/artscast-juin-2021\/","og_locale":"fr_FR","og_type":"article","og_title":"ARTSCAST, juin 2021 - ELAN","og_description":"A not-for-profit organization that connects, supports, and creates opportunities for English-speaking artists and cultural workers of all disciplines from every region of Quebec.","og_url":"https:\/\/www.quebec-elan.org\/fr\/artscast-juin-2021\/","og_site_name":"ELAN","article_published_time":"2021-06-02T20:03:16+00:00","article_modified_time":"2021-06-02T20:06:38+00:00","og_image":[{"width":800,"height":310,"url":"https:\/\/www.quebec-elan.org\/wp-content\/uploads\/2021\/03\/arts2u.jpeg","type":"image\/jpeg"}],"author":"Andre Elan Quebec","twitter_card":"summary_large_image","twitter_misc":{"\u00c9crit par":"Andre Elan Quebec","Dur\u00e9e de lecture estim\u00e9e":"1 minute"},"schema":{"@context":"https:\/\/schema.org","@graph":[{"@type":"Article","@id":"https:\/\/www.quebec-elan.org\/fr\/artscast-juin-2021\/#article","isPartOf":{"@id":"https:\/\/www.quebec-elan.org\/fr\/artscast-juin-2021\/"},"author":{"name":"Andre Elan Quebec","@id":"https:\/\/www.quebec-elan.org\/en\/#\/schema\/person\/4aaafbe7c737c481f7cc144f5237888f"},"headline":"ARTSCAST, juin 2021","datePublished":"2021-06-02T20:03:16+00:00","dateModified":"2021-06-02T20:06:38+00:00","mainEntityOfPage":{"@id":"https:\/\/www.quebec-elan.org\/fr\/artscast-juin-2021\/"},"wordCount":597,"publisher":{"@id":"https:\/\/www.quebec-elan.org\/en\/#organization"},"image":{"@id":"https:\/\/www.quebec-elan.org\/fr\/artscast-juin-2021\/#primaryimage"},"thumbnailUrl":"https:\/\/www.quebec-elan.org\/wp-content\/uploads\/2021\/03\/arts2u.jpeg","keywords":["ARTS2U","ELAN","News","nouvelles"],"articleSection":["ARTS2U","Nouvelles"],"inLanguage":"fr-FR"},{"@type":"WebPage","@id":"https:\/\/www.quebec-elan.org\/fr\/artscast-juin-2021\/","url":"https:\/\/www.quebec-elan.org\/fr\/artscast-juin-2021\/","name":"ARTSCAST, juin 2021 - ELAN","isPartOf":{"@id":"https:\/\/www.quebec-elan.org\/en\/#website"},"primaryImageOfPage":{"@id":"https:\/\/www.quebec-elan.org\/fr\/artscast-juin-2021\/#primaryimage"},"image":{"@id":"https:\/\/www.quebec-elan.org\/fr\/artscast-juin-2021\/#primaryimage"},"thumbnailUrl":"https:\/\/www.quebec-elan.org\/wp-content\/uploads\/2021\/03\/arts2u.jpeg","datePublished":"2021-06-02T20:03:16+00:00","dateModified":"2021-06-02T20:06:38+00:00","description":"A not-for-profit organization that connects, supports, and creates opportunities for English-speaking artists and cultural workers of all disciplines from every region of Quebec.","breadcrumb":{"@id":"https:\/\/www.quebec-elan.org\/fr\/artscast-juin-2021\/#breadcrumb"},"inLanguage":"fr-FR","potentialAction":[{"@type":"ReadAction","target":["https:\/\/www.quebec-elan.org\/fr\/artscast-juin-2021\/"]}]},{"@type":"ImageObject","inLanguage":"fr-FR","@id":"https:\/\/www.quebec-elan.org\/fr\/artscast-juin-2021\/#primaryimage","url":"https:\/\/www.quebec-elan.org\/wp-content\/uploads\/2021\/03\/arts2u.jpeg","contentUrl":"https:\/\/www.quebec-elan.org\/wp-content\/uploads\/2021\/03\/arts2u.jpeg","width":800,"height":310},{"@type":"BreadcrumbList","@id":"https:\/\/www.quebec-elan.org\/fr\/artscast-juin-2021\/#breadcrumb","itemListElement":[{"@type":"ListItem","position":1,"name":"Home","item":"https:\/\/www.quebec-elan.org\/fr\/"},{"@type":"ListItem","position":2,"name":"ARTSCAST, juin 2021"}]},{"@type":"WebSite","@id":"https:\/\/www.quebec-elan.org\/en\/#website","url":"https:\/\/www.quebec-elan.org\/en\/","name":"ELAN","description":"English Language Arts Network","publisher":{"@id":"https:\/\/www.quebec-elan.org\/en\/#organization"},"potentialAction":[{"@type":"SearchAction","target":{"@type":"EntryPoint","urlTemplate":"https:\/\/www.quebec-elan.org\/en\/?s={search_term_string}"},"query-input":{"@type":"PropertyValueSpecification","valueRequired":true,"valueName":"search_term_string"}}],"inLanguage":"fr-FR"},{"@type":"Organization","@id":"https:\/\/www.quebec-elan.org\/en\/#organization","name":"ELAN - English Language Arts Network","url":"https:\/\/www.quebec-elan.org\/en\/","logo":{"@type":"ImageObject","inLanguage":"fr-FR","@id":"https:\/\/www.quebec-elan.org\/en\/#\/schema\/logo\/image\/","url":"https:\/\/www.quebec-elan.org\/wp-content\/uploads\/2022\/05\/elan-logo-360.jpg","contentUrl":"https:\/\/www.quebec-elan.org\/wp-content\/uploads\/2022\/05\/elan-logo-360.jpg","width":360,"height":70,"caption":"ELAN - English Language Arts Network"},"image":{"@id":"https:\/\/www.quebec-elan.org\/en\/#\/schema\/logo\/image\/"}},{"@type":"Person","@id":"https:\/\/www.quebec-elan.org\/en\/#\/schema\/person\/4aaafbe7c737c481f7cc144f5237888f","name":"Andre Elan Quebec","image":{"@type":"ImageObject","inLanguage":"fr-FR","@id":"https:\/\/secure.gravatar.com\/avatar\/7ea082d3d909c4cb837bac18df8ab3523b4a3b6bc196bc83d5ca7f186807bf4e?s=96&d=mm&r=g","url":"https:\/\/secure.gravatar.com\/avatar\/7ea082d3d909c4cb837bac18df8ab3523b4a3b6bc196bc83d5ca7f186807bf4e?s=96&d=mm&r=g","contentUrl":"https:\/\/secure.gravatar.com\/avatar\/7ea082d3d909c4cb837bac18df8ab3523b4a3b6bc196bc83d5ca7f186807bf4e?s=96&d=mm&r=g","caption":"Andre Elan Quebec"},"description":"The English-Language Arts Network (ELAN) is a not-for-profit organization that connects, supports, and creates opportunities for Quebec\u2019s English-speaking artists and arts communities. ELAN members are individuals and organizations from a wide array of artistic disciplines, cultural and geographic backgrounds, and linguistic and cultural communities. Together this network reflects an evolving Qu\u00e9bec identity and celebrates the province\u2019s cultural, artistic, and social diversity.","url":"https:\/\/www.quebec-elan.org\/fr\/author\/elan-quebec\/"}]}},"_links":{"self":[{"href":"https:\/\/www.quebec-elan.org\/fr\/wp-json\/wp\/v2\/posts\/39293","targetHints":{"allow":["GET"]}}],"collection":[{"href":"https:\/\/www.quebec-elan.org\/fr\/wp-json\/wp\/v2\/posts"}],"about":[{"href":"https:\/\/www.quebec-elan.org\/fr\/wp-json\/wp\/v2\/types\/post"}],"author":[{"embeddable":true,"href":"https:\/\/www.quebec-elan.org\/fr\/wp-json\/wp\/v2\/users\/234"}],"replies":[{"embeddable":true,"href":"https:\/\/www.quebec-elan.org\/fr\/wp-json\/wp\/v2\/comments?post=39293"}],"version-history":[{"count":2,"href":"https:\/\/www.quebec-elan.org\/fr\/wp-json\/wp\/v2\/posts\/39293\/revisions"}],"predecessor-version":[{"id":39299,"href":"https:\/\/www.quebec-elan.org\/fr\/wp-json\/wp\/v2\/posts\/39293\/revisions\/39299"}],"wp:featuredmedia":[{"embeddable":true,"href":"https:\/\/www.quebec-elan.org\/fr\/wp-json\/wp\/v2\/media\/36507"}],"wp:attachment":[{"href":"https:\/\/www.quebec-elan.org\/fr\/wp-json\/wp\/v2\/media?parent=39293"}],"wp:term":[{"taxonomy":"category","embeddable":true,"href":"https:\/\/www.quebec-elan.org\/fr\/wp-json\/wp\/v2\/categories?post=39293"},{"taxonomy":"post_tag","embeddable":true,"href":"https:\/\/www.quebec-elan.org\/fr\/wp-json\/wp\/v2\/tags?post=39293"}],"curies":[{"name":"wp","href":"https:\/\/api.w.org\/{rel}","templated":true}]}}