{"id":39311,"date":"2021-06-02T20:38:22","date_gmt":"2021-06-02T20:38:22","guid":{"rendered":"https:\/\/www.quebec-elan.org\/?p=39311"},"modified":"2021-06-02T22:10:42","modified_gmt":"2021-06-02T22:10:42","slug":"webinaire-relations-quebec-atelier-denregistrement-audiovisuel-a-domicile-pour-les-artistes","status":"publish","type":"post","link":"https:\/\/www.quebec-elan.org\/fr\/webinaire-relations-quebec-atelier-denregistrement-audiovisuel-a-domicile-pour-les-artistes\/","title":{"rendered":"Webinaire Relations Qu\u00e9bec : atelier d\u2019enregistrement audiovisuel \u00e0 domicile pour les artistes"},"content":{"rendered":"<p>Joignez-vous \u00e0 nous lors du prochain webinaire <a href=\"https:\/\/www.quebec-elan.org\/quebec-relations\/\"><strong>Relations Qu\u00e9bec<\/strong><\/a>, qui aura lieu le <strong>mercredi 23 juin, de 13h \u00e0 15h (heure de l\u2019est)<\/strong>. Vous y apprendrez \u00e0 r\u00e9aliser des enregistrements audiovisuels de haute qualit\u00e9 depuis votre domicile !<\/p>\n<p>Fort de son exp\u00e9rience \u00e0 titre de r\u00e9alisateur, monteur, photographe et cr\u00e9ateur de contenu, l\u2019animateur de l\u2019atelier <span style=\"color: #0054a6;\"><strong><a style=\"color: #0054a6;\" href=\"https:\/\/www.julianstamboulieh.com\/\">Julian Stamboulieh<\/a><\/strong><\/span> enseignera les notions de base en mati\u00e8re d\u2019\u00e9clairage, de son et de vid\u00e9o. Comment produire une d\u00e9mo, enregistrer une performance \u00e0 partager sur les r\u00e9seaux sociaux ou une bande vid\u00e9o personnelle pour passer des auditions, Julian couvrira dans cet atelier de deux heures tout ce que vous devriez savoir pour d\u00e9buter.<\/p>\n<p>Les places seront limit\u00e9s pour que l\u2019atelier soit aussi interactif que possible, alors r\u00e9servez votre place d\u00e8s aujourd\u2019hui en remplissant notre formulaire d\u2019inscription : <span style=\"color: #0054a6;\"><strong><a style=\"color: #0054a6;\" href=\"https:\/\/forms.gle\/t8YZ3JYQ6nrEMzd18\">https:\/\/forms.gle\/t8YZ3JYQ6nrEMzd18<\/a><\/strong><\/span><\/p>\n<p>Les participants peuvent \u00e9galement utiliser ce formulaire pour <strong>soumettre \u00e0 l\u2019avance une question \u00e9crite <\/strong>\u00e0 laquelle Julian pourra r\u00e9pondre pendant l\u2019atelier. Veuillez noter que nous demandons \u00e0 toutes les personnes inscrites au webinaire de faire de leur mieux pour y assister ou de fournir un pr\u00e9avis d\u2019annulation, car la s\u00e9ance ne sera pas enregistr\u00e9e ni diffus\u00e9e ult\u00e9rieurement sur notre cha\u00eene YouTube. <span style=\"color: #0054a6;\"><strong><a style=\"color: #0054a6;\" href=\"https:\/\/youtube.com\/playlist?list=PL1S8IjzLBWujcGE0Xobc3Gcd35PKd1Utr\">Canal Youtube<\/a>.<\/strong><\/span><\/p>\n<p>L\u2019\u00e9tape suivante consiste \u00e0 identifier les subventions qui peuvent vous aider \u00e0 partager votre travail en ligne. Pour en savoir plus sur le financement et les ressources disponibles, contactez-nous \u00e0 <span style=\"color: #0054a6;\"><strong><a style=\"color: #0054a6;\" href=\"mailto:research@quebec-elan.org\">research@quebec-elan.org<\/a><\/strong><\/span><\/p>\n","protected":false},"excerpt":{"rendered":"<p>Joignez-vous \u00e0 nous lors du prochain webinaire Relations Qu\u00e9bec, qui aura lieu le mercredi 23 juin, de 13h \u00e0 15h (heure de l\u2019est). Vous y apprendrez \u00e0 r\u00e9aliser des enregistrements audiovisuels de haute qualit\u00e9 depuis votre domicile ! Fort de son exp\u00e9rience \u00e0 titre de r\u00e9alisateur, monteur, photographe et cr\u00e9ateur de contenu, l\u2019animateur de l\u2019atelier [&hellip;]<\/p>\n","protected":false},"author":234,"featured_media":39308,"comment_status":"closed","ping_status":"closed","sticky":false,"template":"","format":"standard","meta":{"footnotes":""},"categories":[149,398],"tags":[428,423,392,429,393],"class_list":["post-39311","post","type-post","status-publish","format-standard","has-post-thumbnail","hentry","category-nouvelles","category-relations-quebec","tag-events-fr","tag-news-fr","tag-nouvelles","tag-projet","tag-relations-quebec"],"yoast_head":"<!-- This site is optimized with the Yoast SEO plugin v27.4 - https:\/\/yoast.com\/product\/yoast-seo-wordpress\/ -->\n<title>Webinaire Relations Qu\u00e9bec : atelier d\u2019enregistrement audiovisuel \u00e0 domicile pour les artistes - ELAN<\/title>\n<meta name=\"description\" content=\"A not-for-profit organization that connects, supports, and creates opportunities for English-speaking artists and cultural workers of all disciplines from every region of Quebec.\" \/>\n<meta name=\"robots\" content=\"index, follow, max-snippet:-1, max-image-preview:large, max-video-preview:-1\" \/>\n<link rel=\"canonical\" href=\"https:\/\/www.quebec-elan.org\/fr\/webinaire-relations-quebec-atelier-denregistrement-audiovisuel-a-domicile-pour-les-artistes\/\" \/>\n<meta property=\"og:locale\" content=\"fr_FR\" \/>\n<meta property=\"og:type\" content=\"article\" \/>\n<meta property=\"og:title\" content=\"Webinaire Relations Qu\u00e9bec : atelier d\u2019enregistrement audiovisuel \u00e0 domicile pour les artistes - ELAN\" \/>\n<meta property=\"og:description\" content=\"A not-for-profit organization that connects, supports, and creates opportunities for English-speaking artists and cultural workers of all disciplines from every region of Quebec.\" \/>\n<meta property=\"og:url\" content=\"https:\/\/www.quebec-elan.org\/fr\/webinaire-relations-quebec-atelier-denregistrement-audiovisuel-a-domicile-pour-les-artistes\/\" \/>\n<meta property=\"og:site_name\" content=\"ELAN\" \/>\n<meta property=\"article:published_time\" content=\"2021-06-02T20:38:22+00:00\" \/>\n<meta property=\"article:modified_time\" content=\"2021-06-02T22:10:42+00:00\" \/>\n<meta property=\"og:image\" content=\"https:\/\/www.quebec-elan.org\/wp-content\/uploads\/2021\/06\/QR-Julian-Stamboulieh.png\" \/>\n\t<meta property=\"og:image:width\" content=\"800\" \/>\n\t<meta property=\"og:image:height\" content=\"300\" \/>\n\t<meta property=\"og:image:type\" content=\"image\/png\" \/>\n<meta name=\"author\" content=\"Andre Elan Quebec\" \/>\n<meta name=\"twitter:card\" content=\"summary_large_image\" \/>\n<meta name=\"twitter:label1\" content=\"\u00c9crit par\" \/>\n\t<meta name=\"twitter:data1\" content=\"Andre Elan Quebec\" \/>\n\t<meta name=\"twitter:label2\" content=\"Dur\u00e9e de lecture estim\u00e9e\" \/>\n\t<meta name=\"twitter:data2\" content=\"1 minute\" \/>\n<script type=\"application\/ld+json\" class=\"yoast-schema-graph\">{\"@context\":\"https:\\\/\\\/schema.org\",\"@graph\":[{\"@type\":\"Article\",\"@id\":\"https:\\\/\\\/www.quebec-elan.org\\\/fr\\\/webinaire-relations-quebec-atelier-denregistrement-audiovisuel-a-domicile-pour-les-artistes\\\/#article\",\"isPartOf\":{\"@id\":\"https:\\\/\\\/www.quebec-elan.org\\\/fr\\\/webinaire-relations-quebec-atelier-denregistrement-audiovisuel-a-domicile-pour-les-artistes\\\/\"},\"author\":{\"name\":\"Andre Elan Quebec\",\"@id\":\"https:\\\/\\\/www.quebec-elan.org\\\/en\\\/#\\\/schema\\\/person\\\/4aaafbe7c737c481f7cc144f5237888f\"},\"headline\":\"Webinaire Relations Qu\u00e9bec : atelier d\u2019enregistrement audiovisuel \u00e0 domicile pour les artistes\",\"datePublished\":\"2021-06-02T20:38:22+00:00\",\"dateModified\":\"2021-06-02T22:10:42+00:00\",\"mainEntityOfPage\":{\"@id\":\"https:\\\/\\\/www.quebec-elan.org\\\/fr\\\/webinaire-relations-quebec-atelier-denregistrement-audiovisuel-a-domicile-pour-les-artistes\\\/\"},\"wordCount\":265,\"publisher\":{\"@id\":\"https:\\\/\\\/www.quebec-elan.org\\\/en\\\/#organization\"},\"image\":{\"@id\":\"https:\\\/\\\/www.quebec-elan.org\\\/fr\\\/webinaire-relations-quebec-atelier-denregistrement-audiovisuel-a-domicile-pour-les-artistes\\\/#primaryimage\"},\"thumbnailUrl\":\"https:\\\/\\\/www.quebec-elan.org\\\/wp-content\\\/uploads\\\/2021\\\/06\\\/QR-Julian-Stamboulieh.png\",\"keywords\":[\"Events\",\"News\",\"nouvelles\",\"Projet\",\"Relations Qu\u00e9bec\"],\"articleSection\":[\"Nouvelles\",\"Relations Qu\u00e9bec\"],\"inLanguage\":\"fr-FR\"},{\"@type\":\"WebPage\",\"@id\":\"https:\\\/\\\/www.quebec-elan.org\\\/fr\\\/webinaire-relations-quebec-atelier-denregistrement-audiovisuel-a-domicile-pour-les-artistes\\\/\",\"url\":\"https:\\\/\\\/www.quebec-elan.org\\\/fr\\\/webinaire-relations-quebec-atelier-denregistrement-audiovisuel-a-domicile-pour-les-artistes\\\/\",\"name\":\"Webinaire Relations Qu\u00e9bec : atelier d\u2019enregistrement audiovisuel \u00e0 domicile pour les artistes - ELAN\",\"isPartOf\":{\"@id\":\"https:\\\/\\\/www.quebec-elan.org\\\/en\\\/#website\"},\"primaryImageOfPage\":{\"@id\":\"https:\\\/\\\/www.quebec-elan.org\\\/fr\\\/webinaire-relations-quebec-atelier-denregistrement-audiovisuel-a-domicile-pour-les-artistes\\\/#primaryimage\"},\"image\":{\"@id\":\"https:\\\/\\\/www.quebec-elan.org\\\/fr\\\/webinaire-relations-quebec-atelier-denregistrement-audiovisuel-a-domicile-pour-les-artistes\\\/#primaryimage\"},\"thumbnailUrl\":\"https:\\\/\\\/www.quebec-elan.org\\\/wp-content\\\/uploads\\\/2021\\\/06\\\/QR-Julian-Stamboulieh.png\",\"datePublished\":\"2021-06-02T20:38:22+00:00\",\"dateModified\":\"2021-06-02T22:10:42+00:00\",\"description\":\"A not-for-profit organization that connects, supports, and creates opportunities for English-speaking artists and cultural workers of all disciplines from every region of Quebec.\",\"breadcrumb\":{\"@id\":\"https:\\\/\\\/www.quebec-elan.org\\\/fr\\\/webinaire-relations-quebec-atelier-denregistrement-audiovisuel-a-domicile-pour-les-artistes\\\/#breadcrumb\"},\"inLanguage\":\"fr-FR\",\"potentialAction\":[{\"@type\":\"ReadAction\",\"target\":[\"https:\\\/\\\/www.quebec-elan.org\\\/fr\\\/webinaire-relations-quebec-atelier-denregistrement-audiovisuel-a-domicile-pour-les-artistes\\\/\"]}]},{\"@type\":\"ImageObject\",\"inLanguage\":\"fr-FR\",\"@id\":\"https:\\\/\\\/www.quebec-elan.org\\\/fr\\\/webinaire-relations-quebec-atelier-denregistrement-audiovisuel-a-domicile-pour-les-artistes\\\/#primaryimage\",\"url\":\"https:\\\/\\\/www.quebec-elan.org\\\/wp-content\\\/uploads\\\/2021\\\/06\\\/QR-Julian-Stamboulieh.png\",\"contentUrl\":\"https:\\\/\\\/www.quebec-elan.org\\\/wp-content\\\/uploads\\\/2021\\\/06\\\/QR-Julian-Stamboulieh.png\",\"width\":800,\"height\":300},{\"@type\":\"BreadcrumbList\",\"@id\":\"https:\\\/\\\/www.quebec-elan.org\\\/fr\\\/webinaire-relations-quebec-atelier-denregistrement-audiovisuel-a-domicile-pour-les-artistes\\\/#breadcrumb\",\"itemListElement\":[{\"@type\":\"ListItem\",\"position\":1,\"name\":\"Home\",\"item\":\"https:\\\/\\\/www.quebec-elan.org\\\/fr\\\/\"},{\"@type\":\"ListItem\",\"position\":2,\"name\":\"Webinaire Relations Qu\u00e9bec : atelier d\u2019enregistrement audiovisuel \u00e0 domicile pour les artistes\"}]},{\"@type\":\"WebSite\",\"@id\":\"https:\\\/\\\/www.quebec-elan.org\\\/en\\\/#website\",\"url\":\"https:\\\/\\\/www.quebec-elan.org\\\/en\\\/\",\"name\":\"ELAN\",\"description\":\"English Language Arts Network\",\"publisher\":{\"@id\":\"https:\\\/\\\/www.quebec-elan.org\\\/en\\\/#organization\"},\"potentialAction\":[{\"@type\":\"SearchAction\",\"target\":{\"@type\":\"EntryPoint\",\"urlTemplate\":\"https:\\\/\\\/www.quebec-elan.org\\\/en\\\/?s={search_term_string}\"},\"query-input\":{\"@type\":\"PropertyValueSpecification\",\"valueRequired\":true,\"valueName\":\"search_term_string\"}}],\"inLanguage\":\"fr-FR\"},{\"@type\":\"Organization\",\"@id\":\"https:\\\/\\\/www.quebec-elan.org\\\/en\\\/#organization\",\"name\":\"ELAN - English Language Arts Network\",\"url\":\"https:\\\/\\\/www.quebec-elan.org\\\/en\\\/\",\"logo\":{\"@type\":\"ImageObject\",\"inLanguage\":\"fr-FR\",\"@id\":\"https:\\\/\\\/www.quebec-elan.org\\\/en\\\/#\\\/schema\\\/logo\\\/image\\\/\",\"url\":\"https:\\\/\\\/www.quebec-elan.org\\\/wp-content\\\/uploads\\\/2022\\\/05\\\/elan-logo-360.jpg\",\"contentUrl\":\"https:\\\/\\\/www.quebec-elan.org\\\/wp-content\\\/uploads\\\/2022\\\/05\\\/elan-logo-360.jpg\",\"width\":360,\"height\":70,\"caption\":\"ELAN - English Language Arts Network\"},\"image\":{\"@id\":\"https:\\\/\\\/www.quebec-elan.org\\\/en\\\/#\\\/schema\\\/logo\\\/image\\\/\"}},{\"@type\":\"Person\",\"@id\":\"https:\\\/\\\/www.quebec-elan.org\\\/en\\\/#\\\/schema\\\/person\\\/4aaafbe7c737c481f7cc144f5237888f\",\"name\":\"Andre Elan Quebec\",\"image\":{\"@type\":\"ImageObject\",\"inLanguage\":\"fr-FR\",\"@id\":\"https:\\\/\\\/secure.gravatar.com\\\/avatar\\\/7ea082d3d909c4cb837bac18df8ab3523b4a3b6bc196bc83d5ca7f186807bf4e?s=96&d=mm&r=g\",\"url\":\"https:\\\/\\\/secure.gravatar.com\\\/avatar\\\/7ea082d3d909c4cb837bac18df8ab3523b4a3b6bc196bc83d5ca7f186807bf4e?s=96&d=mm&r=g\",\"contentUrl\":\"https:\\\/\\\/secure.gravatar.com\\\/avatar\\\/7ea082d3d909c4cb837bac18df8ab3523b4a3b6bc196bc83d5ca7f186807bf4e?s=96&d=mm&r=g\",\"caption\":\"Andre Elan Quebec\"},\"description\":\"The English-Language Arts Network (ELAN) is a not-for-profit organization that connects, supports, and creates opportunities for Quebec\u2019s English-speaking artists and arts communities. ELAN members are individuals and organizations from a wide array of artistic disciplines, cultural and geographic backgrounds, and linguistic and cultural communities. Together this network reflects an evolving Qu\u00e9bec identity and celebrates the province\u2019s cultural, artistic, and social diversity.\",\"url\":\"https:\\\/\\\/www.quebec-elan.org\\\/fr\\\/author\\\/elan-quebec\\\/\"}]}<\/script>\n<!-- \/ Yoast SEO plugin. -->","yoast_head_json":{"title":"Webinaire Relations Qu\u00e9bec : atelier d\u2019enregistrement audiovisuel \u00e0 domicile pour les artistes - ELAN","description":"A not-for-profit organization that connects, supports, and creates opportunities for English-speaking artists and cultural workers of all disciplines from every region of Quebec.","robots":{"index":"index","follow":"follow","max-snippet":"max-snippet:-1","max-image-preview":"max-image-preview:large","max-video-preview":"max-video-preview:-1"},"canonical":"https:\/\/www.quebec-elan.org\/fr\/webinaire-relations-quebec-atelier-denregistrement-audiovisuel-a-domicile-pour-les-artistes\/","og_locale":"fr_FR","og_type":"article","og_title":"Webinaire Relations Qu\u00e9bec : atelier d\u2019enregistrement audiovisuel \u00e0 domicile pour les artistes - ELAN","og_description":"A not-for-profit organization that connects, supports, and creates opportunities for English-speaking artists and cultural workers of all disciplines from every region of Quebec.","og_url":"https:\/\/www.quebec-elan.org\/fr\/webinaire-relations-quebec-atelier-denregistrement-audiovisuel-a-domicile-pour-les-artistes\/","og_site_name":"ELAN","article_published_time":"2021-06-02T20:38:22+00:00","article_modified_time":"2021-06-02T22:10:42+00:00","og_image":[{"width":800,"height":300,"url":"https:\/\/www.quebec-elan.org\/wp-content\/uploads\/2021\/06\/QR-Julian-Stamboulieh.png","type":"image\/png"}],"author":"Andre Elan Quebec","twitter_card":"summary_large_image","twitter_misc":{"\u00c9crit par":"Andre Elan Quebec","Dur\u00e9e de lecture estim\u00e9e":"1 minute"},"schema":{"@context":"https:\/\/schema.org","@graph":[{"@type":"Article","@id":"https:\/\/www.quebec-elan.org\/fr\/webinaire-relations-quebec-atelier-denregistrement-audiovisuel-a-domicile-pour-les-artistes\/#article","isPartOf":{"@id":"https:\/\/www.quebec-elan.org\/fr\/webinaire-relations-quebec-atelier-denregistrement-audiovisuel-a-domicile-pour-les-artistes\/"},"author":{"name":"Andre Elan Quebec","@id":"https:\/\/www.quebec-elan.org\/en\/#\/schema\/person\/4aaafbe7c737c481f7cc144f5237888f"},"headline":"Webinaire Relations Qu\u00e9bec : atelier d\u2019enregistrement audiovisuel \u00e0 domicile pour les artistes","datePublished":"2021-06-02T20:38:22+00:00","dateModified":"2021-06-02T22:10:42+00:00","mainEntityOfPage":{"@id":"https:\/\/www.quebec-elan.org\/fr\/webinaire-relations-quebec-atelier-denregistrement-audiovisuel-a-domicile-pour-les-artistes\/"},"wordCount":265,"publisher":{"@id":"https:\/\/www.quebec-elan.org\/en\/#organization"},"image":{"@id":"https:\/\/www.quebec-elan.org\/fr\/webinaire-relations-quebec-atelier-denregistrement-audiovisuel-a-domicile-pour-les-artistes\/#primaryimage"},"thumbnailUrl":"https:\/\/www.quebec-elan.org\/wp-content\/uploads\/2021\/06\/QR-Julian-Stamboulieh.png","keywords":["Events","News","nouvelles","Projet","Relations Qu\u00e9bec"],"articleSection":["Nouvelles","Relations Qu\u00e9bec"],"inLanguage":"fr-FR"},{"@type":"WebPage","@id":"https:\/\/www.quebec-elan.org\/fr\/webinaire-relations-quebec-atelier-denregistrement-audiovisuel-a-domicile-pour-les-artistes\/","url":"https:\/\/www.quebec-elan.org\/fr\/webinaire-relations-quebec-atelier-denregistrement-audiovisuel-a-domicile-pour-les-artistes\/","name":"Webinaire Relations Qu\u00e9bec : atelier d\u2019enregistrement audiovisuel \u00e0 domicile pour les artistes - ELAN","isPartOf":{"@id":"https:\/\/www.quebec-elan.org\/en\/#website"},"primaryImageOfPage":{"@id":"https:\/\/www.quebec-elan.org\/fr\/webinaire-relations-quebec-atelier-denregistrement-audiovisuel-a-domicile-pour-les-artistes\/#primaryimage"},"image":{"@id":"https:\/\/www.quebec-elan.org\/fr\/webinaire-relations-quebec-atelier-denregistrement-audiovisuel-a-domicile-pour-les-artistes\/#primaryimage"},"thumbnailUrl":"https:\/\/www.quebec-elan.org\/wp-content\/uploads\/2021\/06\/QR-Julian-Stamboulieh.png","datePublished":"2021-06-02T20:38:22+00:00","dateModified":"2021-06-02T22:10:42+00:00","description":"A not-for-profit organization that connects, supports, and creates opportunities for English-speaking artists and cultural workers of all disciplines from every region of Quebec.","breadcrumb":{"@id":"https:\/\/www.quebec-elan.org\/fr\/webinaire-relations-quebec-atelier-denregistrement-audiovisuel-a-domicile-pour-les-artistes\/#breadcrumb"},"inLanguage":"fr-FR","potentialAction":[{"@type":"ReadAction","target":["https:\/\/www.quebec-elan.org\/fr\/webinaire-relations-quebec-atelier-denregistrement-audiovisuel-a-domicile-pour-les-artistes\/"]}]},{"@type":"ImageObject","inLanguage":"fr-FR","@id":"https:\/\/www.quebec-elan.org\/fr\/webinaire-relations-quebec-atelier-denregistrement-audiovisuel-a-domicile-pour-les-artistes\/#primaryimage","url":"https:\/\/www.quebec-elan.org\/wp-content\/uploads\/2021\/06\/QR-Julian-Stamboulieh.png","contentUrl":"https:\/\/www.quebec-elan.org\/wp-content\/uploads\/2021\/06\/QR-Julian-Stamboulieh.png","width":800,"height":300},{"@type":"BreadcrumbList","@id":"https:\/\/www.quebec-elan.org\/fr\/webinaire-relations-quebec-atelier-denregistrement-audiovisuel-a-domicile-pour-les-artistes\/#breadcrumb","itemListElement":[{"@type":"ListItem","position":1,"name":"Home","item":"https:\/\/www.quebec-elan.org\/fr\/"},{"@type":"ListItem","position":2,"name":"Webinaire Relations Qu\u00e9bec : atelier d\u2019enregistrement audiovisuel \u00e0 domicile pour les artistes"}]},{"@type":"WebSite","@id":"https:\/\/www.quebec-elan.org\/en\/#website","url":"https:\/\/www.quebec-elan.org\/en\/","name":"ELAN","description":"English Language Arts Network","publisher":{"@id":"https:\/\/www.quebec-elan.org\/en\/#organization"},"potentialAction":[{"@type":"SearchAction","target":{"@type":"EntryPoint","urlTemplate":"https:\/\/www.quebec-elan.org\/en\/?s={search_term_string}"},"query-input":{"@type":"PropertyValueSpecification","valueRequired":true,"valueName":"search_term_string"}}],"inLanguage":"fr-FR"},{"@type":"Organization","@id":"https:\/\/www.quebec-elan.org\/en\/#organization","name":"ELAN - English Language Arts Network","url":"https:\/\/www.quebec-elan.org\/en\/","logo":{"@type":"ImageObject","inLanguage":"fr-FR","@id":"https:\/\/www.quebec-elan.org\/en\/#\/schema\/logo\/image\/","url":"https:\/\/www.quebec-elan.org\/wp-content\/uploads\/2022\/05\/elan-logo-360.jpg","contentUrl":"https:\/\/www.quebec-elan.org\/wp-content\/uploads\/2022\/05\/elan-logo-360.jpg","width":360,"height":70,"caption":"ELAN - English Language Arts Network"},"image":{"@id":"https:\/\/www.quebec-elan.org\/en\/#\/schema\/logo\/image\/"}},{"@type":"Person","@id":"https:\/\/www.quebec-elan.org\/en\/#\/schema\/person\/4aaafbe7c737c481f7cc144f5237888f","name":"Andre Elan Quebec","image":{"@type":"ImageObject","inLanguage":"fr-FR","@id":"https:\/\/secure.gravatar.com\/avatar\/7ea082d3d909c4cb837bac18df8ab3523b4a3b6bc196bc83d5ca7f186807bf4e?s=96&d=mm&r=g","url":"https:\/\/secure.gravatar.com\/avatar\/7ea082d3d909c4cb837bac18df8ab3523b4a3b6bc196bc83d5ca7f186807bf4e?s=96&d=mm&r=g","contentUrl":"https:\/\/secure.gravatar.com\/avatar\/7ea082d3d909c4cb837bac18df8ab3523b4a3b6bc196bc83d5ca7f186807bf4e?s=96&d=mm&r=g","caption":"Andre Elan Quebec"},"description":"The English-Language Arts Network (ELAN) is a not-for-profit organization that connects, supports, and creates opportunities for Quebec\u2019s English-speaking artists and arts communities. ELAN members are individuals and organizations from a wide array of artistic disciplines, cultural and geographic backgrounds, and linguistic and cultural communities. Together this network reflects an evolving Qu\u00e9bec identity and celebrates the province\u2019s cultural, artistic, and social diversity.","url":"https:\/\/www.quebec-elan.org\/fr\/author\/elan-quebec\/"}]}},"_links":{"self":[{"href":"https:\/\/www.quebec-elan.org\/fr\/wp-json\/wp\/v2\/posts\/39311","targetHints":{"allow":["GET"]}}],"collection":[{"href":"https:\/\/www.quebec-elan.org\/fr\/wp-json\/wp\/v2\/posts"}],"about":[{"href":"https:\/\/www.quebec-elan.org\/fr\/wp-json\/wp\/v2\/types\/post"}],"author":[{"embeddable":true,"href":"https:\/\/www.quebec-elan.org\/fr\/wp-json\/wp\/v2\/users\/234"}],"replies":[{"embeddable":true,"href":"https:\/\/www.quebec-elan.org\/fr\/wp-json\/wp\/v2\/comments?post=39311"}],"version-history":[{"count":2,"href":"https:\/\/www.quebec-elan.org\/fr\/wp-json\/wp\/v2\/posts\/39311\/revisions"}],"predecessor-version":[{"id":39327,"href":"https:\/\/www.quebec-elan.org\/fr\/wp-json\/wp\/v2\/posts\/39311\/revisions\/39327"}],"wp:featuredmedia":[{"embeddable":true,"href":"https:\/\/www.quebec-elan.org\/fr\/wp-json\/wp\/v2\/media\/39308"}],"wp:attachment":[{"href":"https:\/\/www.quebec-elan.org\/fr\/wp-json\/wp\/v2\/media?parent=39311"}],"wp:term":[{"taxonomy":"category","embeddable":true,"href":"https:\/\/www.quebec-elan.org\/fr\/wp-json\/wp\/v2\/categories?post=39311"},{"taxonomy":"post_tag","embeddable":true,"href":"https:\/\/www.quebec-elan.org\/fr\/wp-json\/wp\/v2\/tags?post=39311"}],"curies":[{"name":"wp","href":"https:\/\/api.w.org\/{rel}","templated":true}]}}