{"id":39619,"date":"2021-10-04T15:23:31","date_gmt":"2021-10-04T15:23:31","guid":{"rendered":"https:\/\/www.quebec-elan.org\/2021\/10\/04\/vagues-de-changement-sur-matv\/"},"modified":"2021-10-04T16:06:43","modified_gmt":"2021-10-04T16:06:43","slug":"vagues-de-changement-sur-matv","status":"publish","type":"post","link":"https:\/\/www.quebec-elan.org\/fr\/vagues-de-changement-sur-matv\/","title":{"rendered":"Vagues de changement sur MAtv"},"content":{"rendered":"<p>&nbsp;<\/p>\n<p><a href=\"https:\/\/www.quebec-elan.org\/wp-content\/uploads\/2021\/10\/Waves-of-change-MAtv-for-Newsletter-image.png\"><img fetchpriority=\"high\" decoding=\"async\" class=\"aligncenter size-large wp-image-39613\" src=\"https:\/\/www.quebec-elan.org\/wp-content\/uploads\/2021\/10\/Waves-of-change-MAtv-for-Newsletter-image-1030x515.png\" alt=\"\" width=\"1030\" height=\"515\" srcset=\"https:\/\/www.quebec-elan.org\/wp-content\/uploads\/2021\/10\/Waves-of-change-MAtv-for-Newsletter-image-1030x515.png 1030w, https:\/\/www.quebec-elan.org\/wp-content\/uploads\/2021\/10\/Waves-of-change-MAtv-for-Newsletter-image-600x300.png 600w, https:\/\/www.quebec-elan.org\/wp-content\/uploads\/2021\/10\/Waves-of-change-MAtv-for-Newsletter-image-300x150.png 300w, https:\/\/www.quebec-elan.org\/wp-content\/uploads\/2021\/10\/Waves-of-change-MAtv-for-Newsletter-image-768x384.png 768w, https:\/\/www.quebec-elan.org\/wp-content\/uploads\/2021\/10\/Waves-of-change-MAtv-for-Newsletter-image-1536x768.png 1536w, https:\/\/www.quebec-elan.org\/wp-content\/uploads\/2021\/10\/Waves-of-change-MAtv-for-Newsletter-image-2048x1024.png 2048w, https:\/\/www.quebec-elan.org\/wp-content\/uploads\/2021\/10\/Waves-of-change-MAtv-for-Newsletter-image-1500x750.png 1500w, https:\/\/www.quebec-elan.org\/wp-content\/uploads\/2021\/10\/Waves-of-change-MAtv-for-Newsletter-image-705x353.png 705w, https:\/\/www.quebec-elan.org\/wp-content\/uploads\/2021\/10\/Waves-of-change-MAtv-for-Newsletter-image.png 1450w\" sizes=\"(max-width: 1030px) 100vw, 1030px\" \/><\/a><\/p>\n<p>Les six vid\u00e9os de la s\u00e9rie <em>Waves of Change<\/em> (<em>Vagues de changement<\/em>) d&rsquo;ELAN ont \u00e9t\u00e9 acquises au cours de l\u2019\u00e9t\u00e9 par la cha\u00eene MAtv, qui a financ\u00e9 le tournage de mat\u00e9riel suppl\u00e9mentaire afin d\u2019adapter les \u00e9pisodes au format de diffusion standard de 28 minutes. Le r\u00e9alisateur Guy Rex Rodgers a pass\u00e9 deux jours \u00e0 filmer des sc\u00e8nes suppl\u00e9mentaires dans diff\u00e9rents quartiers autour de Montr\u00e9al et il a enregistr\u00e9 la narration au Th\u00e9\u00e2tre Prospero au mois d\u2019ao\u00fbt. La diffusion des \u00e9pisodes sur MAtv a d\u00e9but\u00e9 le 21 septembre. MAtv a \u00e9galement fourni des fonds pour compl\u00e9ter le sous-titrage des six \u00e9pisodes, qui seront diffus\u00e9s lors de la programmation en fran\u00e7ais cet hiver.<\/p>\n","protected":false},"excerpt":{"rendered":"<p>&nbsp; Les six vid\u00e9os de la s\u00e9rie Waves of Change (Vagues de changement) d&rsquo;ELAN ont \u00e9t\u00e9 acquises au cours de l\u2019\u00e9t\u00e9 par la cha\u00eene MAtv, qui a financ\u00e9 le tournage de mat\u00e9riel suppl\u00e9mentaire afin d\u2019adapter les \u00e9pisodes au format de diffusion standard de 28 minutes. Le r\u00e9alisateur Guy Rex Rodgers a pass\u00e9 deux jours \u00e0 [&hellip;]<\/p>\n","protected":false},"author":234,"featured_media":39614,"comment_status":"closed","ping_status":"closed","sticky":false,"template":"","format":"standard","meta":{"footnotes":""},"categories":[2,483,482],"tags":[],"class_list":["post-39619","post","type-post","status-publish","format-standard","has-post-thumbnail","hentry","category-non-classifiee","category-nouvelles-fr","category-vagues-de-changement-fr"],"yoast_head":"<!-- This site is optimized with the Yoast SEO plugin v27.5 - https:\/\/yoast.com\/product\/yoast-seo-wordpress\/ -->\n<title>Vagues de changement sur MAtv - ELAN<\/title>\n<meta name=\"description\" content=\"A not-for-profit organization that connects, supports, and creates opportunities for English-speaking artists and cultural workers of all disciplines from every region of Quebec.\" \/>\n<meta name=\"robots\" content=\"index, follow, max-snippet:-1, max-image-preview:large, max-video-preview:-1\" \/>\n<link rel=\"canonical\" href=\"https:\/\/www.quebec-elan.org\/fr\/vagues-de-changement-sur-matv\/\" \/>\n<meta property=\"og:locale\" content=\"fr_FR\" \/>\n<meta property=\"og:type\" content=\"article\" \/>\n<meta property=\"og:title\" content=\"Vagues de changement sur MAtv - ELAN\" \/>\n<meta property=\"og:description\" content=\"A not-for-profit organization that connects, supports, and creates opportunities for English-speaking artists and cultural workers of all disciplines from every region of Quebec.\" \/>\n<meta property=\"og:url\" content=\"https:\/\/www.quebec-elan.org\/fr\/vagues-de-changement-sur-matv\/\" \/>\n<meta property=\"og:site_name\" content=\"ELAN\" \/>\n<meta property=\"article:published_time\" content=\"2021-10-04T15:23:31+00:00\" \/>\n<meta property=\"article:modified_time\" content=\"2021-10-04T16:06:43+00:00\" \/>\n<meta property=\"og:image\" content=\"https:\/\/www.quebec-elan.org\/wp-content\/uploads\/2021\/10\/Waves-of-change-MAtv-for-Newsletter-image.png\" \/>\n<meta name=\"author\" content=\"Andre Elan Quebec\" \/>\n<meta name=\"twitter:card\" content=\"summary_large_image\" \/>\n<meta name=\"twitter:image\" content=\"https:\/\/www.quebec-elan.org\/wp-content\/uploads\/2021\/10\/Waves-of-change-MAtv-for-Newsletter-image.png\" \/>\n<meta name=\"twitter:label1\" content=\"\u00c9crit par\" \/>\n\t<meta name=\"twitter:data1\" content=\"Andre Elan Quebec\" \/>\n\t<meta name=\"twitter:label2\" content=\"Dur\u00e9e de lecture estim\u00e9e\" \/>\n\t<meta name=\"twitter:data2\" content=\"1 minute\" \/>\n<script type=\"application\/ld+json\" class=\"yoast-schema-graph\">{\"@context\":\"https:\\\/\\\/schema.org\",\"@graph\":[{\"@type\":\"Article\",\"@id\":\"https:\\\/\\\/www.quebec-elan.org\\\/fr\\\/vagues-de-changement-sur-matv\\\/#article\",\"isPartOf\":{\"@id\":\"https:\\\/\\\/www.quebec-elan.org\\\/fr\\\/vagues-de-changement-sur-matv\\\/\"},\"author\":{\"name\":\"Andre Elan Quebec\",\"@id\":\"https:\\\/\\\/www.quebec-elan.org\\\/en\\\/#\\\/schema\\\/person\\\/4aaafbe7c737c481f7cc144f5237888f\"},\"headline\":\"Vagues de changement sur MAtv\",\"datePublished\":\"2021-10-04T15:23:31+00:00\",\"dateModified\":\"2021-10-04T16:06:43+00:00\",\"mainEntityOfPage\":{\"@id\":\"https:\\\/\\\/www.quebec-elan.org\\\/fr\\\/vagues-de-changement-sur-matv\\\/\"},\"wordCount\":134,\"publisher\":{\"@id\":\"https:\\\/\\\/www.quebec-elan.org\\\/en\\\/#organization\"},\"image\":{\"@id\":\"https:\\\/\\\/www.quebec-elan.org\\\/fr\\\/vagues-de-changement-sur-matv\\\/#primaryimage\"},\"thumbnailUrl\":\"https:\\\/\\\/www.quebec-elan.org\\\/wp-content\\\/uploads\\\/2021\\\/10\\\/Waves-of-change-MAtv-for-Newsletter-image.png\",\"articleSection\":[\"Non classifi\u00e9(e)\",\"Nouvelles\",\"Vagues de changement\"],\"inLanguage\":\"fr-FR\"},{\"@type\":\"WebPage\",\"@id\":\"https:\\\/\\\/www.quebec-elan.org\\\/fr\\\/vagues-de-changement-sur-matv\\\/\",\"url\":\"https:\\\/\\\/www.quebec-elan.org\\\/fr\\\/vagues-de-changement-sur-matv\\\/\",\"name\":\"Vagues de changement sur MAtv - ELAN\",\"isPartOf\":{\"@id\":\"https:\\\/\\\/www.quebec-elan.org\\\/en\\\/#website\"},\"primaryImageOfPage\":{\"@id\":\"https:\\\/\\\/www.quebec-elan.org\\\/fr\\\/vagues-de-changement-sur-matv\\\/#primaryimage\"},\"image\":{\"@id\":\"https:\\\/\\\/www.quebec-elan.org\\\/fr\\\/vagues-de-changement-sur-matv\\\/#primaryimage\"},\"thumbnailUrl\":\"https:\\\/\\\/www.quebec-elan.org\\\/wp-content\\\/uploads\\\/2021\\\/10\\\/Waves-of-change-MAtv-for-Newsletter-image.png\",\"datePublished\":\"2021-10-04T15:23:31+00:00\",\"dateModified\":\"2021-10-04T16:06:43+00:00\",\"description\":\"A not-for-profit organization that connects, supports, and creates opportunities for English-speaking artists and cultural workers of all disciplines from every region of Quebec.\",\"breadcrumb\":{\"@id\":\"https:\\\/\\\/www.quebec-elan.org\\\/fr\\\/vagues-de-changement-sur-matv\\\/#breadcrumb\"},\"inLanguage\":\"fr-FR\",\"potentialAction\":[{\"@type\":\"ReadAction\",\"target\":[\"https:\\\/\\\/www.quebec-elan.org\\\/fr\\\/vagues-de-changement-sur-matv\\\/\"]}]},{\"@type\":\"ImageObject\",\"inLanguage\":\"fr-FR\",\"@id\":\"https:\\\/\\\/www.quebec-elan.org\\\/fr\\\/vagues-de-changement-sur-matv\\\/#primaryimage\",\"url\":\"https:\\\/\\\/www.quebec-elan.org\\\/wp-content\\\/uploads\\\/2021\\\/10\\\/Waves-of-change-MAtv-for-Newsletter-image.png\",\"contentUrl\":\"https:\\\/\\\/www.quebec-elan.org\\\/wp-content\\\/uploads\\\/2021\\\/10\\\/Waves-of-change-MAtv-for-Newsletter-image.png\",\"width\":1450,\"height\":725},{\"@type\":\"BreadcrumbList\",\"@id\":\"https:\\\/\\\/www.quebec-elan.org\\\/fr\\\/vagues-de-changement-sur-matv\\\/#breadcrumb\",\"itemListElement\":[{\"@type\":\"ListItem\",\"position\":1,\"name\":\"Home\",\"item\":\"https:\\\/\\\/www.quebec-elan.org\\\/fr\\\/\"},{\"@type\":\"ListItem\",\"position\":2,\"name\":\"Vagues de changement sur MAtv\"}]},{\"@type\":\"WebSite\",\"@id\":\"https:\\\/\\\/www.quebec-elan.org\\\/en\\\/#website\",\"url\":\"https:\\\/\\\/www.quebec-elan.org\\\/en\\\/\",\"name\":\"ELAN\",\"description\":\"English Language Arts Network\",\"publisher\":{\"@id\":\"https:\\\/\\\/www.quebec-elan.org\\\/en\\\/#organization\"},\"potentialAction\":[{\"@type\":\"SearchAction\",\"target\":{\"@type\":\"EntryPoint\",\"urlTemplate\":\"https:\\\/\\\/www.quebec-elan.org\\\/en\\\/?s={search_term_string}\"},\"query-input\":{\"@type\":\"PropertyValueSpecification\",\"valueRequired\":true,\"valueName\":\"search_term_string\"}}],\"inLanguage\":\"fr-FR\"},{\"@type\":\"Organization\",\"@id\":\"https:\\\/\\\/www.quebec-elan.org\\\/en\\\/#organization\",\"name\":\"ELAN - English Language Arts Network\",\"url\":\"https:\\\/\\\/www.quebec-elan.org\\\/en\\\/\",\"logo\":{\"@type\":\"ImageObject\",\"inLanguage\":\"fr-FR\",\"@id\":\"https:\\\/\\\/www.quebec-elan.org\\\/en\\\/#\\\/schema\\\/logo\\\/image\\\/\",\"url\":\"https:\\\/\\\/www.quebec-elan.org\\\/wp-content\\\/uploads\\\/2022\\\/05\\\/elan-logo-360.jpg\",\"contentUrl\":\"https:\\\/\\\/www.quebec-elan.org\\\/wp-content\\\/uploads\\\/2022\\\/05\\\/elan-logo-360.jpg\",\"width\":360,\"height\":70,\"caption\":\"ELAN - English Language Arts Network\"},\"image\":{\"@id\":\"https:\\\/\\\/www.quebec-elan.org\\\/en\\\/#\\\/schema\\\/logo\\\/image\\\/\"}},{\"@type\":\"Person\",\"@id\":\"https:\\\/\\\/www.quebec-elan.org\\\/en\\\/#\\\/schema\\\/person\\\/4aaafbe7c737c481f7cc144f5237888f\",\"name\":\"Andre Elan Quebec\",\"image\":{\"@type\":\"ImageObject\",\"inLanguage\":\"fr-FR\",\"@id\":\"https:\\\/\\\/secure.gravatar.com\\\/avatar\\\/7ea082d3d909c4cb837bac18df8ab3523b4a3b6bc196bc83d5ca7f186807bf4e?s=96&d=mm&r=g\",\"url\":\"https:\\\/\\\/secure.gravatar.com\\\/avatar\\\/7ea082d3d909c4cb837bac18df8ab3523b4a3b6bc196bc83d5ca7f186807bf4e?s=96&d=mm&r=g\",\"contentUrl\":\"https:\\\/\\\/secure.gravatar.com\\\/avatar\\\/7ea082d3d909c4cb837bac18df8ab3523b4a3b6bc196bc83d5ca7f186807bf4e?s=96&d=mm&r=g\",\"caption\":\"Andre Elan Quebec\"},\"description\":\"The English-Language Arts Network (ELAN) is a not-for-profit organization that connects, supports, and creates opportunities for Quebec\u2019s English-speaking artists and arts communities. ELAN members are individuals and organizations from a wide array of artistic disciplines, cultural and geographic backgrounds, and linguistic and cultural communities. Together this network reflects an evolving Qu\u00e9bec identity and celebrates the province\u2019s cultural, artistic, and social diversity.\",\"url\":\"https:\\\/\\\/www.quebec-elan.org\\\/fr\\\/author\\\/elan-quebec\\\/\"}]}<\/script>\n<!-- \/ Yoast SEO plugin. -->","yoast_head_json":{"title":"Vagues de changement sur MAtv - ELAN","description":"A not-for-profit organization that connects, supports, and creates opportunities for English-speaking artists and cultural workers of all disciplines from every region of Quebec.","robots":{"index":"index","follow":"follow","max-snippet":"max-snippet:-1","max-image-preview":"max-image-preview:large","max-video-preview":"max-video-preview:-1"},"canonical":"https:\/\/www.quebec-elan.org\/fr\/vagues-de-changement-sur-matv\/","og_locale":"fr_FR","og_type":"article","og_title":"Vagues de changement sur MAtv - ELAN","og_description":"A not-for-profit organization that connects, supports, and creates opportunities for English-speaking artists and cultural workers of all disciplines from every region of Quebec.","og_url":"https:\/\/www.quebec-elan.org\/fr\/vagues-de-changement-sur-matv\/","og_site_name":"ELAN","article_published_time":"2021-10-04T15:23:31+00:00","article_modified_time":"2021-10-04T16:06:43+00:00","og_image":[{"url":"https:\/\/www.quebec-elan.org\/wp-content\/uploads\/2021\/10\/Waves-of-change-MAtv-for-Newsletter-image.png","type":"","width":"","height":""}],"author":"Andre Elan Quebec","twitter_card":"summary_large_image","twitter_image":"https:\/\/www.quebec-elan.org\/wp-content\/uploads\/2021\/10\/Waves-of-change-MAtv-for-Newsletter-image.png","twitter_misc":{"\u00c9crit par":"Andre Elan Quebec","Dur\u00e9e de lecture estim\u00e9e":"1 minute"},"schema":{"@context":"https:\/\/schema.org","@graph":[{"@type":"Article","@id":"https:\/\/www.quebec-elan.org\/fr\/vagues-de-changement-sur-matv\/#article","isPartOf":{"@id":"https:\/\/www.quebec-elan.org\/fr\/vagues-de-changement-sur-matv\/"},"author":{"name":"Andre Elan Quebec","@id":"https:\/\/www.quebec-elan.org\/en\/#\/schema\/person\/4aaafbe7c737c481f7cc144f5237888f"},"headline":"Vagues de changement sur MAtv","datePublished":"2021-10-04T15:23:31+00:00","dateModified":"2021-10-04T16:06:43+00:00","mainEntityOfPage":{"@id":"https:\/\/www.quebec-elan.org\/fr\/vagues-de-changement-sur-matv\/"},"wordCount":134,"publisher":{"@id":"https:\/\/www.quebec-elan.org\/en\/#organization"},"image":{"@id":"https:\/\/www.quebec-elan.org\/fr\/vagues-de-changement-sur-matv\/#primaryimage"},"thumbnailUrl":"https:\/\/www.quebec-elan.org\/wp-content\/uploads\/2021\/10\/Waves-of-change-MAtv-for-Newsletter-image.png","articleSection":["Non classifi\u00e9(e)","Nouvelles","Vagues de changement"],"inLanguage":"fr-FR"},{"@type":"WebPage","@id":"https:\/\/www.quebec-elan.org\/fr\/vagues-de-changement-sur-matv\/","url":"https:\/\/www.quebec-elan.org\/fr\/vagues-de-changement-sur-matv\/","name":"Vagues de changement sur MAtv - ELAN","isPartOf":{"@id":"https:\/\/www.quebec-elan.org\/en\/#website"},"primaryImageOfPage":{"@id":"https:\/\/www.quebec-elan.org\/fr\/vagues-de-changement-sur-matv\/#primaryimage"},"image":{"@id":"https:\/\/www.quebec-elan.org\/fr\/vagues-de-changement-sur-matv\/#primaryimage"},"thumbnailUrl":"https:\/\/www.quebec-elan.org\/wp-content\/uploads\/2021\/10\/Waves-of-change-MAtv-for-Newsletter-image.png","datePublished":"2021-10-04T15:23:31+00:00","dateModified":"2021-10-04T16:06:43+00:00","description":"A not-for-profit organization that connects, supports, and creates opportunities for English-speaking artists and cultural workers of all disciplines from every region of Quebec.","breadcrumb":{"@id":"https:\/\/www.quebec-elan.org\/fr\/vagues-de-changement-sur-matv\/#breadcrumb"},"inLanguage":"fr-FR","potentialAction":[{"@type":"ReadAction","target":["https:\/\/www.quebec-elan.org\/fr\/vagues-de-changement-sur-matv\/"]}]},{"@type":"ImageObject","inLanguage":"fr-FR","@id":"https:\/\/www.quebec-elan.org\/fr\/vagues-de-changement-sur-matv\/#primaryimage","url":"https:\/\/www.quebec-elan.org\/wp-content\/uploads\/2021\/10\/Waves-of-change-MAtv-for-Newsletter-image.png","contentUrl":"https:\/\/www.quebec-elan.org\/wp-content\/uploads\/2021\/10\/Waves-of-change-MAtv-for-Newsletter-image.png","width":1450,"height":725},{"@type":"BreadcrumbList","@id":"https:\/\/www.quebec-elan.org\/fr\/vagues-de-changement-sur-matv\/#breadcrumb","itemListElement":[{"@type":"ListItem","position":1,"name":"Home","item":"https:\/\/www.quebec-elan.org\/fr\/"},{"@type":"ListItem","position":2,"name":"Vagues de changement sur MAtv"}]},{"@type":"WebSite","@id":"https:\/\/www.quebec-elan.org\/en\/#website","url":"https:\/\/www.quebec-elan.org\/en\/","name":"ELAN","description":"English Language Arts Network","publisher":{"@id":"https:\/\/www.quebec-elan.org\/en\/#organization"},"potentialAction":[{"@type":"SearchAction","target":{"@type":"EntryPoint","urlTemplate":"https:\/\/www.quebec-elan.org\/en\/?s={search_term_string}"},"query-input":{"@type":"PropertyValueSpecification","valueRequired":true,"valueName":"search_term_string"}}],"inLanguage":"fr-FR"},{"@type":"Organization","@id":"https:\/\/www.quebec-elan.org\/en\/#organization","name":"ELAN - English Language Arts Network","url":"https:\/\/www.quebec-elan.org\/en\/","logo":{"@type":"ImageObject","inLanguage":"fr-FR","@id":"https:\/\/www.quebec-elan.org\/en\/#\/schema\/logo\/image\/","url":"https:\/\/www.quebec-elan.org\/wp-content\/uploads\/2022\/05\/elan-logo-360.jpg","contentUrl":"https:\/\/www.quebec-elan.org\/wp-content\/uploads\/2022\/05\/elan-logo-360.jpg","width":360,"height":70,"caption":"ELAN - English Language Arts Network"},"image":{"@id":"https:\/\/www.quebec-elan.org\/en\/#\/schema\/logo\/image\/"}},{"@type":"Person","@id":"https:\/\/www.quebec-elan.org\/en\/#\/schema\/person\/4aaafbe7c737c481f7cc144f5237888f","name":"Andre Elan Quebec","image":{"@type":"ImageObject","inLanguage":"fr-FR","@id":"https:\/\/secure.gravatar.com\/avatar\/7ea082d3d909c4cb837bac18df8ab3523b4a3b6bc196bc83d5ca7f186807bf4e?s=96&d=mm&r=g","url":"https:\/\/secure.gravatar.com\/avatar\/7ea082d3d909c4cb837bac18df8ab3523b4a3b6bc196bc83d5ca7f186807bf4e?s=96&d=mm&r=g","contentUrl":"https:\/\/secure.gravatar.com\/avatar\/7ea082d3d909c4cb837bac18df8ab3523b4a3b6bc196bc83d5ca7f186807bf4e?s=96&d=mm&r=g","caption":"Andre Elan Quebec"},"description":"The English-Language Arts Network (ELAN) is a not-for-profit organization that connects, supports, and creates opportunities for Quebec\u2019s English-speaking artists and arts communities. ELAN members are individuals and organizations from a wide array of artistic disciplines, cultural and geographic backgrounds, and linguistic and cultural communities. Together this network reflects an evolving Qu\u00e9bec identity and celebrates the province\u2019s cultural, artistic, and social diversity.","url":"https:\/\/www.quebec-elan.org\/fr\/author\/elan-quebec\/"}]}},"_links":{"self":[{"href":"https:\/\/www.quebec-elan.org\/fr\/wp-json\/wp\/v2\/posts\/39619","targetHints":{"allow":["GET"]}}],"collection":[{"href":"https:\/\/www.quebec-elan.org\/fr\/wp-json\/wp\/v2\/posts"}],"about":[{"href":"https:\/\/www.quebec-elan.org\/fr\/wp-json\/wp\/v2\/types\/post"}],"author":[{"embeddable":true,"href":"https:\/\/www.quebec-elan.org\/fr\/wp-json\/wp\/v2\/users\/234"}],"replies":[{"embeddable":true,"href":"https:\/\/www.quebec-elan.org\/fr\/wp-json\/wp\/v2\/comments?post=39619"}],"version-history":[{"count":1,"href":"https:\/\/www.quebec-elan.org\/fr\/wp-json\/wp\/v2\/posts\/39619\/revisions"}],"predecessor-version":[{"id":39620,"href":"https:\/\/www.quebec-elan.org\/fr\/wp-json\/wp\/v2\/posts\/39619\/revisions\/39620"}],"wp:featuredmedia":[{"embeddable":true,"href":"https:\/\/www.quebec-elan.org\/fr\/wp-json\/wp\/v2\/media\/39614"}],"wp:attachment":[{"href":"https:\/\/www.quebec-elan.org\/fr\/wp-json\/wp\/v2\/media?parent=39619"}],"wp:term":[{"taxonomy":"category","embeddable":true,"href":"https:\/\/www.quebec-elan.org\/fr\/wp-json\/wp\/v2\/categories?post=39619"},{"taxonomy":"post_tag","embeddable":true,"href":"https:\/\/www.quebec-elan.org\/fr\/wp-json\/wp\/v2\/tags?post=39619"}],"curies":[{"name":"wp","href":"https:\/\/api.w.org\/{rel}","templated":true}]}}