{"id":40072,"date":"2021-10-28T23:43:35","date_gmt":"2021-10-28T23:43:35","guid":{"rendered":"https:\/\/www.quebec-elan.org\/2021\/10\/28\/artscast-recherche-action-sur-les-problemes-et-voies-a-suivre-dans-le-secteur-des-arts-de-lapres-pandemie\/"},"modified":"2021-10-28T23:46:33","modified_gmt":"2021-10-28T23:46:33","slug":"artscast-recherche-action-sur-les-problemes-et-voies-a-suivre-dans-le-secteur-des-arts-de-lapres-pandemie","status":"publish","type":"post","link":"https:\/\/www.quebec-elan.org\/fr\/artscast-recherche-action-sur-les-problemes-et-voies-a-suivre-dans-le-secteur-des-arts-de-lapres-pandemie\/","title":{"rendered":"ARTSCAST: Recherche action sur les probl\u00e8mes et voies \u00e0 suivre dans le secteur des arts de l\u2019apr\u00e8s-pand\u00e9mie"},"content":{"rendered":"<div  class='flex_column av-9juoq3-be09554b17678274f6a3f61a73057b4e av_one_fifth  avia-builder-el-0  el_before_av_three_fifth  avia-builder-el-first  first flex_column_div  '     ><\/div>\n<div  class='flex_column av-203sn8r-a1870bb15e186d86dd8d953b446c6b05 av_three_fifth  avia-builder-el-1  el_after_av_one_fifth  el_before_av_one_fifth  flex_column_div  '     ><p>\n<style type=\"text\/css\" data-created_by=\"avia_inline_auto\" id=\"style-css-av-kvbek5pj-ed5f1cb70575dda46be39a68af2d94ac\">\n.avia-image-container.av-kvbek5pj-ed5f1cb70575dda46be39a68af2d94ac img.avia_image{\nbox-shadow:none;\n}\n.avia-image-container.av-kvbek5pj-ed5f1cb70575dda46be39a68af2d94ac .av-image-caption-overlay-center{\ncolor:#ffffff;\n}\n<\/style>\n<div  class='avia-image-container av-kvbek5pj-ed5f1cb70575dda46be39a68af2d94ac av-styling- avia-align-center  avia-builder-el-2  el_before_av_heading  avia-builder-el-first '   itemprop=\"image\" itemscope=\"itemscope\" itemtype=\"https:\/\/schema.org\/ImageObject\" ><div class=\"avia-image-container-inner\"><div class=\"avia-image-overlay-wrap\"><img fetchpriority=\"high\" decoding=\"async\" fetchpriority=\"high\" fetchpriority=\"high\" class='wp-image-40013 avia-img-lazy-loading-not-40013 avia_image ' src=\"https:\/\/www.quebec-elan.org\/wp-content\/uploads\/2021\/10\/artscast-300x300.png\" alt='' title='artscast'  height=\"300\" width=\"300\"  itemprop=\"thumbnailUrl\" srcset=\"https:\/\/www.quebec-elan.org\/wp-content\/uploads\/2021\/10\/artscast-300x300.png 300w, https:\/\/www.quebec-elan.org\/wp-content\/uploads\/2021\/10\/artscast-100x100.png 100w, https:\/\/www.quebec-elan.org\/wp-content\/uploads\/2021\/10\/artscast-600x600.png 600w, https:\/\/www.quebec-elan.org\/wp-content\/uploads\/2021\/10\/artscast-1030x1030.png 1030w, https:\/\/www.quebec-elan.org\/wp-content\/uploads\/2021\/10\/artscast-80x80.png 80w, https:\/\/www.quebec-elan.org\/wp-content\/uploads\/2021\/10\/artscast-768x768.png 768w, https:\/\/www.quebec-elan.org\/wp-content\/uploads\/2021\/10\/artscast-36x36.png 36w, https:\/\/www.quebec-elan.org\/wp-content\/uploads\/2021\/10\/artscast-180x180.png 180w, https:\/\/www.quebec-elan.org\/wp-content\/uploads\/2021\/10\/artscast-705x705.png 705w, https:\/\/www.quebec-elan.org\/wp-content\/uploads\/2021\/10\/artscast.png 1080w\" sizes=\"(max-width: 300px) 100vw, 300px\" \/><\/div><\/div><\/div><br \/>\n\n<style type=\"text\/css\" data-created_by=\"avia_inline_auto\" id=\"style-css-av-kvbe4p80-4732c12aa09a83b55af0eb162aec3911\">\n#top .av-special-heading.av-kvbe4p80-4732c12aa09a83b55af0eb162aec3911{\npadding-bottom:10px;\n}\nbody .av-special-heading.av-kvbe4p80-4732c12aa09a83b55af0eb162aec3911 .av-special-heading-tag .heading-char{\nfont-size:25px;\n}\n.av-special-heading.av-kvbe4p80-4732c12aa09a83b55af0eb162aec3911 .av-subheading{\nfont-size:15px;\n}\n<\/style>\n<div  class='av-special-heading av-kvbe4p80-4732c12aa09a83b55af0eb162aec3911 av-special-heading-h1 blockquote modern-quote modern-centered  avia-builder-el-3  el_after_av_image  avia-builder-el-last '><h1 class='av-special-heading-tag '  itemprop=\"headline\"  >Recherche action sur les probl\u00e8mes et voies \u00e0 suivre dans le secteur des arts de l\u2019apr\u00e8s-pand\u00e9mie<\/h1><div class='av-subheading av-subheading_below'><p>Recherche action sur les voies \u00e0 suivre dans le secteur des arts<\/p>\n<\/div><div class=\"special-heading-border\"><div class=\"special-heading-inner-border\"><\/div><\/div><\/div><\/p><\/div>\n<div  class='flex_column av-1pf8rm3-f2bbf3e91d950de318b34b90d2dfcc6f av_one_fifth  avia-builder-el-4  el_after_av_three_fifth  el_before_av_one_fifth  flex_column_div  '     ><\/div>\n<div  class='flex_column av-1d58k3v-c9c1831e30a6c18cbe34768f28a7cb16 av_one_fifth  avia-builder-el-5  el_after_av_one_fifth  el_before_av_three_fifth  first flex_column_div  column-top-margin'     ><\/div>\n<div  class='flex_column av-22qraj-5c996c9e367c1c78d7ed54777c436cc9 av_three_fifth  avia-builder-el-6  el_after_av_one_fifth  avia-builder-el-last  flex_column_div  column-top-margin'     ><section  class='av_textblock_section av-kvbe8zps-d53e594d41bb73aa5309da5fbb28895a '   itemscope=\"itemscope\" itemtype=\"https:\/\/schema.org\/BlogPosting\" itemprop=\"blogPost\" ><div class='avia_textblock'  itemprop=\"text\" ><p>Bonne nouvelle : plusieurs salles de spectacle au Qu\u00e9bec ont rouvert \u00e0 pleine capacit\u00e9. Malheureusement, de nombreux lieux et producteurs artistiques ne survivront pas aux bouleversements caus\u00e9s par la COVID 19. Nous sommes encore aux prises avec un grand nombre de questions et d\u2019inqui\u00e9tudes \u00e0 ce sujet.<\/p>\n<p>Les producteurs doivent s\u2019adapter aux changements dans les restrictions afin de maintenir rigoureusement les mesures d\u2019hygi\u00e8ne et de s\u00e9curit\u00e9. Ils doivent mettre en \u0153uvre des solutions visant \u00e0 favoriser l\u2019acc\u00e8s aux \u0153uvres, notamment en offrant des spectacles en ligne.<\/p>\n<p>\u00c0 partir du mois de novembre, l\u2019\u00e9quipe d\u2019ARTSCAST commencera \u00e0 colliger les donn\u00e9es recueillies lors des \u00e9changes men\u00e9s dans le cadre de sa \u00ab\u00a0Recherche action sur les probl\u00e8mes et voies \u00e0 suivre dans le secteur des arts de l\u2019apr\u00e8s-pand\u00e9mie \u00bb. Le rapport est subventionn\u00e9 par Innovation, Science et D\u00e9veloppement \u00e9conomique Canada (ISDE).<\/p>\n<p>Si l\u2019on ne vous a pas contact\u00e9 pour participer \u00e0 l\u2019enqu\u00eate, sachez que l\u2019\u00e9quipe d\u2019ARTSCAST communiquera avec l\u2019ensemble des producteurs artistiques li\u00e9s \u00e0 ELAN. Vous pouvez \u00e9galement envoyer un courriel \u00e0 <a href=\"mailto:dan@artscast.ca\">dan@artscast.ca<\/a><\/p>\n<\/div><\/section><\/div>\n","protected":false},"excerpt":{"rendered":"","protected":false},"author":234,"featured_media":40013,"comment_status":"closed","ping_status":"closed","sticky":false,"template":"","format":"standard","meta":{"footnotes":""},"categories":[2],"tags":[],"class_list":["post-40072","post","type-post","status-publish","format-standard","has-post-thumbnail","hentry","category-non-classifiee"],"yoast_head":"<!-- This site is optimized with the Yoast SEO plugin v27.4 - https:\/\/yoast.com\/product\/yoast-seo-wordpress\/ -->\n<title>ARTSCAST: Recherche action sur les probl\u00e8mes et voies \u00e0 suivre dans le secteur des arts de l\u2019apr\u00e8s-pand\u00e9mie - ELAN<\/title>\n<meta name=\"description\" content=\"A not-for-profit organization that connects, supports, and creates opportunities for English-speaking artists and cultural workers of all disciplines from every region of Quebec.\" \/>\n<meta name=\"robots\" content=\"index, follow, max-snippet:-1, max-image-preview:large, max-video-preview:-1\" \/>\n<link rel=\"canonical\" href=\"https:\/\/www.quebec-elan.org\/fr\/artscast-recherche-action-sur-les-problemes-et-voies-a-suivre-dans-le-secteur-des-arts-de-lapres-pandemie\/\" \/>\n<meta property=\"og:locale\" content=\"fr_FR\" \/>\n<meta property=\"og:type\" content=\"article\" \/>\n<meta property=\"og:title\" content=\"ARTSCAST: Recherche action sur les probl\u00e8mes et voies \u00e0 suivre dans le secteur des arts de l\u2019apr\u00e8s-pand\u00e9mie - ELAN\" \/>\n<meta property=\"og:description\" content=\"A not-for-profit organization that connects, supports, and creates opportunities for English-speaking artists and cultural workers of all disciplines from every region of Quebec.\" \/>\n<meta property=\"og:url\" content=\"https:\/\/www.quebec-elan.org\/fr\/artscast-recherche-action-sur-les-problemes-et-voies-a-suivre-dans-le-secteur-des-arts-de-lapres-pandemie\/\" \/>\n<meta property=\"og:site_name\" content=\"ELAN\" \/>\n<meta property=\"article:published_time\" content=\"2021-10-28T23:43:35+00:00\" \/>\n<meta property=\"article:modified_time\" content=\"2021-10-28T23:46:33+00:00\" \/>\n<meta property=\"og:image\" content=\"https:\/\/www.quebec-elan.org\/wp-content\/uploads\/2021\/10\/artscast.png\" \/>\n\t<meta property=\"og:image:width\" content=\"1080\" \/>\n\t<meta property=\"og:image:height\" content=\"1080\" \/>\n\t<meta property=\"og:image:type\" content=\"image\/png\" \/>\n<meta name=\"author\" content=\"Andre Elan Quebec\" \/>\n<meta name=\"twitter:card\" content=\"summary_large_image\" \/>\n<meta name=\"twitter:label1\" content=\"\u00c9crit par\" \/>\n\t<meta name=\"twitter:data1\" content=\"Andre Elan Quebec\" \/>\n\t<meta name=\"twitter:label2\" content=\"Dur\u00e9e de lecture estim\u00e9e\" \/>\n\t<meta name=\"twitter:data2\" content=\"8 minutes\" \/>\n<script type=\"application\/ld+json\" class=\"yoast-schema-graph\">{\"@context\":\"https:\\\/\\\/schema.org\",\"@graph\":[{\"@type\":\"Article\",\"@id\":\"https:\\\/\\\/www.quebec-elan.org\\\/fr\\\/artscast-recherche-action-sur-les-problemes-et-voies-a-suivre-dans-le-secteur-des-arts-de-lapres-pandemie\\\/#article\",\"isPartOf\":{\"@id\":\"https:\\\/\\\/www.quebec-elan.org\\\/fr\\\/artscast-recherche-action-sur-les-problemes-et-voies-a-suivre-dans-le-secteur-des-arts-de-lapres-pandemie\\\/\"},\"author\":{\"name\":\"Andre Elan Quebec\",\"@id\":\"https:\\\/\\\/www.quebec-elan.org\\\/en\\\/#\\\/schema\\\/person\\\/4aaafbe7c737c481f7cc144f5237888f\"},\"headline\":\"ARTSCAST: Recherche action sur les probl\u00e8mes et voies \u00e0 suivre dans le secteur des arts de l\u2019apr\u00e8s-pand\u00e9mie\",\"datePublished\":\"2021-10-28T23:43:35+00:00\",\"dateModified\":\"2021-10-28T23:46:33+00:00\",\"mainEntityOfPage\":{\"@id\":\"https:\\\/\\\/www.quebec-elan.org\\\/fr\\\/artscast-recherche-action-sur-les-problemes-et-voies-a-suivre-dans-le-secteur-des-arts-de-lapres-pandemie\\\/\"},\"wordCount\":1315,\"publisher\":{\"@id\":\"https:\\\/\\\/www.quebec-elan.org\\\/en\\\/#organization\"},\"image\":{\"@id\":\"https:\\\/\\\/www.quebec-elan.org\\\/fr\\\/artscast-recherche-action-sur-les-problemes-et-voies-a-suivre-dans-le-secteur-des-arts-de-lapres-pandemie\\\/#primaryimage\"},\"thumbnailUrl\":\"https:\\\/\\\/www.quebec-elan.org\\\/wp-content\\\/uploads\\\/2021\\\/10\\\/artscast.png\",\"articleSection\":[\"Non classifi\u00e9(e)\"],\"inLanguage\":\"fr-FR\"},{\"@type\":\"WebPage\",\"@id\":\"https:\\\/\\\/www.quebec-elan.org\\\/fr\\\/artscast-recherche-action-sur-les-problemes-et-voies-a-suivre-dans-le-secteur-des-arts-de-lapres-pandemie\\\/\",\"url\":\"https:\\\/\\\/www.quebec-elan.org\\\/fr\\\/artscast-recherche-action-sur-les-problemes-et-voies-a-suivre-dans-le-secteur-des-arts-de-lapres-pandemie\\\/\",\"name\":\"ARTSCAST: Recherche action sur les probl\u00e8mes et voies \u00e0 suivre dans le secteur des arts de l\u2019apr\u00e8s-pand\u00e9mie - ELAN\",\"isPartOf\":{\"@id\":\"https:\\\/\\\/www.quebec-elan.org\\\/en\\\/#website\"},\"primaryImageOfPage\":{\"@id\":\"https:\\\/\\\/www.quebec-elan.org\\\/fr\\\/artscast-recherche-action-sur-les-problemes-et-voies-a-suivre-dans-le-secteur-des-arts-de-lapres-pandemie\\\/#primaryimage\"},\"image\":{\"@id\":\"https:\\\/\\\/www.quebec-elan.org\\\/fr\\\/artscast-recherche-action-sur-les-problemes-et-voies-a-suivre-dans-le-secteur-des-arts-de-lapres-pandemie\\\/#primaryimage\"},\"thumbnailUrl\":\"https:\\\/\\\/www.quebec-elan.org\\\/wp-content\\\/uploads\\\/2021\\\/10\\\/artscast.png\",\"datePublished\":\"2021-10-28T23:43:35+00:00\",\"dateModified\":\"2021-10-28T23:46:33+00:00\",\"description\":\"A not-for-profit organization that connects, supports, and creates opportunities for English-speaking artists and cultural workers of all disciplines from every region of Quebec.\",\"breadcrumb\":{\"@id\":\"https:\\\/\\\/www.quebec-elan.org\\\/fr\\\/artscast-recherche-action-sur-les-problemes-et-voies-a-suivre-dans-le-secteur-des-arts-de-lapres-pandemie\\\/#breadcrumb\"},\"inLanguage\":\"fr-FR\",\"potentialAction\":[{\"@type\":\"ReadAction\",\"target\":[\"https:\\\/\\\/www.quebec-elan.org\\\/fr\\\/artscast-recherche-action-sur-les-problemes-et-voies-a-suivre-dans-le-secteur-des-arts-de-lapres-pandemie\\\/\"]}]},{\"@type\":\"ImageObject\",\"inLanguage\":\"fr-FR\",\"@id\":\"https:\\\/\\\/www.quebec-elan.org\\\/fr\\\/artscast-recherche-action-sur-les-problemes-et-voies-a-suivre-dans-le-secteur-des-arts-de-lapres-pandemie\\\/#primaryimage\",\"url\":\"https:\\\/\\\/www.quebec-elan.org\\\/wp-content\\\/uploads\\\/2021\\\/10\\\/artscast.png\",\"contentUrl\":\"https:\\\/\\\/www.quebec-elan.org\\\/wp-content\\\/uploads\\\/2021\\\/10\\\/artscast.png\",\"width\":1080,\"height\":1080},{\"@type\":\"BreadcrumbList\",\"@id\":\"https:\\\/\\\/www.quebec-elan.org\\\/fr\\\/artscast-recherche-action-sur-les-problemes-et-voies-a-suivre-dans-le-secteur-des-arts-de-lapres-pandemie\\\/#breadcrumb\",\"itemListElement\":[{\"@type\":\"ListItem\",\"position\":1,\"name\":\"Home\",\"item\":\"https:\\\/\\\/www.quebec-elan.org\\\/fr\\\/\"},{\"@type\":\"ListItem\",\"position\":2,\"name\":\"ARTSCAST: Recherche action sur les probl\u00e8mes et voies \u00e0 suivre dans le secteur des arts de l\u2019apr\u00e8s-pand\u00e9mie\"}]},{\"@type\":\"WebSite\",\"@id\":\"https:\\\/\\\/www.quebec-elan.org\\\/en\\\/#website\",\"url\":\"https:\\\/\\\/www.quebec-elan.org\\\/en\\\/\",\"name\":\"ELAN\",\"description\":\"English Language Arts Network\",\"publisher\":{\"@id\":\"https:\\\/\\\/www.quebec-elan.org\\\/en\\\/#organization\"},\"potentialAction\":[{\"@type\":\"SearchAction\",\"target\":{\"@type\":\"EntryPoint\",\"urlTemplate\":\"https:\\\/\\\/www.quebec-elan.org\\\/en\\\/?s={search_term_string}\"},\"query-input\":{\"@type\":\"PropertyValueSpecification\",\"valueRequired\":true,\"valueName\":\"search_term_string\"}}],\"inLanguage\":\"fr-FR\"},{\"@type\":\"Organization\",\"@id\":\"https:\\\/\\\/www.quebec-elan.org\\\/en\\\/#organization\",\"name\":\"ELAN - English Language Arts Network\",\"url\":\"https:\\\/\\\/www.quebec-elan.org\\\/en\\\/\",\"logo\":{\"@type\":\"ImageObject\",\"inLanguage\":\"fr-FR\",\"@id\":\"https:\\\/\\\/www.quebec-elan.org\\\/en\\\/#\\\/schema\\\/logo\\\/image\\\/\",\"url\":\"https:\\\/\\\/www.quebec-elan.org\\\/wp-content\\\/uploads\\\/2022\\\/05\\\/elan-logo-360.jpg\",\"contentUrl\":\"https:\\\/\\\/www.quebec-elan.org\\\/wp-content\\\/uploads\\\/2022\\\/05\\\/elan-logo-360.jpg\",\"width\":360,\"height\":70,\"caption\":\"ELAN - English Language Arts Network\"},\"image\":{\"@id\":\"https:\\\/\\\/www.quebec-elan.org\\\/en\\\/#\\\/schema\\\/logo\\\/image\\\/\"}},{\"@type\":\"Person\",\"@id\":\"https:\\\/\\\/www.quebec-elan.org\\\/en\\\/#\\\/schema\\\/person\\\/4aaafbe7c737c481f7cc144f5237888f\",\"name\":\"Andre Elan Quebec\",\"image\":{\"@type\":\"ImageObject\",\"inLanguage\":\"fr-FR\",\"@id\":\"https:\\\/\\\/secure.gravatar.com\\\/avatar\\\/7ea082d3d909c4cb837bac18df8ab3523b4a3b6bc196bc83d5ca7f186807bf4e?s=96&d=mm&r=g\",\"url\":\"https:\\\/\\\/secure.gravatar.com\\\/avatar\\\/7ea082d3d909c4cb837bac18df8ab3523b4a3b6bc196bc83d5ca7f186807bf4e?s=96&d=mm&r=g\",\"contentUrl\":\"https:\\\/\\\/secure.gravatar.com\\\/avatar\\\/7ea082d3d909c4cb837bac18df8ab3523b4a3b6bc196bc83d5ca7f186807bf4e?s=96&d=mm&r=g\",\"caption\":\"Andre Elan Quebec\"},\"description\":\"The English-Language Arts Network (ELAN) is a not-for-profit organization that connects, supports, and creates opportunities for Quebec\u2019s English-speaking artists and arts communities. ELAN members are individuals and organizations from a wide array of artistic disciplines, cultural and geographic backgrounds, and linguistic and cultural communities. Together this network reflects an evolving Qu\u00e9bec identity and celebrates the province\u2019s cultural, artistic, and social diversity.\",\"url\":\"https:\\\/\\\/www.quebec-elan.org\\\/fr\\\/author\\\/elan-quebec\\\/\"}]}<\/script>\n<!-- \/ Yoast SEO plugin. -->","yoast_head_json":{"title":"ARTSCAST: Recherche action sur les probl\u00e8mes et voies \u00e0 suivre dans le secteur des arts de l\u2019apr\u00e8s-pand\u00e9mie - ELAN","description":"A not-for-profit organization that connects, supports, and creates opportunities for English-speaking artists and cultural workers of all disciplines from every region of Quebec.","robots":{"index":"index","follow":"follow","max-snippet":"max-snippet:-1","max-image-preview":"max-image-preview:large","max-video-preview":"max-video-preview:-1"},"canonical":"https:\/\/www.quebec-elan.org\/fr\/artscast-recherche-action-sur-les-problemes-et-voies-a-suivre-dans-le-secteur-des-arts-de-lapres-pandemie\/","og_locale":"fr_FR","og_type":"article","og_title":"ARTSCAST: Recherche action sur les probl\u00e8mes et voies \u00e0 suivre dans le secteur des arts de l\u2019apr\u00e8s-pand\u00e9mie - ELAN","og_description":"A not-for-profit organization that connects, supports, and creates opportunities for English-speaking artists and cultural workers of all disciplines from every region of Quebec.","og_url":"https:\/\/www.quebec-elan.org\/fr\/artscast-recherche-action-sur-les-problemes-et-voies-a-suivre-dans-le-secteur-des-arts-de-lapres-pandemie\/","og_site_name":"ELAN","article_published_time":"2021-10-28T23:43:35+00:00","article_modified_time":"2021-10-28T23:46:33+00:00","og_image":[{"width":1080,"height":1080,"url":"https:\/\/www.quebec-elan.org\/wp-content\/uploads\/2021\/10\/artscast.png","type":"image\/png"}],"author":"Andre Elan Quebec","twitter_card":"summary_large_image","twitter_misc":{"\u00c9crit par":"Andre Elan Quebec","Dur\u00e9e de lecture estim\u00e9e":"8 minutes"},"schema":{"@context":"https:\/\/schema.org","@graph":[{"@type":"Article","@id":"https:\/\/www.quebec-elan.org\/fr\/artscast-recherche-action-sur-les-problemes-et-voies-a-suivre-dans-le-secteur-des-arts-de-lapres-pandemie\/#article","isPartOf":{"@id":"https:\/\/www.quebec-elan.org\/fr\/artscast-recherche-action-sur-les-problemes-et-voies-a-suivre-dans-le-secteur-des-arts-de-lapres-pandemie\/"},"author":{"name":"Andre Elan Quebec","@id":"https:\/\/www.quebec-elan.org\/en\/#\/schema\/person\/4aaafbe7c737c481f7cc144f5237888f"},"headline":"ARTSCAST: Recherche action sur les probl\u00e8mes et voies \u00e0 suivre dans le secteur des arts de l\u2019apr\u00e8s-pand\u00e9mie","datePublished":"2021-10-28T23:43:35+00:00","dateModified":"2021-10-28T23:46:33+00:00","mainEntityOfPage":{"@id":"https:\/\/www.quebec-elan.org\/fr\/artscast-recherche-action-sur-les-problemes-et-voies-a-suivre-dans-le-secteur-des-arts-de-lapres-pandemie\/"},"wordCount":1315,"publisher":{"@id":"https:\/\/www.quebec-elan.org\/en\/#organization"},"image":{"@id":"https:\/\/www.quebec-elan.org\/fr\/artscast-recherche-action-sur-les-problemes-et-voies-a-suivre-dans-le-secteur-des-arts-de-lapres-pandemie\/#primaryimage"},"thumbnailUrl":"https:\/\/www.quebec-elan.org\/wp-content\/uploads\/2021\/10\/artscast.png","articleSection":["Non classifi\u00e9(e)"],"inLanguage":"fr-FR"},{"@type":"WebPage","@id":"https:\/\/www.quebec-elan.org\/fr\/artscast-recherche-action-sur-les-problemes-et-voies-a-suivre-dans-le-secteur-des-arts-de-lapres-pandemie\/","url":"https:\/\/www.quebec-elan.org\/fr\/artscast-recherche-action-sur-les-problemes-et-voies-a-suivre-dans-le-secteur-des-arts-de-lapres-pandemie\/","name":"ARTSCAST: Recherche action sur les probl\u00e8mes et voies \u00e0 suivre dans le secteur des arts de l\u2019apr\u00e8s-pand\u00e9mie - ELAN","isPartOf":{"@id":"https:\/\/www.quebec-elan.org\/en\/#website"},"primaryImageOfPage":{"@id":"https:\/\/www.quebec-elan.org\/fr\/artscast-recherche-action-sur-les-problemes-et-voies-a-suivre-dans-le-secteur-des-arts-de-lapres-pandemie\/#primaryimage"},"image":{"@id":"https:\/\/www.quebec-elan.org\/fr\/artscast-recherche-action-sur-les-problemes-et-voies-a-suivre-dans-le-secteur-des-arts-de-lapres-pandemie\/#primaryimage"},"thumbnailUrl":"https:\/\/www.quebec-elan.org\/wp-content\/uploads\/2021\/10\/artscast.png","datePublished":"2021-10-28T23:43:35+00:00","dateModified":"2021-10-28T23:46:33+00:00","description":"A not-for-profit organization that connects, supports, and creates opportunities for English-speaking artists and cultural workers of all disciplines from every region of Quebec.","breadcrumb":{"@id":"https:\/\/www.quebec-elan.org\/fr\/artscast-recherche-action-sur-les-problemes-et-voies-a-suivre-dans-le-secteur-des-arts-de-lapres-pandemie\/#breadcrumb"},"inLanguage":"fr-FR","potentialAction":[{"@type":"ReadAction","target":["https:\/\/www.quebec-elan.org\/fr\/artscast-recherche-action-sur-les-problemes-et-voies-a-suivre-dans-le-secteur-des-arts-de-lapres-pandemie\/"]}]},{"@type":"ImageObject","inLanguage":"fr-FR","@id":"https:\/\/www.quebec-elan.org\/fr\/artscast-recherche-action-sur-les-problemes-et-voies-a-suivre-dans-le-secteur-des-arts-de-lapres-pandemie\/#primaryimage","url":"https:\/\/www.quebec-elan.org\/wp-content\/uploads\/2021\/10\/artscast.png","contentUrl":"https:\/\/www.quebec-elan.org\/wp-content\/uploads\/2021\/10\/artscast.png","width":1080,"height":1080},{"@type":"BreadcrumbList","@id":"https:\/\/www.quebec-elan.org\/fr\/artscast-recherche-action-sur-les-problemes-et-voies-a-suivre-dans-le-secteur-des-arts-de-lapres-pandemie\/#breadcrumb","itemListElement":[{"@type":"ListItem","position":1,"name":"Home","item":"https:\/\/www.quebec-elan.org\/fr\/"},{"@type":"ListItem","position":2,"name":"ARTSCAST: Recherche action sur les probl\u00e8mes et voies \u00e0 suivre dans le secteur des arts de l\u2019apr\u00e8s-pand\u00e9mie"}]},{"@type":"WebSite","@id":"https:\/\/www.quebec-elan.org\/en\/#website","url":"https:\/\/www.quebec-elan.org\/en\/","name":"ELAN","description":"English Language Arts Network","publisher":{"@id":"https:\/\/www.quebec-elan.org\/en\/#organization"},"potentialAction":[{"@type":"SearchAction","target":{"@type":"EntryPoint","urlTemplate":"https:\/\/www.quebec-elan.org\/en\/?s={search_term_string}"},"query-input":{"@type":"PropertyValueSpecification","valueRequired":true,"valueName":"search_term_string"}}],"inLanguage":"fr-FR"},{"@type":"Organization","@id":"https:\/\/www.quebec-elan.org\/en\/#organization","name":"ELAN - English Language Arts Network","url":"https:\/\/www.quebec-elan.org\/en\/","logo":{"@type":"ImageObject","inLanguage":"fr-FR","@id":"https:\/\/www.quebec-elan.org\/en\/#\/schema\/logo\/image\/","url":"https:\/\/www.quebec-elan.org\/wp-content\/uploads\/2022\/05\/elan-logo-360.jpg","contentUrl":"https:\/\/www.quebec-elan.org\/wp-content\/uploads\/2022\/05\/elan-logo-360.jpg","width":360,"height":70,"caption":"ELAN - English Language Arts Network"},"image":{"@id":"https:\/\/www.quebec-elan.org\/en\/#\/schema\/logo\/image\/"}},{"@type":"Person","@id":"https:\/\/www.quebec-elan.org\/en\/#\/schema\/person\/4aaafbe7c737c481f7cc144f5237888f","name":"Andre Elan Quebec","image":{"@type":"ImageObject","inLanguage":"fr-FR","@id":"https:\/\/secure.gravatar.com\/avatar\/7ea082d3d909c4cb837bac18df8ab3523b4a3b6bc196bc83d5ca7f186807bf4e?s=96&d=mm&r=g","url":"https:\/\/secure.gravatar.com\/avatar\/7ea082d3d909c4cb837bac18df8ab3523b4a3b6bc196bc83d5ca7f186807bf4e?s=96&d=mm&r=g","contentUrl":"https:\/\/secure.gravatar.com\/avatar\/7ea082d3d909c4cb837bac18df8ab3523b4a3b6bc196bc83d5ca7f186807bf4e?s=96&d=mm&r=g","caption":"Andre Elan Quebec"},"description":"The English-Language Arts Network (ELAN) is a not-for-profit organization that connects, supports, and creates opportunities for Quebec\u2019s English-speaking artists and arts communities. ELAN members are individuals and organizations from a wide array of artistic disciplines, cultural and geographic backgrounds, and linguistic and cultural communities. Together this network reflects an evolving Qu\u00e9bec identity and celebrates the province\u2019s cultural, artistic, and social diversity.","url":"https:\/\/www.quebec-elan.org\/fr\/author\/elan-quebec\/"}]}},"_links":{"self":[{"href":"https:\/\/www.quebec-elan.org\/fr\/wp-json\/wp\/v2\/posts\/40072","targetHints":{"allow":["GET"]}}],"collection":[{"href":"https:\/\/www.quebec-elan.org\/fr\/wp-json\/wp\/v2\/posts"}],"about":[{"href":"https:\/\/www.quebec-elan.org\/fr\/wp-json\/wp\/v2\/types\/post"}],"author":[{"embeddable":true,"href":"https:\/\/www.quebec-elan.org\/fr\/wp-json\/wp\/v2\/users\/234"}],"replies":[{"embeddable":true,"href":"https:\/\/www.quebec-elan.org\/fr\/wp-json\/wp\/v2\/comments?post=40072"}],"version-history":[{"count":5,"href":"https:\/\/www.quebec-elan.org\/fr\/wp-json\/wp\/v2\/posts\/40072\/revisions"}],"predecessor-version":[{"id":40077,"href":"https:\/\/www.quebec-elan.org\/fr\/wp-json\/wp\/v2\/posts\/40072\/revisions\/40077"}],"wp:featuredmedia":[{"embeddable":true,"href":"https:\/\/www.quebec-elan.org\/fr\/wp-json\/wp\/v2\/media\/40013"}],"wp:attachment":[{"href":"https:\/\/www.quebec-elan.org\/fr\/wp-json\/wp\/v2\/media?parent=40072"}],"wp:term":[{"taxonomy":"category","embeddable":true,"href":"https:\/\/www.quebec-elan.org\/fr\/wp-json\/wp\/v2\/categories?post=40072"},{"taxonomy":"post_tag","embeddable":true,"href":"https:\/\/www.quebec-elan.org\/fr\/wp-json\/wp\/v2\/tags?post=40072"}],"curies":[{"name":"wp","href":"https:\/\/api.w.org\/{rel}","templated":true}]}}