{"id":40078,"date":"2021-10-28T23:53:32","date_gmt":"2021-10-28T23:53:32","guid":{"rendered":"https:\/\/www.quebec-elan.org\/2021\/10\/28\/arted-delan-participera-a-une-nouvelle-initiative-concernant-la-sante-mentale-des-jeunes\/"},"modified":"2021-10-29T01:28:03","modified_gmt":"2021-10-29T01:28:03","slug":"arted-delan-participera-a-une-nouvelle-initiative-concernant-la-sante-mentale-des-jeunes","status":"publish","type":"post","link":"https:\/\/www.quebec-elan.org\/fr\/arted-delan-participera-a-une-nouvelle-initiative-concernant-la-sante-mentale-des-jeunes\/","title":{"rendered":"ArtEd d\u2019ELAN participera \u00e0 une nouvelle initiative concernant la sant\u00e9 mentale des jeunes"},"content":{"rendered":"\n<style type=\"text\/css\" data-created_by=\"avia_inline_auto\" id=\"style-css-av-kv74ib31-6c7f1e59bfaf700b1201f7340a1c2f14\">\n#top .av-special-heading.av-kv74ib31-6c7f1e59bfaf700b1201f7340a1c2f14{\npadding-bottom:10px;\n}\nbody .av-special-heading.av-kv74ib31-6c7f1e59bfaf700b1201f7340a1c2f14 .av-special-heading-tag .heading-char{\nfont-size:25px;\n}\n.av-special-heading.av-kv74ib31-6c7f1e59bfaf700b1201f7340a1c2f14 .av-subheading{\nfont-size:15px;\n}\n<\/style>\n<div  class='av-special-heading av-kv74ib31-6c7f1e59bfaf700b1201f7340a1c2f14 av-special-heading-h1 blockquote modern-quote modern-centered  avia-builder-el-0  el_before_av_hr  avia-builder-el-first '><h1 class='av-special-heading-tag '  itemprop=\"headline\"  >Le programme Art\/\u00c9ducation d\u2019ELAN participera \u00e0 une nouvelle initiative concernant la sant\u00e9 mentale des jeunes, financ\u00e9e par le gouvernement provincial<\/h1><div class='av-subheading av-subheading_below'><p>Le r\u00f4le des artistes enseignants dans le soutien \u00e0 la sant\u00e9 mentale des jeunes \u00e0 travers des activit\u00e9s de promotion et d&rsquo;autonomisation.<\/p>\n<\/div><div class=\"special-heading-border\"><div class=\"special-heading-inner-border\"><\/div><\/div><\/div>\n\n<style type=\"text\/css\" data-created_by=\"avia_inline_auto\" id=\"style-css-av-kv75j0x9-ba379b9133756493a491bf274f78526f\">\n#top .hr.hr-invisible.av-kv75j0x9-ba379b9133756493a491bf274f78526f{\nheight:75px;\n}\n<\/style>\n<div  class='hr av-kv75j0x9-ba379b9133756493a491bf274f78526f hr-invisible  avia-builder-el-1  el_after_av_heading  el_before_av_textblock '><span class='hr-inner '><span class=\"hr-inner-style\"><\/span><\/span><\/div>\n<section  class='av_textblock_section av-kv755wqn-a34f8f3785c2bf04d6d71c130b0cf7d7 '   itemscope=\"itemscope\" itemtype=\"https:\/\/schema.org\/BlogPosting\" itemprop=\"blogPost\" ><div class='avia_textblock'  itemprop=\"text\" ><p><img decoding=\"async\" class=\"alignleft\" src=\"https:\/\/www.quebec-elan.org\/wp-content\/uploads\/2021\/10\/CHSSN-image-for-ELAN-news-232x300.png\" \/>Nous sommes heureux d\u2019annoncer que le programme <a href=\"https:\/\/www.quebec-elan.org\/art-ed\/\" target=\"_blank\" rel=\"noopener\">ArtEd<\/a> d\u2019ELAN a \u00e9t\u00e9 invit\u00e9 \u00e0 participer \u00e0 une initiative concernant la sant\u00e9 mentale des jeunes, financ\u00e9e sur trois ans par la Fondation Lucie &amp; Andr\u00e9 Chagnon et le Secr\u00e9tariat \u00e0 la Jeunesse du gouvernement du Qu\u00e9bec. L\u2019objectif global du projet, g\u00e9r\u00e9 par le R\u00e9seau communautaire de sant\u00e9 et de services sociaux (CHSSN), est de :<\/p>\n<p>\u00ab Am\u00e9liorer l\u2019acc\u00e8s aux ressources et services en sant\u00e9 mentale pour les jeunes Qu\u00e9b\u00e9cois anglophones de 15 \u00e0 29 ans afin de mieux r\u00e9pondre \u00e0 leurs besoins, notamment ceux exacerb\u00e9s par la pand\u00e9mie de COVID-19. \u00bb<\/p>\n<p>Le programme Art\/\u00c9ducation s\u2019impliquera notamment en collaborant avec d\u2019autres organismes qui, \u00e0 travers la province, ont pour mandat d\u2019expliquer et de promouvoir le r\u00f4le des artistes enseignants pour la sant\u00e9 mentale des jeunes \u00e0 travers les arts. Nous utiliserons <strong><a href=\"https:\/\/artistsinspire.ca\/youth-mental-health-screen-2.pdf\" target=\"_blank\" rel=\"noopener\">le guide cr\u00e9\u00e9 par la professeure Tiina Kukkonen<\/a><\/strong> pour montrer \u00e0 nos autres partenaires comment mettre en \u0153uvre des projets impliquant des exp\u00e9riences artistiques et culturelles.<\/p>\n<p>Tous les artistes qui travailleront avec des jeunes \u00e2g\u00e9s de 15 \u00e0 29 ans avant mars 2022 sont invit\u00e9s \u00e0 participer aux communaut\u00e9s d\u2019apprentissage que nous organiserons.<\/p>\n<ul>\n<li>Le cachet de participation \u00e0 un taux minimum de 75 $\/heure comprendra des lectures pr\u00e9paratoires, 3 ou 4 s\u00e9ances zoom interactives et la soumission de commentaires et de donn\u00e9es n\u00e9cessaires pour notre rapport sur le travail de l\u2019artiste avec les jeunes.<\/li>\n<\/ul>\n<p>Si vous n\u2019\u00eates pas d\u00e9j\u00e0 un artiste enseignant inscrit sur artistsinspire.ca, veuillez communiquer avec nous avant le <strong>10 novembre<\/strong> pour \u00eatre inclus dans le processus de candidature. Courriel : <a href=\"mailto:artistsinspiregrants@quebec-elan.org\">artistsinspiregrants@quebec-elan.org <\/a>. L\u2019objectif des communaut\u00e9s d\u2019apprentissage est de faire en sorte que les artistes enseignants se sentent soutenus, connect\u00e9s, responsabilis\u00e9s et confiants dans leur travail avec les jeunes.<\/p>\n<\/div><\/section>\n\n","protected":false},"excerpt":{"rendered":"","protected":false},"author":234,"featured_media":39869,"comment_status":"closed","ping_status":"closed","sticky":false,"template":"","format":"standard","meta":{"footnotes":""},"categories":[496,2,483,489],"tags":[],"class_list":["post-40078","post","type-post","status-publish","format-standard","has-post-thumbnail","hentry","category-ace-stories-fr","category-non-classifiee","category-nouvelles-fr","category-project-news"],"yoast_head":"<!-- This site is optimized with the Yoast SEO plugin v27.4 - https:\/\/yoast.com\/product\/yoast-seo-wordpress\/ -->\n<title>ArtEd d\u2019ELAN participera \u00e0 une nouvelle initiative concernant la sant\u00e9 mentale des jeunes - ELAN<\/title>\n<meta name=\"description\" content=\"A not-for-profit organization that connects, supports, and creates opportunities for English-speaking artists and cultural workers of all disciplines from every region of Quebec.\" \/>\n<meta name=\"robots\" content=\"index, follow, max-snippet:-1, max-image-preview:large, max-video-preview:-1\" \/>\n<link rel=\"canonical\" href=\"https:\/\/www.quebec-elan.org\/fr\/arted-delan-participera-a-une-nouvelle-initiative-concernant-la-sante-mentale-des-jeunes\/\" \/>\n<meta property=\"og:locale\" content=\"fr_FR\" \/>\n<meta property=\"og:type\" content=\"article\" \/>\n<meta property=\"og:title\" content=\"ArtEd d\u2019ELAN participera \u00e0 une nouvelle initiative concernant la sant\u00e9 mentale des jeunes - ELAN\" \/>\n<meta property=\"og:description\" content=\"A not-for-profit organization that connects, supports, and creates opportunities for English-speaking artists and cultural workers of all disciplines from every region of Quebec.\" \/>\n<meta property=\"og:url\" content=\"https:\/\/www.quebec-elan.org\/fr\/arted-delan-participera-a-une-nouvelle-initiative-concernant-la-sante-mentale-des-jeunes\/\" \/>\n<meta property=\"og:site_name\" content=\"ELAN\" \/>\n<meta property=\"article:published_time\" content=\"2021-10-28T23:53:32+00:00\" \/>\n<meta property=\"article:modified_time\" content=\"2021-10-29T01:28:03+00:00\" \/>\n<meta property=\"og:image\" content=\"https:\/\/www.quebec-elan.org\/wp-content\/uploads\/2021\/10\/CHSSN-image-for-ELAN-news.png\" \/>\n\t<meta property=\"og:image:width\" content=\"1120\" \/>\n\t<meta property=\"og:image:height\" content=\"1450\" \/>\n\t<meta property=\"og:image:type\" content=\"image\/png\" \/>\n<meta name=\"author\" content=\"Andre Elan Quebec\" \/>\n<meta name=\"twitter:card\" content=\"summary_large_image\" \/>\n<meta name=\"twitter:label1\" content=\"\u00c9crit par\" \/>\n\t<meta name=\"twitter:data1\" content=\"Andre Elan Quebec\" \/>\n\t<meta name=\"twitter:label2\" content=\"Dur\u00e9e de lecture estim\u00e9e\" \/>\n\t<meta name=\"twitter:data2\" content=\"3 minutes\" \/>\n<script type=\"application\/ld+json\" class=\"yoast-schema-graph\">{\"@context\":\"https:\\\/\\\/schema.org\",\"@graph\":[{\"@type\":\"Article\",\"@id\":\"https:\\\/\\\/www.quebec-elan.org\\\/fr\\\/arted-delan-participera-a-une-nouvelle-initiative-concernant-la-sante-mentale-des-jeunes\\\/#article\",\"isPartOf\":{\"@id\":\"https:\\\/\\\/www.quebec-elan.org\\\/fr\\\/arted-delan-participera-a-une-nouvelle-initiative-concernant-la-sante-mentale-des-jeunes\\\/\"},\"author\":{\"name\":\"Andre Elan Quebec\",\"@id\":\"https:\\\/\\\/www.quebec-elan.org\\\/en\\\/#\\\/schema\\\/person\\\/4aaafbe7c737c481f7cc144f5237888f\"},\"headline\":\"ArtEd d\u2019ELAN participera \u00e0 une nouvelle initiative concernant la sant\u00e9 mentale des jeunes\",\"datePublished\":\"2021-10-28T23:53:32+00:00\",\"dateModified\":\"2021-10-29T01:28:03+00:00\",\"mainEntityOfPage\":{\"@id\":\"https:\\\/\\\/www.quebec-elan.org\\\/fr\\\/arted-delan-participera-a-une-nouvelle-initiative-concernant-la-sante-mentale-des-jeunes\\\/\"},\"wordCount\":558,\"publisher\":{\"@id\":\"https:\\\/\\\/www.quebec-elan.org\\\/en\\\/#organization\"},\"image\":{\"@id\":\"https:\\\/\\\/www.quebec-elan.org\\\/fr\\\/arted-delan-participera-a-une-nouvelle-initiative-concernant-la-sante-mentale-des-jeunes\\\/#primaryimage\"},\"thumbnailUrl\":\"https:\\\/\\\/www.quebec-elan.org\\\/wp-content\\\/uploads\\\/2021\\\/10\\\/CHSSN-image-for-ELAN-news.png\",\"articleSection\":[\"ACE: Stories\",\"Non classifi\u00e9(e)\",\"Nouvelles\",\"Project News\"],\"inLanguage\":\"fr-FR\"},{\"@type\":\"WebPage\",\"@id\":\"https:\\\/\\\/www.quebec-elan.org\\\/fr\\\/arted-delan-participera-a-une-nouvelle-initiative-concernant-la-sante-mentale-des-jeunes\\\/\",\"url\":\"https:\\\/\\\/www.quebec-elan.org\\\/fr\\\/arted-delan-participera-a-une-nouvelle-initiative-concernant-la-sante-mentale-des-jeunes\\\/\",\"name\":\"ArtEd d\u2019ELAN participera \u00e0 une nouvelle initiative concernant la sant\u00e9 mentale des jeunes - ELAN\",\"isPartOf\":{\"@id\":\"https:\\\/\\\/www.quebec-elan.org\\\/en\\\/#website\"},\"primaryImageOfPage\":{\"@id\":\"https:\\\/\\\/www.quebec-elan.org\\\/fr\\\/arted-delan-participera-a-une-nouvelle-initiative-concernant-la-sante-mentale-des-jeunes\\\/#primaryimage\"},\"image\":{\"@id\":\"https:\\\/\\\/www.quebec-elan.org\\\/fr\\\/arted-delan-participera-a-une-nouvelle-initiative-concernant-la-sante-mentale-des-jeunes\\\/#primaryimage\"},\"thumbnailUrl\":\"https:\\\/\\\/www.quebec-elan.org\\\/wp-content\\\/uploads\\\/2021\\\/10\\\/CHSSN-image-for-ELAN-news.png\",\"datePublished\":\"2021-10-28T23:53:32+00:00\",\"dateModified\":\"2021-10-29T01:28:03+00:00\",\"description\":\"A not-for-profit organization that connects, supports, and creates opportunities for English-speaking artists and cultural workers of all disciplines from every region of Quebec.\",\"breadcrumb\":{\"@id\":\"https:\\\/\\\/www.quebec-elan.org\\\/fr\\\/arted-delan-participera-a-une-nouvelle-initiative-concernant-la-sante-mentale-des-jeunes\\\/#breadcrumb\"},\"inLanguage\":\"fr-FR\",\"potentialAction\":[{\"@type\":\"ReadAction\",\"target\":[\"https:\\\/\\\/www.quebec-elan.org\\\/fr\\\/arted-delan-participera-a-une-nouvelle-initiative-concernant-la-sante-mentale-des-jeunes\\\/\"]}]},{\"@type\":\"ImageObject\",\"inLanguage\":\"fr-FR\",\"@id\":\"https:\\\/\\\/www.quebec-elan.org\\\/fr\\\/arted-delan-participera-a-une-nouvelle-initiative-concernant-la-sante-mentale-des-jeunes\\\/#primaryimage\",\"url\":\"https:\\\/\\\/www.quebec-elan.org\\\/wp-content\\\/uploads\\\/2021\\\/10\\\/CHSSN-image-for-ELAN-news.png\",\"contentUrl\":\"https:\\\/\\\/www.quebec-elan.org\\\/wp-content\\\/uploads\\\/2021\\\/10\\\/CHSSN-image-for-ELAN-news.png\",\"width\":1120,\"height\":1450,\"caption\":\"Cover Page for Supporting Youth through mental health initiatives report. Image features the title and watercolour paintings of orange and green leaves\"},{\"@type\":\"BreadcrumbList\",\"@id\":\"https:\\\/\\\/www.quebec-elan.org\\\/fr\\\/arted-delan-participera-a-une-nouvelle-initiative-concernant-la-sante-mentale-des-jeunes\\\/#breadcrumb\",\"itemListElement\":[{\"@type\":\"ListItem\",\"position\":1,\"name\":\"Home\",\"item\":\"https:\\\/\\\/www.quebec-elan.org\\\/fr\\\/\"},{\"@type\":\"ListItem\",\"position\":2,\"name\":\"ArtEd d\u2019ELAN participera \u00e0 une nouvelle initiative concernant la sant\u00e9 mentale des jeunes\"}]},{\"@type\":\"WebSite\",\"@id\":\"https:\\\/\\\/www.quebec-elan.org\\\/en\\\/#website\",\"url\":\"https:\\\/\\\/www.quebec-elan.org\\\/en\\\/\",\"name\":\"ELAN\",\"description\":\"English Language Arts Network\",\"publisher\":{\"@id\":\"https:\\\/\\\/www.quebec-elan.org\\\/en\\\/#organization\"},\"potentialAction\":[{\"@type\":\"SearchAction\",\"target\":{\"@type\":\"EntryPoint\",\"urlTemplate\":\"https:\\\/\\\/www.quebec-elan.org\\\/en\\\/?s={search_term_string}\"},\"query-input\":{\"@type\":\"PropertyValueSpecification\",\"valueRequired\":true,\"valueName\":\"search_term_string\"}}],\"inLanguage\":\"fr-FR\"},{\"@type\":\"Organization\",\"@id\":\"https:\\\/\\\/www.quebec-elan.org\\\/en\\\/#organization\",\"name\":\"ELAN - English Language Arts Network\",\"url\":\"https:\\\/\\\/www.quebec-elan.org\\\/en\\\/\",\"logo\":{\"@type\":\"ImageObject\",\"inLanguage\":\"fr-FR\",\"@id\":\"https:\\\/\\\/www.quebec-elan.org\\\/en\\\/#\\\/schema\\\/logo\\\/image\\\/\",\"url\":\"https:\\\/\\\/www.quebec-elan.org\\\/wp-content\\\/uploads\\\/2022\\\/05\\\/elan-logo-360.jpg\",\"contentUrl\":\"https:\\\/\\\/www.quebec-elan.org\\\/wp-content\\\/uploads\\\/2022\\\/05\\\/elan-logo-360.jpg\",\"width\":360,\"height\":70,\"caption\":\"ELAN - English Language Arts Network\"},\"image\":{\"@id\":\"https:\\\/\\\/www.quebec-elan.org\\\/en\\\/#\\\/schema\\\/logo\\\/image\\\/\"}},{\"@type\":\"Person\",\"@id\":\"https:\\\/\\\/www.quebec-elan.org\\\/en\\\/#\\\/schema\\\/person\\\/4aaafbe7c737c481f7cc144f5237888f\",\"name\":\"Andre Elan Quebec\",\"image\":{\"@type\":\"ImageObject\",\"inLanguage\":\"fr-FR\",\"@id\":\"https:\\\/\\\/secure.gravatar.com\\\/avatar\\\/7ea082d3d909c4cb837bac18df8ab3523b4a3b6bc196bc83d5ca7f186807bf4e?s=96&d=mm&r=g\",\"url\":\"https:\\\/\\\/secure.gravatar.com\\\/avatar\\\/7ea082d3d909c4cb837bac18df8ab3523b4a3b6bc196bc83d5ca7f186807bf4e?s=96&d=mm&r=g\",\"contentUrl\":\"https:\\\/\\\/secure.gravatar.com\\\/avatar\\\/7ea082d3d909c4cb837bac18df8ab3523b4a3b6bc196bc83d5ca7f186807bf4e?s=96&d=mm&r=g\",\"caption\":\"Andre Elan Quebec\"},\"description\":\"The English-Language Arts Network (ELAN) is a not-for-profit organization that connects, supports, and creates opportunities for Quebec\u2019s English-speaking artists and arts communities. ELAN members are individuals and organizations from a wide array of artistic disciplines, cultural and geographic backgrounds, and linguistic and cultural communities. Together this network reflects an evolving Qu\u00e9bec identity and celebrates the province\u2019s cultural, artistic, and social diversity.\",\"url\":\"https:\\\/\\\/www.quebec-elan.org\\\/fr\\\/author\\\/elan-quebec\\\/\"}]}<\/script>\n<!-- \/ Yoast SEO plugin. -->","yoast_head_json":{"title":"ArtEd d\u2019ELAN participera \u00e0 une nouvelle initiative concernant la sant\u00e9 mentale des jeunes - ELAN","description":"A not-for-profit organization that connects, supports, and creates opportunities for English-speaking artists and cultural workers of all disciplines from every region of Quebec.","robots":{"index":"index","follow":"follow","max-snippet":"max-snippet:-1","max-image-preview":"max-image-preview:large","max-video-preview":"max-video-preview:-1"},"canonical":"https:\/\/www.quebec-elan.org\/fr\/arted-delan-participera-a-une-nouvelle-initiative-concernant-la-sante-mentale-des-jeunes\/","og_locale":"fr_FR","og_type":"article","og_title":"ArtEd d\u2019ELAN participera \u00e0 une nouvelle initiative concernant la sant\u00e9 mentale des jeunes - ELAN","og_description":"A not-for-profit organization that connects, supports, and creates opportunities for English-speaking artists and cultural workers of all disciplines from every region of Quebec.","og_url":"https:\/\/www.quebec-elan.org\/fr\/arted-delan-participera-a-une-nouvelle-initiative-concernant-la-sante-mentale-des-jeunes\/","og_site_name":"ELAN","article_published_time":"2021-10-28T23:53:32+00:00","article_modified_time":"2021-10-29T01:28:03+00:00","og_image":[{"width":1120,"height":1450,"url":"https:\/\/www.quebec-elan.org\/wp-content\/uploads\/2021\/10\/CHSSN-image-for-ELAN-news.png","type":"image\/png"}],"author":"Andre Elan Quebec","twitter_card":"summary_large_image","twitter_misc":{"\u00c9crit par":"Andre Elan Quebec","Dur\u00e9e de lecture estim\u00e9e":"3 minutes"},"schema":{"@context":"https:\/\/schema.org","@graph":[{"@type":"Article","@id":"https:\/\/www.quebec-elan.org\/fr\/arted-delan-participera-a-une-nouvelle-initiative-concernant-la-sante-mentale-des-jeunes\/#article","isPartOf":{"@id":"https:\/\/www.quebec-elan.org\/fr\/arted-delan-participera-a-une-nouvelle-initiative-concernant-la-sante-mentale-des-jeunes\/"},"author":{"name":"Andre Elan Quebec","@id":"https:\/\/www.quebec-elan.org\/en\/#\/schema\/person\/4aaafbe7c737c481f7cc144f5237888f"},"headline":"ArtEd d\u2019ELAN participera \u00e0 une nouvelle initiative concernant la sant\u00e9 mentale des jeunes","datePublished":"2021-10-28T23:53:32+00:00","dateModified":"2021-10-29T01:28:03+00:00","mainEntityOfPage":{"@id":"https:\/\/www.quebec-elan.org\/fr\/arted-delan-participera-a-une-nouvelle-initiative-concernant-la-sante-mentale-des-jeunes\/"},"wordCount":558,"publisher":{"@id":"https:\/\/www.quebec-elan.org\/en\/#organization"},"image":{"@id":"https:\/\/www.quebec-elan.org\/fr\/arted-delan-participera-a-une-nouvelle-initiative-concernant-la-sante-mentale-des-jeunes\/#primaryimage"},"thumbnailUrl":"https:\/\/www.quebec-elan.org\/wp-content\/uploads\/2021\/10\/CHSSN-image-for-ELAN-news.png","articleSection":["ACE: Stories","Non classifi\u00e9(e)","Nouvelles","Project News"],"inLanguage":"fr-FR"},{"@type":"WebPage","@id":"https:\/\/www.quebec-elan.org\/fr\/arted-delan-participera-a-une-nouvelle-initiative-concernant-la-sante-mentale-des-jeunes\/","url":"https:\/\/www.quebec-elan.org\/fr\/arted-delan-participera-a-une-nouvelle-initiative-concernant-la-sante-mentale-des-jeunes\/","name":"ArtEd d\u2019ELAN participera \u00e0 une nouvelle initiative concernant la sant\u00e9 mentale des jeunes - ELAN","isPartOf":{"@id":"https:\/\/www.quebec-elan.org\/en\/#website"},"primaryImageOfPage":{"@id":"https:\/\/www.quebec-elan.org\/fr\/arted-delan-participera-a-une-nouvelle-initiative-concernant-la-sante-mentale-des-jeunes\/#primaryimage"},"image":{"@id":"https:\/\/www.quebec-elan.org\/fr\/arted-delan-participera-a-une-nouvelle-initiative-concernant-la-sante-mentale-des-jeunes\/#primaryimage"},"thumbnailUrl":"https:\/\/www.quebec-elan.org\/wp-content\/uploads\/2021\/10\/CHSSN-image-for-ELAN-news.png","datePublished":"2021-10-28T23:53:32+00:00","dateModified":"2021-10-29T01:28:03+00:00","description":"A not-for-profit organization that connects, supports, and creates opportunities for English-speaking artists and cultural workers of all disciplines from every region of Quebec.","breadcrumb":{"@id":"https:\/\/www.quebec-elan.org\/fr\/arted-delan-participera-a-une-nouvelle-initiative-concernant-la-sante-mentale-des-jeunes\/#breadcrumb"},"inLanguage":"fr-FR","potentialAction":[{"@type":"ReadAction","target":["https:\/\/www.quebec-elan.org\/fr\/arted-delan-participera-a-une-nouvelle-initiative-concernant-la-sante-mentale-des-jeunes\/"]}]},{"@type":"ImageObject","inLanguage":"fr-FR","@id":"https:\/\/www.quebec-elan.org\/fr\/arted-delan-participera-a-une-nouvelle-initiative-concernant-la-sante-mentale-des-jeunes\/#primaryimage","url":"https:\/\/www.quebec-elan.org\/wp-content\/uploads\/2021\/10\/CHSSN-image-for-ELAN-news.png","contentUrl":"https:\/\/www.quebec-elan.org\/wp-content\/uploads\/2021\/10\/CHSSN-image-for-ELAN-news.png","width":1120,"height":1450,"caption":"Cover Page for Supporting Youth through mental health initiatives report. Image features the title and watercolour paintings of orange and green leaves"},{"@type":"BreadcrumbList","@id":"https:\/\/www.quebec-elan.org\/fr\/arted-delan-participera-a-une-nouvelle-initiative-concernant-la-sante-mentale-des-jeunes\/#breadcrumb","itemListElement":[{"@type":"ListItem","position":1,"name":"Home","item":"https:\/\/www.quebec-elan.org\/fr\/"},{"@type":"ListItem","position":2,"name":"ArtEd d\u2019ELAN participera \u00e0 une nouvelle initiative concernant la sant\u00e9 mentale des jeunes"}]},{"@type":"WebSite","@id":"https:\/\/www.quebec-elan.org\/en\/#website","url":"https:\/\/www.quebec-elan.org\/en\/","name":"ELAN","description":"English Language Arts Network","publisher":{"@id":"https:\/\/www.quebec-elan.org\/en\/#organization"},"potentialAction":[{"@type":"SearchAction","target":{"@type":"EntryPoint","urlTemplate":"https:\/\/www.quebec-elan.org\/en\/?s={search_term_string}"},"query-input":{"@type":"PropertyValueSpecification","valueRequired":true,"valueName":"search_term_string"}}],"inLanguage":"fr-FR"},{"@type":"Organization","@id":"https:\/\/www.quebec-elan.org\/en\/#organization","name":"ELAN - English Language Arts Network","url":"https:\/\/www.quebec-elan.org\/en\/","logo":{"@type":"ImageObject","inLanguage":"fr-FR","@id":"https:\/\/www.quebec-elan.org\/en\/#\/schema\/logo\/image\/","url":"https:\/\/www.quebec-elan.org\/wp-content\/uploads\/2022\/05\/elan-logo-360.jpg","contentUrl":"https:\/\/www.quebec-elan.org\/wp-content\/uploads\/2022\/05\/elan-logo-360.jpg","width":360,"height":70,"caption":"ELAN - English Language Arts Network"},"image":{"@id":"https:\/\/www.quebec-elan.org\/en\/#\/schema\/logo\/image\/"}},{"@type":"Person","@id":"https:\/\/www.quebec-elan.org\/en\/#\/schema\/person\/4aaafbe7c737c481f7cc144f5237888f","name":"Andre Elan Quebec","image":{"@type":"ImageObject","inLanguage":"fr-FR","@id":"https:\/\/secure.gravatar.com\/avatar\/7ea082d3d909c4cb837bac18df8ab3523b4a3b6bc196bc83d5ca7f186807bf4e?s=96&d=mm&r=g","url":"https:\/\/secure.gravatar.com\/avatar\/7ea082d3d909c4cb837bac18df8ab3523b4a3b6bc196bc83d5ca7f186807bf4e?s=96&d=mm&r=g","contentUrl":"https:\/\/secure.gravatar.com\/avatar\/7ea082d3d909c4cb837bac18df8ab3523b4a3b6bc196bc83d5ca7f186807bf4e?s=96&d=mm&r=g","caption":"Andre Elan Quebec"},"description":"The English-Language Arts Network (ELAN) is a not-for-profit organization that connects, supports, and creates opportunities for Quebec\u2019s English-speaking artists and arts communities. ELAN members are individuals and organizations from a wide array of artistic disciplines, cultural and geographic backgrounds, and linguistic and cultural communities. Together this network reflects an evolving Qu\u00e9bec identity and celebrates the province\u2019s cultural, artistic, and social diversity.","url":"https:\/\/www.quebec-elan.org\/fr\/author\/elan-quebec\/"}]}},"_links":{"self":[{"href":"https:\/\/www.quebec-elan.org\/fr\/wp-json\/wp\/v2\/posts\/40078","targetHints":{"allow":["GET"]}}],"collection":[{"href":"https:\/\/www.quebec-elan.org\/fr\/wp-json\/wp\/v2\/posts"}],"about":[{"href":"https:\/\/www.quebec-elan.org\/fr\/wp-json\/wp\/v2\/types\/post"}],"author":[{"embeddable":true,"href":"https:\/\/www.quebec-elan.org\/fr\/wp-json\/wp\/v2\/users\/234"}],"replies":[{"embeddable":true,"href":"https:\/\/www.quebec-elan.org\/fr\/wp-json\/wp\/v2\/comments?post=40078"}],"version-history":[{"count":5,"href":"https:\/\/www.quebec-elan.org\/fr\/wp-json\/wp\/v2\/posts\/40078\/revisions"}],"predecessor-version":[{"id":40105,"href":"https:\/\/www.quebec-elan.org\/fr\/wp-json\/wp\/v2\/posts\/40078\/revisions\/40105"}],"wp:featuredmedia":[{"embeddable":true,"href":"https:\/\/www.quebec-elan.org\/fr\/wp-json\/wp\/v2\/media\/39869"}],"wp:attachment":[{"href":"https:\/\/www.quebec-elan.org\/fr\/wp-json\/wp\/v2\/media?parent=40078"}],"wp:term":[{"taxonomy":"category","embeddable":true,"href":"https:\/\/www.quebec-elan.org\/fr\/wp-json\/wp\/v2\/categories?post=40078"},{"taxonomy":"post_tag","embeddable":true,"href":"https:\/\/www.quebec-elan.org\/fr\/wp-json\/wp\/v2\/tags?post=40078"}],"curies":[{"name":"wp","href":"https:\/\/api.w.org\/{rel}","templated":true}]}}