{"id":40100,"date":"2021-10-29T01:27:44","date_gmt":"2021-10-29T01:27:44","guid":{"rendered":"https:\/\/www.quebec-elan.org\/2021\/10\/29\/waves-of-change-vagues-de-changement\/"},"modified":"2021-10-29T01:27:45","modified_gmt":"2021-10-29T01:27:45","slug":"waves-of-change-vagues-de-changement","status":"publish","type":"post","link":"https:\/\/www.quebec-elan.org\/fr\/waves-of-change-vagues-de-changement\/","title":{"rendered":"Waves of Change (Vagues de changement)"},"content":{"rendered":"<div  class='flex_column av-av_one_fifth-d846867a37b468541bc8830743d44203 av_one_fifth  avia-builder-el-0  el_before_av_three_fifth  avia-builder-el-first  first flex_column_div  '     ><\/div>\n<div  class='flex_column av-av_three_fifth-337486787960716147ecfb4074cb91c6 av_three_fifth  avia-builder-el-1  el_after_av_one_fifth  el_before_av_one_fifth  flex_column_div  '     ><style type=\"text\/css\" data-created_by=\"avia_inline_auto\" id=\"style-css-av-kvbolmab-85a552905a1495c61514d2440a7373d2\">\n#top .av-special-heading.av-kvbolmab-85a552905a1495c61514d2440a7373d2{\npadding-bottom:10px;\n}\nbody .av-special-heading.av-kvbolmab-85a552905a1495c61514d2440a7373d2 .av-special-heading-tag .heading-char{\nfont-size:25px;\n}\n.av-special-heading.av-kvbolmab-85a552905a1495c61514d2440a7373d2 .av-subheading{\nfont-size:15px;\n}\n<\/style>\n<div  class='av-special-heading av-kvbolmab-85a552905a1495c61514d2440a7373d2 av-special-heading-h1 blockquote modern-quote modern-centered  avia-builder-el-2  avia-builder-el-no-sibling '><h1 class='av-special-heading-tag '  itemprop=\"headline\"  >Waves of Change, novembre 2021<\/h1><div class='av-subheading av-subheading_below'><p>MAtv, YouTube et un documentaire!<\/p>\n<\/div><div class=\"special-heading-border\"><div class=\"special-heading-inner-border\"><\/div><\/div><\/div><\/div><div  class='flex_column av-av_one_fifth-337486787960716147ecfb4074cb91c6 av_one_fifth  avia-builder-el-3  el_after_av_three_fifth  el_before_av_one_fifth  flex_column_div  '     ><\/div><\/p>\n<div  class='flex_column av-av_one_fifth-d846867a37b468541bc8830743d44203 av_one_fifth  avia-builder-el-4  el_after_av_one_fifth  el_before_av_three_fifth  first flex_column_div  column-top-margin'     ><\/div>\n<div  class='flex_column av-kvbmvew9-8ac05a52c8f31ff3db887b7f58841f9e av_three_fifth  avia-builder-el-5  el_after_av_one_fifth  avia-builder-el-last  flex_column_div  column-top-margin'     ><p>\n<style type=\"text\/css\" data-created_by=\"avia_inline_auto\" id=\"style-css-av-kvbouqde-6aee960bed5660eeeb6c99be6f88ed08\">\n#top .avia-gallery.av-kvbouqde-6aee960bed5660eeeb6c99be6f88ed08 .avia-gallery-thumb a{\nwidth:33.3333%;\n}\n<\/style>\n<div  class='avia-gallery av-kvbouqde-6aee960bed5660eeeb6c99be6f88ed08 avia_animate_when_visible  avia-builder-el-6  el_before_av_textblock  avia-builder-el-first  avia_lazyload avia-gallery-animate avia-gallery-1'  itemprop=\"image\" itemscope=\"itemscope\" itemtype=\"https:\/\/schema.org\/ImageObject\" ><meta itemprop=\"contentURL\" content=\"https:\/\/www.quebec-elan.org\/fr\/waves-of-change-vagues-de-changement\/\"><div class='avia-gallery-thumb'><a href=\"https:\/\/www.quebec-elan.org\/wp-content\/uploads\/2021\/10\/20210919_100341-1030x579.jpg\" data-srcset=\"https:\/\/www.quebec-elan.org\/wp-content\/uploads\/2021\/10\/20210919_100341-1030x579.jpg 1030w, https:\/\/www.quebec-elan.org\/wp-content\/uploads\/2021\/10\/20210919_100341-scaled-600x338.jpg 600w, https:\/\/www.quebec-elan.org\/wp-content\/uploads\/2021\/10\/20210919_100341-300x169.jpg 300w, https:\/\/www.quebec-elan.org\/wp-content\/uploads\/2021\/10\/20210919_100341-768x432.jpg 768w, https:\/\/www.quebec-elan.org\/wp-content\/uploads\/2021\/10\/20210919_100341-1536x864.jpg 1536w, https:\/\/www.quebec-elan.org\/wp-content\/uploads\/2021\/10\/20210919_100341-2048x1152.jpg 2048w, https:\/\/www.quebec-elan.org\/wp-content\/uploads\/2021\/10\/20210919_100341-1500x844.jpg 1500w, https:\/\/www.quebec-elan.org\/wp-content\/uploads\/2021\/10\/20210919_100341-705x397.jpg 705w, https:\/\/www.quebec-elan.org\/wp-content\/uploads\/2021\/10\/20210919_100341-scaled.jpg 1450w\" data-sizes=\"(max-width: 1030px) 100vw, 1030px\" data-rel='gallery-1' data-prev-img='https:\/\/www.quebec-elan.org\/wp-content\/uploads\/2021\/10\/20210919_100341-495x400.jpg' class='first_thumb lightbox ' data-onclick='1' title='20210919_100341'  itemprop=\"thumbnailUrl\"  ><img fetchpriority=\"high\" decoding=\"async\" fetchpriority=\"high\" fetchpriority=\"high\" class=\"wp-image-40089 avia-img-lazy-loading-not-40089\"   src=\"https:\/\/www.quebec-elan.org\/wp-content\/uploads\/2021\/10\/20210919_100341-495x400.jpg\" width=\"495\" height=\"400\"  title='20210919_100341' alt='' srcset=\"https:\/\/www.quebec-elan.org\/wp-content\/uploads\/2021\/10\/20210919_100341-495x400.jpg 495w, https:\/\/www.quebec-elan.org\/wp-content\/uploads\/2021\/10\/20210919_100341-845x684.jpg 845w\" sizes=\"(max-width: 495px) 100vw, 495px\" \/><div class='big-prev-fake'><img loading=\"lazy\" decoding=\"async\" loading=\"lazy\" loading=\"lazy\" class=\"wp-image-40089 avia-img-lazy-loading-40089\"  width=\"495\" height=\"400\" src=\"https:\/\/www.quebec-elan.org\/wp-content\/uploads\/2021\/10\/20210919_100341-495x400.jpg\" title='20210919_100341' alt='' srcset=\"https:\/\/www.quebec-elan.org\/wp-content\/uploads\/2021\/10\/20210919_100341-495x400.jpg 495w, https:\/\/www.quebec-elan.org\/wp-content\/uploads\/2021\/10\/20210919_100341-845x684.jpg 845w\" sizes=\"auto, (max-width: 495px) 100vw, 495px\" \/><\/div><\/a><a href=\"https:\/\/www.quebec-elan.org\/wp-content\/uploads\/2021\/10\/20211006_154408-1030x571.jpg\" data-srcset=\"https:\/\/www.quebec-elan.org\/wp-content\/uploads\/2021\/10\/20211006_154408-1030x571.jpg 1030w, https:\/\/www.quebec-elan.org\/wp-content\/uploads\/2021\/10\/20211006_154408-scaled-600x333.jpg 600w, https:\/\/www.quebec-elan.org\/wp-content\/uploads\/2021\/10\/20211006_154408-300x166.jpg 300w, https:\/\/www.quebec-elan.org\/wp-content\/uploads\/2021\/10\/20211006_154408-768x426.jpg 768w, https:\/\/www.quebec-elan.org\/wp-content\/uploads\/2021\/10\/20211006_154408-1536x852.jpg 1536w, https:\/\/www.quebec-elan.org\/wp-content\/uploads\/2021\/10\/20211006_154408-2048x1135.jpg 2048w, https:\/\/www.quebec-elan.org\/wp-content\/uploads\/2021\/10\/20211006_154408-1500x832.jpg 1500w, https:\/\/www.quebec-elan.org\/wp-content\/uploads\/2021\/10\/20211006_154408-705x391.jpg 705w, https:\/\/www.quebec-elan.org\/wp-content\/uploads\/2021\/10\/20211006_154408-scaled.jpg 1450w\" data-sizes=\"(max-width: 1030px) 100vw, 1030px\" data-rel='gallery-1' data-prev-img='https:\/\/www.quebec-elan.org\/wp-content\/uploads\/2021\/10\/20211006_154408-495x400.jpg' class='lightbox ' data-onclick='2' title='20211006_154408'  itemprop=\"thumbnailUrl\"  ><img fetchpriority=\"high\" decoding=\"async\" fetchpriority=\"high\" fetchpriority=\"high\" class=\"wp-image-40091 avia-img-lazy-loading-not-40091\"   src=\"https:\/\/www.quebec-elan.org\/wp-content\/uploads\/2021\/10\/20211006_154408-495x400.jpg\" width=\"495\" height=\"400\"  title='20211006_154408' alt='' srcset=\"https:\/\/www.quebec-elan.org\/wp-content\/uploads\/2021\/10\/20211006_154408-495x400.jpg 495w, https:\/\/www.quebec-elan.org\/wp-content\/uploads\/2021\/10\/20211006_154408-845x684.jpg 845w\" sizes=\"(max-width: 495px) 100vw, 495px\" \/><div class='big-prev-fake'><img loading=\"lazy\" decoding=\"async\" loading=\"lazy\" loading=\"lazy\" class=\"wp-image-40091 avia-img-lazy-loading-40091\"  width=\"495\" height=\"400\" src=\"https:\/\/www.quebec-elan.org\/wp-content\/uploads\/2021\/10\/20211006_154408-495x400.jpg\" title='20211006_154408' alt='' srcset=\"https:\/\/www.quebec-elan.org\/wp-content\/uploads\/2021\/10\/20211006_154408-495x400.jpg 495w, https:\/\/www.quebec-elan.org\/wp-content\/uploads\/2021\/10\/20211006_154408-845x684.jpg 845w\" sizes=\"auto, (max-width: 495px) 100vw, 495px\" \/><\/div><\/a><a href=\"https:\/\/www.quebec-elan.org\/wp-content\/uploads\/2021\/10\/Betty-9-1030x676.jpg\" data-srcset=\"https:\/\/www.quebec-elan.org\/wp-content\/uploads\/2021\/10\/Betty-9-1030x676.jpg 1030w, https:\/\/www.quebec-elan.org\/wp-content\/uploads\/2021\/10\/Betty-9-scaled-600x394.jpg 600w, https:\/\/www.quebec-elan.org\/wp-content\/uploads\/2021\/10\/Betty-9-300x197.jpg 300w, https:\/\/www.quebec-elan.org\/wp-content\/uploads\/2021\/10\/Betty-9-768x504.jpg 768w, https:\/\/www.quebec-elan.org\/wp-content\/uploads\/2021\/10\/Betty-9-1536x1008.jpg 1536w, https:\/\/www.quebec-elan.org\/wp-content\/uploads\/2021\/10\/Betty-9-1500x984.jpg 1500w, https:\/\/www.quebec-elan.org\/wp-content\/uploads\/2021\/10\/Betty-9-705x463.jpg 705w, https:\/\/www.quebec-elan.org\/wp-content\/uploads\/2021\/10\/Betty-9-scaled.jpg 1450w\" data-sizes=\"(max-width: 1030px) 100vw, 1030px\" data-rel='gallery-1' data-prev-img='https:\/\/www.quebec-elan.org\/wp-content\/uploads\/2021\/10\/Betty-9-495x400.jpg' class='lightbox ' data-onclick='3' title='Betty 9'  itemprop=\"thumbnailUrl\"  ><img fetchpriority=\"high\" decoding=\"async\" fetchpriority=\"high\" fetchpriority=\"high\" class=\"wp-image-40093 avia-img-lazy-loading-not-40093\"   src=\"https:\/\/www.quebec-elan.org\/wp-content\/uploads\/2021\/10\/Betty-9-495x400.jpg\" width=\"495\" height=\"400\"  title='Betty 9' alt='' srcset=\"https:\/\/www.quebec-elan.org\/wp-content\/uploads\/2021\/10\/Betty-9-495x400.jpg 495w, https:\/\/www.quebec-elan.org\/wp-content\/uploads\/2021\/10\/Betty-9-845x684.jpg 845w\" sizes=\"(max-width: 495px) 100vw, 495px\" \/><div class='big-prev-fake'><img loading=\"lazy\" decoding=\"async\" loading=\"lazy\" loading=\"lazy\" class=\"wp-image-40093 avia-img-lazy-loading-40093\"  width=\"495\" height=\"400\" src=\"https:\/\/www.quebec-elan.org\/wp-content\/uploads\/2021\/10\/Betty-9-495x400.jpg\" title='Betty 9' alt='' srcset=\"https:\/\/www.quebec-elan.org\/wp-content\/uploads\/2021\/10\/Betty-9-495x400.jpg 495w, https:\/\/www.quebec-elan.org\/wp-content\/uploads\/2021\/10\/Betty-9-845x684.jpg 845w\" sizes=\"auto, (max-width: 495px) 100vw, 495px\" \/><\/div><\/a><\/div><\/div><br \/>\n<section  class='av_textblock_section av-kvboqlys-c8f68c4e1c3082d23363ac3f5ef9f981 '   itemscope=\"itemscope\" itemtype=\"https:\/\/schema.org\/BlogPosting\" itemprop=\"blogPost\" ><div class='avia_textblock'  itemprop=\"text\" ><p>Le 21 septembre dernier, MAtv a commenc\u00e9 \u00e0 diffuser les six \u00e9pisodes de la s\u00e9rie <em>Waves of Change<\/em> (<em>Vagues de changement<\/em>) produite par ELAN. Des versions longues de ces vid\u00e9os sont disponibles sur le site web de MAtv pour une dur\u00e9e limit\u00e9e. <a href=\"https:\/\/matv.ca\/montreal\/mes-emissions\/waves-of-change\/the-sixth-wave-you-just-have-to-find-them\" target=\"_blank\" rel=\"noopener\"><strong>On peut les voir ici<\/strong><\/a>.<\/p>\n<p>On peut \u00e9galement voir les vid\u00e9os longues sur la cha\u00eene YouTube d&rsquo;ELAN. <strong><a href=\"https:\/\/www.youtube.com\/playlist?list=PL1S8IjzLBWuiB4OGu_Q38QHvSuVr2HYCz\" target=\"_blank\" rel=\"noopener\">Cliquez ici pour voir les deux premiers \u00e9pisodes<\/a><\/strong> : La pr\u00e9sence anglophone d\u2019avant 1945 \u2013 <strong>Colliding Solitudes<\/strong>, et Les allophones de l\u2019apr\u00e8s-guerre, 1945-70 \u2013 <strong>Le Vote Ethnique<\/strong>.<\/p>\n<p>Le R\u00e9seau du patrimoine anglophone du Qu\u00e9bec (RPAQ) a publi\u00e9 dans le num\u00e9ro d&rsquo;automne de <strong><em>Quebec Heritage News<\/em><\/strong> un article sur les d\u00e9fis li\u00e9s \u00e0 la cr\u00e9ation du projet <em>Waves of Change<\/em>, et la Soci\u00e9t\u00e9 litt\u00e9raire et historique de Qu\u00e9bec a publi\u00e9 une entrevue avec le r\u00e9alisateur du projet, Guy Rex Rodgers, dans le num\u00e9ro d\u2019automne du magazine <strong>Society Pages<\/strong>.<\/p>\n<p>ELAN a re\u00e7u une subvention du Secr\u00e9tariat aux relations avec les Qu\u00e9b\u00e9cois d&rsquo;expression anglaise pour mener la deuxi\u00e8me phase du projet, un long m\u00e9trage documentaire intitul\u00e9 <strong><em>What We Choose to Remember<\/em> (<em>Ce que nous choisissons de garder en\u00a0 m\u00e9moire)<\/em><\/strong>. En septembre, nous avons men\u00e9 des entrevues dans la rue pour savoir si les Montr\u00e9alais connaissent bien l\u2019histoire de leur ville, et au d\u00e9but d\u2019octobre, nous avons film\u00e9 des sections de la narration sur la rue Sainte-Catherine. Le sc\u00e9nariste\/r\u00e9alisateur Guy Rex Rodgers a termin\u00e9 le sc\u00e9nario et nous avons commenc\u00e9 le montage du film, qui sera lanc\u00e9 en mars prochain. D\u2019ici les F\u00eates, nous aurons des nouvelles importantes \u00e0 vous communiquer \u00e0 propos de <strong><em>What We Choose to Remember<\/em><\/strong>.<\/p>\n<\/div><\/section><\/p><\/div>\n","protected":false},"excerpt":{"rendered":"","protected":false},"author":234,"featured_media":0,"comment_status":"closed","ping_status":"closed","sticky":false,"template":"","format":"standard","meta":{"footnotes":""},"categories":[2,489,482],"tags":[],"class_list":["post-40100","post","type-post","status-publish","format-standard","hentry","category-non-classifiee","category-project-news","category-vagues-de-changement-fr"],"yoast_head":"<!-- This site is optimized with the Yoast SEO plugin v27.5 - https:\/\/yoast.com\/product\/yoast-seo-wordpress\/ -->\n<title>Waves of Change (Vagues de changement) - ELAN<\/title>\n<meta name=\"description\" content=\"A not-for-profit organization that connects, supports, and creates opportunities for English-speaking artists and cultural workers of all disciplines from every region of Quebec.\" \/>\n<meta name=\"robots\" content=\"index, follow, max-snippet:-1, max-image-preview:large, max-video-preview:-1\" \/>\n<link rel=\"canonical\" href=\"https:\/\/www.quebec-elan.org\/fr\/waves-of-change-vagues-de-changement\/\" \/>\n<meta property=\"og:locale\" content=\"fr_FR\" \/>\n<meta property=\"og:type\" content=\"article\" \/>\n<meta property=\"og:title\" content=\"Waves of Change (Vagues de changement) - ELAN\" \/>\n<meta property=\"og:description\" content=\"A not-for-profit organization that connects, supports, and creates opportunities for English-speaking artists and cultural workers of all disciplines from every region of Quebec.\" \/>\n<meta property=\"og:url\" content=\"https:\/\/www.quebec-elan.org\/fr\/waves-of-change-vagues-de-changement\/\" \/>\n<meta property=\"og:site_name\" content=\"ELAN\" \/>\n<meta property=\"article:published_time\" content=\"2021-10-29T01:27:44+00:00\" \/>\n<meta property=\"article:modified_time\" content=\"2021-10-29T01:27:45+00:00\" \/>\n<meta name=\"author\" content=\"Andre Elan Quebec\" \/>\n<meta name=\"twitter:card\" content=\"summary_large_image\" \/>\n<meta name=\"twitter:label1\" content=\"\u00c9crit par\" \/>\n\t<meta name=\"twitter:data1\" content=\"Andre Elan Quebec\" \/>\n\t<meta name=\"twitter:label2\" content=\"Dur\u00e9e de lecture estim\u00e9e\" \/>\n\t<meta name=\"twitter:data2\" content=\"8 minutes\" \/>\n<script type=\"application\/ld+json\" class=\"yoast-schema-graph\">{\"@context\":\"https:\\\/\\\/schema.org\",\"@graph\":[{\"@type\":\"Article\",\"@id\":\"https:\\\/\\\/www.quebec-elan.org\\\/fr\\\/waves-of-change-vagues-de-changement\\\/#article\",\"isPartOf\":{\"@id\":\"https:\\\/\\\/www.quebec-elan.org\\\/fr\\\/waves-of-change-vagues-de-changement\\\/\"},\"author\":{\"name\":\"Andre Elan Quebec\",\"@id\":\"https:\\\/\\\/www.quebec-elan.org\\\/en\\\/#\\\/schema\\\/person\\\/4aaafbe7c737c481f7cc144f5237888f\"},\"headline\":\"Waves of Change (Vagues de changement)\",\"datePublished\":\"2021-10-29T01:27:44+00:00\",\"dateModified\":\"2021-10-29T01:27:45+00:00\",\"mainEntityOfPage\":{\"@id\":\"https:\\\/\\\/www.quebec-elan.org\\\/fr\\\/waves-of-change-vagues-de-changement\\\/\"},\"wordCount\":1328,\"publisher\":{\"@id\":\"https:\\\/\\\/www.quebec-elan.org\\\/en\\\/#organization\"},\"articleSection\":[\"Non classifi\u00e9(e)\",\"Project News\",\"Vagues de changement\"],\"inLanguage\":\"fr-FR\"},{\"@type\":\"WebPage\",\"@id\":\"https:\\\/\\\/www.quebec-elan.org\\\/fr\\\/waves-of-change-vagues-de-changement\\\/\",\"url\":\"https:\\\/\\\/www.quebec-elan.org\\\/fr\\\/waves-of-change-vagues-de-changement\\\/\",\"name\":\"Waves of Change (Vagues de changement) - ELAN\",\"isPartOf\":{\"@id\":\"https:\\\/\\\/www.quebec-elan.org\\\/en\\\/#website\"},\"datePublished\":\"2021-10-29T01:27:44+00:00\",\"dateModified\":\"2021-10-29T01:27:45+00:00\",\"description\":\"A not-for-profit organization that connects, supports, and creates opportunities for English-speaking artists and cultural workers of all disciplines from every region of Quebec.\",\"breadcrumb\":{\"@id\":\"https:\\\/\\\/www.quebec-elan.org\\\/fr\\\/waves-of-change-vagues-de-changement\\\/#breadcrumb\"},\"inLanguage\":\"fr-FR\",\"potentialAction\":[{\"@type\":\"ReadAction\",\"target\":[\"https:\\\/\\\/www.quebec-elan.org\\\/fr\\\/waves-of-change-vagues-de-changement\\\/\"]}]},{\"@type\":\"BreadcrumbList\",\"@id\":\"https:\\\/\\\/www.quebec-elan.org\\\/fr\\\/waves-of-change-vagues-de-changement\\\/#breadcrumb\",\"itemListElement\":[{\"@type\":\"ListItem\",\"position\":1,\"name\":\"Home\",\"item\":\"https:\\\/\\\/www.quebec-elan.org\\\/fr\\\/\"},{\"@type\":\"ListItem\",\"position\":2,\"name\":\"Waves of Change (Vagues de changement)\"}]},{\"@type\":\"WebSite\",\"@id\":\"https:\\\/\\\/www.quebec-elan.org\\\/en\\\/#website\",\"url\":\"https:\\\/\\\/www.quebec-elan.org\\\/en\\\/\",\"name\":\"ELAN\",\"description\":\"English Language Arts Network\",\"publisher\":{\"@id\":\"https:\\\/\\\/www.quebec-elan.org\\\/en\\\/#organization\"},\"potentialAction\":[{\"@type\":\"SearchAction\",\"target\":{\"@type\":\"EntryPoint\",\"urlTemplate\":\"https:\\\/\\\/www.quebec-elan.org\\\/en\\\/?s={search_term_string}\"},\"query-input\":{\"@type\":\"PropertyValueSpecification\",\"valueRequired\":true,\"valueName\":\"search_term_string\"}}],\"inLanguage\":\"fr-FR\"},{\"@type\":\"Organization\",\"@id\":\"https:\\\/\\\/www.quebec-elan.org\\\/en\\\/#organization\",\"name\":\"ELAN - English Language Arts Network\",\"url\":\"https:\\\/\\\/www.quebec-elan.org\\\/en\\\/\",\"logo\":{\"@type\":\"ImageObject\",\"inLanguage\":\"fr-FR\",\"@id\":\"https:\\\/\\\/www.quebec-elan.org\\\/en\\\/#\\\/schema\\\/logo\\\/image\\\/\",\"url\":\"https:\\\/\\\/www.quebec-elan.org\\\/wp-content\\\/uploads\\\/2022\\\/05\\\/elan-logo-360.jpg\",\"contentUrl\":\"https:\\\/\\\/www.quebec-elan.org\\\/wp-content\\\/uploads\\\/2022\\\/05\\\/elan-logo-360.jpg\",\"width\":360,\"height\":70,\"caption\":\"ELAN - English Language Arts Network\"},\"image\":{\"@id\":\"https:\\\/\\\/www.quebec-elan.org\\\/en\\\/#\\\/schema\\\/logo\\\/image\\\/\"}},{\"@type\":\"Person\",\"@id\":\"https:\\\/\\\/www.quebec-elan.org\\\/en\\\/#\\\/schema\\\/person\\\/4aaafbe7c737c481f7cc144f5237888f\",\"name\":\"Andre Elan Quebec\",\"image\":{\"@type\":\"ImageObject\",\"inLanguage\":\"fr-FR\",\"@id\":\"https:\\\/\\\/secure.gravatar.com\\\/avatar\\\/7ea082d3d909c4cb837bac18df8ab3523b4a3b6bc196bc83d5ca7f186807bf4e?s=96&d=mm&r=g\",\"url\":\"https:\\\/\\\/secure.gravatar.com\\\/avatar\\\/7ea082d3d909c4cb837bac18df8ab3523b4a3b6bc196bc83d5ca7f186807bf4e?s=96&d=mm&r=g\",\"contentUrl\":\"https:\\\/\\\/secure.gravatar.com\\\/avatar\\\/7ea082d3d909c4cb837bac18df8ab3523b4a3b6bc196bc83d5ca7f186807bf4e?s=96&d=mm&r=g\",\"caption\":\"Andre Elan Quebec\"},\"description\":\"The English-Language Arts Network (ELAN) is a not-for-profit organization that connects, supports, and creates opportunities for Quebec\u2019s English-speaking artists and arts communities. ELAN members are individuals and organizations from a wide array of artistic disciplines, cultural and geographic backgrounds, and linguistic and cultural communities. Together this network reflects an evolving Qu\u00e9bec identity and celebrates the province\u2019s cultural, artistic, and social diversity.\",\"url\":\"https:\\\/\\\/www.quebec-elan.org\\\/fr\\\/author\\\/elan-quebec\\\/\"}]}<\/script>\n<!-- \/ Yoast SEO plugin. -->","yoast_head_json":{"title":"Waves of Change (Vagues de changement) - ELAN","description":"A not-for-profit organization that connects, supports, and creates opportunities for English-speaking artists and cultural workers of all disciplines from every region of Quebec.","robots":{"index":"index","follow":"follow","max-snippet":"max-snippet:-1","max-image-preview":"max-image-preview:large","max-video-preview":"max-video-preview:-1"},"canonical":"https:\/\/www.quebec-elan.org\/fr\/waves-of-change-vagues-de-changement\/","og_locale":"fr_FR","og_type":"article","og_title":"Waves of Change (Vagues de changement) - ELAN","og_description":"A not-for-profit organization that connects, supports, and creates opportunities for English-speaking artists and cultural workers of all disciplines from every region of Quebec.","og_url":"https:\/\/www.quebec-elan.org\/fr\/waves-of-change-vagues-de-changement\/","og_site_name":"ELAN","article_published_time":"2021-10-29T01:27:44+00:00","article_modified_time":"2021-10-29T01:27:45+00:00","author":"Andre Elan Quebec","twitter_card":"summary_large_image","twitter_misc":{"\u00c9crit par":"Andre Elan Quebec","Dur\u00e9e de lecture estim\u00e9e":"8 minutes"},"schema":{"@context":"https:\/\/schema.org","@graph":[{"@type":"Article","@id":"https:\/\/www.quebec-elan.org\/fr\/waves-of-change-vagues-de-changement\/#article","isPartOf":{"@id":"https:\/\/www.quebec-elan.org\/fr\/waves-of-change-vagues-de-changement\/"},"author":{"name":"Andre Elan Quebec","@id":"https:\/\/www.quebec-elan.org\/en\/#\/schema\/person\/4aaafbe7c737c481f7cc144f5237888f"},"headline":"Waves of Change (Vagues de changement)","datePublished":"2021-10-29T01:27:44+00:00","dateModified":"2021-10-29T01:27:45+00:00","mainEntityOfPage":{"@id":"https:\/\/www.quebec-elan.org\/fr\/waves-of-change-vagues-de-changement\/"},"wordCount":1328,"publisher":{"@id":"https:\/\/www.quebec-elan.org\/en\/#organization"},"articleSection":["Non classifi\u00e9(e)","Project News","Vagues de changement"],"inLanguage":"fr-FR"},{"@type":"WebPage","@id":"https:\/\/www.quebec-elan.org\/fr\/waves-of-change-vagues-de-changement\/","url":"https:\/\/www.quebec-elan.org\/fr\/waves-of-change-vagues-de-changement\/","name":"Waves of Change (Vagues de changement) - ELAN","isPartOf":{"@id":"https:\/\/www.quebec-elan.org\/en\/#website"},"datePublished":"2021-10-29T01:27:44+00:00","dateModified":"2021-10-29T01:27:45+00:00","description":"A not-for-profit organization that connects, supports, and creates opportunities for English-speaking artists and cultural workers of all disciplines from every region of Quebec.","breadcrumb":{"@id":"https:\/\/www.quebec-elan.org\/fr\/waves-of-change-vagues-de-changement\/#breadcrumb"},"inLanguage":"fr-FR","potentialAction":[{"@type":"ReadAction","target":["https:\/\/www.quebec-elan.org\/fr\/waves-of-change-vagues-de-changement\/"]}]},{"@type":"BreadcrumbList","@id":"https:\/\/www.quebec-elan.org\/fr\/waves-of-change-vagues-de-changement\/#breadcrumb","itemListElement":[{"@type":"ListItem","position":1,"name":"Home","item":"https:\/\/www.quebec-elan.org\/fr\/"},{"@type":"ListItem","position":2,"name":"Waves of Change (Vagues de changement)"}]},{"@type":"WebSite","@id":"https:\/\/www.quebec-elan.org\/en\/#website","url":"https:\/\/www.quebec-elan.org\/en\/","name":"ELAN","description":"English Language Arts Network","publisher":{"@id":"https:\/\/www.quebec-elan.org\/en\/#organization"},"potentialAction":[{"@type":"SearchAction","target":{"@type":"EntryPoint","urlTemplate":"https:\/\/www.quebec-elan.org\/en\/?s={search_term_string}"},"query-input":{"@type":"PropertyValueSpecification","valueRequired":true,"valueName":"search_term_string"}}],"inLanguage":"fr-FR"},{"@type":"Organization","@id":"https:\/\/www.quebec-elan.org\/en\/#organization","name":"ELAN - English Language Arts Network","url":"https:\/\/www.quebec-elan.org\/en\/","logo":{"@type":"ImageObject","inLanguage":"fr-FR","@id":"https:\/\/www.quebec-elan.org\/en\/#\/schema\/logo\/image\/","url":"https:\/\/www.quebec-elan.org\/wp-content\/uploads\/2022\/05\/elan-logo-360.jpg","contentUrl":"https:\/\/www.quebec-elan.org\/wp-content\/uploads\/2022\/05\/elan-logo-360.jpg","width":360,"height":70,"caption":"ELAN - English Language Arts Network"},"image":{"@id":"https:\/\/www.quebec-elan.org\/en\/#\/schema\/logo\/image\/"}},{"@type":"Person","@id":"https:\/\/www.quebec-elan.org\/en\/#\/schema\/person\/4aaafbe7c737c481f7cc144f5237888f","name":"Andre Elan Quebec","image":{"@type":"ImageObject","inLanguage":"fr-FR","@id":"https:\/\/secure.gravatar.com\/avatar\/7ea082d3d909c4cb837bac18df8ab3523b4a3b6bc196bc83d5ca7f186807bf4e?s=96&d=mm&r=g","url":"https:\/\/secure.gravatar.com\/avatar\/7ea082d3d909c4cb837bac18df8ab3523b4a3b6bc196bc83d5ca7f186807bf4e?s=96&d=mm&r=g","contentUrl":"https:\/\/secure.gravatar.com\/avatar\/7ea082d3d909c4cb837bac18df8ab3523b4a3b6bc196bc83d5ca7f186807bf4e?s=96&d=mm&r=g","caption":"Andre Elan Quebec"},"description":"The English-Language Arts Network (ELAN) is a not-for-profit organization that connects, supports, and creates opportunities for Quebec\u2019s English-speaking artists and arts communities. ELAN members are individuals and organizations from a wide array of artistic disciplines, cultural and geographic backgrounds, and linguistic and cultural communities. Together this network reflects an evolving Qu\u00e9bec identity and celebrates the province\u2019s cultural, artistic, and social diversity.","url":"https:\/\/www.quebec-elan.org\/fr\/author\/elan-quebec\/"}]}},"_links":{"self":[{"href":"https:\/\/www.quebec-elan.org\/fr\/wp-json\/wp\/v2\/posts\/40100","targetHints":{"allow":["GET"]}}],"collection":[{"href":"https:\/\/www.quebec-elan.org\/fr\/wp-json\/wp\/v2\/posts"}],"about":[{"href":"https:\/\/www.quebec-elan.org\/fr\/wp-json\/wp\/v2\/types\/post"}],"author":[{"embeddable":true,"href":"https:\/\/www.quebec-elan.org\/fr\/wp-json\/wp\/v2\/users\/234"}],"replies":[{"embeddable":true,"href":"https:\/\/www.quebec-elan.org\/fr\/wp-json\/wp\/v2\/comments?post=40100"}],"version-history":[{"count":2,"href":"https:\/\/www.quebec-elan.org\/fr\/wp-json\/wp\/v2\/posts\/40100\/revisions"}],"predecessor-version":[{"id":40102,"href":"https:\/\/www.quebec-elan.org\/fr\/wp-json\/wp\/v2\/posts\/40100\/revisions\/40102"}],"wp:attachment":[{"href":"https:\/\/www.quebec-elan.org\/fr\/wp-json\/wp\/v2\/media?parent=40100"}],"wp:term":[{"taxonomy":"category","embeddable":true,"href":"https:\/\/www.quebec-elan.org\/fr\/wp-json\/wp\/v2\/categories?post=40100"},{"taxonomy":"post_tag","embeddable":true,"href":"https:\/\/www.quebec-elan.org\/fr\/wp-json\/wp\/v2\/tags?post=40100"}],"curies":[{"name":"wp","href":"https:\/\/api.w.org\/{rel}","templated":true}]}}