{"id":40529,"date":"2022-01-27T12:06:30","date_gmt":"2022-01-27T17:06:30","guid":{"rendered":"https:\/\/www.quebec-elan.org\/2022\/01\/27\/lettre-du-directeur-general-sortant\/"},"modified":"2022-01-27T12:29:55","modified_gmt":"2022-01-27T17:29:55","slug":"lettre-du-directeur-general-sortant","status":"publish","type":"post","link":"https:\/\/www.quebec-elan.org\/fr\/lettre-du-directeur-general-sortant\/","title":{"rendered":"Lettre du directeur g\u00e9n\u00e9ral sortant"},"content":{"rendered":"<h4><img fetchpriority=\"high\" decoding=\"async\" class=\"alignnone wp-image-40532 aligncenter\" src=\"https:\/\/www.quebec-elan.org\/wp-content\/uploads\/2022\/01\/Guy-collage-300x214.jpg\" alt=\"\" width=\"520\" height=\"370\" srcset=\"https:\/\/www.quebec-elan.org\/wp-content\/uploads\/2022\/01\/Guy-collage-300x214.jpg 300w, https:\/\/www.quebec-elan.org\/wp-content\/uploads\/2022\/01\/Guy-collage-scaled-600x428.jpg 600w, https:\/\/www.quebec-elan.org\/wp-content\/uploads\/2022\/01\/Guy-collage-1030x735.jpg 1030w, https:\/\/www.quebec-elan.org\/wp-content\/uploads\/2022\/01\/Guy-collage-768x548.jpg 768w, https:\/\/www.quebec-elan.org\/wp-content\/uploads\/2022\/01\/Guy-collage-1536x1097.jpg 1536w, https:\/\/www.quebec-elan.org\/wp-content\/uploads\/2022\/01\/Guy-collage-1500x1071.jpg 1500w, https:\/\/www.quebec-elan.org\/wp-content\/uploads\/2022\/01\/Guy-collage-260x185.jpg 260w, https:\/\/www.quebec-elan.org\/wp-content\/uploads\/2022\/01\/Guy-collage-705x503.jpg 705w, https:\/\/www.quebec-elan.org\/wp-content\/uploads\/2022\/01\/Guy-collage-scaled.jpg 1450w\" sizes=\"(max-width: 520px) 100vw, 520px\" \/><\/h4>\n<p>&nbsp;<\/p>\n<p><strong>\u00a0<\/strong><\/p>\n<p>Quand je vous ai dit au revoir en mars dernier, apr\u00e8s avoir pass\u00e9 17 ans \u00e0 travailler pour qu\u2019ELAN ne soit plus simplement une bonne id\u00e9e mais l\u2019organisme dynamique qu\u2019il est aujourd\u2019hui, ce fut un moment \u00e9mouvant, comme le sont toujours les derniers adieux. Je ne m&rsquo;attendais certainement pas \u00e0 revenir \u00e0 titre de directeur int\u00e9rimaire, mais ce fut un plaisir de renouer avec de vieux amis et d\u2019accueillir de nouveaux membres dans l\u2019\u00e9quipe.<\/p>\n<p>&nbsp;<\/p>\n<p>J\u2019ai souvent compar\u00e9 les artistes aux travailleurs de la sant\u00e9 et aux enseignants, dont le travail est essentiel au bien-\u00eatre de l\u2019humanit\u00e9 mais qui demeure pourtant sous-\u00e9valu\u00e9 et sous-estim\u00e9. On ne re\u00e7oit pas d\u2019applaudissements \u00e0 la fin de la journ\u00e9e. Cette pand\u00e9mie de COVID a d\u00e9montr\u00e9 plus clairement que jamais la valeur des services de soutien. En tant qu\u2019organisme de services artistiques, ELAN a r\u00e9ussi \u00e0 soutenir sa communaut\u00e9 de nombreuses mani\u00e8res concr\u00e8tes et utiles. Deborah, Nick et Swati, les piliers d\u2019ELAN, ont \u00e9t\u00e9 rejoints par Vanessa, Lauren, Francisco, Iso et Julio pour former une nouvelle \u00e9quipe qui, en collaboration avec notre d\u00e9vou\u00e9 conseil d\u2019administration, soutiendra nos membres alors qu\u2019il nous faut repenser et reconstruire le secteur des arts de l\u2019apr\u00e8s-COVID.<\/p>\n<p>&nbsp;<\/p>\n<p>Pour ma part, je vais reprendre ma route l\u00e0 o\u00f9 j\u2019en \u00e9tais au moment de quitter ELAN. Ma priorit\u00e9 premi\u00e8re est de terminer la r\u00e9alisation du documentaire <em>What We Choose To Remember <\/em>(<em>Ce dont nous voulons nous souvenir<\/em>), qui sera pr\u00e9sent\u00e9 en premi\u00e8re au festival du film d\u2019Hudson ce printemps. Ce troisi\u00e8me et (peut-\u00eatre ?) dernier volet du projet <a href=\"https:\/\/wavesofchangequebec.ca\/Documentaries\" target=\"_blank\" rel=\"noopener\"><em>Waves of Change<\/em><\/a> (<em>Vagues de changement<\/em>), qui porte sur l\u2019identit\u00e9 et le sentiment d\u2019appartenance de la communaut\u00e9 anglophone du Qu\u00e9bec, est un documentaire d\u2019une heure que j\u2019\u00e9cris et r\u00e9alise pour la CBC. Je continuerai d\u2019\u00eatre actif \u00e0 titre de membre d&rsquo;ELAN et d\u2019applaudir le travail pr\u00e9cieux de notre formidable \u00e9quipe.<\/p>\n<p>&nbsp;<\/p>\n<p><strong>Guy Rex Rodgers<\/strong><\/p>\n<p>Ancien directeur ex\u00e9cutif d\u2019ELAN<\/p>\n","protected":false},"excerpt":{"rendered":"<p>&nbsp; \u00a0 Quand je vous ai dit au revoir en mars dernier, apr\u00e8s avoir pass\u00e9 17 ans \u00e0 travailler pour qu\u2019ELAN ne soit plus simplement une bonne id\u00e9e mais l\u2019organisme dynamique qu\u2019il est aujourd\u2019hui, ce fut un moment \u00e9mouvant, comme le sont toujours les derniers adieux. Je ne m&rsquo;attendais certainement pas \u00e0 revenir \u00e0 titre [&hellip;]<\/p>\n","protected":false},"author":234,"featured_media":40522,"comment_status":"closed","ping_status":"closed","sticky":false,"template":"","format":"standard","meta":{"footnotes":""},"categories":[497,2,483],"tags":[],"class_list":["post-40529","post","type-post","status-publish","format-standard","has-post-thumbnail","hentry","category-directors-letter-fr","category-non-classifiee","category-nouvelles-fr"],"yoast_head":"<!-- This site is optimized with the Yoast SEO plugin v27.5 - https:\/\/yoast.com\/product\/yoast-seo-wordpress\/ -->\n<title>Lettre du directeur g\u00e9n\u00e9ral sortant - ELAN<\/title>\n<meta name=\"description\" content=\"A not-for-profit organization that connects, supports, and creates opportunities for English-speaking artists and cultural workers of all disciplines from every region of Quebec.\" \/>\n<meta name=\"robots\" content=\"index, follow, max-snippet:-1, max-image-preview:large, max-video-preview:-1\" \/>\n<link rel=\"canonical\" href=\"https:\/\/www.quebec-elan.org\/fr\/lettre-du-directeur-general-sortant\/\" \/>\n<meta property=\"og:locale\" content=\"fr_FR\" \/>\n<meta property=\"og:type\" content=\"article\" \/>\n<meta property=\"og:title\" content=\"Lettre du directeur g\u00e9n\u00e9ral sortant - ELAN\" \/>\n<meta property=\"og:description\" content=\"A not-for-profit organization that connects, supports, and creates opportunities for English-speaking artists and cultural workers of all disciplines from every region of Quebec.\" \/>\n<meta property=\"og:url\" content=\"https:\/\/www.quebec-elan.org\/fr\/lettre-du-directeur-general-sortant\/\" \/>\n<meta property=\"og:site_name\" content=\"ELAN\" \/>\n<meta property=\"article:published_time\" content=\"2022-01-27T17:06:30+00:00\" \/>\n<meta property=\"article:modified_time\" content=\"2022-01-27T17:29:55+00:00\" \/>\n<meta property=\"og:image\" content=\"https:\/\/www.quebec-elan.org\/wp-content\/uploads\/2022\/01\/Guy-Banner-scaled.jpg\" \/>\n\t<meta property=\"og:image:width\" content=\"1450\" \/>\n\t<meta property=\"og:image:height\" content=\"1035\" \/>\n\t<meta property=\"og:image:type\" content=\"image\/jpeg\" \/>\n<meta name=\"author\" content=\"Andre Elan Quebec\" \/>\n<meta name=\"twitter:card\" content=\"summary_large_image\" \/>\n<meta name=\"twitter:label1\" content=\"\u00c9crit par\" \/>\n\t<meta name=\"twitter:data1\" content=\"Andre Elan Quebec\" \/>\n\t<meta name=\"twitter:label2\" content=\"Dur\u00e9e de lecture estim\u00e9e\" \/>\n\t<meta name=\"twitter:data2\" content=\"2 minutes\" \/>\n<script type=\"application\/ld+json\" class=\"yoast-schema-graph\">{\"@context\":\"https:\\\/\\\/schema.org\",\"@graph\":[{\"@type\":\"Article\",\"@id\":\"https:\\\/\\\/www.quebec-elan.org\\\/fr\\\/lettre-du-directeur-general-sortant\\\/#article\",\"isPartOf\":{\"@id\":\"https:\\\/\\\/www.quebec-elan.org\\\/fr\\\/lettre-du-directeur-general-sortant\\\/\"},\"author\":{\"name\":\"Andre Elan Quebec\",\"@id\":\"https:\\\/\\\/www.quebec-elan.org\\\/en\\\/#\\\/schema\\\/person\\\/4aaafbe7c737c481f7cc144f5237888f\"},\"headline\":\"Lettre du directeur g\u00e9n\u00e9ral sortant\",\"datePublished\":\"2022-01-27T17:06:30+00:00\",\"dateModified\":\"2022-01-27T17:29:55+00:00\",\"mainEntityOfPage\":{\"@id\":\"https:\\\/\\\/www.quebec-elan.org\\\/fr\\\/lettre-du-directeur-general-sortant\\\/\"},\"wordCount\":363,\"publisher\":{\"@id\":\"https:\\\/\\\/www.quebec-elan.org\\\/en\\\/#organization\"},\"image\":{\"@id\":\"https:\\\/\\\/www.quebec-elan.org\\\/fr\\\/lettre-du-directeur-general-sortant\\\/#primaryimage\"},\"thumbnailUrl\":\"https:\\\/\\\/www.quebec-elan.org\\\/wp-content\\\/uploads\\\/2022\\\/01\\\/Guy-Banner-scaled.jpg\",\"articleSection\":[\"Director's Letter\",\"Non classifi\u00e9(e)\",\"Nouvelles\"],\"inLanguage\":\"fr-FR\"},{\"@type\":\"WebPage\",\"@id\":\"https:\\\/\\\/www.quebec-elan.org\\\/fr\\\/lettre-du-directeur-general-sortant\\\/\",\"url\":\"https:\\\/\\\/www.quebec-elan.org\\\/fr\\\/lettre-du-directeur-general-sortant\\\/\",\"name\":\"Lettre du directeur g\u00e9n\u00e9ral sortant - ELAN\",\"isPartOf\":{\"@id\":\"https:\\\/\\\/www.quebec-elan.org\\\/en\\\/#website\"},\"primaryImageOfPage\":{\"@id\":\"https:\\\/\\\/www.quebec-elan.org\\\/fr\\\/lettre-du-directeur-general-sortant\\\/#primaryimage\"},\"image\":{\"@id\":\"https:\\\/\\\/www.quebec-elan.org\\\/fr\\\/lettre-du-directeur-general-sortant\\\/#primaryimage\"},\"thumbnailUrl\":\"https:\\\/\\\/www.quebec-elan.org\\\/wp-content\\\/uploads\\\/2022\\\/01\\\/Guy-Banner-scaled.jpg\",\"datePublished\":\"2022-01-27T17:06:30+00:00\",\"dateModified\":\"2022-01-27T17:29:55+00:00\",\"description\":\"A not-for-profit organization that connects, supports, and creates opportunities for English-speaking artists and cultural workers of all disciplines from every region of Quebec.\",\"breadcrumb\":{\"@id\":\"https:\\\/\\\/www.quebec-elan.org\\\/fr\\\/lettre-du-directeur-general-sortant\\\/#breadcrumb\"},\"inLanguage\":\"fr-FR\",\"potentialAction\":[{\"@type\":\"ReadAction\",\"target\":[\"https:\\\/\\\/www.quebec-elan.org\\\/fr\\\/lettre-du-directeur-general-sortant\\\/\"]}]},{\"@type\":\"ImageObject\",\"inLanguage\":\"fr-FR\",\"@id\":\"https:\\\/\\\/www.quebec-elan.org\\\/fr\\\/lettre-du-directeur-general-sortant\\\/#primaryimage\",\"url\":\"https:\\\/\\\/www.quebec-elan.org\\\/wp-content\\\/uploads\\\/2022\\\/01\\\/Guy-Banner-scaled.jpg\",\"contentUrl\":\"https:\\\/\\\/www.quebec-elan.org\\\/wp-content\\\/uploads\\\/2022\\\/01\\\/Guy-Banner-scaled.jpg\",\"width\":1450,\"height\":1035},{\"@type\":\"BreadcrumbList\",\"@id\":\"https:\\\/\\\/www.quebec-elan.org\\\/fr\\\/lettre-du-directeur-general-sortant\\\/#breadcrumb\",\"itemListElement\":[{\"@type\":\"ListItem\",\"position\":1,\"name\":\"Home\",\"item\":\"https:\\\/\\\/www.quebec-elan.org\\\/fr\\\/\"},{\"@type\":\"ListItem\",\"position\":2,\"name\":\"Lettre du directeur g\u00e9n\u00e9ral sortant\"}]},{\"@type\":\"WebSite\",\"@id\":\"https:\\\/\\\/www.quebec-elan.org\\\/en\\\/#website\",\"url\":\"https:\\\/\\\/www.quebec-elan.org\\\/en\\\/\",\"name\":\"ELAN\",\"description\":\"English Language Arts Network\",\"publisher\":{\"@id\":\"https:\\\/\\\/www.quebec-elan.org\\\/en\\\/#organization\"},\"potentialAction\":[{\"@type\":\"SearchAction\",\"target\":{\"@type\":\"EntryPoint\",\"urlTemplate\":\"https:\\\/\\\/www.quebec-elan.org\\\/en\\\/?s={search_term_string}\"},\"query-input\":{\"@type\":\"PropertyValueSpecification\",\"valueRequired\":true,\"valueName\":\"search_term_string\"}}],\"inLanguage\":\"fr-FR\"},{\"@type\":\"Organization\",\"@id\":\"https:\\\/\\\/www.quebec-elan.org\\\/en\\\/#organization\",\"name\":\"ELAN - English Language Arts Network\",\"url\":\"https:\\\/\\\/www.quebec-elan.org\\\/en\\\/\",\"logo\":{\"@type\":\"ImageObject\",\"inLanguage\":\"fr-FR\",\"@id\":\"https:\\\/\\\/www.quebec-elan.org\\\/en\\\/#\\\/schema\\\/logo\\\/image\\\/\",\"url\":\"https:\\\/\\\/www.quebec-elan.org\\\/wp-content\\\/uploads\\\/2022\\\/05\\\/elan-logo-360.jpg\",\"contentUrl\":\"https:\\\/\\\/www.quebec-elan.org\\\/wp-content\\\/uploads\\\/2022\\\/05\\\/elan-logo-360.jpg\",\"width\":360,\"height\":70,\"caption\":\"ELAN - English Language Arts Network\"},\"image\":{\"@id\":\"https:\\\/\\\/www.quebec-elan.org\\\/en\\\/#\\\/schema\\\/logo\\\/image\\\/\"}},{\"@type\":\"Person\",\"@id\":\"https:\\\/\\\/www.quebec-elan.org\\\/en\\\/#\\\/schema\\\/person\\\/4aaafbe7c737c481f7cc144f5237888f\",\"name\":\"Andre Elan Quebec\",\"image\":{\"@type\":\"ImageObject\",\"inLanguage\":\"fr-FR\",\"@id\":\"https:\\\/\\\/secure.gravatar.com\\\/avatar\\\/7ea082d3d909c4cb837bac18df8ab3523b4a3b6bc196bc83d5ca7f186807bf4e?s=96&d=mm&r=g\",\"url\":\"https:\\\/\\\/secure.gravatar.com\\\/avatar\\\/7ea082d3d909c4cb837bac18df8ab3523b4a3b6bc196bc83d5ca7f186807bf4e?s=96&d=mm&r=g\",\"contentUrl\":\"https:\\\/\\\/secure.gravatar.com\\\/avatar\\\/7ea082d3d909c4cb837bac18df8ab3523b4a3b6bc196bc83d5ca7f186807bf4e?s=96&d=mm&r=g\",\"caption\":\"Andre Elan Quebec\"},\"description\":\"The English-Language Arts Network (ELAN) is a not-for-profit organization that connects, supports, and creates opportunities for Quebec\u2019s English-speaking artists and arts communities. ELAN members are individuals and organizations from a wide array of artistic disciplines, cultural and geographic backgrounds, and linguistic and cultural communities. Together this network reflects an evolving Qu\u00e9bec identity and celebrates the province\u2019s cultural, artistic, and social diversity.\",\"url\":\"https:\\\/\\\/www.quebec-elan.org\\\/fr\\\/author\\\/elan-quebec\\\/\"}]}<\/script>\n<!-- \/ Yoast SEO plugin. -->","yoast_head_json":{"title":"Lettre du directeur g\u00e9n\u00e9ral sortant - ELAN","description":"A not-for-profit organization that connects, supports, and creates opportunities for English-speaking artists and cultural workers of all disciplines from every region of Quebec.","robots":{"index":"index","follow":"follow","max-snippet":"max-snippet:-1","max-image-preview":"max-image-preview:large","max-video-preview":"max-video-preview:-1"},"canonical":"https:\/\/www.quebec-elan.org\/fr\/lettre-du-directeur-general-sortant\/","og_locale":"fr_FR","og_type":"article","og_title":"Lettre du directeur g\u00e9n\u00e9ral sortant - ELAN","og_description":"A not-for-profit organization that connects, supports, and creates opportunities for English-speaking artists and cultural workers of all disciplines from every region of Quebec.","og_url":"https:\/\/www.quebec-elan.org\/fr\/lettre-du-directeur-general-sortant\/","og_site_name":"ELAN","article_published_time":"2022-01-27T17:06:30+00:00","article_modified_time":"2022-01-27T17:29:55+00:00","og_image":[{"width":1450,"height":1035,"url":"https:\/\/www.quebec-elan.org\/wp-content\/uploads\/2022\/01\/Guy-Banner-scaled.jpg","type":"image\/jpeg"}],"author":"Andre Elan Quebec","twitter_card":"summary_large_image","twitter_misc":{"\u00c9crit par":"Andre Elan Quebec","Dur\u00e9e de lecture estim\u00e9e":"2 minutes"},"schema":{"@context":"https:\/\/schema.org","@graph":[{"@type":"Article","@id":"https:\/\/www.quebec-elan.org\/fr\/lettre-du-directeur-general-sortant\/#article","isPartOf":{"@id":"https:\/\/www.quebec-elan.org\/fr\/lettre-du-directeur-general-sortant\/"},"author":{"name":"Andre Elan Quebec","@id":"https:\/\/www.quebec-elan.org\/en\/#\/schema\/person\/4aaafbe7c737c481f7cc144f5237888f"},"headline":"Lettre du directeur g\u00e9n\u00e9ral sortant","datePublished":"2022-01-27T17:06:30+00:00","dateModified":"2022-01-27T17:29:55+00:00","mainEntityOfPage":{"@id":"https:\/\/www.quebec-elan.org\/fr\/lettre-du-directeur-general-sortant\/"},"wordCount":363,"publisher":{"@id":"https:\/\/www.quebec-elan.org\/en\/#organization"},"image":{"@id":"https:\/\/www.quebec-elan.org\/fr\/lettre-du-directeur-general-sortant\/#primaryimage"},"thumbnailUrl":"https:\/\/www.quebec-elan.org\/wp-content\/uploads\/2022\/01\/Guy-Banner-scaled.jpg","articleSection":["Director's Letter","Non classifi\u00e9(e)","Nouvelles"],"inLanguage":"fr-FR"},{"@type":"WebPage","@id":"https:\/\/www.quebec-elan.org\/fr\/lettre-du-directeur-general-sortant\/","url":"https:\/\/www.quebec-elan.org\/fr\/lettre-du-directeur-general-sortant\/","name":"Lettre du directeur g\u00e9n\u00e9ral sortant - ELAN","isPartOf":{"@id":"https:\/\/www.quebec-elan.org\/en\/#website"},"primaryImageOfPage":{"@id":"https:\/\/www.quebec-elan.org\/fr\/lettre-du-directeur-general-sortant\/#primaryimage"},"image":{"@id":"https:\/\/www.quebec-elan.org\/fr\/lettre-du-directeur-general-sortant\/#primaryimage"},"thumbnailUrl":"https:\/\/www.quebec-elan.org\/wp-content\/uploads\/2022\/01\/Guy-Banner-scaled.jpg","datePublished":"2022-01-27T17:06:30+00:00","dateModified":"2022-01-27T17:29:55+00:00","description":"A not-for-profit organization that connects, supports, and creates opportunities for English-speaking artists and cultural workers of all disciplines from every region of Quebec.","breadcrumb":{"@id":"https:\/\/www.quebec-elan.org\/fr\/lettre-du-directeur-general-sortant\/#breadcrumb"},"inLanguage":"fr-FR","potentialAction":[{"@type":"ReadAction","target":["https:\/\/www.quebec-elan.org\/fr\/lettre-du-directeur-general-sortant\/"]}]},{"@type":"ImageObject","inLanguage":"fr-FR","@id":"https:\/\/www.quebec-elan.org\/fr\/lettre-du-directeur-general-sortant\/#primaryimage","url":"https:\/\/www.quebec-elan.org\/wp-content\/uploads\/2022\/01\/Guy-Banner-scaled.jpg","contentUrl":"https:\/\/www.quebec-elan.org\/wp-content\/uploads\/2022\/01\/Guy-Banner-scaled.jpg","width":1450,"height":1035},{"@type":"BreadcrumbList","@id":"https:\/\/www.quebec-elan.org\/fr\/lettre-du-directeur-general-sortant\/#breadcrumb","itemListElement":[{"@type":"ListItem","position":1,"name":"Home","item":"https:\/\/www.quebec-elan.org\/fr\/"},{"@type":"ListItem","position":2,"name":"Lettre du directeur g\u00e9n\u00e9ral sortant"}]},{"@type":"WebSite","@id":"https:\/\/www.quebec-elan.org\/en\/#website","url":"https:\/\/www.quebec-elan.org\/en\/","name":"ELAN","description":"English Language Arts Network","publisher":{"@id":"https:\/\/www.quebec-elan.org\/en\/#organization"},"potentialAction":[{"@type":"SearchAction","target":{"@type":"EntryPoint","urlTemplate":"https:\/\/www.quebec-elan.org\/en\/?s={search_term_string}"},"query-input":{"@type":"PropertyValueSpecification","valueRequired":true,"valueName":"search_term_string"}}],"inLanguage":"fr-FR"},{"@type":"Organization","@id":"https:\/\/www.quebec-elan.org\/en\/#organization","name":"ELAN - English Language Arts Network","url":"https:\/\/www.quebec-elan.org\/en\/","logo":{"@type":"ImageObject","inLanguage":"fr-FR","@id":"https:\/\/www.quebec-elan.org\/en\/#\/schema\/logo\/image\/","url":"https:\/\/www.quebec-elan.org\/wp-content\/uploads\/2022\/05\/elan-logo-360.jpg","contentUrl":"https:\/\/www.quebec-elan.org\/wp-content\/uploads\/2022\/05\/elan-logo-360.jpg","width":360,"height":70,"caption":"ELAN - English Language Arts Network"},"image":{"@id":"https:\/\/www.quebec-elan.org\/en\/#\/schema\/logo\/image\/"}},{"@type":"Person","@id":"https:\/\/www.quebec-elan.org\/en\/#\/schema\/person\/4aaafbe7c737c481f7cc144f5237888f","name":"Andre Elan Quebec","image":{"@type":"ImageObject","inLanguage":"fr-FR","@id":"https:\/\/secure.gravatar.com\/avatar\/7ea082d3d909c4cb837bac18df8ab3523b4a3b6bc196bc83d5ca7f186807bf4e?s=96&d=mm&r=g","url":"https:\/\/secure.gravatar.com\/avatar\/7ea082d3d909c4cb837bac18df8ab3523b4a3b6bc196bc83d5ca7f186807bf4e?s=96&d=mm&r=g","contentUrl":"https:\/\/secure.gravatar.com\/avatar\/7ea082d3d909c4cb837bac18df8ab3523b4a3b6bc196bc83d5ca7f186807bf4e?s=96&d=mm&r=g","caption":"Andre Elan Quebec"},"description":"The English-Language Arts Network (ELAN) is a not-for-profit organization that connects, supports, and creates opportunities for Quebec\u2019s English-speaking artists and arts communities. ELAN members are individuals and organizations from a wide array of artistic disciplines, cultural and geographic backgrounds, and linguistic and cultural communities. Together this network reflects an evolving Qu\u00e9bec identity and celebrates the province\u2019s cultural, artistic, and social diversity.","url":"https:\/\/www.quebec-elan.org\/fr\/author\/elan-quebec\/"}]}},"_links":{"self":[{"href":"https:\/\/www.quebec-elan.org\/fr\/wp-json\/wp\/v2\/posts\/40529","targetHints":{"allow":["GET"]}}],"collection":[{"href":"https:\/\/www.quebec-elan.org\/fr\/wp-json\/wp\/v2\/posts"}],"about":[{"href":"https:\/\/www.quebec-elan.org\/fr\/wp-json\/wp\/v2\/types\/post"}],"author":[{"embeddable":true,"href":"https:\/\/www.quebec-elan.org\/fr\/wp-json\/wp\/v2\/users\/234"}],"replies":[{"embeddable":true,"href":"https:\/\/www.quebec-elan.org\/fr\/wp-json\/wp\/v2\/comments?post=40529"}],"version-history":[{"count":2,"href":"https:\/\/www.quebec-elan.org\/fr\/wp-json\/wp\/v2\/posts\/40529\/revisions"}],"predecessor-version":[{"id":40541,"href":"https:\/\/www.quebec-elan.org\/fr\/wp-json\/wp\/v2\/posts\/40529\/revisions\/40541"}],"wp:featuredmedia":[{"embeddable":true,"href":"https:\/\/www.quebec-elan.org\/fr\/wp-json\/wp\/v2\/media\/40522"}],"wp:attachment":[{"href":"https:\/\/www.quebec-elan.org\/fr\/wp-json\/wp\/v2\/media?parent=40529"}],"wp:term":[{"taxonomy":"category","embeddable":true,"href":"https:\/\/www.quebec-elan.org\/fr\/wp-json\/wp\/v2\/categories?post=40529"},{"taxonomy":"post_tag","embeddable":true,"href":"https:\/\/www.quebec-elan.org\/fr\/wp-json\/wp\/v2\/tags?post=40529"}],"curies":[{"name":"wp","href":"https:\/\/api.w.org\/{rel}","templated":true}]}}