{"id":40548,"date":"2022-01-27T12:44:07","date_gmt":"2022-01-27T17:44:07","guid":{"rendered":"https:\/\/www.quebec-elan.org\/2022\/01\/27\/subventions-scolaires-artiste-inspire-soutenir-la-sante-mentale-des-jeunes-par-les-arts\/"},"modified":"2022-01-27T12:44:07","modified_gmt":"2022-01-27T17:44:07","slug":"subventions-scolaires-artiste-inspire-soutenir-la-sante-mentale-des-jeunes-par-les-arts","status":"publish","type":"post","link":"https:\/\/www.quebec-elan.org\/fr\/subventions-scolaires-artiste-inspire-soutenir-la-sante-mentale-des-jeunes-par-les-arts\/","title":{"rendered":"Subventions scolaires Artiste\/Inspire : soutenir la sant\u00e9 mentale des jeunes par les arts"},"content":{"rendered":"<p>&nbsp;<\/p>\n<p>&nbsp;<\/p>\n<p>\u00ab<em> [L\u2019artiste de Spoken Word <\/em><em>Rachel McCrum<\/em><em>] nous a tous \u00e9nergis\u00e9s en aidant les \u00e9l\u00e8ves \u00e0 d\u00e9couvrir le pouvoir des mots comme outil pour la sant\u00e9 mentale\u2026 [Plusieurs] \u00e9l\u00e8ves ont mentionn\u00e9 les ateliers virtuels de Rachel comme \u00e9tant l\u2019apprentissage le plus pr\u00e9cieux qu&rsquo;ils ont fait cette ann\u00e9e. <\/em>\u00bb Kimberly Hardy, enseignante d\u2019anglais \u00e0 l\u2019\u00e9cole secondaire r\u00e9gionale Chateauguay Valley.<\/p>\n<p>&nbsp;<\/p>\n<p>L\u2019\u00e9quipe Art\/Ed d\u2019ELAN a \u00e0 c\u0153ur de soutenir la sant\u00e9 mentale des jeunes. Pour d\u00e9couvrir les observations des enseignants sur la fa\u00e7on dont la cr\u00e9ation artistique a aid\u00e9 leurs \u00e9l\u00e8ves \u00e0 d\u00e9velopper leur r\u00e9silience et \u00e0 mieux prendre soin de leur sant\u00e9 mentale, veuillez consulter l\u2019article suivant sur le site d\u2019Artiste\/Inspire: <a href=\"https:\/\/artistsinspire.ca\/resilience-art\/\">https:\/\/artistsinspire.ca\/resilience-art\/<\/a><\/p>\n<p>&nbsp;<\/p>\n<p>Dans la section \u00ab Du point de vue de l\u2019artiste \u00bb, voici ce que l&rsquo;artiste visuelle Emily Read d\u00e9clare \u00e0 propos du projet qu\u2019elle a \u00a0r\u00e9alis\u00e9 \u00e0 l\u2019\u00e9cole primaire Carlyle <strong><a href=\"https:\/\/www.youtube.com\/watch?v=YBGJ0U36OVI&amp;list=PL1S8IjzLBWuhRqLYsGyTkQAJLczOpUn6C&amp;index=8\">Stay Connected<\/a>\u00a0<\/strong>:<\/p>\n<p>&nbsp;<\/p>\n<p><em>\u00ab Comment pouvons-nous rester connect\u00e9s dans un contexte de pand\u00e9mie mondiale ? R\u00e9unir des enseignants, des \u00e9l\u00e8ves et des artistes, que ce soit de mani\u00e8re virtuelle ou en personne, nous permet de cr\u00e9er des projets uniques et porteurs de sens. Ces exp\u00e9riences nous unissent, nous revivifient et nous inspirent ! \u00bb<\/em><\/p>\n<p>\u00cates-vous inscrits \u00e0 LinkedIn ? Nous le sommes ! <a href=\"https:\/\/www.linkedin.com\/company\/elan-quebec%E2%80%99s-arted-program\" target=\"_blank\" rel=\"noopener\"><strong>Connectez-vous avec nous ICI<\/strong><\/a> pour obtenir les derni\u00e8res nouvelles sur les projets Art\/Ed d\u2019ELAN.<\/p>\n","protected":false},"excerpt":{"rendered":"<p>&nbsp; &nbsp; \u00ab [L\u2019artiste de Spoken Word Rachel McCrum] nous a tous \u00e9nergis\u00e9s en aidant les \u00e9l\u00e8ves \u00e0 d\u00e9couvrir le pouvoir des mots comme outil pour la sant\u00e9 mentale\u2026 [Plusieurs] \u00e9l\u00e8ves ont mentionn\u00e9 les ateliers virtuels de Rachel comme \u00e9tant l\u2019apprentissage le plus pr\u00e9cieux qu&rsquo;ils ont fait cette ann\u00e9e. \u00bb Kimberly Hardy, enseignante d\u2019anglais \u00e0 [&hellip;]<\/p>\n","protected":false},"author":234,"featured_media":40544,"comment_status":"closed","ping_status":"closed","sticky":false,"template":"","format":"standard","meta":{"footnotes":""},"categories":[487,2,483,489],"tags":[],"class_list":["post-40548","post","type-post","status-publish","format-standard","has-post-thumbnail","hentry","category-elans-arted-program","category-non-classifiee","category-nouvelles-fr","category-project-news"],"yoast_head":"<!-- This site is optimized with the Yoast SEO plugin v27.5 - https:\/\/yoast.com\/product\/yoast-seo-wordpress\/ -->\n<title>Subventions scolaires Artiste\/Inspire : soutenir la sant\u00e9 mentale des jeunes par les arts - ELAN<\/title>\n<meta name=\"description\" content=\"A not-for-profit organization that connects, supports, and creates opportunities for English-speaking artists and cultural workers of all disciplines from every region of Quebec.\" \/>\n<meta name=\"robots\" content=\"index, follow, max-snippet:-1, max-image-preview:large, max-video-preview:-1\" \/>\n<link rel=\"canonical\" href=\"https:\/\/www.quebec-elan.org\/fr\/subventions-scolaires-artiste-inspire-soutenir-la-sante-mentale-des-jeunes-par-les-arts\/\" \/>\n<meta property=\"og:locale\" content=\"fr_FR\" \/>\n<meta property=\"og:type\" content=\"article\" \/>\n<meta property=\"og:title\" content=\"Subventions scolaires Artiste\/Inspire : soutenir la sant\u00e9 mentale des jeunes par les arts - ELAN\" \/>\n<meta property=\"og:description\" content=\"A not-for-profit organization that connects, supports, and creates opportunities for English-speaking artists and cultural workers of all disciplines from every region of Quebec.\" \/>\n<meta property=\"og:url\" content=\"https:\/\/www.quebec-elan.org\/fr\/subventions-scolaires-artiste-inspire-soutenir-la-sante-mentale-des-jeunes-par-les-arts\/\" \/>\n<meta property=\"og:site_name\" content=\"ELAN\" \/>\n<meta property=\"article:published_time\" content=\"2022-01-27T17:44:07+00:00\" \/>\n<meta property=\"og:image\" content=\"https:\/\/www.quebec-elan.org\/wp-content\/uploads\/2022\/01\/arted-Screenshot.jpg\" \/>\n\t<meta property=\"og:image:width\" content=\"1065\" \/>\n\t<meta property=\"og:image:height\" content=\"590\" \/>\n\t<meta property=\"og:image:type\" content=\"image\/jpeg\" \/>\n<meta name=\"author\" content=\"Andre Elan Quebec\" \/>\n<meta name=\"twitter:card\" content=\"summary_large_image\" \/>\n<meta name=\"twitter:label1\" content=\"\u00c9crit par\" \/>\n\t<meta name=\"twitter:data1\" content=\"Andre Elan Quebec\" \/>\n\t<meta name=\"twitter:label2\" content=\"Dur\u00e9e de lecture estim\u00e9e\" \/>\n\t<meta name=\"twitter:data2\" content=\"1 minute\" \/>\n<script type=\"application\/ld+json\" class=\"yoast-schema-graph\">{\"@context\":\"https:\\\/\\\/schema.org\",\"@graph\":[{\"@type\":\"Article\",\"@id\":\"https:\\\/\\\/www.quebec-elan.org\\\/fr\\\/subventions-scolaires-artiste-inspire-soutenir-la-sante-mentale-des-jeunes-par-les-arts\\\/#article\",\"isPartOf\":{\"@id\":\"https:\\\/\\\/www.quebec-elan.org\\\/fr\\\/subventions-scolaires-artiste-inspire-soutenir-la-sante-mentale-des-jeunes-par-les-arts\\\/\"},\"author\":{\"name\":\"Andre Elan Quebec\",\"@id\":\"https:\\\/\\\/www.quebec-elan.org\\\/en\\\/#\\\/schema\\\/person\\\/4aaafbe7c737c481f7cc144f5237888f\"},\"headline\":\"Subventions scolaires Artiste\\\/Inspire : soutenir la sant\u00e9 mentale des jeunes par les arts\",\"datePublished\":\"2022-01-27T17:44:07+00:00\",\"mainEntityOfPage\":{\"@id\":\"https:\\\/\\\/www.quebec-elan.org\\\/fr\\\/subventions-scolaires-artiste-inspire-soutenir-la-sante-mentale-des-jeunes-par-les-arts\\\/\"},\"wordCount\":260,\"publisher\":{\"@id\":\"https:\\\/\\\/www.quebec-elan.org\\\/en\\\/#organization\"},\"image\":{\"@id\":\"https:\\\/\\\/www.quebec-elan.org\\\/fr\\\/subventions-scolaires-artiste-inspire-soutenir-la-sante-mentale-des-jeunes-par-les-arts\\\/#primaryimage\"},\"thumbnailUrl\":\"https:\\\/\\\/www.quebec-elan.org\\\/wp-content\\\/uploads\\\/2022\\\/01\\\/arted-Screenshot.jpg\",\"articleSection\":[\"ELAN's ArtEd Program\",\"Non classifi\u00e9(e)\",\"Nouvelles\",\"Project News\"],\"inLanguage\":\"fr-FR\"},{\"@type\":\"WebPage\",\"@id\":\"https:\\\/\\\/www.quebec-elan.org\\\/fr\\\/subventions-scolaires-artiste-inspire-soutenir-la-sante-mentale-des-jeunes-par-les-arts\\\/\",\"url\":\"https:\\\/\\\/www.quebec-elan.org\\\/fr\\\/subventions-scolaires-artiste-inspire-soutenir-la-sante-mentale-des-jeunes-par-les-arts\\\/\",\"name\":\"Subventions scolaires Artiste\\\/Inspire : soutenir la sant\u00e9 mentale des jeunes par les arts - ELAN\",\"isPartOf\":{\"@id\":\"https:\\\/\\\/www.quebec-elan.org\\\/en\\\/#website\"},\"primaryImageOfPage\":{\"@id\":\"https:\\\/\\\/www.quebec-elan.org\\\/fr\\\/subventions-scolaires-artiste-inspire-soutenir-la-sante-mentale-des-jeunes-par-les-arts\\\/#primaryimage\"},\"image\":{\"@id\":\"https:\\\/\\\/www.quebec-elan.org\\\/fr\\\/subventions-scolaires-artiste-inspire-soutenir-la-sante-mentale-des-jeunes-par-les-arts\\\/#primaryimage\"},\"thumbnailUrl\":\"https:\\\/\\\/www.quebec-elan.org\\\/wp-content\\\/uploads\\\/2022\\\/01\\\/arted-Screenshot.jpg\",\"datePublished\":\"2022-01-27T17:44:07+00:00\",\"description\":\"A not-for-profit organization that connects, supports, and creates opportunities for English-speaking artists and cultural workers of all disciplines from every region of Quebec.\",\"breadcrumb\":{\"@id\":\"https:\\\/\\\/www.quebec-elan.org\\\/fr\\\/subventions-scolaires-artiste-inspire-soutenir-la-sante-mentale-des-jeunes-par-les-arts\\\/#breadcrumb\"},\"inLanguage\":\"fr-FR\",\"potentialAction\":[{\"@type\":\"ReadAction\",\"target\":[\"https:\\\/\\\/www.quebec-elan.org\\\/fr\\\/subventions-scolaires-artiste-inspire-soutenir-la-sante-mentale-des-jeunes-par-les-arts\\\/\"]}]},{\"@type\":\"ImageObject\",\"inLanguage\":\"fr-FR\",\"@id\":\"https:\\\/\\\/www.quebec-elan.org\\\/fr\\\/subventions-scolaires-artiste-inspire-soutenir-la-sante-mentale-des-jeunes-par-les-arts\\\/#primaryimage\",\"url\":\"https:\\\/\\\/www.quebec-elan.org\\\/wp-content\\\/uploads\\\/2022\\\/01\\\/arted-Screenshot.jpg\",\"contentUrl\":\"https:\\\/\\\/www.quebec-elan.org\\\/wp-content\\\/uploads\\\/2022\\\/01\\\/arted-Screenshot.jpg\",\"width\":1065,\"height\":590},{\"@type\":\"BreadcrumbList\",\"@id\":\"https:\\\/\\\/www.quebec-elan.org\\\/fr\\\/subventions-scolaires-artiste-inspire-soutenir-la-sante-mentale-des-jeunes-par-les-arts\\\/#breadcrumb\",\"itemListElement\":[{\"@type\":\"ListItem\",\"position\":1,\"name\":\"Home\",\"item\":\"https:\\\/\\\/www.quebec-elan.org\\\/fr\\\/\"},{\"@type\":\"ListItem\",\"position\":2,\"name\":\"Subventions scolaires Artiste\\\/Inspire : soutenir la sant\u00e9 mentale des jeunes par les arts\"}]},{\"@type\":\"WebSite\",\"@id\":\"https:\\\/\\\/www.quebec-elan.org\\\/en\\\/#website\",\"url\":\"https:\\\/\\\/www.quebec-elan.org\\\/en\\\/\",\"name\":\"ELAN\",\"description\":\"English Language Arts Network\",\"publisher\":{\"@id\":\"https:\\\/\\\/www.quebec-elan.org\\\/en\\\/#organization\"},\"potentialAction\":[{\"@type\":\"SearchAction\",\"target\":{\"@type\":\"EntryPoint\",\"urlTemplate\":\"https:\\\/\\\/www.quebec-elan.org\\\/en\\\/?s={search_term_string}\"},\"query-input\":{\"@type\":\"PropertyValueSpecification\",\"valueRequired\":true,\"valueName\":\"search_term_string\"}}],\"inLanguage\":\"fr-FR\"},{\"@type\":\"Organization\",\"@id\":\"https:\\\/\\\/www.quebec-elan.org\\\/en\\\/#organization\",\"name\":\"ELAN - English Language Arts Network\",\"url\":\"https:\\\/\\\/www.quebec-elan.org\\\/en\\\/\",\"logo\":{\"@type\":\"ImageObject\",\"inLanguage\":\"fr-FR\",\"@id\":\"https:\\\/\\\/www.quebec-elan.org\\\/en\\\/#\\\/schema\\\/logo\\\/image\\\/\",\"url\":\"https:\\\/\\\/www.quebec-elan.org\\\/wp-content\\\/uploads\\\/2022\\\/05\\\/elan-logo-360.jpg\",\"contentUrl\":\"https:\\\/\\\/www.quebec-elan.org\\\/wp-content\\\/uploads\\\/2022\\\/05\\\/elan-logo-360.jpg\",\"width\":360,\"height\":70,\"caption\":\"ELAN - English Language Arts Network\"},\"image\":{\"@id\":\"https:\\\/\\\/www.quebec-elan.org\\\/en\\\/#\\\/schema\\\/logo\\\/image\\\/\"}},{\"@type\":\"Person\",\"@id\":\"https:\\\/\\\/www.quebec-elan.org\\\/en\\\/#\\\/schema\\\/person\\\/4aaafbe7c737c481f7cc144f5237888f\",\"name\":\"Andre Elan Quebec\",\"image\":{\"@type\":\"ImageObject\",\"inLanguage\":\"fr-FR\",\"@id\":\"https:\\\/\\\/secure.gravatar.com\\\/avatar\\\/7ea082d3d909c4cb837bac18df8ab3523b4a3b6bc196bc83d5ca7f186807bf4e?s=96&d=mm&r=g\",\"url\":\"https:\\\/\\\/secure.gravatar.com\\\/avatar\\\/7ea082d3d909c4cb837bac18df8ab3523b4a3b6bc196bc83d5ca7f186807bf4e?s=96&d=mm&r=g\",\"contentUrl\":\"https:\\\/\\\/secure.gravatar.com\\\/avatar\\\/7ea082d3d909c4cb837bac18df8ab3523b4a3b6bc196bc83d5ca7f186807bf4e?s=96&d=mm&r=g\",\"caption\":\"Andre Elan Quebec\"},\"description\":\"The English-Language Arts Network (ELAN) is a not-for-profit organization that connects, supports, and creates opportunities for Quebec\u2019s English-speaking artists and arts communities. ELAN members are individuals and organizations from a wide array of artistic disciplines, cultural and geographic backgrounds, and linguistic and cultural communities. Together this network reflects an evolving Qu\u00e9bec identity and celebrates the province\u2019s cultural, artistic, and social diversity.\",\"url\":\"https:\\\/\\\/www.quebec-elan.org\\\/fr\\\/author\\\/elan-quebec\\\/\"}]}<\/script>\n<!-- \/ Yoast SEO plugin. -->","yoast_head_json":{"title":"Subventions scolaires Artiste\/Inspire : soutenir la sant\u00e9 mentale des jeunes par les arts - ELAN","description":"A not-for-profit organization that connects, supports, and creates opportunities for English-speaking artists and cultural workers of all disciplines from every region of Quebec.","robots":{"index":"index","follow":"follow","max-snippet":"max-snippet:-1","max-image-preview":"max-image-preview:large","max-video-preview":"max-video-preview:-1"},"canonical":"https:\/\/www.quebec-elan.org\/fr\/subventions-scolaires-artiste-inspire-soutenir-la-sante-mentale-des-jeunes-par-les-arts\/","og_locale":"fr_FR","og_type":"article","og_title":"Subventions scolaires Artiste\/Inspire : soutenir la sant\u00e9 mentale des jeunes par les arts - ELAN","og_description":"A not-for-profit organization that connects, supports, and creates opportunities for English-speaking artists and cultural workers of all disciplines from every region of Quebec.","og_url":"https:\/\/www.quebec-elan.org\/fr\/subventions-scolaires-artiste-inspire-soutenir-la-sante-mentale-des-jeunes-par-les-arts\/","og_site_name":"ELAN","article_published_time":"2022-01-27T17:44:07+00:00","og_image":[{"width":1065,"height":590,"url":"https:\/\/www.quebec-elan.org\/wp-content\/uploads\/2022\/01\/arted-Screenshot.jpg","type":"image\/jpeg"}],"author":"Andre Elan Quebec","twitter_card":"summary_large_image","twitter_misc":{"\u00c9crit par":"Andre Elan Quebec","Dur\u00e9e de lecture estim\u00e9e":"1 minute"},"schema":{"@context":"https:\/\/schema.org","@graph":[{"@type":"Article","@id":"https:\/\/www.quebec-elan.org\/fr\/subventions-scolaires-artiste-inspire-soutenir-la-sante-mentale-des-jeunes-par-les-arts\/#article","isPartOf":{"@id":"https:\/\/www.quebec-elan.org\/fr\/subventions-scolaires-artiste-inspire-soutenir-la-sante-mentale-des-jeunes-par-les-arts\/"},"author":{"name":"Andre Elan Quebec","@id":"https:\/\/www.quebec-elan.org\/en\/#\/schema\/person\/4aaafbe7c737c481f7cc144f5237888f"},"headline":"Subventions scolaires Artiste\/Inspire : soutenir la sant\u00e9 mentale des jeunes par les arts","datePublished":"2022-01-27T17:44:07+00:00","mainEntityOfPage":{"@id":"https:\/\/www.quebec-elan.org\/fr\/subventions-scolaires-artiste-inspire-soutenir-la-sante-mentale-des-jeunes-par-les-arts\/"},"wordCount":260,"publisher":{"@id":"https:\/\/www.quebec-elan.org\/en\/#organization"},"image":{"@id":"https:\/\/www.quebec-elan.org\/fr\/subventions-scolaires-artiste-inspire-soutenir-la-sante-mentale-des-jeunes-par-les-arts\/#primaryimage"},"thumbnailUrl":"https:\/\/www.quebec-elan.org\/wp-content\/uploads\/2022\/01\/arted-Screenshot.jpg","articleSection":["ELAN's ArtEd Program","Non classifi\u00e9(e)","Nouvelles","Project News"],"inLanguage":"fr-FR"},{"@type":"WebPage","@id":"https:\/\/www.quebec-elan.org\/fr\/subventions-scolaires-artiste-inspire-soutenir-la-sante-mentale-des-jeunes-par-les-arts\/","url":"https:\/\/www.quebec-elan.org\/fr\/subventions-scolaires-artiste-inspire-soutenir-la-sante-mentale-des-jeunes-par-les-arts\/","name":"Subventions scolaires Artiste\/Inspire : soutenir la sant\u00e9 mentale des jeunes par les arts - ELAN","isPartOf":{"@id":"https:\/\/www.quebec-elan.org\/en\/#website"},"primaryImageOfPage":{"@id":"https:\/\/www.quebec-elan.org\/fr\/subventions-scolaires-artiste-inspire-soutenir-la-sante-mentale-des-jeunes-par-les-arts\/#primaryimage"},"image":{"@id":"https:\/\/www.quebec-elan.org\/fr\/subventions-scolaires-artiste-inspire-soutenir-la-sante-mentale-des-jeunes-par-les-arts\/#primaryimage"},"thumbnailUrl":"https:\/\/www.quebec-elan.org\/wp-content\/uploads\/2022\/01\/arted-Screenshot.jpg","datePublished":"2022-01-27T17:44:07+00:00","description":"A not-for-profit organization that connects, supports, and creates opportunities for English-speaking artists and cultural workers of all disciplines from every region of Quebec.","breadcrumb":{"@id":"https:\/\/www.quebec-elan.org\/fr\/subventions-scolaires-artiste-inspire-soutenir-la-sante-mentale-des-jeunes-par-les-arts\/#breadcrumb"},"inLanguage":"fr-FR","potentialAction":[{"@type":"ReadAction","target":["https:\/\/www.quebec-elan.org\/fr\/subventions-scolaires-artiste-inspire-soutenir-la-sante-mentale-des-jeunes-par-les-arts\/"]}]},{"@type":"ImageObject","inLanguage":"fr-FR","@id":"https:\/\/www.quebec-elan.org\/fr\/subventions-scolaires-artiste-inspire-soutenir-la-sante-mentale-des-jeunes-par-les-arts\/#primaryimage","url":"https:\/\/www.quebec-elan.org\/wp-content\/uploads\/2022\/01\/arted-Screenshot.jpg","contentUrl":"https:\/\/www.quebec-elan.org\/wp-content\/uploads\/2022\/01\/arted-Screenshot.jpg","width":1065,"height":590},{"@type":"BreadcrumbList","@id":"https:\/\/www.quebec-elan.org\/fr\/subventions-scolaires-artiste-inspire-soutenir-la-sante-mentale-des-jeunes-par-les-arts\/#breadcrumb","itemListElement":[{"@type":"ListItem","position":1,"name":"Home","item":"https:\/\/www.quebec-elan.org\/fr\/"},{"@type":"ListItem","position":2,"name":"Subventions scolaires Artiste\/Inspire : soutenir la sant\u00e9 mentale des jeunes par les arts"}]},{"@type":"WebSite","@id":"https:\/\/www.quebec-elan.org\/en\/#website","url":"https:\/\/www.quebec-elan.org\/en\/","name":"ELAN","description":"English Language Arts Network","publisher":{"@id":"https:\/\/www.quebec-elan.org\/en\/#organization"},"potentialAction":[{"@type":"SearchAction","target":{"@type":"EntryPoint","urlTemplate":"https:\/\/www.quebec-elan.org\/en\/?s={search_term_string}"},"query-input":{"@type":"PropertyValueSpecification","valueRequired":true,"valueName":"search_term_string"}}],"inLanguage":"fr-FR"},{"@type":"Organization","@id":"https:\/\/www.quebec-elan.org\/en\/#organization","name":"ELAN - English Language Arts Network","url":"https:\/\/www.quebec-elan.org\/en\/","logo":{"@type":"ImageObject","inLanguage":"fr-FR","@id":"https:\/\/www.quebec-elan.org\/en\/#\/schema\/logo\/image\/","url":"https:\/\/www.quebec-elan.org\/wp-content\/uploads\/2022\/05\/elan-logo-360.jpg","contentUrl":"https:\/\/www.quebec-elan.org\/wp-content\/uploads\/2022\/05\/elan-logo-360.jpg","width":360,"height":70,"caption":"ELAN - English Language Arts Network"},"image":{"@id":"https:\/\/www.quebec-elan.org\/en\/#\/schema\/logo\/image\/"}},{"@type":"Person","@id":"https:\/\/www.quebec-elan.org\/en\/#\/schema\/person\/4aaafbe7c737c481f7cc144f5237888f","name":"Andre Elan Quebec","image":{"@type":"ImageObject","inLanguage":"fr-FR","@id":"https:\/\/secure.gravatar.com\/avatar\/7ea082d3d909c4cb837bac18df8ab3523b4a3b6bc196bc83d5ca7f186807bf4e?s=96&d=mm&r=g","url":"https:\/\/secure.gravatar.com\/avatar\/7ea082d3d909c4cb837bac18df8ab3523b4a3b6bc196bc83d5ca7f186807bf4e?s=96&d=mm&r=g","contentUrl":"https:\/\/secure.gravatar.com\/avatar\/7ea082d3d909c4cb837bac18df8ab3523b4a3b6bc196bc83d5ca7f186807bf4e?s=96&d=mm&r=g","caption":"Andre Elan Quebec"},"description":"The English-Language Arts Network (ELAN) is a not-for-profit organization that connects, supports, and creates opportunities for Quebec\u2019s English-speaking artists and arts communities. ELAN members are individuals and organizations from a wide array of artistic disciplines, cultural and geographic backgrounds, and linguistic and cultural communities. Together this network reflects an evolving Qu\u00e9bec identity and celebrates the province\u2019s cultural, artistic, and social diversity.","url":"https:\/\/www.quebec-elan.org\/fr\/author\/elan-quebec\/"}]}},"_links":{"self":[{"href":"https:\/\/www.quebec-elan.org\/fr\/wp-json\/wp\/v2\/posts\/40548","targetHints":{"allow":["GET"]}}],"collection":[{"href":"https:\/\/www.quebec-elan.org\/fr\/wp-json\/wp\/v2\/posts"}],"about":[{"href":"https:\/\/www.quebec-elan.org\/fr\/wp-json\/wp\/v2\/types\/post"}],"author":[{"embeddable":true,"href":"https:\/\/www.quebec-elan.org\/fr\/wp-json\/wp\/v2\/users\/234"}],"replies":[{"embeddable":true,"href":"https:\/\/www.quebec-elan.org\/fr\/wp-json\/wp\/v2\/comments?post=40548"}],"version-history":[{"count":0,"href":"https:\/\/www.quebec-elan.org\/fr\/wp-json\/wp\/v2\/posts\/40548\/revisions"}],"wp:featuredmedia":[{"embeddable":true,"href":"https:\/\/www.quebec-elan.org\/fr\/wp-json\/wp\/v2\/media\/40544"}],"wp:attachment":[{"href":"https:\/\/www.quebec-elan.org\/fr\/wp-json\/wp\/v2\/media?parent=40548"}],"wp:term":[{"taxonomy":"category","embeddable":true,"href":"https:\/\/www.quebec-elan.org\/fr\/wp-json\/wp\/v2\/categories?post=40548"},{"taxonomy":"post_tag","embeddable":true,"href":"https:\/\/www.quebec-elan.org\/fr\/wp-json\/wp\/v2\/tags?post=40548"}],"curies":[{"name":"wp","href":"https:\/\/api.w.org\/{rel}","templated":true}]}}