{"id":40655,"date":"2022-03-01T11:09:29","date_gmt":"2022-03-01T16:09:29","guid":{"rendered":"https:\/\/www.quebec-elan.org\/2022\/03\/01\/mot-de-la-directrice-executive\/"},"modified":"2022-03-01T11:09:29","modified_gmt":"2022-03-01T16:09:29","slug":"mot-de-la-directrice-executive","status":"publish","type":"post","link":"https:\/\/www.quebec-elan.org\/fr\/mot-de-la-directrice-executive\/","title":{"rendered":"Mot de la directrice ex\u00e9cutive"},"content":{"rendered":"<p><strong>Mot de la directrice ex\u00e9cutive<\/strong><\/p>\n<p><img fetchpriority=\"high\" decoding=\"async\" class=\"size-medium wp-image-40450 alignleft\" src=\"https:\/\/www.quebec-elan.org\/wp-content\/uploads\/2022\/01\/VanH-225x300.jpg\" alt=\"Vanessa Herrick\" width=\"225\" height=\"300\" srcset=\"https:\/\/www.quebec-elan.org\/wp-content\/uploads\/2022\/01\/VanH-225x300.jpg 225w, https:\/\/www.quebec-elan.org\/wp-content\/uploads\/2022\/01\/VanH-scaled-600x800.jpg 600w, https:\/\/www.quebec-elan.org\/wp-content\/uploads\/2022\/01\/VanH-773x1030.jpg 773w, https:\/\/www.quebec-elan.org\/wp-content\/uploads\/2022\/01\/VanH-768x1024.jpg 768w, https:\/\/www.quebec-elan.org\/wp-content\/uploads\/2022\/01\/VanH-1152x1536.jpg 1152w, https:\/\/www.quebec-elan.org\/wp-content\/uploads\/2022\/01\/VanH-1536x2048.jpg 1536w, https:\/\/www.quebec-elan.org\/wp-content\/uploads\/2022\/01\/VanH-1125x1500.jpg 1125w, https:\/\/www.quebec-elan.org\/wp-content\/uploads\/2022\/01\/VanH-529x705.jpg 529w, https:\/\/www.quebec-elan.org\/wp-content\/uploads\/2022\/01\/VanH-scaled.jpg 1088w\" sizes=\"(max-width: 225px) 100vw, 225px\" \/>Je suis tr\u00e8s heureuse et honor\u00e9e de vous \u00e9crire \u00e0 titre de nouvelle directrice ex\u00e9cutive d\u2019ELAN. Lorsque j\u2019ai d\u00e9cid\u00e9 de me joindre \u00e0 notre formidable \u00e9quipe, je savais que la communaut\u00e9 artistique et culturelle avait de nombreux d\u00e9fis \u00e0 relever, et qu\u2019il faudrait beaucoup de travail acharn\u00e9 et de cr\u00e9ativit\u00e9 pour y parvenir. Les artistes et les organismes artistiques d&rsquo;expression anglaise au Qu\u00e9bec ont toujours d\u00fb faire face \u00e0 des difficult\u00e9s particuli\u00e8res, et les deux derni\u00e8res ann\u00e9es ont apport\u00e9 leur lot de nouveaux probl\u00e8mes, tout en amplifiant ceux qui existaient d\u00e9j\u00e0. Le secteur des arts et de la culture est aux prises notamment avec des questions de r\u00e9ouverture au public, de mon\u00e9tisation du travail en ligne et du manque d\u2019opportunit\u00e9s pour les artistes \u00e9mergents de s\u2019int\u00e9grer dans la communaut\u00e9. Autant de questions qu\u2019il ne sera pas facile de r\u00e9soudre.<\/p>\n<p>Mais j\u2019ai eu la chance d\u2019assister aux 12<sup>\u00e8mes<\/sup> Rencontres annuelles sur les arts, la culture et le patrimoine, au cours desquelles des personnes-cl\u00e9s de ces diff\u00e9rents secteurs se sont r\u00e9unies pendant deux jours pour discuter des probl\u00e8mes qui se posent \u00e0 nous, ainsi que des solutions envisageables pour y rem\u00e9dier. Ces r\u00e9unions donnent lieu \u00e0 des groupes de travail qui \u00e9laborent des projets et des plans d\u2019action visant \u00e0 solutionner les probl\u00e8mes soulev\u00e9s. Par le pass\u00e9, ces r\u00e9unions ont donn\u00e9 lieu \u00e0 d\u2019excellentes initiatives et je crois fermement que cela se reproduira.<\/p>\n<p>ELAN a \u00e9galement lanc\u00e9 ses <a href=\"https:\/\/www.quebec-elan.org\/artists-capacity-building-clinics\/\" target=\"_blank\" rel=\"noopener\">Cliniques de renforcement des capacit\u00e9s pour artistes<\/a>. Vous pouvez ainsi prendre rendez-vous avec des experts en comptabilit\u00e9, relations avec les m\u00e9dias, r\u00e9daction de subventions, ou autres. Je vous invite \u00e0 profiter de cette formidable occasion d\u2019apprendre aupr\u00e8s de professionnels !<\/p>\n<p>Vanessa Herrick<\/p>\n<p>Directrice executive<\/p>\n","protected":false},"excerpt":{"rendered":"<p>Mot de la directrice ex\u00e9cutive Je suis tr\u00e8s heureuse et honor\u00e9e de vous \u00e9crire \u00e0 titre de nouvelle directrice ex\u00e9cutive d\u2019ELAN. Lorsque j\u2019ai d\u00e9cid\u00e9 de me joindre \u00e0 notre formidable \u00e9quipe, je savais que la communaut\u00e9 artistique et culturelle avait de nombreux d\u00e9fis \u00e0 relever, et qu\u2019il faudrait beaucoup de travail acharn\u00e9 et de cr\u00e9ativit\u00e9 [&hellip;]<\/p>\n","protected":false},"author":234,"featured_media":40652,"comment_status":"closed","ping_status":"closed","sticky":false,"template":"","format":"standard","meta":{"footnotes":""},"categories":[497,483],"tags":[],"class_list":["post-40655","post","type-post","status-publish","format-standard","has-post-thumbnail","hentry","category-directors-letter-fr","category-nouvelles-fr"],"yoast_head":"<!-- This site is optimized with the Yoast SEO plugin v27.5 - https:\/\/yoast.com\/product\/yoast-seo-wordpress\/ -->\n<title>Mot de la directrice ex\u00e9cutive - ELAN<\/title>\n<meta name=\"description\" content=\"A not-for-profit organization that connects, supports, and creates opportunities for English-speaking artists and cultural workers of all disciplines from every region of Quebec.\" \/>\n<meta name=\"robots\" content=\"index, follow, max-snippet:-1, max-image-preview:large, max-video-preview:-1\" \/>\n<link rel=\"canonical\" href=\"https:\/\/www.quebec-elan.org\/fr\/mot-de-la-directrice-executive\/\" \/>\n<meta property=\"og:locale\" content=\"fr_FR\" \/>\n<meta property=\"og:type\" content=\"article\" \/>\n<meta property=\"og:title\" content=\"Mot de la directrice ex\u00e9cutive - ELAN\" \/>\n<meta property=\"og:description\" content=\"A not-for-profit organization that connects, supports, and creates opportunities for English-speaking artists and cultural workers of all disciplines from every region of Quebec.\" \/>\n<meta property=\"og:url\" content=\"https:\/\/www.quebec-elan.org\/fr\/mot-de-la-directrice-executive\/\" \/>\n<meta property=\"og:site_name\" content=\"ELAN\" \/>\n<meta property=\"article:published_time\" content=\"2022-03-01T16:09:29+00:00\" \/>\n<meta property=\"og:image\" content=\"https:\/\/www.quebec-elan.org\/wp-content\/uploads\/2022\/03\/Letter-From-ED-Banner-scaled.jpg\" \/>\n\t<meta property=\"og:image:width\" content=\"1450\" \/>\n\t<meta property=\"og:image:height\" content=\"1035\" \/>\n\t<meta property=\"og:image:type\" content=\"image\/jpeg\" \/>\n<meta name=\"author\" content=\"Andre Elan Quebec\" \/>\n<meta name=\"twitter:card\" content=\"summary_large_image\" \/>\n<meta name=\"twitter:label1\" content=\"\u00c9crit par\" \/>\n\t<meta name=\"twitter:data1\" content=\"Andre Elan Quebec\" \/>\n\t<meta name=\"twitter:label2\" content=\"Dur\u00e9e de lecture estim\u00e9e\" \/>\n\t<meta name=\"twitter:data2\" content=\"2 minutes\" \/>\n<script type=\"application\/ld+json\" class=\"yoast-schema-graph\">{\"@context\":\"https:\\\/\\\/schema.org\",\"@graph\":[{\"@type\":\"Article\",\"@id\":\"https:\\\/\\\/www.quebec-elan.org\\\/fr\\\/mot-de-la-directrice-executive\\\/#article\",\"isPartOf\":{\"@id\":\"https:\\\/\\\/www.quebec-elan.org\\\/fr\\\/mot-de-la-directrice-executive\\\/\"},\"author\":{\"name\":\"Andre Elan Quebec\",\"@id\":\"https:\\\/\\\/www.quebec-elan.org\\\/en\\\/#\\\/schema\\\/person\\\/4aaafbe7c737c481f7cc144f5237888f\"},\"headline\":\"Mot de la directrice ex\u00e9cutive\",\"datePublished\":\"2022-03-01T16:09:29+00:00\",\"mainEntityOfPage\":{\"@id\":\"https:\\\/\\\/www.quebec-elan.org\\\/fr\\\/mot-de-la-directrice-executive\\\/\"},\"wordCount\":325,\"publisher\":{\"@id\":\"https:\\\/\\\/www.quebec-elan.org\\\/en\\\/#organization\"},\"image\":{\"@id\":\"https:\\\/\\\/www.quebec-elan.org\\\/fr\\\/mot-de-la-directrice-executive\\\/#primaryimage\"},\"thumbnailUrl\":\"https:\\\/\\\/www.quebec-elan.org\\\/wp-content\\\/uploads\\\/2022\\\/03\\\/Letter-From-ED-Banner-scaled.jpg\",\"articleSection\":[\"Director's Letter\",\"Nouvelles\"],\"inLanguage\":\"fr-FR\"},{\"@type\":\"WebPage\",\"@id\":\"https:\\\/\\\/www.quebec-elan.org\\\/fr\\\/mot-de-la-directrice-executive\\\/\",\"url\":\"https:\\\/\\\/www.quebec-elan.org\\\/fr\\\/mot-de-la-directrice-executive\\\/\",\"name\":\"Mot de la directrice ex\u00e9cutive - ELAN\",\"isPartOf\":{\"@id\":\"https:\\\/\\\/www.quebec-elan.org\\\/en\\\/#website\"},\"primaryImageOfPage\":{\"@id\":\"https:\\\/\\\/www.quebec-elan.org\\\/fr\\\/mot-de-la-directrice-executive\\\/#primaryimage\"},\"image\":{\"@id\":\"https:\\\/\\\/www.quebec-elan.org\\\/fr\\\/mot-de-la-directrice-executive\\\/#primaryimage\"},\"thumbnailUrl\":\"https:\\\/\\\/www.quebec-elan.org\\\/wp-content\\\/uploads\\\/2022\\\/03\\\/Letter-From-ED-Banner-scaled.jpg\",\"datePublished\":\"2022-03-01T16:09:29+00:00\",\"description\":\"A not-for-profit organization that connects, supports, and creates opportunities for English-speaking artists and cultural workers of all disciplines from every region of Quebec.\",\"breadcrumb\":{\"@id\":\"https:\\\/\\\/www.quebec-elan.org\\\/fr\\\/mot-de-la-directrice-executive\\\/#breadcrumb\"},\"inLanguage\":\"fr-FR\",\"potentialAction\":[{\"@type\":\"ReadAction\",\"target\":[\"https:\\\/\\\/www.quebec-elan.org\\\/fr\\\/mot-de-la-directrice-executive\\\/\"]}]},{\"@type\":\"ImageObject\",\"inLanguage\":\"fr-FR\",\"@id\":\"https:\\\/\\\/www.quebec-elan.org\\\/fr\\\/mot-de-la-directrice-executive\\\/#primaryimage\",\"url\":\"https:\\\/\\\/www.quebec-elan.org\\\/wp-content\\\/uploads\\\/2022\\\/03\\\/Letter-From-ED-Banner-scaled.jpg\",\"contentUrl\":\"https:\\\/\\\/www.quebec-elan.org\\\/wp-content\\\/uploads\\\/2022\\\/03\\\/Letter-From-ED-Banner-scaled.jpg\",\"width\":1450,\"height\":1035,\"caption\":\"Letter from the Director\"},{\"@type\":\"BreadcrumbList\",\"@id\":\"https:\\\/\\\/www.quebec-elan.org\\\/fr\\\/mot-de-la-directrice-executive\\\/#breadcrumb\",\"itemListElement\":[{\"@type\":\"ListItem\",\"position\":1,\"name\":\"Home\",\"item\":\"https:\\\/\\\/www.quebec-elan.org\\\/fr\\\/\"},{\"@type\":\"ListItem\",\"position\":2,\"name\":\"Mot de la directrice ex\u00e9cutive\"}]},{\"@type\":\"WebSite\",\"@id\":\"https:\\\/\\\/www.quebec-elan.org\\\/en\\\/#website\",\"url\":\"https:\\\/\\\/www.quebec-elan.org\\\/en\\\/\",\"name\":\"ELAN\",\"description\":\"English Language Arts Network\",\"publisher\":{\"@id\":\"https:\\\/\\\/www.quebec-elan.org\\\/en\\\/#organization\"},\"potentialAction\":[{\"@type\":\"SearchAction\",\"target\":{\"@type\":\"EntryPoint\",\"urlTemplate\":\"https:\\\/\\\/www.quebec-elan.org\\\/en\\\/?s={search_term_string}\"},\"query-input\":{\"@type\":\"PropertyValueSpecification\",\"valueRequired\":true,\"valueName\":\"search_term_string\"}}],\"inLanguage\":\"fr-FR\"},{\"@type\":\"Organization\",\"@id\":\"https:\\\/\\\/www.quebec-elan.org\\\/en\\\/#organization\",\"name\":\"ELAN - English Language Arts Network\",\"url\":\"https:\\\/\\\/www.quebec-elan.org\\\/en\\\/\",\"logo\":{\"@type\":\"ImageObject\",\"inLanguage\":\"fr-FR\",\"@id\":\"https:\\\/\\\/www.quebec-elan.org\\\/en\\\/#\\\/schema\\\/logo\\\/image\\\/\",\"url\":\"https:\\\/\\\/www.quebec-elan.org\\\/wp-content\\\/uploads\\\/2022\\\/05\\\/elan-logo-360.jpg\",\"contentUrl\":\"https:\\\/\\\/www.quebec-elan.org\\\/wp-content\\\/uploads\\\/2022\\\/05\\\/elan-logo-360.jpg\",\"width\":360,\"height\":70,\"caption\":\"ELAN - English Language Arts Network\"},\"image\":{\"@id\":\"https:\\\/\\\/www.quebec-elan.org\\\/en\\\/#\\\/schema\\\/logo\\\/image\\\/\"}},{\"@type\":\"Person\",\"@id\":\"https:\\\/\\\/www.quebec-elan.org\\\/en\\\/#\\\/schema\\\/person\\\/4aaafbe7c737c481f7cc144f5237888f\",\"name\":\"Andre Elan Quebec\",\"image\":{\"@type\":\"ImageObject\",\"inLanguage\":\"fr-FR\",\"@id\":\"https:\\\/\\\/secure.gravatar.com\\\/avatar\\\/7ea082d3d909c4cb837bac18df8ab3523b4a3b6bc196bc83d5ca7f186807bf4e?s=96&d=mm&r=g\",\"url\":\"https:\\\/\\\/secure.gravatar.com\\\/avatar\\\/7ea082d3d909c4cb837bac18df8ab3523b4a3b6bc196bc83d5ca7f186807bf4e?s=96&d=mm&r=g\",\"contentUrl\":\"https:\\\/\\\/secure.gravatar.com\\\/avatar\\\/7ea082d3d909c4cb837bac18df8ab3523b4a3b6bc196bc83d5ca7f186807bf4e?s=96&d=mm&r=g\",\"caption\":\"Andre Elan Quebec\"},\"description\":\"The English-Language Arts Network (ELAN) is a not-for-profit organization that connects, supports, and creates opportunities for Quebec\u2019s English-speaking artists and arts communities. ELAN members are individuals and organizations from a wide array of artistic disciplines, cultural and geographic backgrounds, and linguistic and cultural communities. Together this network reflects an evolving Qu\u00e9bec identity and celebrates the province\u2019s cultural, artistic, and social diversity.\",\"url\":\"https:\\\/\\\/www.quebec-elan.org\\\/fr\\\/author\\\/elan-quebec\\\/\"}]}<\/script>\n<!-- \/ Yoast SEO plugin. -->","yoast_head_json":{"title":"Mot de la directrice ex\u00e9cutive - ELAN","description":"A not-for-profit organization that connects, supports, and creates opportunities for English-speaking artists and cultural workers of all disciplines from every region of Quebec.","robots":{"index":"index","follow":"follow","max-snippet":"max-snippet:-1","max-image-preview":"max-image-preview:large","max-video-preview":"max-video-preview:-1"},"canonical":"https:\/\/www.quebec-elan.org\/fr\/mot-de-la-directrice-executive\/","og_locale":"fr_FR","og_type":"article","og_title":"Mot de la directrice ex\u00e9cutive - ELAN","og_description":"A not-for-profit organization that connects, supports, and creates opportunities for English-speaking artists and cultural workers of all disciplines from every region of Quebec.","og_url":"https:\/\/www.quebec-elan.org\/fr\/mot-de-la-directrice-executive\/","og_site_name":"ELAN","article_published_time":"2022-03-01T16:09:29+00:00","og_image":[{"width":1450,"height":1035,"url":"https:\/\/www.quebec-elan.org\/wp-content\/uploads\/2022\/03\/Letter-From-ED-Banner-scaled.jpg","type":"image\/jpeg"}],"author":"Andre Elan Quebec","twitter_card":"summary_large_image","twitter_misc":{"\u00c9crit par":"Andre Elan Quebec","Dur\u00e9e de lecture estim\u00e9e":"2 minutes"},"schema":{"@context":"https:\/\/schema.org","@graph":[{"@type":"Article","@id":"https:\/\/www.quebec-elan.org\/fr\/mot-de-la-directrice-executive\/#article","isPartOf":{"@id":"https:\/\/www.quebec-elan.org\/fr\/mot-de-la-directrice-executive\/"},"author":{"name":"Andre Elan Quebec","@id":"https:\/\/www.quebec-elan.org\/en\/#\/schema\/person\/4aaafbe7c737c481f7cc144f5237888f"},"headline":"Mot de la directrice ex\u00e9cutive","datePublished":"2022-03-01T16:09:29+00:00","mainEntityOfPage":{"@id":"https:\/\/www.quebec-elan.org\/fr\/mot-de-la-directrice-executive\/"},"wordCount":325,"publisher":{"@id":"https:\/\/www.quebec-elan.org\/en\/#organization"},"image":{"@id":"https:\/\/www.quebec-elan.org\/fr\/mot-de-la-directrice-executive\/#primaryimage"},"thumbnailUrl":"https:\/\/www.quebec-elan.org\/wp-content\/uploads\/2022\/03\/Letter-From-ED-Banner-scaled.jpg","articleSection":["Director's Letter","Nouvelles"],"inLanguage":"fr-FR"},{"@type":"WebPage","@id":"https:\/\/www.quebec-elan.org\/fr\/mot-de-la-directrice-executive\/","url":"https:\/\/www.quebec-elan.org\/fr\/mot-de-la-directrice-executive\/","name":"Mot de la directrice ex\u00e9cutive - ELAN","isPartOf":{"@id":"https:\/\/www.quebec-elan.org\/en\/#website"},"primaryImageOfPage":{"@id":"https:\/\/www.quebec-elan.org\/fr\/mot-de-la-directrice-executive\/#primaryimage"},"image":{"@id":"https:\/\/www.quebec-elan.org\/fr\/mot-de-la-directrice-executive\/#primaryimage"},"thumbnailUrl":"https:\/\/www.quebec-elan.org\/wp-content\/uploads\/2022\/03\/Letter-From-ED-Banner-scaled.jpg","datePublished":"2022-03-01T16:09:29+00:00","description":"A not-for-profit organization that connects, supports, and creates opportunities for English-speaking artists and cultural workers of all disciplines from every region of Quebec.","breadcrumb":{"@id":"https:\/\/www.quebec-elan.org\/fr\/mot-de-la-directrice-executive\/#breadcrumb"},"inLanguage":"fr-FR","potentialAction":[{"@type":"ReadAction","target":["https:\/\/www.quebec-elan.org\/fr\/mot-de-la-directrice-executive\/"]}]},{"@type":"ImageObject","inLanguage":"fr-FR","@id":"https:\/\/www.quebec-elan.org\/fr\/mot-de-la-directrice-executive\/#primaryimage","url":"https:\/\/www.quebec-elan.org\/wp-content\/uploads\/2022\/03\/Letter-From-ED-Banner-scaled.jpg","contentUrl":"https:\/\/www.quebec-elan.org\/wp-content\/uploads\/2022\/03\/Letter-From-ED-Banner-scaled.jpg","width":1450,"height":1035,"caption":"Letter from the Director"},{"@type":"BreadcrumbList","@id":"https:\/\/www.quebec-elan.org\/fr\/mot-de-la-directrice-executive\/#breadcrumb","itemListElement":[{"@type":"ListItem","position":1,"name":"Home","item":"https:\/\/www.quebec-elan.org\/fr\/"},{"@type":"ListItem","position":2,"name":"Mot de la directrice ex\u00e9cutive"}]},{"@type":"WebSite","@id":"https:\/\/www.quebec-elan.org\/en\/#website","url":"https:\/\/www.quebec-elan.org\/en\/","name":"ELAN","description":"English Language Arts Network","publisher":{"@id":"https:\/\/www.quebec-elan.org\/en\/#organization"},"potentialAction":[{"@type":"SearchAction","target":{"@type":"EntryPoint","urlTemplate":"https:\/\/www.quebec-elan.org\/en\/?s={search_term_string}"},"query-input":{"@type":"PropertyValueSpecification","valueRequired":true,"valueName":"search_term_string"}}],"inLanguage":"fr-FR"},{"@type":"Organization","@id":"https:\/\/www.quebec-elan.org\/en\/#organization","name":"ELAN - English Language Arts Network","url":"https:\/\/www.quebec-elan.org\/en\/","logo":{"@type":"ImageObject","inLanguage":"fr-FR","@id":"https:\/\/www.quebec-elan.org\/en\/#\/schema\/logo\/image\/","url":"https:\/\/www.quebec-elan.org\/wp-content\/uploads\/2022\/05\/elan-logo-360.jpg","contentUrl":"https:\/\/www.quebec-elan.org\/wp-content\/uploads\/2022\/05\/elan-logo-360.jpg","width":360,"height":70,"caption":"ELAN - English Language Arts Network"},"image":{"@id":"https:\/\/www.quebec-elan.org\/en\/#\/schema\/logo\/image\/"}},{"@type":"Person","@id":"https:\/\/www.quebec-elan.org\/en\/#\/schema\/person\/4aaafbe7c737c481f7cc144f5237888f","name":"Andre Elan Quebec","image":{"@type":"ImageObject","inLanguage":"fr-FR","@id":"https:\/\/secure.gravatar.com\/avatar\/7ea082d3d909c4cb837bac18df8ab3523b4a3b6bc196bc83d5ca7f186807bf4e?s=96&d=mm&r=g","url":"https:\/\/secure.gravatar.com\/avatar\/7ea082d3d909c4cb837bac18df8ab3523b4a3b6bc196bc83d5ca7f186807bf4e?s=96&d=mm&r=g","contentUrl":"https:\/\/secure.gravatar.com\/avatar\/7ea082d3d909c4cb837bac18df8ab3523b4a3b6bc196bc83d5ca7f186807bf4e?s=96&d=mm&r=g","caption":"Andre Elan Quebec"},"description":"The English-Language Arts Network (ELAN) is a not-for-profit organization that connects, supports, and creates opportunities for Quebec\u2019s English-speaking artists and arts communities. ELAN members are individuals and organizations from a wide array of artistic disciplines, cultural and geographic backgrounds, and linguistic and cultural communities. Together this network reflects an evolving Qu\u00e9bec identity and celebrates the province\u2019s cultural, artistic, and social diversity.","url":"https:\/\/www.quebec-elan.org\/fr\/author\/elan-quebec\/"}]}},"_links":{"self":[{"href":"https:\/\/www.quebec-elan.org\/fr\/wp-json\/wp\/v2\/posts\/40655","targetHints":{"allow":["GET"]}}],"collection":[{"href":"https:\/\/www.quebec-elan.org\/fr\/wp-json\/wp\/v2\/posts"}],"about":[{"href":"https:\/\/www.quebec-elan.org\/fr\/wp-json\/wp\/v2\/types\/post"}],"author":[{"embeddable":true,"href":"https:\/\/www.quebec-elan.org\/fr\/wp-json\/wp\/v2\/users\/234"}],"replies":[{"embeddable":true,"href":"https:\/\/www.quebec-elan.org\/fr\/wp-json\/wp\/v2\/comments?post=40655"}],"version-history":[{"count":0,"href":"https:\/\/www.quebec-elan.org\/fr\/wp-json\/wp\/v2\/posts\/40655\/revisions"}],"wp:featuredmedia":[{"embeddable":true,"href":"https:\/\/www.quebec-elan.org\/fr\/wp-json\/wp\/v2\/media\/40652"}],"wp:attachment":[{"href":"https:\/\/www.quebec-elan.org\/fr\/wp-json\/wp\/v2\/media?parent=40655"}],"wp:term":[{"taxonomy":"category","embeddable":true,"href":"https:\/\/www.quebec-elan.org\/fr\/wp-json\/wp\/v2\/categories?post=40655"},{"taxonomy":"post_tag","embeddable":true,"href":"https:\/\/www.quebec-elan.org\/fr\/wp-json\/wp\/v2\/tags?post=40655"}],"curies":[{"name":"wp","href":"https:\/\/api.w.org\/{rel}","templated":true}]}}