{"id":40854,"date":"2022-05-02T12:47:45","date_gmt":"2022-05-02T16:47:45","guid":{"rendered":"https:\/\/www.quebec-elan.org\/2022\/05\/02\/webinaire-relations-quebec-pratiques-anti-oppressives-et-non-hierarchisees-pour-les-organismes-artistiques\/"},"modified":"2022-05-02T15:52:09","modified_gmt":"2022-05-02T19:52:09","slug":"webinaire-relations-quebec-pratiques-anti-oppressives-et-non-hierarchisees-pour-les-organismes-artistiques","status":"publish","type":"post","link":"https:\/\/www.quebec-elan.org\/fr\/webinaire-relations-quebec-pratiques-anti-oppressives-et-non-hierarchisees-pour-les-organismes-artistiques\/","title":{"rendered":"Webinaire Relations Qu\u00e9bec : Pratiques anti-oppressives et non hi\u00e9rarchis\u00e9es pour les organismes artistiques"},"content":{"rendered":"<p>Seriez-vous int\u00e9ress\u00e9 \u00e0 d\u00e9velopper des pratiques anti-oppressives au sein de votre organisme artistique ? Notre prochain webinaire <strong>Relations Qu\u00e9bec<\/strong> vous est destin\u00e9 ! Joignez-vous \u00e0 nous le <strong>26\u00a0mai de 17h \u00e0 19h<\/strong>, alors que des repr\u00e9sentants d\u2019<a href=\"https:\/\/www.articule.org\/en\/home\"><em>articule<\/em>,<\/a> centre d\u2019artistes accessible d\u00e9di\u00e9 \u00e0 l\u2019engagement social, \u00e0 l\u2019exp\u00e9rimentation et \u00e0 l\u2019interdisciplinarit\u00e9, viendront discuter de leur exp\u00e9rience dans la mise en \u0153uvre de structures non hi\u00e9rarchiques au sein de leur organisme. Au cours de cette s\u00e9ance, les conf\u00e9renciers pr\u00e9senteront le plan de d\u00e9veloppement pluriannuel des pratiques anti-oppressives d\u2019<em>articule<\/em> et montreront comment fonctionne la structure horizontale non hi\u00e9rarchique pour le conseil d\u2019administration, le personnel et les membres de l\u2019organisme. Ils exposeront \u00e9galement les points de vue des membres qui ont particip\u00e9 \u00e0 l\u2019\u00e9laboration et \u00e0 la mise en \u0153uvre de ces structures.<\/p>\n<p>&nbsp;<\/p>\n<p>Les places pour cette s\u00e9ance sont limit\u00e9es, alors r\u00e9servez la v\u00f4tre d\u00e8s maintenant en remplissant notre <a href=\"https:\/\/forms.gle\/AB7Smiw7oB7uDEM48\" target=\"_blank\" rel=\"noopener\"><strong>formulaire d\u2019inscription ici<\/strong><\/a>. Si, pour une raison quelconque, vous ne pouvez pas vous pr\u00e9senter, veuillez nous en informer pour que votre place soit offerte \u00e0 quelqu\u2019un d\u2019autre.<\/p>\n","protected":false},"excerpt":{"rendered":"<p>Seriez-vous int\u00e9ress\u00e9 \u00e0 d\u00e9velopper des pratiques anti-oppressives au sein de votre organisme artistique ? Notre prochain webinaire Relations Qu\u00e9bec vous est destin\u00e9 ! Joignez-vous \u00e0 nous le 26\u00a0mai de 17h \u00e0 19h, alors que des repr\u00e9sentants d\u2019articule, centre d\u2019artistes accessible d\u00e9di\u00e9 \u00e0 l\u2019engagement social, \u00e0 l\u2019exp\u00e9rimentation et \u00e0 l\u2019interdisciplinarit\u00e9, viendront discuter de leur exp\u00e9rience dans [&hellip;]<\/p>\n","protected":false},"author":234,"featured_media":40862,"comment_status":"closed","ping_status":"closed","sticky":false,"template":"","format":"standard","meta":{"footnotes":""},"categories":[501,2,483,489,494],"tags":[],"class_list":["post-40854","post","type-post","status-publish","format-standard","has-post-thumbnail","hentry","category-elan-events-fr","category-non-classifiee","category-nouvelles-fr","category-project-news","category-quebec-relations-fr-2"],"yoast_head":"<!-- This site is optimized with the Yoast SEO plugin v27.4 - https:\/\/yoast.com\/product\/yoast-seo-wordpress\/ -->\n<title>Webinaire Relations Qu\u00e9bec : Pratiques anti-oppressives et non hi\u00e9rarchis\u00e9es pour les organismes artistiques - ELAN<\/title>\n<meta name=\"description\" content=\"A not-for-profit organization that connects, supports, and creates opportunities for English-speaking artists and cultural workers of all disciplines from every region of Quebec.\" \/>\n<meta name=\"robots\" content=\"index, follow, max-snippet:-1, max-image-preview:large, max-video-preview:-1\" \/>\n<link rel=\"canonical\" href=\"https:\/\/www.quebec-elan.org\/fr\/webinaire-relations-quebec-pratiques-anti-oppressives-et-non-hierarchisees-pour-les-organismes-artistiques\/\" \/>\n<meta property=\"og:locale\" content=\"fr_FR\" \/>\n<meta property=\"og:type\" content=\"article\" \/>\n<meta property=\"og:title\" content=\"Webinaire Relations Qu\u00e9bec : Pratiques anti-oppressives et non hi\u00e9rarchis\u00e9es pour les organismes artistiques - ELAN\" \/>\n<meta property=\"og:description\" content=\"A not-for-profit organization that connects, supports, and creates opportunities for English-speaking artists and cultural workers of all disciplines from every region of Quebec.\" \/>\n<meta property=\"og:url\" content=\"https:\/\/www.quebec-elan.org\/fr\/webinaire-relations-quebec-pratiques-anti-oppressives-et-non-hierarchisees-pour-les-organismes-artistiques\/\" \/>\n<meta property=\"og:site_name\" content=\"ELAN\" \/>\n<meta property=\"article:published_time\" content=\"2022-05-02T16:47:45+00:00\" \/>\n<meta property=\"article:modified_time\" content=\"2022-05-02T19:52:09+00:00\" \/>\n<meta property=\"og:image\" content=\"https:\/\/www.quebec-elan.org\/wp-content\/uploads\/2022\/05\/newsl-banner-articule.png\" \/>\n\t<meta property=\"og:image:width\" content=\"1281\" \/>\n\t<meta property=\"og:image:height\" content=\"379\" \/>\n\t<meta property=\"og:image:type\" content=\"image\/png\" \/>\n<meta name=\"author\" content=\"Andre Elan Quebec\" \/>\n<meta name=\"twitter:card\" content=\"summary_large_image\" \/>\n<meta name=\"twitter:label1\" content=\"\u00c9crit par\" \/>\n\t<meta name=\"twitter:data1\" content=\"Andre Elan Quebec\" \/>\n\t<meta name=\"twitter:label2\" content=\"Dur\u00e9e de lecture estim\u00e9e\" \/>\n\t<meta name=\"twitter:data2\" content=\"1 minute\" \/>\n<script type=\"application\/ld+json\" class=\"yoast-schema-graph\">{\"@context\":\"https:\\\/\\\/schema.org\",\"@graph\":[{\"@type\":\"Article\",\"@id\":\"https:\\\/\\\/www.quebec-elan.org\\\/fr\\\/webinaire-relations-quebec-pratiques-anti-oppressives-et-non-hierarchisees-pour-les-organismes-artistiques\\\/#article\",\"isPartOf\":{\"@id\":\"https:\\\/\\\/www.quebec-elan.org\\\/fr\\\/webinaire-relations-quebec-pratiques-anti-oppressives-et-non-hierarchisees-pour-les-organismes-artistiques\\\/\"},\"author\":{\"name\":\"Andre Elan Quebec\",\"@id\":\"https:\\\/\\\/www.quebec-elan.org\\\/en\\\/#\\\/schema\\\/person\\\/4aaafbe7c737c481f7cc144f5237888f\"},\"headline\":\"Webinaire Relations Qu\u00e9bec : Pratiques anti-oppressives et non hi\u00e9rarchis\u00e9es pour les organismes artistiques\",\"datePublished\":\"2022-05-02T16:47:45+00:00\",\"dateModified\":\"2022-05-02T19:52:09+00:00\",\"mainEntityOfPage\":{\"@id\":\"https:\\\/\\\/www.quebec-elan.org\\\/fr\\\/webinaire-relations-quebec-pratiques-anti-oppressives-et-non-hierarchisees-pour-les-organismes-artistiques\\\/\"},\"wordCount\":207,\"publisher\":{\"@id\":\"https:\\\/\\\/www.quebec-elan.org\\\/en\\\/#organization\"},\"image\":{\"@id\":\"https:\\\/\\\/www.quebec-elan.org\\\/fr\\\/webinaire-relations-quebec-pratiques-anti-oppressives-et-non-hierarchisees-pour-les-organismes-artistiques\\\/#primaryimage\"},\"thumbnailUrl\":\"https:\\\/\\\/www.quebec-elan.org\\\/wp-content\\\/uploads\\\/2022\\\/05\\\/newsl-banner-articule.png\",\"articleSection\":[\"ELAN Events\",\"Non classifi\u00e9(e)\",\"Nouvelles\",\"Project News\",\"Qu\u00e9bec Relations\"],\"inLanguage\":\"fr-FR\"},{\"@type\":\"WebPage\",\"@id\":\"https:\\\/\\\/www.quebec-elan.org\\\/fr\\\/webinaire-relations-quebec-pratiques-anti-oppressives-et-non-hierarchisees-pour-les-organismes-artistiques\\\/\",\"url\":\"https:\\\/\\\/www.quebec-elan.org\\\/fr\\\/webinaire-relations-quebec-pratiques-anti-oppressives-et-non-hierarchisees-pour-les-organismes-artistiques\\\/\",\"name\":\"Webinaire Relations Qu\u00e9bec : Pratiques anti-oppressives et non hi\u00e9rarchis\u00e9es pour les organismes artistiques - ELAN\",\"isPartOf\":{\"@id\":\"https:\\\/\\\/www.quebec-elan.org\\\/en\\\/#website\"},\"primaryImageOfPage\":{\"@id\":\"https:\\\/\\\/www.quebec-elan.org\\\/fr\\\/webinaire-relations-quebec-pratiques-anti-oppressives-et-non-hierarchisees-pour-les-organismes-artistiques\\\/#primaryimage\"},\"image\":{\"@id\":\"https:\\\/\\\/www.quebec-elan.org\\\/fr\\\/webinaire-relations-quebec-pratiques-anti-oppressives-et-non-hierarchisees-pour-les-organismes-artistiques\\\/#primaryimage\"},\"thumbnailUrl\":\"https:\\\/\\\/www.quebec-elan.org\\\/wp-content\\\/uploads\\\/2022\\\/05\\\/newsl-banner-articule.png\",\"datePublished\":\"2022-05-02T16:47:45+00:00\",\"dateModified\":\"2022-05-02T19:52:09+00:00\",\"description\":\"A not-for-profit organization that connects, supports, and creates opportunities for English-speaking artists and cultural workers of all disciplines from every region of Quebec.\",\"breadcrumb\":{\"@id\":\"https:\\\/\\\/www.quebec-elan.org\\\/fr\\\/webinaire-relations-quebec-pratiques-anti-oppressives-et-non-hierarchisees-pour-les-organismes-artistiques\\\/#breadcrumb\"},\"inLanguage\":\"fr-FR\",\"potentialAction\":[{\"@type\":\"ReadAction\",\"target\":[\"https:\\\/\\\/www.quebec-elan.org\\\/fr\\\/webinaire-relations-quebec-pratiques-anti-oppressives-et-non-hierarchisees-pour-les-organismes-artistiques\\\/\"]}]},{\"@type\":\"ImageObject\",\"inLanguage\":\"fr-FR\",\"@id\":\"https:\\\/\\\/www.quebec-elan.org\\\/fr\\\/webinaire-relations-quebec-pratiques-anti-oppressives-et-non-hierarchisees-pour-les-organismes-artistiques\\\/#primaryimage\",\"url\":\"https:\\\/\\\/www.quebec-elan.org\\\/wp-content\\\/uploads\\\/2022\\\/05\\\/newsl-banner-articule.png\",\"contentUrl\":\"https:\\\/\\\/www.quebec-elan.org\\\/wp-content\\\/uploads\\\/2022\\\/05\\\/newsl-banner-articule.png\",\"width\":1281,\"height\":379,\"caption\":\"Banner for Quebec Relations Anti Oppressive and Non-hierarchical structures for arts organizations webinar\"},{\"@type\":\"BreadcrumbList\",\"@id\":\"https:\\\/\\\/www.quebec-elan.org\\\/fr\\\/webinaire-relations-quebec-pratiques-anti-oppressives-et-non-hierarchisees-pour-les-organismes-artistiques\\\/#breadcrumb\",\"itemListElement\":[{\"@type\":\"ListItem\",\"position\":1,\"name\":\"Home\",\"item\":\"https:\\\/\\\/www.quebec-elan.org\\\/fr\\\/\"},{\"@type\":\"ListItem\",\"position\":2,\"name\":\"Webinaire Relations Qu\u00e9bec : Pratiques anti-oppressives et non hi\u00e9rarchis\u00e9es pour les organismes artistiques\"}]},{\"@type\":\"WebSite\",\"@id\":\"https:\\\/\\\/www.quebec-elan.org\\\/en\\\/#website\",\"url\":\"https:\\\/\\\/www.quebec-elan.org\\\/en\\\/\",\"name\":\"ELAN\",\"description\":\"English Language Arts Network\",\"publisher\":{\"@id\":\"https:\\\/\\\/www.quebec-elan.org\\\/en\\\/#organization\"},\"potentialAction\":[{\"@type\":\"SearchAction\",\"target\":{\"@type\":\"EntryPoint\",\"urlTemplate\":\"https:\\\/\\\/www.quebec-elan.org\\\/en\\\/?s={search_term_string}\"},\"query-input\":{\"@type\":\"PropertyValueSpecification\",\"valueRequired\":true,\"valueName\":\"search_term_string\"}}],\"inLanguage\":\"fr-FR\"},{\"@type\":\"Organization\",\"@id\":\"https:\\\/\\\/www.quebec-elan.org\\\/en\\\/#organization\",\"name\":\"ELAN - English Language Arts Network\",\"url\":\"https:\\\/\\\/www.quebec-elan.org\\\/en\\\/\",\"logo\":{\"@type\":\"ImageObject\",\"inLanguage\":\"fr-FR\",\"@id\":\"https:\\\/\\\/www.quebec-elan.org\\\/en\\\/#\\\/schema\\\/logo\\\/image\\\/\",\"url\":\"https:\\\/\\\/www.quebec-elan.org\\\/wp-content\\\/uploads\\\/2022\\\/05\\\/elan-logo-360.jpg\",\"contentUrl\":\"https:\\\/\\\/www.quebec-elan.org\\\/wp-content\\\/uploads\\\/2022\\\/05\\\/elan-logo-360.jpg\",\"width\":360,\"height\":70,\"caption\":\"ELAN - English Language Arts Network\"},\"image\":{\"@id\":\"https:\\\/\\\/www.quebec-elan.org\\\/en\\\/#\\\/schema\\\/logo\\\/image\\\/\"}},{\"@type\":\"Person\",\"@id\":\"https:\\\/\\\/www.quebec-elan.org\\\/en\\\/#\\\/schema\\\/person\\\/4aaafbe7c737c481f7cc144f5237888f\",\"name\":\"Andre Elan Quebec\",\"image\":{\"@type\":\"ImageObject\",\"inLanguage\":\"fr-FR\",\"@id\":\"https:\\\/\\\/secure.gravatar.com\\\/avatar\\\/7ea082d3d909c4cb837bac18df8ab3523b4a3b6bc196bc83d5ca7f186807bf4e?s=96&d=mm&r=g\",\"url\":\"https:\\\/\\\/secure.gravatar.com\\\/avatar\\\/7ea082d3d909c4cb837bac18df8ab3523b4a3b6bc196bc83d5ca7f186807bf4e?s=96&d=mm&r=g\",\"contentUrl\":\"https:\\\/\\\/secure.gravatar.com\\\/avatar\\\/7ea082d3d909c4cb837bac18df8ab3523b4a3b6bc196bc83d5ca7f186807bf4e?s=96&d=mm&r=g\",\"caption\":\"Andre Elan Quebec\"},\"description\":\"The English-Language Arts Network (ELAN) is a not-for-profit organization that connects, supports, and creates opportunities for Quebec\u2019s English-speaking artists and arts communities. ELAN members are individuals and organizations from a wide array of artistic disciplines, cultural and geographic backgrounds, and linguistic and cultural communities. Together this network reflects an evolving Qu\u00e9bec identity and celebrates the province\u2019s cultural, artistic, and social diversity.\",\"url\":\"https:\\\/\\\/www.quebec-elan.org\\\/fr\\\/author\\\/elan-quebec\\\/\"}]}<\/script>\n<!-- \/ Yoast SEO plugin. -->","yoast_head_json":{"title":"Webinaire Relations Qu\u00e9bec : Pratiques anti-oppressives et non hi\u00e9rarchis\u00e9es pour les organismes artistiques - ELAN","description":"A not-for-profit organization that connects, supports, and creates opportunities for English-speaking artists and cultural workers of all disciplines from every region of Quebec.","robots":{"index":"index","follow":"follow","max-snippet":"max-snippet:-1","max-image-preview":"max-image-preview:large","max-video-preview":"max-video-preview:-1"},"canonical":"https:\/\/www.quebec-elan.org\/fr\/webinaire-relations-quebec-pratiques-anti-oppressives-et-non-hierarchisees-pour-les-organismes-artistiques\/","og_locale":"fr_FR","og_type":"article","og_title":"Webinaire Relations Qu\u00e9bec : Pratiques anti-oppressives et non hi\u00e9rarchis\u00e9es pour les organismes artistiques - ELAN","og_description":"A not-for-profit organization that connects, supports, and creates opportunities for English-speaking artists and cultural workers of all disciplines from every region of Quebec.","og_url":"https:\/\/www.quebec-elan.org\/fr\/webinaire-relations-quebec-pratiques-anti-oppressives-et-non-hierarchisees-pour-les-organismes-artistiques\/","og_site_name":"ELAN","article_published_time":"2022-05-02T16:47:45+00:00","article_modified_time":"2022-05-02T19:52:09+00:00","og_image":[{"width":1281,"height":379,"url":"https:\/\/www.quebec-elan.org\/wp-content\/uploads\/2022\/05\/newsl-banner-articule.png","type":"image\/png"}],"author":"Andre Elan Quebec","twitter_card":"summary_large_image","twitter_misc":{"\u00c9crit par":"Andre Elan Quebec","Dur\u00e9e de lecture estim\u00e9e":"1 minute"},"schema":{"@context":"https:\/\/schema.org","@graph":[{"@type":"Article","@id":"https:\/\/www.quebec-elan.org\/fr\/webinaire-relations-quebec-pratiques-anti-oppressives-et-non-hierarchisees-pour-les-organismes-artistiques\/#article","isPartOf":{"@id":"https:\/\/www.quebec-elan.org\/fr\/webinaire-relations-quebec-pratiques-anti-oppressives-et-non-hierarchisees-pour-les-organismes-artistiques\/"},"author":{"name":"Andre Elan Quebec","@id":"https:\/\/www.quebec-elan.org\/en\/#\/schema\/person\/4aaafbe7c737c481f7cc144f5237888f"},"headline":"Webinaire Relations Qu\u00e9bec : Pratiques anti-oppressives et non hi\u00e9rarchis\u00e9es pour les organismes artistiques","datePublished":"2022-05-02T16:47:45+00:00","dateModified":"2022-05-02T19:52:09+00:00","mainEntityOfPage":{"@id":"https:\/\/www.quebec-elan.org\/fr\/webinaire-relations-quebec-pratiques-anti-oppressives-et-non-hierarchisees-pour-les-organismes-artistiques\/"},"wordCount":207,"publisher":{"@id":"https:\/\/www.quebec-elan.org\/en\/#organization"},"image":{"@id":"https:\/\/www.quebec-elan.org\/fr\/webinaire-relations-quebec-pratiques-anti-oppressives-et-non-hierarchisees-pour-les-organismes-artistiques\/#primaryimage"},"thumbnailUrl":"https:\/\/www.quebec-elan.org\/wp-content\/uploads\/2022\/05\/newsl-banner-articule.png","articleSection":["ELAN Events","Non classifi\u00e9(e)","Nouvelles","Project News","Qu\u00e9bec Relations"],"inLanguage":"fr-FR"},{"@type":"WebPage","@id":"https:\/\/www.quebec-elan.org\/fr\/webinaire-relations-quebec-pratiques-anti-oppressives-et-non-hierarchisees-pour-les-organismes-artistiques\/","url":"https:\/\/www.quebec-elan.org\/fr\/webinaire-relations-quebec-pratiques-anti-oppressives-et-non-hierarchisees-pour-les-organismes-artistiques\/","name":"Webinaire Relations Qu\u00e9bec : Pratiques anti-oppressives et non hi\u00e9rarchis\u00e9es pour les organismes artistiques - ELAN","isPartOf":{"@id":"https:\/\/www.quebec-elan.org\/en\/#website"},"primaryImageOfPage":{"@id":"https:\/\/www.quebec-elan.org\/fr\/webinaire-relations-quebec-pratiques-anti-oppressives-et-non-hierarchisees-pour-les-organismes-artistiques\/#primaryimage"},"image":{"@id":"https:\/\/www.quebec-elan.org\/fr\/webinaire-relations-quebec-pratiques-anti-oppressives-et-non-hierarchisees-pour-les-organismes-artistiques\/#primaryimage"},"thumbnailUrl":"https:\/\/www.quebec-elan.org\/wp-content\/uploads\/2022\/05\/newsl-banner-articule.png","datePublished":"2022-05-02T16:47:45+00:00","dateModified":"2022-05-02T19:52:09+00:00","description":"A not-for-profit organization that connects, supports, and creates opportunities for English-speaking artists and cultural workers of all disciplines from every region of Quebec.","breadcrumb":{"@id":"https:\/\/www.quebec-elan.org\/fr\/webinaire-relations-quebec-pratiques-anti-oppressives-et-non-hierarchisees-pour-les-organismes-artistiques\/#breadcrumb"},"inLanguage":"fr-FR","potentialAction":[{"@type":"ReadAction","target":["https:\/\/www.quebec-elan.org\/fr\/webinaire-relations-quebec-pratiques-anti-oppressives-et-non-hierarchisees-pour-les-organismes-artistiques\/"]}]},{"@type":"ImageObject","inLanguage":"fr-FR","@id":"https:\/\/www.quebec-elan.org\/fr\/webinaire-relations-quebec-pratiques-anti-oppressives-et-non-hierarchisees-pour-les-organismes-artistiques\/#primaryimage","url":"https:\/\/www.quebec-elan.org\/wp-content\/uploads\/2022\/05\/newsl-banner-articule.png","contentUrl":"https:\/\/www.quebec-elan.org\/wp-content\/uploads\/2022\/05\/newsl-banner-articule.png","width":1281,"height":379,"caption":"Banner for Quebec Relations Anti Oppressive and Non-hierarchical structures for arts organizations webinar"},{"@type":"BreadcrumbList","@id":"https:\/\/www.quebec-elan.org\/fr\/webinaire-relations-quebec-pratiques-anti-oppressives-et-non-hierarchisees-pour-les-organismes-artistiques\/#breadcrumb","itemListElement":[{"@type":"ListItem","position":1,"name":"Home","item":"https:\/\/www.quebec-elan.org\/fr\/"},{"@type":"ListItem","position":2,"name":"Webinaire Relations Qu\u00e9bec : Pratiques anti-oppressives et non hi\u00e9rarchis\u00e9es pour les organismes artistiques"}]},{"@type":"WebSite","@id":"https:\/\/www.quebec-elan.org\/en\/#website","url":"https:\/\/www.quebec-elan.org\/en\/","name":"ELAN","description":"English Language Arts Network","publisher":{"@id":"https:\/\/www.quebec-elan.org\/en\/#organization"},"potentialAction":[{"@type":"SearchAction","target":{"@type":"EntryPoint","urlTemplate":"https:\/\/www.quebec-elan.org\/en\/?s={search_term_string}"},"query-input":{"@type":"PropertyValueSpecification","valueRequired":true,"valueName":"search_term_string"}}],"inLanguage":"fr-FR"},{"@type":"Organization","@id":"https:\/\/www.quebec-elan.org\/en\/#organization","name":"ELAN - English Language Arts Network","url":"https:\/\/www.quebec-elan.org\/en\/","logo":{"@type":"ImageObject","inLanguage":"fr-FR","@id":"https:\/\/www.quebec-elan.org\/en\/#\/schema\/logo\/image\/","url":"https:\/\/www.quebec-elan.org\/wp-content\/uploads\/2022\/05\/elan-logo-360.jpg","contentUrl":"https:\/\/www.quebec-elan.org\/wp-content\/uploads\/2022\/05\/elan-logo-360.jpg","width":360,"height":70,"caption":"ELAN - English Language Arts Network"},"image":{"@id":"https:\/\/www.quebec-elan.org\/en\/#\/schema\/logo\/image\/"}},{"@type":"Person","@id":"https:\/\/www.quebec-elan.org\/en\/#\/schema\/person\/4aaafbe7c737c481f7cc144f5237888f","name":"Andre Elan Quebec","image":{"@type":"ImageObject","inLanguage":"fr-FR","@id":"https:\/\/secure.gravatar.com\/avatar\/7ea082d3d909c4cb837bac18df8ab3523b4a3b6bc196bc83d5ca7f186807bf4e?s=96&d=mm&r=g","url":"https:\/\/secure.gravatar.com\/avatar\/7ea082d3d909c4cb837bac18df8ab3523b4a3b6bc196bc83d5ca7f186807bf4e?s=96&d=mm&r=g","contentUrl":"https:\/\/secure.gravatar.com\/avatar\/7ea082d3d909c4cb837bac18df8ab3523b4a3b6bc196bc83d5ca7f186807bf4e?s=96&d=mm&r=g","caption":"Andre Elan Quebec"},"description":"The English-Language Arts Network (ELAN) is a not-for-profit organization that connects, supports, and creates opportunities for Quebec\u2019s English-speaking artists and arts communities. ELAN members are individuals and organizations from a wide array of artistic disciplines, cultural and geographic backgrounds, and linguistic and cultural communities. Together this network reflects an evolving Qu\u00e9bec identity and celebrates the province\u2019s cultural, artistic, and social diversity.","url":"https:\/\/www.quebec-elan.org\/fr\/author\/elan-quebec\/"}]}},"_links":{"self":[{"href":"https:\/\/www.quebec-elan.org\/fr\/wp-json\/wp\/v2\/posts\/40854","targetHints":{"allow":["GET"]}}],"collection":[{"href":"https:\/\/www.quebec-elan.org\/fr\/wp-json\/wp\/v2\/posts"}],"about":[{"href":"https:\/\/www.quebec-elan.org\/fr\/wp-json\/wp\/v2\/types\/post"}],"author":[{"embeddable":true,"href":"https:\/\/www.quebec-elan.org\/fr\/wp-json\/wp\/v2\/users\/234"}],"replies":[{"embeddable":true,"href":"https:\/\/www.quebec-elan.org\/fr\/wp-json\/wp\/v2\/comments?post=40854"}],"version-history":[{"count":1,"href":"https:\/\/www.quebec-elan.org\/fr\/wp-json\/wp\/v2\/posts\/40854\/revisions"}],"predecessor-version":[{"id":40882,"href":"https:\/\/www.quebec-elan.org\/fr\/wp-json\/wp\/v2\/posts\/40854\/revisions\/40882"}],"wp:featuredmedia":[{"embeddable":true,"href":"https:\/\/www.quebec-elan.org\/fr\/wp-json\/wp\/v2\/media\/40862"}],"wp:attachment":[{"href":"https:\/\/www.quebec-elan.org\/fr\/wp-json\/wp\/v2\/media?parent=40854"}],"wp:term":[{"taxonomy":"category","embeddable":true,"href":"https:\/\/www.quebec-elan.org\/fr\/wp-json\/wp\/v2\/categories?post=40854"},{"taxonomy":"post_tag","embeddable":true,"href":"https:\/\/www.quebec-elan.org\/fr\/wp-json\/wp\/v2\/tags?post=40854"}],"curies":[{"name":"wp","href":"https:\/\/api.w.org\/{rel}","templated":true}]}}