{"id":40859,"date":"2022-05-02T13:03:29","date_gmt":"2022-05-02T17:03:29","guid":{"rendered":"https:\/\/www.quebec-elan.org\/2022\/05\/02\/mot-de-la-directrice-executive-mai-2022\/"},"modified":"2022-05-02T13:03:29","modified_gmt":"2022-05-02T17:03:29","slug":"mot-de-la-directrice-executive-mai-2022","status":"publish","type":"post","link":"https:\/\/www.quebec-elan.org\/fr\/mot-de-la-directrice-executive-mai-2022\/","title":{"rendered":"Mot de la directrice ex\u00e9cutive, mai 2022"},"content":{"rendered":"<p>Bon printemps \u00e0 tous et \u00e0 toutes !<\/p>\n<p>Il y a beaucoup d\u2019excitation dans l\u2019air en raison de tous les \u00e9v\u00e9nements et rassemblements en direct qui s\u2019organisent. Il est temps de mettre notre plus belle tenue et de quitter la maison (je sais\u2026 mais vous en \u00eates capables) pour profiter de l\u2019incroyable offre culturelle qui existe au Qu\u00e9bec. Nous avons re\u00e7u de bonnes nouvelles pour tous ceux qui, ces derni\u00e8res ann\u00e9es, ont travaill\u00e9 sans rel\u00e2che \u00e0 maintenir en vie la sc\u00e8ne artistique et culturelle qu\u00e9b\u00e9coise. Le gouvernement du Qu\u00e9bec a confirm\u00e9 et augment\u00e9 son offre de financement pour assurer la survie et la prosp\u00e9rit\u00e9 de la communaut\u00e9 artistique, \u00e0 la fois dans le cadre du budget 2022\/2023 et dans un plan triennal distinct d\u2019une valeur de 225 millions de dollars, con\u00e7u sp\u00e9cialement pour aider la communaut\u00e9 \u00e0 se reconstruire et \u00e0 se d\u00e9velopper.<\/p>\n<p>&nbsp;<\/p>\n<p><a href=\"https:\/\/www.quebec-elan.org\/2022\/04\/11\/culture-montreal-analysis-of-2022-23-budget-en-translation\/\" target=\"_blank\" rel=\"noopener\"><strong>Vous trouverez ici<\/strong><\/a> un compte rendu et une analyse du budget r\u00e9alis\u00e9s par Culture Montr\u00e9al, et le plan triennal de 225 millions de dollars <a href=\"https:\/\/bit.ly\/37EZ9S6\" target=\"_blank\" rel=\"noopener\"><strong>peut \u00eatre consult\u00e9 ici<\/strong><\/a>\u00a0 (nous travaillons \u00e0 la traduction du plan, surveillez notre site web).<\/p>\n<p>&nbsp;<\/p>\n<p>Cette annonce de financement est une excellente nouvelle, mais nous savons qu\u2019il peut \u00eatre un peu intimidant de naviguer \u00e0 travers tous ces programmes et sites web, donc ne vous laissez pas d\u00e9courager par la t\u00e2che. N\u2019oubliez pas que la formidable \u00e9quipe de Relations Qu\u00e9bec peut vous aider \u00e0 naviguer \u00e0 travers le syst\u00e8me de financement des arts au Qu\u00e9bec. Vous pouvez m\u00eame faire une demande de consultation individuelle aupr\u00e8s d\u2019un expert. <a href=\"https:\/\/www.quebec-elan.org\/quebec-relations\/\" target=\"_blank\" rel=\"noopener\"><strong>Cliquez ici pour en savoir plus<\/strong><\/a>.<\/p>\n<p>&nbsp;<\/p>\n<p>\u00c0 bient\u00f4t !<\/p>\n<p>Vanessa Herrick<\/p>\n","protected":false},"excerpt":{"rendered":"<p>Bon printemps \u00e0 tous et \u00e0 toutes ! Il y a beaucoup d\u2019excitation dans l\u2019air en raison de tous les \u00e9v\u00e9nements et rassemblements en direct qui s\u2019organisent. Il est temps de mettre notre plus belle tenue et de quitter la maison (je sais\u2026 mais vous en \u00eates capables) pour profiter de l\u2019incroyable offre culturelle qui [&hellip;]<\/p>\n","protected":false},"author":234,"featured_media":0,"comment_status":"closed","ping_status":"closed","sticky":false,"template":"","format":"standard","meta":{"footnotes":""},"categories":[497,2,483,494],"tags":[],"class_list":["post-40859","post","type-post","status-publish","format-standard","hentry","category-directors-letter-fr","category-non-classifiee","category-nouvelles-fr","category-quebec-relations-fr-2"],"yoast_head":"<!-- This site is optimized with the Yoast SEO plugin v27.4 - https:\/\/yoast.com\/product\/yoast-seo-wordpress\/ -->\n<title>Mot de la directrice ex\u00e9cutive, mai 2022 - ELAN<\/title>\n<meta name=\"description\" content=\"A not-for-profit organization that connects, supports, and creates opportunities for English-speaking artists and cultural workers of all disciplines from every region of Quebec.\" \/>\n<meta name=\"robots\" content=\"index, follow, max-snippet:-1, max-image-preview:large, max-video-preview:-1\" \/>\n<link rel=\"canonical\" href=\"https:\/\/www.quebec-elan.org\/fr\/mot-de-la-directrice-executive-mai-2022\/\" \/>\n<meta property=\"og:locale\" content=\"fr_FR\" \/>\n<meta property=\"og:type\" content=\"article\" \/>\n<meta property=\"og:title\" content=\"Mot de la directrice ex\u00e9cutive, mai 2022 - ELAN\" \/>\n<meta property=\"og:description\" content=\"A not-for-profit organization that connects, supports, and creates opportunities for English-speaking artists and cultural workers of all disciplines from every region of Quebec.\" \/>\n<meta property=\"og:url\" content=\"https:\/\/www.quebec-elan.org\/fr\/mot-de-la-directrice-executive-mai-2022\/\" \/>\n<meta property=\"og:site_name\" content=\"ELAN\" \/>\n<meta property=\"article:published_time\" content=\"2022-05-02T17:03:29+00:00\" \/>\n<meta name=\"author\" content=\"Andre Elan Quebec\" \/>\n<meta name=\"twitter:card\" content=\"summary_large_image\" \/>\n<meta name=\"twitter:label1\" content=\"\u00c9crit par\" \/>\n\t<meta name=\"twitter:data1\" content=\"Andre Elan Quebec\" \/>\n\t<meta name=\"twitter:label2\" content=\"Dur\u00e9e de lecture estim\u00e9e\" \/>\n\t<meta name=\"twitter:data2\" content=\"1 minute\" \/>\n<script type=\"application\/ld+json\" class=\"yoast-schema-graph\">{\"@context\":\"https:\\\/\\\/schema.org\",\"@graph\":[{\"@type\":\"Article\",\"@id\":\"https:\\\/\\\/www.quebec-elan.org\\\/fr\\\/mot-de-la-directrice-executive-mai-2022\\\/#article\",\"isPartOf\":{\"@id\":\"https:\\\/\\\/www.quebec-elan.org\\\/fr\\\/mot-de-la-directrice-executive-mai-2022\\\/\"},\"author\":{\"name\":\"Andre Elan Quebec\",\"@id\":\"https:\\\/\\\/www.quebec-elan.org\\\/en\\\/#\\\/schema\\\/person\\\/4aaafbe7c737c481f7cc144f5237888f\"},\"headline\":\"Mot de la directrice ex\u00e9cutive, mai 2022\",\"datePublished\":\"2022-05-02T17:03:29+00:00\",\"mainEntityOfPage\":{\"@id\":\"https:\\\/\\\/www.quebec-elan.org\\\/fr\\\/mot-de-la-directrice-executive-mai-2022\\\/\"},\"wordCount\":292,\"publisher\":{\"@id\":\"https:\\\/\\\/www.quebec-elan.org\\\/en\\\/#organization\"},\"articleSection\":[\"Director's Letter\",\"Non classifi\u00e9(e)\",\"Nouvelles\",\"Qu\u00e9bec Relations\"],\"inLanguage\":\"fr-FR\"},{\"@type\":\"WebPage\",\"@id\":\"https:\\\/\\\/www.quebec-elan.org\\\/fr\\\/mot-de-la-directrice-executive-mai-2022\\\/\",\"url\":\"https:\\\/\\\/www.quebec-elan.org\\\/fr\\\/mot-de-la-directrice-executive-mai-2022\\\/\",\"name\":\"Mot de la directrice ex\u00e9cutive, mai 2022 - ELAN\",\"isPartOf\":{\"@id\":\"https:\\\/\\\/www.quebec-elan.org\\\/en\\\/#website\"},\"datePublished\":\"2022-05-02T17:03:29+00:00\",\"description\":\"A not-for-profit organization that connects, supports, and creates opportunities for English-speaking artists and cultural workers of all disciplines from every region of Quebec.\",\"breadcrumb\":{\"@id\":\"https:\\\/\\\/www.quebec-elan.org\\\/fr\\\/mot-de-la-directrice-executive-mai-2022\\\/#breadcrumb\"},\"inLanguage\":\"fr-FR\",\"potentialAction\":[{\"@type\":\"ReadAction\",\"target\":[\"https:\\\/\\\/www.quebec-elan.org\\\/fr\\\/mot-de-la-directrice-executive-mai-2022\\\/\"]}]},{\"@type\":\"BreadcrumbList\",\"@id\":\"https:\\\/\\\/www.quebec-elan.org\\\/fr\\\/mot-de-la-directrice-executive-mai-2022\\\/#breadcrumb\",\"itemListElement\":[{\"@type\":\"ListItem\",\"position\":1,\"name\":\"Home\",\"item\":\"https:\\\/\\\/www.quebec-elan.org\\\/fr\\\/\"},{\"@type\":\"ListItem\",\"position\":2,\"name\":\"Mot de la directrice ex\u00e9cutive, mai 2022\"}]},{\"@type\":\"WebSite\",\"@id\":\"https:\\\/\\\/www.quebec-elan.org\\\/en\\\/#website\",\"url\":\"https:\\\/\\\/www.quebec-elan.org\\\/en\\\/\",\"name\":\"ELAN\",\"description\":\"English Language Arts Network\",\"publisher\":{\"@id\":\"https:\\\/\\\/www.quebec-elan.org\\\/en\\\/#organization\"},\"potentialAction\":[{\"@type\":\"SearchAction\",\"target\":{\"@type\":\"EntryPoint\",\"urlTemplate\":\"https:\\\/\\\/www.quebec-elan.org\\\/en\\\/?s={search_term_string}\"},\"query-input\":{\"@type\":\"PropertyValueSpecification\",\"valueRequired\":true,\"valueName\":\"search_term_string\"}}],\"inLanguage\":\"fr-FR\"},{\"@type\":\"Organization\",\"@id\":\"https:\\\/\\\/www.quebec-elan.org\\\/en\\\/#organization\",\"name\":\"ELAN - English Language Arts Network\",\"url\":\"https:\\\/\\\/www.quebec-elan.org\\\/en\\\/\",\"logo\":{\"@type\":\"ImageObject\",\"inLanguage\":\"fr-FR\",\"@id\":\"https:\\\/\\\/www.quebec-elan.org\\\/en\\\/#\\\/schema\\\/logo\\\/image\\\/\",\"url\":\"https:\\\/\\\/www.quebec-elan.org\\\/wp-content\\\/uploads\\\/2022\\\/05\\\/elan-logo-360.jpg\",\"contentUrl\":\"https:\\\/\\\/www.quebec-elan.org\\\/wp-content\\\/uploads\\\/2022\\\/05\\\/elan-logo-360.jpg\",\"width\":360,\"height\":70,\"caption\":\"ELAN - English Language Arts Network\"},\"image\":{\"@id\":\"https:\\\/\\\/www.quebec-elan.org\\\/en\\\/#\\\/schema\\\/logo\\\/image\\\/\"}},{\"@type\":\"Person\",\"@id\":\"https:\\\/\\\/www.quebec-elan.org\\\/en\\\/#\\\/schema\\\/person\\\/4aaafbe7c737c481f7cc144f5237888f\",\"name\":\"Andre Elan Quebec\",\"image\":{\"@type\":\"ImageObject\",\"inLanguage\":\"fr-FR\",\"@id\":\"https:\\\/\\\/secure.gravatar.com\\\/avatar\\\/7ea082d3d909c4cb837bac18df8ab3523b4a3b6bc196bc83d5ca7f186807bf4e?s=96&d=mm&r=g\",\"url\":\"https:\\\/\\\/secure.gravatar.com\\\/avatar\\\/7ea082d3d909c4cb837bac18df8ab3523b4a3b6bc196bc83d5ca7f186807bf4e?s=96&d=mm&r=g\",\"contentUrl\":\"https:\\\/\\\/secure.gravatar.com\\\/avatar\\\/7ea082d3d909c4cb837bac18df8ab3523b4a3b6bc196bc83d5ca7f186807bf4e?s=96&d=mm&r=g\",\"caption\":\"Andre Elan Quebec\"},\"description\":\"The English-Language Arts Network (ELAN) is a not-for-profit organization that connects, supports, and creates opportunities for Quebec\u2019s English-speaking artists and arts communities. ELAN members are individuals and organizations from a wide array of artistic disciplines, cultural and geographic backgrounds, and linguistic and cultural communities. Together this network reflects an evolving Qu\u00e9bec identity and celebrates the province\u2019s cultural, artistic, and social diversity.\",\"url\":\"https:\\\/\\\/www.quebec-elan.org\\\/fr\\\/author\\\/elan-quebec\\\/\"}]}<\/script>\n<!-- \/ Yoast SEO plugin. -->","yoast_head_json":{"title":"Mot de la directrice ex\u00e9cutive, mai 2022 - ELAN","description":"A not-for-profit organization that connects, supports, and creates opportunities for English-speaking artists and cultural workers of all disciplines from every region of Quebec.","robots":{"index":"index","follow":"follow","max-snippet":"max-snippet:-1","max-image-preview":"max-image-preview:large","max-video-preview":"max-video-preview:-1"},"canonical":"https:\/\/www.quebec-elan.org\/fr\/mot-de-la-directrice-executive-mai-2022\/","og_locale":"fr_FR","og_type":"article","og_title":"Mot de la directrice ex\u00e9cutive, mai 2022 - ELAN","og_description":"A not-for-profit organization that connects, supports, and creates opportunities for English-speaking artists and cultural workers of all disciplines from every region of Quebec.","og_url":"https:\/\/www.quebec-elan.org\/fr\/mot-de-la-directrice-executive-mai-2022\/","og_site_name":"ELAN","article_published_time":"2022-05-02T17:03:29+00:00","author":"Andre Elan Quebec","twitter_card":"summary_large_image","twitter_misc":{"\u00c9crit par":"Andre Elan Quebec","Dur\u00e9e de lecture estim\u00e9e":"1 minute"},"schema":{"@context":"https:\/\/schema.org","@graph":[{"@type":"Article","@id":"https:\/\/www.quebec-elan.org\/fr\/mot-de-la-directrice-executive-mai-2022\/#article","isPartOf":{"@id":"https:\/\/www.quebec-elan.org\/fr\/mot-de-la-directrice-executive-mai-2022\/"},"author":{"name":"Andre Elan Quebec","@id":"https:\/\/www.quebec-elan.org\/en\/#\/schema\/person\/4aaafbe7c737c481f7cc144f5237888f"},"headline":"Mot de la directrice ex\u00e9cutive, mai 2022","datePublished":"2022-05-02T17:03:29+00:00","mainEntityOfPage":{"@id":"https:\/\/www.quebec-elan.org\/fr\/mot-de-la-directrice-executive-mai-2022\/"},"wordCount":292,"publisher":{"@id":"https:\/\/www.quebec-elan.org\/en\/#organization"},"articleSection":["Director's Letter","Non classifi\u00e9(e)","Nouvelles","Qu\u00e9bec Relations"],"inLanguage":"fr-FR"},{"@type":"WebPage","@id":"https:\/\/www.quebec-elan.org\/fr\/mot-de-la-directrice-executive-mai-2022\/","url":"https:\/\/www.quebec-elan.org\/fr\/mot-de-la-directrice-executive-mai-2022\/","name":"Mot de la directrice ex\u00e9cutive, mai 2022 - ELAN","isPartOf":{"@id":"https:\/\/www.quebec-elan.org\/en\/#website"},"datePublished":"2022-05-02T17:03:29+00:00","description":"A not-for-profit organization that connects, supports, and creates opportunities for English-speaking artists and cultural workers of all disciplines from every region of Quebec.","breadcrumb":{"@id":"https:\/\/www.quebec-elan.org\/fr\/mot-de-la-directrice-executive-mai-2022\/#breadcrumb"},"inLanguage":"fr-FR","potentialAction":[{"@type":"ReadAction","target":["https:\/\/www.quebec-elan.org\/fr\/mot-de-la-directrice-executive-mai-2022\/"]}]},{"@type":"BreadcrumbList","@id":"https:\/\/www.quebec-elan.org\/fr\/mot-de-la-directrice-executive-mai-2022\/#breadcrumb","itemListElement":[{"@type":"ListItem","position":1,"name":"Home","item":"https:\/\/www.quebec-elan.org\/fr\/"},{"@type":"ListItem","position":2,"name":"Mot de la directrice ex\u00e9cutive, mai 2022"}]},{"@type":"WebSite","@id":"https:\/\/www.quebec-elan.org\/en\/#website","url":"https:\/\/www.quebec-elan.org\/en\/","name":"ELAN","description":"English Language Arts Network","publisher":{"@id":"https:\/\/www.quebec-elan.org\/en\/#organization"},"potentialAction":[{"@type":"SearchAction","target":{"@type":"EntryPoint","urlTemplate":"https:\/\/www.quebec-elan.org\/en\/?s={search_term_string}"},"query-input":{"@type":"PropertyValueSpecification","valueRequired":true,"valueName":"search_term_string"}}],"inLanguage":"fr-FR"},{"@type":"Organization","@id":"https:\/\/www.quebec-elan.org\/en\/#organization","name":"ELAN - English Language Arts Network","url":"https:\/\/www.quebec-elan.org\/en\/","logo":{"@type":"ImageObject","inLanguage":"fr-FR","@id":"https:\/\/www.quebec-elan.org\/en\/#\/schema\/logo\/image\/","url":"https:\/\/www.quebec-elan.org\/wp-content\/uploads\/2022\/05\/elan-logo-360.jpg","contentUrl":"https:\/\/www.quebec-elan.org\/wp-content\/uploads\/2022\/05\/elan-logo-360.jpg","width":360,"height":70,"caption":"ELAN - English Language Arts Network"},"image":{"@id":"https:\/\/www.quebec-elan.org\/en\/#\/schema\/logo\/image\/"}},{"@type":"Person","@id":"https:\/\/www.quebec-elan.org\/en\/#\/schema\/person\/4aaafbe7c737c481f7cc144f5237888f","name":"Andre Elan Quebec","image":{"@type":"ImageObject","inLanguage":"fr-FR","@id":"https:\/\/secure.gravatar.com\/avatar\/7ea082d3d909c4cb837bac18df8ab3523b4a3b6bc196bc83d5ca7f186807bf4e?s=96&d=mm&r=g","url":"https:\/\/secure.gravatar.com\/avatar\/7ea082d3d909c4cb837bac18df8ab3523b4a3b6bc196bc83d5ca7f186807bf4e?s=96&d=mm&r=g","contentUrl":"https:\/\/secure.gravatar.com\/avatar\/7ea082d3d909c4cb837bac18df8ab3523b4a3b6bc196bc83d5ca7f186807bf4e?s=96&d=mm&r=g","caption":"Andre Elan Quebec"},"description":"The English-Language Arts Network (ELAN) is a not-for-profit organization that connects, supports, and creates opportunities for Quebec\u2019s English-speaking artists and arts communities. ELAN members are individuals and organizations from a wide array of artistic disciplines, cultural and geographic backgrounds, and linguistic and cultural communities. Together this network reflects an evolving Qu\u00e9bec identity and celebrates the province\u2019s cultural, artistic, and social diversity.","url":"https:\/\/www.quebec-elan.org\/fr\/author\/elan-quebec\/"}]}},"_links":{"self":[{"href":"https:\/\/www.quebec-elan.org\/fr\/wp-json\/wp\/v2\/posts\/40859","targetHints":{"allow":["GET"]}}],"collection":[{"href":"https:\/\/www.quebec-elan.org\/fr\/wp-json\/wp\/v2\/posts"}],"about":[{"href":"https:\/\/www.quebec-elan.org\/fr\/wp-json\/wp\/v2\/types\/post"}],"author":[{"embeddable":true,"href":"https:\/\/www.quebec-elan.org\/fr\/wp-json\/wp\/v2\/users\/234"}],"replies":[{"embeddable":true,"href":"https:\/\/www.quebec-elan.org\/fr\/wp-json\/wp\/v2\/comments?post=40859"}],"version-history":[{"count":0,"href":"https:\/\/www.quebec-elan.org\/fr\/wp-json\/wp\/v2\/posts\/40859\/revisions"}],"wp:attachment":[{"href":"https:\/\/www.quebec-elan.org\/fr\/wp-json\/wp\/v2\/media?parent=40859"}],"wp:term":[{"taxonomy":"category","embeddable":true,"href":"https:\/\/www.quebec-elan.org\/fr\/wp-json\/wp\/v2\/categories?post=40859"},{"taxonomy":"post_tag","embeddable":true,"href":"https:\/\/www.quebec-elan.org\/fr\/wp-json\/wp\/v2\/tags?post=40859"}],"curies":[{"name":"wp","href":"https:\/\/api.w.org\/{rel}","templated":true}]}}