{"id":43088,"date":"2022-08-17T07:09:21","date_gmt":"2022-08-17T11:09:21","guid":{"rendered":"http:\/\/localhost\/quebec\/?p=41439"},"modified":"2022-09-02T09:39:53","modified_gmt":"2022-09-02T13:39:53","slug":"mot-de-la-directrice-executive-juillet-2022","status":"publish","type":"post","link":"https:\/\/www.quebec-elan.org\/fr\/mot-de-la-directrice-executive-juillet-2022\/","title":{"rendered":"Mot de la Directrice Ex\u00e9cutive, juillet 2022"},"content":{"rendered":"<p>Venez f\u00eater au parc avec nous !<\/p>\n<p>Une grande excitation r\u00e8gne dans nos bureaux (et dans notre espace zoom) alors que nous pr\u00e9parons notre premier cinq \u00e0 sept en personne, qui aura lieu le 20 juillet au parc Jarry. Par un merveilleux hasard, nous partagerons le parc avec l\u2019\u00e9tonnante pi\u00e8ce All Shall Be Well du Repercussion Theatre. Nous serons heureux de vous rencontrer pour prendre de vos nouvelles, discuter de votre pratique artistique, savoir de quelle mani\u00e8re la COVID vous a touch\u00e9s, ainsi que votre travail, au cours des deux derni\u00e8res ann\u00e9es. Venez fl\u00e2ner un peu avec nous, pour ensuite allez voir un spectacle dans le parc !<\/p>\n<p>Nous sommes \u00e9galement occup\u00e9s \u00e0 pr\u00e9parer notre assembl\u00e9e g\u00e9n\u00e9rale annuelle, qui aura lieu le 15 ao\u00fbt prochain. Nous serons heureux d\u2019accueillir tous les membres int\u00e9ress\u00e9s \u00e0 y participer et nous vous enverrons bient\u00f4t les d\u00e9tails \u00e0 cet effet. Nous pr\u00e9voyons tenir l\u2019\u00e9v\u00e9nement en personne et j\u2019esp\u00e8re que vous pourrez vous joindre \u00e0 nous.<\/p>\n<p>De plus, nous recherchons de nouveaux membres pour notre conseil d\u2019administration. Si vous souhaitez travailler avec notre \u00e9quipe de professionnels des arts pour soutenir la communaut\u00e9 des artistes anglophones du Qu\u00e9bec, n\u2019h\u00e9sitez pas \u00e0 me contacter \u00e0 <a href=\"mailto:vanessa@localhost\" target=\"_blank\" rel=\"noopener\">vanessa@localhost<\/a> . Nous recherchons des artistes \u0153uvrant dans les cat\u00e9gories suivantes : musique, cin\u00e9ma et t\u00e9l\u00e9vision, diffusion des arts et entreprises. Si vous avez du temps \u00e0 consacrer \u00e0 ELAN, vous ferez partie d\u2019un groupe dynamique d\u2019artistes int\u00e9ressants et talentueux, tous d\u00e9sireux d\u2019am\u00e9liorer le milieu de travail de notre communaut\u00e9.<\/p>\n<p>Enfin, et sur une note moins agr\u00e9able, nous nous nous sommes beaucoup questionn\u00e9s sur le projet de loi 96 et l\u2019impact que celui-ci aura sur notre communaut\u00e9. \u00c0 ce stade, ce n\u2019est pas clair. Le gouvernement a adopt\u00e9 le projet de loi mais prend un an pour r\u00e9fl\u00e9chir \u00e0 la mani\u00e8re de le mettre en \u0153uvre. Pour le moment, il ne semble pas que cela affectera directement le travail d\u2019un artiste individuel, \u00e0 moins que vous n\u2019ayez besoin d&rsquo;une \u00e9quipe de 25 personnes ou plus pour r\u00e9aliser votre \u0153uvre, auquel cas les lois sur le fran\u00e7ais au travail seraient applicables. Nous suivons la question de pr\u00e8s et diffuserons de nouvelles informations d\u00e8s que nous en aurons.<\/p>\n<p>En attendant, profitez du beau temps et venez nous voir !<\/p>\n<p><strong>Vanessa Herrick<br \/>\n<\/strong>Directrice Ex\u00e9cutive<strong><br \/>\n<\/strong><\/p>\n","protected":false},"excerpt":{"rendered":"<p>Venez f\u00eater au parc avec nous ! Une grande excitation r\u00e8gne dans nos bureaux (et dans notre espace zoom) alors que nous pr\u00e9parons notre premier cinq \u00e0 sept en personne, qui aura lieu le 20 juillet au parc Jarry. Par un merveilleux hasard, nous partagerons le parc avec l\u2019\u00e9tonnante pi\u00e8ce All Shall Be Well du [&hellip;]<\/p>\n","protected":false},"author":234,"featured_media":43062,"comment_status":"closed","ping_status":"closed","sticky":false,"template":"","format":"standard","meta":{"footnotes":""},"categories":[497,505,2,483],"tags":[],"class_list":["post-43088","post","type-post","status-publish","format-standard","has-post-thumbnail","hentry","category-directors-letter-fr","category-export-to-live-fr","category-non-classifiee","category-nouvelles-fr"],"yoast_head":"<!-- This site is optimized with the Yoast SEO plugin v27.5 - https:\/\/yoast.com\/product\/yoast-seo-wordpress\/ -->\n<title>Mot de la Directrice Ex\u00e9cutive, juillet 2022 - ELAN<\/title>\n<meta name=\"description\" content=\"A not-for-profit organization that connects, supports, and creates opportunities for English-speaking artists and cultural workers of all disciplines from every region of Quebec.\" \/>\n<meta name=\"robots\" content=\"index, follow, max-snippet:-1, max-image-preview:large, max-video-preview:-1\" \/>\n<link rel=\"canonical\" href=\"https:\/\/www.quebec-elan.org\/fr\/mot-de-la-directrice-executive-juillet-2022\/\" \/>\n<meta property=\"og:locale\" content=\"fr_FR\" \/>\n<meta property=\"og:type\" content=\"article\" \/>\n<meta property=\"og:title\" content=\"Mot de la Directrice Ex\u00e9cutive, juillet 2022 - ELAN\" \/>\n<meta property=\"og:description\" content=\"A not-for-profit organization that connects, supports, and creates opportunities for English-speaking artists and cultural workers of all disciplines from every region of Quebec.\" \/>\n<meta property=\"og:url\" content=\"https:\/\/www.quebec-elan.org\/fr\/mot-de-la-directrice-executive-juillet-2022\/\" \/>\n<meta property=\"og:site_name\" content=\"ELAN\" \/>\n<meta property=\"article:published_time\" content=\"2022-08-17T11:09:21+00:00\" \/>\n<meta property=\"article:modified_time\" content=\"2022-09-02T13:39:53+00:00\" \/>\n<meta property=\"og:image\" content=\"https:\/\/www.quebec-elan.org\/wp-content\/uploads\/2022\/07\/Letter-From-ED-Banner-Twitter-Header-scaled.jpg\" \/>\n\t<meta property=\"og:image:width\" content=\"1450\" \/>\n\t<meta property=\"og:image:height\" content=\"483\" \/>\n\t<meta property=\"og:image:type\" content=\"image\/jpeg\" \/>\n<meta name=\"author\" content=\"Andre Elan Quebec\" \/>\n<meta name=\"twitter:card\" content=\"summary_large_image\" \/>\n<meta name=\"twitter:label1\" content=\"\u00c9crit par\" \/>\n\t<meta name=\"twitter:data1\" content=\"Andre Elan Quebec\" \/>\n\t<meta name=\"twitter:label2\" content=\"Dur\u00e9e de lecture estim\u00e9e\" \/>\n\t<meta name=\"twitter:data2\" content=\"2 minutes\" \/>\n<script type=\"application\/ld+json\" class=\"yoast-schema-graph\">{\"@context\":\"https:\\\/\\\/schema.org\",\"@graph\":[{\"@type\":\"Article\",\"@id\":\"https:\\\/\\\/www.quebec-elan.org\\\/fr\\\/mot-de-la-directrice-executive-juillet-2022\\\/#article\",\"isPartOf\":{\"@id\":\"https:\\\/\\\/www.quebec-elan.org\\\/fr\\\/mot-de-la-directrice-executive-juillet-2022\\\/\"},\"author\":{\"name\":\"Andre Elan Quebec\",\"@id\":\"https:\\\/\\\/www.quebec-elan.org\\\/en\\\/#\\\/schema\\\/person\\\/4aaafbe7c737c481f7cc144f5237888f\"},\"headline\":\"Mot de la Directrice Ex\u00e9cutive, juillet 2022\",\"datePublished\":\"2022-08-17T11:09:21+00:00\",\"dateModified\":\"2022-09-02T13:39:53+00:00\",\"mainEntityOfPage\":{\"@id\":\"https:\\\/\\\/www.quebec-elan.org\\\/fr\\\/mot-de-la-directrice-executive-juillet-2022\\\/\"},\"wordCount\":421,\"publisher\":{\"@id\":\"https:\\\/\\\/www.quebec-elan.org\\\/en\\\/#organization\"},\"image\":{\"@id\":\"https:\\\/\\\/www.quebec-elan.org\\\/fr\\\/mot-de-la-directrice-executive-juillet-2022\\\/#primaryimage\"},\"thumbnailUrl\":\"https:\\\/\\\/www.quebec-elan.org\\\/wp-content\\\/uploads\\\/2022\\\/07\\\/Letter-From-ED-Banner-Twitter-Header-scaled.jpg\",\"articleSection\":[\"Director's Letter\",\"Export to live fr\",\"Non classifi\u00e9(e)\",\"Nouvelles\"],\"inLanguage\":\"fr-FR\"},{\"@type\":\"WebPage\",\"@id\":\"https:\\\/\\\/www.quebec-elan.org\\\/fr\\\/mot-de-la-directrice-executive-juillet-2022\\\/\",\"url\":\"https:\\\/\\\/www.quebec-elan.org\\\/fr\\\/mot-de-la-directrice-executive-juillet-2022\\\/\",\"name\":\"Mot de la Directrice Ex\u00e9cutive, juillet 2022 - ELAN\",\"isPartOf\":{\"@id\":\"https:\\\/\\\/www.quebec-elan.org\\\/en\\\/#website\"},\"primaryImageOfPage\":{\"@id\":\"https:\\\/\\\/www.quebec-elan.org\\\/fr\\\/mot-de-la-directrice-executive-juillet-2022\\\/#primaryimage\"},\"image\":{\"@id\":\"https:\\\/\\\/www.quebec-elan.org\\\/fr\\\/mot-de-la-directrice-executive-juillet-2022\\\/#primaryimage\"},\"thumbnailUrl\":\"https:\\\/\\\/www.quebec-elan.org\\\/wp-content\\\/uploads\\\/2022\\\/07\\\/Letter-From-ED-Banner-Twitter-Header-scaled.jpg\",\"datePublished\":\"2022-08-17T11:09:21+00:00\",\"dateModified\":\"2022-09-02T13:39:53+00:00\",\"description\":\"A not-for-profit organization that connects, supports, and creates opportunities for English-speaking artists and cultural workers of all disciplines from every region of Quebec.\",\"breadcrumb\":{\"@id\":\"https:\\\/\\\/www.quebec-elan.org\\\/fr\\\/mot-de-la-directrice-executive-juillet-2022\\\/#breadcrumb\"},\"inLanguage\":\"fr-FR\",\"potentialAction\":[{\"@type\":\"ReadAction\",\"target\":[\"https:\\\/\\\/www.quebec-elan.org\\\/fr\\\/mot-de-la-directrice-executive-juillet-2022\\\/\"]}]},{\"@type\":\"ImageObject\",\"inLanguage\":\"fr-FR\",\"@id\":\"https:\\\/\\\/www.quebec-elan.org\\\/fr\\\/mot-de-la-directrice-executive-juillet-2022\\\/#primaryimage\",\"url\":\"https:\\\/\\\/www.quebec-elan.org\\\/wp-content\\\/uploads\\\/2022\\\/07\\\/Letter-From-ED-Banner-Twitter-Header-scaled.jpg\",\"contentUrl\":\"https:\\\/\\\/www.quebec-elan.org\\\/wp-content\\\/uploads\\\/2022\\\/07\\\/Letter-From-ED-Banner-Twitter-Header-scaled.jpg\",\"width\":1450,\"height\":483},{\"@type\":\"BreadcrumbList\",\"@id\":\"https:\\\/\\\/www.quebec-elan.org\\\/fr\\\/mot-de-la-directrice-executive-juillet-2022\\\/#breadcrumb\",\"itemListElement\":[{\"@type\":\"ListItem\",\"position\":1,\"name\":\"Home\",\"item\":\"https:\\\/\\\/www.quebec-elan.org\\\/fr\\\/\"},{\"@type\":\"ListItem\",\"position\":2,\"name\":\"Mot de la Directrice Ex\u00e9cutive, juillet 2022\"}]},{\"@type\":\"WebSite\",\"@id\":\"https:\\\/\\\/www.quebec-elan.org\\\/en\\\/#website\",\"url\":\"https:\\\/\\\/www.quebec-elan.org\\\/en\\\/\",\"name\":\"ELAN\",\"description\":\"English Language Arts Network\",\"publisher\":{\"@id\":\"https:\\\/\\\/www.quebec-elan.org\\\/en\\\/#organization\"},\"potentialAction\":[{\"@type\":\"SearchAction\",\"target\":{\"@type\":\"EntryPoint\",\"urlTemplate\":\"https:\\\/\\\/www.quebec-elan.org\\\/en\\\/?s={search_term_string}\"},\"query-input\":{\"@type\":\"PropertyValueSpecification\",\"valueRequired\":true,\"valueName\":\"search_term_string\"}}],\"inLanguage\":\"fr-FR\"},{\"@type\":\"Organization\",\"@id\":\"https:\\\/\\\/www.quebec-elan.org\\\/en\\\/#organization\",\"name\":\"ELAN - English Language Arts Network\",\"url\":\"https:\\\/\\\/www.quebec-elan.org\\\/en\\\/\",\"logo\":{\"@type\":\"ImageObject\",\"inLanguage\":\"fr-FR\",\"@id\":\"https:\\\/\\\/www.quebec-elan.org\\\/en\\\/#\\\/schema\\\/logo\\\/image\\\/\",\"url\":\"https:\\\/\\\/www.quebec-elan.org\\\/wp-content\\\/uploads\\\/2022\\\/05\\\/elan-logo-360.jpg\",\"contentUrl\":\"https:\\\/\\\/www.quebec-elan.org\\\/wp-content\\\/uploads\\\/2022\\\/05\\\/elan-logo-360.jpg\",\"width\":360,\"height\":70,\"caption\":\"ELAN - English Language Arts Network\"},\"image\":{\"@id\":\"https:\\\/\\\/www.quebec-elan.org\\\/en\\\/#\\\/schema\\\/logo\\\/image\\\/\"}},{\"@type\":\"Person\",\"@id\":\"https:\\\/\\\/www.quebec-elan.org\\\/en\\\/#\\\/schema\\\/person\\\/4aaafbe7c737c481f7cc144f5237888f\",\"name\":\"Andre Elan Quebec\",\"image\":{\"@type\":\"ImageObject\",\"inLanguage\":\"fr-FR\",\"@id\":\"https:\\\/\\\/secure.gravatar.com\\\/avatar\\\/7ea082d3d909c4cb837bac18df8ab3523b4a3b6bc196bc83d5ca7f186807bf4e?s=96&d=mm&r=g\",\"url\":\"https:\\\/\\\/secure.gravatar.com\\\/avatar\\\/7ea082d3d909c4cb837bac18df8ab3523b4a3b6bc196bc83d5ca7f186807bf4e?s=96&d=mm&r=g\",\"contentUrl\":\"https:\\\/\\\/secure.gravatar.com\\\/avatar\\\/7ea082d3d909c4cb837bac18df8ab3523b4a3b6bc196bc83d5ca7f186807bf4e?s=96&d=mm&r=g\",\"caption\":\"Andre Elan Quebec\"},\"description\":\"The English-Language Arts Network (ELAN) is a not-for-profit organization that connects, supports, and creates opportunities for Quebec\u2019s English-speaking artists and arts communities. ELAN members are individuals and organizations from a wide array of artistic disciplines, cultural and geographic backgrounds, and linguistic and cultural communities. Together this network reflects an evolving Qu\u00e9bec identity and celebrates the province\u2019s cultural, artistic, and social diversity.\",\"url\":\"https:\\\/\\\/www.quebec-elan.org\\\/fr\\\/author\\\/elan-quebec\\\/\"}]}<\/script>\n<!-- \/ Yoast SEO plugin. -->","yoast_head_json":{"title":"Mot de la Directrice Ex\u00e9cutive, juillet 2022 - ELAN","description":"A not-for-profit organization that connects, supports, and creates opportunities for English-speaking artists and cultural workers of all disciplines from every region of Quebec.","robots":{"index":"index","follow":"follow","max-snippet":"max-snippet:-1","max-image-preview":"max-image-preview:large","max-video-preview":"max-video-preview:-1"},"canonical":"https:\/\/www.quebec-elan.org\/fr\/mot-de-la-directrice-executive-juillet-2022\/","og_locale":"fr_FR","og_type":"article","og_title":"Mot de la Directrice Ex\u00e9cutive, juillet 2022 - ELAN","og_description":"A not-for-profit organization that connects, supports, and creates opportunities for English-speaking artists and cultural workers of all disciplines from every region of Quebec.","og_url":"https:\/\/www.quebec-elan.org\/fr\/mot-de-la-directrice-executive-juillet-2022\/","og_site_name":"ELAN","article_published_time":"2022-08-17T11:09:21+00:00","article_modified_time":"2022-09-02T13:39:53+00:00","og_image":[{"width":1450,"height":483,"url":"https:\/\/www.quebec-elan.org\/wp-content\/uploads\/2022\/07\/Letter-From-ED-Banner-Twitter-Header-scaled.jpg","type":"image\/jpeg"}],"author":"Andre Elan Quebec","twitter_card":"summary_large_image","twitter_misc":{"\u00c9crit par":"Andre Elan Quebec","Dur\u00e9e de lecture estim\u00e9e":"2 minutes"},"schema":{"@context":"https:\/\/schema.org","@graph":[{"@type":"Article","@id":"https:\/\/www.quebec-elan.org\/fr\/mot-de-la-directrice-executive-juillet-2022\/#article","isPartOf":{"@id":"https:\/\/www.quebec-elan.org\/fr\/mot-de-la-directrice-executive-juillet-2022\/"},"author":{"name":"Andre Elan Quebec","@id":"https:\/\/www.quebec-elan.org\/en\/#\/schema\/person\/4aaafbe7c737c481f7cc144f5237888f"},"headline":"Mot de la Directrice Ex\u00e9cutive, juillet 2022","datePublished":"2022-08-17T11:09:21+00:00","dateModified":"2022-09-02T13:39:53+00:00","mainEntityOfPage":{"@id":"https:\/\/www.quebec-elan.org\/fr\/mot-de-la-directrice-executive-juillet-2022\/"},"wordCount":421,"publisher":{"@id":"https:\/\/www.quebec-elan.org\/en\/#organization"},"image":{"@id":"https:\/\/www.quebec-elan.org\/fr\/mot-de-la-directrice-executive-juillet-2022\/#primaryimage"},"thumbnailUrl":"https:\/\/www.quebec-elan.org\/wp-content\/uploads\/2022\/07\/Letter-From-ED-Banner-Twitter-Header-scaled.jpg","articleSection":["Director's Letter","Export to live fr","Non classifi\u00e9(e)","Nouvelles"],"inLanguage":"fr-FR"},{"@type":"WebPage","@id":"https:\/\/www.quebec-elan.org\/fr\/mot-de-la-directrice-executive-juillet-2022\/","url":"https:\/\/www.quebec-elan.org\/fr\/mot-de-la-directrice-executive-juillet-2022\/","name":"Mot de la Directrice Ex\u00e9cutive, juillet 2022 - ELAN","isPartOf":{"@id":"https:\/\/www.quebec-elan.org\/en\/#website"},"primaryImageOfPage":{"@id":"https:\/\/www.quebec-elan.org\/fr\/mot-de-la-directrice-executive-juillet-2022\/#primaryimage"},"image":{"@id":"https:\/\/www.quebec-elan.org\/fr\/mot-de-la-directrice-executive-juillet-2022\/#primaryimage"},"thumbnailUrl":"https:\/\/www.quebec-elan.org\/wp-content\/uploads\/2022\/07\/Letter-From-ED-Banner-Twitter-Header-scaled.jpg","datePublished":"2022-08-17T11:09:21+00:00","dateModified":"2022-09-02T13:39:53+00:00","description":"A not-for-profit organization that connects, supports, and creates opportunities for English-speaking artists and cultural workers of all disciplines from every region of Quebec.","breadcrumb":{"@id":"https:\/\/www.quebec-elan.org\/fr\/mot-de-la-directrice-executive-juillet-2022\/#breadcrumb"},"inLanguage":"fr-FR","potentialAction":[{"@type":"ReadAction","target":["https:\/\/www.quebec-elan.org\/fr\/mot-de-la-directrice-executive-juillet-2022\/"]}]},{"@type":"ImageObject","inLanguage":"fr-FR","@id":"https:\/\/www.quebec-elan.org\/fr\/mot-de-la-directrice-executive-juillet-2022\/#primaryimage","url":"https:\/\/www.quebec-elan.org\/wp-content\/uploads\/2022\/07\/Letter-From-ED-Banner-Twitter-Header-scaled.jpg","contentUrl":"https:\/\/www.quebec-elan.org\/wp-content\/uploads\/2022\/07\/Letter-From-ED-Banner-Twitter-Header-scaled.jpg","width":1450,"height":483},{"@type":"BreadcrumbList","@id":"https:\/\/www.quebec-elan.org\/fr\/mot-de-la-directrice-executive-juillet-2022\/#breadcrumb","itemListElement":[{"@type":"ListItem","position":1,"name":"Home","item":"https:\/\/www.quebec-elan.org\/fr\/"},{"@type":"ListItem","position":2,"name":"Mot de la Directrice Ex\u00e9cutive, juillet 2022"}]},{"@type":"WebSite","@id":"https:\/\/www.quebec-elan.org\/en\/#website","url":"https:\/\/www.quebec-elan.org\/en\/","name":"ELAN","description":"English Language Arts Network","publisher":{"@id":"https:\/\/www.quebec-elan.org\/en\/#organization"},"potentialAction":[{"@type":"SearchAction","target":{"@type":"EntryPoint","urlTemplate":"https:\/\/www.quebec-elan.org\/en\/?s={search_term_string}"},"query-input":{"@type":"PropertyValueSpecification","valueRequired":true,"valueName":"search_term_string"}}],"inLanguage":"fr-FR"},{"@type":"Organization","@id":"https:\/\/www.quebec-elan.org\/en\/#organization","name":"ELAN - English Language Arts Network","url":"https:\/\/www.quebec-elan.org\/en\/","logo":{"@type":"ImageObject","inLanguage":"fr-FR","@id":"https:\/\/www.quebec-elan.org\/en\/#\/schema\/logo\/image\/","url":"https:\/\/www.quebec-elan.org\/wp-content\/uploads\/2022\/05\/elan-logo-360.jpg","contentUrl":"https:\/\/www.quebec-elan.org\/wp-content\/uploads\/2022\/05\/elan-logo-360.jpg","width":360,"height":70,"caption":"ELAN - English Language Arts Network"},"image":{"@id":"https:\/\/www.quebec-elan.org\/en\/#\/schema\/logo\/image\/"}},{"@type":"Person","@id":"https:\/\/www.quebec-elan.org\/en\/#\/schema\/person\/4aaafbe7c737c481f7cc144f5237888f","name":"Andre Elan Quebec","image":{"@type":"ImageObject","inLanguage":"fr-FR","@id":"https:\/\/secure.gravatar.com\/avatar\/7ea082d3d909c4cb837bac18df8ab3523b4a3b6bc196bc83d5ca7f186807bf4e?s=96&d=mm&r=g","url":"https:\/\/secure.gravatar.com\/avatar\/7ea082d3d909c4cb837bac18df8ab3523b4a3b6bc196bc83d5ca7f186807bf4e?s=96&d=mm&r=g","contentUrl":"https:\/\/secure.gravatar.com\/avatar\/7ea082d3d909c4cb837bac18df8ab3523b4a3b6bc196bc83d5ca7f186807bf4e?s=96&d=mm&r=g","caption":"Andre Elan Quebec"},"description":"The English-Language Arts Network (ELAN) is a not-for-profit organization that connects, supports, and creates opportunities for Quebec\u2019s English-speaking artists and arts communities. ELAN members are individuals and organizations from a wide array of artistic disciplines, cultural and geographic backgrounds, and linguistic and cultural communities. Together this network reflects an evolving Qu\u00e9bec identity and celebrates the province\u2019s cultural, artistic, and social diversity.","url":"https:\/\/www.quebec-elan.org\/fr\/author\/elan-quebec\/"}]}},"_links":{"self":[{"href":"https:\/\/www.quebec-elan.org\/fr\/wp-json\/wp\/v2\/posts\/43088","targetHints":{"allow":["GET"]}}],"collection":[{"href":"https:\/\/www.quebec-elan.org\/fr\/wp-json\/wp\/v2\/posts"}],"about":[{"href":"https:\/\/www.quebec-elan.org\/fr\/wp-json\/wp\/v2\/types\/post"}],"author":[{"embeddable":true,"href":"https:\/\/www.quebec-elan.org\/fr\/wp-json\/wp\/v2\/users\/234"}],"replies":[{"embeddable":true,"href":"https:\/\/www.quebec-elan.org\/fr\/wp-json\/wp\/v2\/comments?post=43088"}],"version-history":[{"count":2,"href":"https:\/\/www.quebec-elan.org\/fr\/wp-json\/wp\/v2\/posts\/43088\/revisions"}],"predecessor-version":[{"id":43091,"href":"https:\/\/www.quebec-elan.org\/fr\/wp-json\/wp\/v2\/posts\/43088\/revisions\/43091"}],"wp:featuredmedia":[{"embeddable":true,"href":"https:\/\/www.quebec-elan.org\/fr\/wp-json\/wp\/v2\/media\/43062"}],"wp:attachment":[{"href":"https:\/\/www.quebec-elan.org\/fr\/wp-json\/wp\/v2\/media?parent=43088"}],"wp:term":[{"taxonomy":"category","embeddable":true,"href":"https:\/\/www.quebec-elan.org\/fr\/wp-json\/wp\/v2\/categories?post=43088"},{"taxonomy":"post_tag","embeddable":true,"href":"https:\/\/www.quebec-elan.org\/fr\/wp-json\/wp\/v2\/tags?post=43088"}],"curies":[{"name":"wp","href":"https:\/\/api.w.org\/{rel}","templated":true}]}}