{"id":46549,"date":"2022-11-02T18:03:56","date_gmt":"2022-11-02T22:03:56","guid":{"rendered":"https:\/\/www.quebec-elan.org\/le-sommet-des-arts-equite-diversite-et-inclusion\/"},"modified":"2022-11-02T18:03:57","modified_gmt":"2022-11-02T22:03:57","slug":"le-sommet-des-arts-equite-diversite-et-inclusion","status":"publish","type":"post","link":"https:\/\/www.quebec-elan.org\/fr\/le-sommet-des-arts-equite-diversite-et-inclusion\/","title":{"rendered":"\u00ab Le sommet des arts : \u00e9quit\u00e9, diversit\u00e9 et inclusion \u00bb"},"content":{"rendered":"\n<p>La vitalit\u00e9 et le dynamisme de la communaut\u00e9 des arts, de la culture et du patrimoine anglophones du Qu\u00e9bec s\u2019expriment \u00e0 travers le travail innovateur, stimulant et de qualit\u00e9 qui s\u2019effectue dans ce domaine. Directeurs photo, employ\u00e9s de mus\u00e9e ou collectifs d\u2019artistes, nous, membres d\u2019ELAN sommes conscients que les points de vue que nous apportons \u00e0 travers nos \u0153uvres colorent le monde qui nous entoure.&#13;\n<\/p>\n\n<p>ELAN vous invite \u00e0 participer au projet \u00ab Le sommet des arts : \u00e9quit\u00e9, diversit\u00e9 et inclusion \u00bb. Nous avons lanc\u00e9 un sondage pour mieux comprendre la multiplicit\u00e9 des perspectives et des exp\u00e9riences v\u00e9cues dans notre secteur en mati\u00e8re d\u2019\u00e9quit\u00e9, de diversit\u00e9 et d\u2019inclusion. Que signifient ces termes pour vous, pour votre travail et pour votre fa\u00e7on de travailler ? Toutes les r\u00e9ponses et informations partag\u00e9es resteront confidentielles et anonymes. Vous avez jusqu\u2019au 25 novembre 2022 pour r\u00e9pondre au sondage.&#13;\n<\/p>\n\n<p>Ce sondage se veut un outil pour envisager le Sommet des arts \u00e0 travers le prisme de l&rsquo;\u00e9quit\u00e9, de la diversit\u00e9 et de l&rsquo;inclusion (EDI). Les donn\u00e9es recueillies serviront \u00e0 \u00e9laborer un plan d&rsquo;action concret pour favoriser une plus grande \u00e9quit\u00e9, diversit\u00e9 et inclusion dans le milieu des arts, de la culture et du patrimoine anglophones du Qu\u00e9bec. Il permettra aussi d\u2019\u00e9tablir une liste de priorit\u00e9s en vue d\u2019un colloque qui se tiendra en juin 2023, au cours duquel les membres de la communaut\u00e9 pourront se r\u00e9unir, apprendre et imaginer de nouvelles fa\u00e7ons de travailler, d\u2019agir et de s\u2019engager.&#13;\nCliquez ici pour en savoir davantage: https:\/\/www.quebec-elan.org\/state-of-the-arts-2\/&#13;\n<\/p>\n\n<p><a href=\"https:\/\/docs.google.com\/forms\/d\/e\/1FAIpQLSfYNjCZi9Z6q5T6fdajuFoDJ1RgozBNHLP_Wg1CiBeYP-2Y2Q\/viewform\">State of the Arts: Equity, Diversity, and Inclusion (SOTA on EDI) &#8211; Artists, Cultural Workers, and Heritage Workers Survey (google.com)<\/a>&#13;\n&#13;\n\u00a0<\/p>\n","protected":false},"excerpt":{"rendered":"<p>La vitalit\u00e9 et le dynamisme de la communaut\u00e9 des arts, de la culture et du patrimoine anglophones du Qu\u00e9bec s\u2019expriment \u00e0 travers le travail innovateur, stimulant et de qualit\u00e9 qui s\u2019effectue dans ce domaine. Directeurs photo, employ\u00e9s de mus\u00e9e ou collectifs d\u2019artistes, nous, membres d\u2019ELAN sommes conscients que les points de vue que nous apportons [&hellip;]<\/p>\n","protected":false},"author":234,"featured_media":46472,"comment_status":"closed","ping_status":"closed","sticky":false,"template":"","format":"standard","meta":{"footnotes":""},"categories":[2,483,794],"tags":[],"class_list":["post-46549","post","type-post","status-publish","format-standard","has-post-thumbnail","hentry","category-non-classifiee","category-nouvelles-fr","category-state-of-the-arts-edi-fr"],"yoast_head":"<!-- This site is optimized with the Yoast SEO plugin v27.4 - https:\/\/yoast.com\/product\/yoast-seo-wordpress\/ -->\n<title>\u00ab Le sommet des arts : \u00e9quit\u00e9, diversit\u00e9 et inclusion \u00bb - ELAN<\/title>\n<meta name=\"description\" content=\"A not-for-profit organization that connects, supports, and creates opportunities for English-speaking artists and cultural workers of all disciplines from every region of Quebec.\" \/>\n<meta name=\"robots\" content=\"index, follow, max-snippet:-1, max-image-preview:large, max-video-preview:-1\" \/>\n<link rel=\"canonical\" href=\"https:\/\/www.quebec-elan.org\/fr\/le-sommet-des-arts-equite-diversite-et-inclusion\/\" \/>\n<meta property=\"og:locale\" content=\"fr_FR\" \/>\n<meta property=\"og:type\" content=\"article\" \/>\n<meta property=\"og:title\" content=\"\u00ab Le sommet des arts : \u00e9quit\u00e9, diversit\u00e9 et inclusion \u00bb - ELAN\" \/>\n<meta property=\"og:description\" content=\"A not-for-profit organization that connects, supports, and creates opportunities for English-speaking artists and cultural workers of all disciplines from every region of Quebec.\" \/>\n<meta property=\"og:url\" content=\"https:\/\/www.quebec-elan.org\/fr\/le-sommet-des-arts-equite-diversite-et-inclusion\/\" \/>\n<meta property=\"og:site_name\" content=\"ELAN\" \/>\n<meta property=\"article:published_time\" content=\"2022-11-02T22:03:56+00:00\" \/>\n<meta property=\"article:modified_time\" content=\"2022-11-02T22:03:57+00:00\" \/>\n<meta property=\"og:image\" content=\"https:\/\/www.quebec-elan.org\/wp-content\/uploads\/2022\/11\/SOTA-logo.png\" \/>\n\t<meta property=\"og:image:width\" content=\"500\" \/>\n\t<meta property=\"og:image:height\" content=\"500\" \/>\n\t<meta property=\"og:image:type\" content=\"image\/png\" \/>\n<meta name=\"author\" content=\"Andre Elan Quebec\" \/>\n<meta name=\"twitter:card\" content=\"summary_large_image\" \/>\n<meta name=\"twitter:label1\" content=\"\u00c9crit par\" \/>\n\t<meta name=\"twitter:data1\" content=\"Andre Elan Quebec\" \/>\n\t<meta name=\"twitter:label2\" content=\"Dur\u00e9e de lecture estim\u00e9e\" \/>\n\t<meta name=\"twitter:data2\" content=\"1 minute\" \/>\n<script type=\"application\/ld+json\" class=\"yoast-schema-graph\">{\"@context\":\"https:\\\/\\\/schema.org\",\"@graph\":[{\"@type\":\"Article\",\"@id\":\"https:\\\/\\\/www.quebec-elan.org\\\/fr\\\/le-sommet-des-arts-equite-diversite-et-inclusion\\\/#article\",\"isPartOf\":{\"@id\":\"https:\\\/\\\/www.quebec-elan.org\\\/fr\\\/le-sommet-des-arts-equite-diversite-et-inclusion\\\/\"},\"author\":{\"name\":\"Andre Elan Quebec\",\"@id\":\"https:\\\/\\\/www.quebec-elan.org\\\/en\\\/#\\\/schema\\\/person\\\/4aaafbe7c737c481f7cc144f5237888f\"},\"headline\":\"\u00ab Le sommet des arts : \u00e9quit\u00e9, diversit\u00e9 et inclusion \u00bb\",\"datePublished\":\"2022-11-02T22:03:56+00:00\",\"dateModified\":\"2022-11-02T22:03:57+00:00\",\"mainEntityOfPage\":{\"@id\":\"https:\\\/\\\/www.quebec-elan.org\\\/fr\\\/le-sommet-des-arts-equite-diversite-et-inclusion\\\/\"},\"wordCount\":301,\"publisher\":{\"@id\":\"https:\\\/\\\/www.quebec-elan.org\\\/en\\\/#organization\"},\"image\":{\"@id\":\"https:\\\/\\\/www.quebec-elan.org\\\/fr\\\/le-sommet-des-arts-equite-diversite-et-inclusion\\\/#primaryimage\"},\"thumbnailUrl\":\"https:\\\/\\\/www.quebec-elan.org\\\/wp-content\\\/uploads\\\/2022\\\/11\\\/SOTA-logo.png\",\"articleSection\":[\"Non classifi\u00e9(e)\",\"Nouvelles\",\"State of the Arts EDI\"],\"inLanguage\":\"fr-FR\"},{\"@type\":\"WebPage\",\"@id\":\"https:\\\/\\\/www.quebec-elan.org\\\/fr\\\/le-sommet-des-arts-equite-diversite-et-inclusion\\\/\",\"url\":\"https:\\\/\\\/www.quebec-elan.org\\\/fr\\\/le-sommet-des-arts-equite-diversite-et-inclusion\\\/\",\"name\":\"\u00ab Le sommet des arts : \u00e9quit\u00e9, diversit\u00e9 et inclusion \u00bb - ELAN\",\"isPartOf\":{\"@id\":\"https:\\\/\\\/www.quebec-elan.org\\\/en\\\/#website\"},\"primaryImageOfPage\":{\"@id\":\"https:\\\/\\\/www.quebec-elan.org\\\/fr\\\/le-sommet-des-arts-equite-diversite-et-inclusion\\\/#primaryimage\"},\"image\":{\"@id\":\"https:\\\/\\\/www.quebec-elan.org\\\/fr\\\/le-sommet-des-arts-equite-diversite-et-inclusion\\\/#primaryimage\"},\"thumbnailUrl\":\"https:\\\/\\\/www.quebec-elan.org\\\/wp-content\\\/uploads\\\/2022\\\/11\\\/SOTA-logo.png\",\"datePublished\":\"2022-11-02T22:03:56+00:00\",\"dateModified\":\"2022-11-02T22:03:57+00:00\",\"description\":\"A not-for-profit organization that connects, supports, and creates opportunities for English-speaking artists and cultural workers of all disciplines from every region of Quebec.\",\"breadcrumb\":{\"@id\":\"https:\\\/\\\/www.quebec-elan.org\\\/fr\\\/le-sommet-des-arts-equite-diversite-et-inclusion\\\/#breadcrumb\"},\"inLanguage\":\"fr-FR\",\"potentialAction\":[{\"@type\":\"ReadAction\",\"target\":[\"https:\\\/\\\/www.quebec-elan.org\\\/fr\\\/le-sommet-des-arts-equite-diversite-et-inclusion\\\/\"]}]},{\"@type\":\"ImageObject\",\"inLanguage\":\"fr-FR\",\"@id\":\"https:\\\/\\\/www.quebec-elan.org\\\/fr\\\/le-sommet-des-arts-equite-diversite-et-inclusion\\\/#primaryimage\",\"url\":\"https:\\\/\\\/www.quebec-elan.org\\\/wp-content\\\/uploads\\\/2022\\\/11\\\/SOTA-logo.png\",\"contentUrl\":\"https:\\\/\\\/www.quebec-elan.org\\\/wp-content\\\/uploads\\\/2022\\\/11\\\/SOTA-logo.png\",\"width\":500,\"height\":500},{\"@type\":\"BreadcrumbList\",\"@id\":\"https:\\\/\\\/www.quebec-elan.org\\\/fr\\\/le-sommet-des-arts-equite-diversite-et-inclusion\\\/#breadcrumb\",\"itemListElement\":[{\"@type\":\"ListItem\",\"position\":1,\"name\":\"Home\",\"item\":\"https:\\\/\\\/www.quebec-elan.org\\\/fr\\\/\"},{\"@type\":\"ListItem\",\"position\":2,\"name\":\"\u00ab Le sommet des arts : \u00e9quit\u00e9, diversit\u00e9 et inclusion \u00bb\"}]},{\"@type\":\"WebSite\",\"@id\":\"https:\\\/\\\/www.quebec-elan.org\\\/en\\\/#website\",\"url\":\"https:\\\/\\\/www.quebec-elan.org\\\/en\\\/\",\"name\":\"ELAN\",\"description\":\"English Language Arts Network\",\"publisher\":{\"@id\":\"https:\\\/\\\/www.quebec-elan.org\\\/en\\\/#organization\"},\"potentialAction\":[{\"@type\":\"SearchAction\",\"target\":{\"@type\":\"EntryPoint\",\"urlTemplate\":\"https:\\\/\\\/www.quebec-elan.org\\\/en\\\/?s={search_term_string}\"},\"query-input\":{\"@type\":\"PropertyValueSpecification\",\"valueRequired\":true,\"valueName\":\"search_term_string\"}}],\"inLanguage\":\"fr-FR\"},{\"@type\":\"Organization\",\"@id\":\"https:\\\/\\\/www.quebec-elan.org\\\/en\\\/#organization\",\"name\":\"ELAN - English Language Arts Network\",\"url\":\"https:\\\/\\\/www.quebec-elan.org\\\/en\\\/\",\"logo\":{\"@type\":\"ImageObject\",\"inLanguage\":\"fr-FR\",\"@id\":\"https:\\\/\\\/www.quebec-elan.org\\\/en\\\/#\\\/schema\\\/logo\\\/image\\\/\",\"url\":\"https:\\\/\\\/www.quebec-elan.org\\\/wp-content\\\/uploads\\\/2022\\\/05\\\/elan-logo-360.jpg\",\"contentUrl\":\"https:\\\/\\\/www.quebec-elan.org\\\/wp-content\\\/uploads\\\/2022\\\/05\\\/elan-logo-360.jpg\",\"width\":360,\"height\":70,\"caption\":\"ELAN - English Language Arts Network\"},\"image\":{\"@id\":\"https:\\\/\\\/www.quebec-elan.org\\\/en\\\/#\\\/schema\\\/logo\\\/image\\\/\"}},{\"@type\":\"Person\",\"@id\":\"https:\\\/\\\/www.quebec-elan.org\\\/en\\\/#\\\/schema\\\/person\\\/4aaafbe7c737c481f7cc144f5237888f\",\"name\":\"Andre Elan Quebec\",\"image\":{\"@type\":\"ImageObject\",\"inLanguage\":\"fr-FR\",\"@id\":\"https:\\\/\\\/secure.gravatar.com\\\/avatar\\\/7ea082d3d909c4cb837bac18df8ab3523b4a3b6bc196bc83d5ca7f186807bf4e?s=96&d=mm&r=g\",\"url\":\"https:\\\/\\\/secure.gravatar.com\\\/avatar\\\/7ea082d3d909c4cb837bac18df8ab3523b4a3b6bc196bc83d5ca7f186807bf4e?s=96&d=mm&r=g\",\"contentUrl\":\"https:\\\/\\\/secure.gravatar.com\\\/avatar\\\/7ea082d3d909c4cb837bac18df8ab3523b4a3b6bc196bc83d5ca7f186807bf4e?s=96&d=mm&r=g\",\"caption\":\"Andre Elan Quebec\"},\"description\":\"The English-Language Arts Network (ELAN) is a not-for-profit organization that connects, supports, and creates opportunities for Quebec\u2019s English-speaking artists and arts communities. ELAN members are individuals and organizations from a wide array of artistic disciplines, cultural and geographic backgrounds, and linguistic and cultural communities. Together this network reflects an evolving Qu\u00e9bec identity and celebrates the province\u2019s cultural, artistic, and social diversity.\",\"url\":\"https:\\\/\\\/www.quebec-elan.org\\\/fr\\\/author\\\/elan-quebec\\\/\"}]}<\/script>\n<!-- \/ Yoast SEO plugin. -->","yoast_head_json":{"title":"\u00ab Le sommet des arts : \u00e9quit\u00e9, diversit\u00e9 et inclusion \u00bb - ELAN","description":"A not-for-profit organization that connects, supports, and creates opportunities for English-speaking artists and cultural workers of all disciplines from every region of Quebec.","robots":{"index":"index","follow":"follow","max-snippet":"max-snippet:-1","max-image-preview":"max-image-preview:large","max-video-preview":"max-video-preview:-1"},"canonical":"https:\/\/www.quebec-elan.org\/fr\/le-sommet-des-arts-equite-diversite-et-inclusion\/","og_locale":"fr_FR","og_type":"article","og_title":"\u00ab Le sommet des arts : \u00e9quit\u00e9, diversit\u00e9 et inclusion \u00bb - ELAN","og_description":"A not-for-profit organization that connects, supports, and creates opportunities for English-speaking artists and cultural workers of all disciplines from every region of Quebec.","og_url":"https:\/\/www.quebec-elan.org\/fr\/le-sommet-des-arts-equite-diversite-et-inclusion\/","og_site_name":"ELAN","article_published_time":"2022-11-02T22:03:56+00:00","article_modified_time":"2022-11-02T22:03:57+00:00","og_image":[{"width":500,"height":500,"url":"https:\/\/www.quebec-elan.org\/wp-content\/uploads\/2022\/11\/SOTA-logo.png","type":"image\/png"}],"author":"Andre Elan Quebec","twitter_card":"summary_large_image","twitter_misc":{"\u00c9crit par":"Andre Elan Quebec","Dur\u00e9e de lecture estim\u00e9e":"1 minute"},"schema":{"@context":"https:\/\/schema.org","@graph":[{"@type":"Article","@id":"https:\/\/www.quebec-elan.org\/fr\/le-sommet-des-arts-equite-diversite-et-inclusion\/#article","isPartOf":{"@id":"https:\/\/www.quebec-elan.org\/fr\/le-sommet-des-arts-equite-diversite-et-inclusion\/"},"author":{"name":"Andre Elan Quebec","@id":"https:\/\/www.quebec-elan.org\/en\/#\/schema\/person\/4aaafbe7c737c481f7cc144f5237888f"},"headline":"\u00ab Le sommet des arts : \u00e9quit\u00e9, diversit\u00e9 et inclusion \u00bb","datePublished":"2022-11-02T22:03:56+00:00","dateModified":"2022-11-02T22:03:57+00:00","mainEntityOfPage":{"@id":"https:\/\/www.quebec-elan.org\/fr\/le-sommet-des-arts-equite-diversite-et-inclusion\/"},"wordCount":301,"publisher":{"@id":"https:\/\/www.quebec-elan.org\/en\/#organization"},"image":{"@id":"https:\/\/www.quebec-elan.org\/fr\/le-sommet-des-arts-equite-diversite-et-inclusion\/#primaryimage"},"thumbnailUrl":"https:\/\/www.quebec-elan.org\/wp-content\/uploads\/2022\/11\/SOTA-logo.png","articleSection":["Non classifi\u00e9(e)","Nouvelles","State of the Arts EDI"],"inLanguage":"fr-FR"},{"@type":"WebPage","@id":"https:\/\/www.quebec-elan.org\/fr\/le-sommet-des-arts-equite-diversite-et-inclusion\/","url":"https:\/\/www.quebec-elan.org\/fr\/le-sommet-des-arts-equite-diversite-et-inclusion\/","name":"\u00ab Le sommet des arts : \u00e9quit\u00e9, diversit\u00e9 et inclusion \u00bb - ELAN","isPartOf":{"@id":"https:\/\/www.quebec-elan.org\/en\/#website"},"primaryImageOfPage":{"@id":"https:\/\/www.quebec-elan.org\/fr\/le-sommet-des-arts-equite-diversite-et-inclusion\/#primaryimage"},"image":{"@id":"https:\/\/www.quebec-elan.org\/fr\/le-sommet-des-arts-equite-diversite-et-inclusion\/#primaryimage"},"thumbnailUrl":"https:\/\/www.quebec-elan.org\/wp-content\/uploads\/2022\/11\/SOTA-logo.png","datePublished":"2022-11-02T22:03:56+00:00","dateModified":"2022-11-02T22:03:57+00:00","description":"A not-for-profit organization that connects, supports, and creates opportunities for English-speaking artists and cultural workers of all disciplines from every region of Quebec.","breadcrumb":{"@id":"https:\/\/www.quebec-elan.org\/fr\/le-sommet-des-arts-equite-diversite-et-inclusion\/#breadcrumb"},"inLanguage":"fr-FR","potentialAction":[{"@type":"ReadAction","target":["https:\/\/www.quebec-elan.org\/fr\/le-sommet-des-arts-equite-diversite-et-inclusion\/"]}]},{"@type":"ImageObject","inLanguage":"fr-FR","@id":"https:\/\/www.quebec-elan.org\/fr\/le-sommet-des-arts-equite-diversite-et-inclusion\/#primaryimage","url":"https:\/\/www.quebec-elan.org\/wp-content\/uploads\/2022\/11\/SOTA-logo.png","contentUrl":"https:\/\/www.quebec-elan.org\/wp-content\/uploads\/2022\/11\/SOTA-logo.png","width":500,"height":500},{"@type":"BreadcrumbList","@id":"https:\/\/www.quebec-elan.org\/fr\/le-sommet-des-arts-equite-diversite-et-inclusion\/#breadcrumb","itemListElement":[{"@type":"ListItem","position":1,"name":"Home","item":"https:\/\/www.quebec-elan.org\/fr\/"},{"@type":"ListItem","position":2,"name":"\u00ab Le sommet des arts : \u00e9quit\u00e9, diversit\u00e9 et inclusion \u00bb"}]},{"@type":"WebSite","@id":"https:\/\/www.quebec-elan.org\/en\/#website","url":"https:\/\/www.quebec-elan.org\/en\/","name":"ELAN","description":"English Language Arts Network","publisher":{"@id":"https:\/\/www.quebec-elan.org\/en\/#organization"},"potentialAction":[{"@type":"SearchAction","target":{"@type":"EntryPoint","urlTemplate":"https:\/\/www.quebec-elan.org\/en\/?s={search_term_string}"},"query-input":{"@type":"PropertyValueSpecification","valueRequired":true,"valueName":"search_term_string"}}],"inLanguage":"fr-FR"},{"@type":"Organization","@id":"https:\/\/www.quebec-elan.org\/en\/#organization","name":"ELAN - English Language Arts Network","url":"https:\/\/www.quebec-elan.org\/en\/","logo":{"@type":"ImageObject","inLanguage":"fr-FR","@id":"https:\/\/www.quebec-elan.org\/en\/#\/schema\/logo\/image\/","url":"https:\/\/www.quebec-elan.org\/wp-content\/uploads\/2022\/05\/elan-logo-360.jpg","contentUrl":"https:\/\/www.quebec-elan.org\/wp-content\/uploads\/2022\/05\/elan-logo-360.jpg","width":360,"height":70,"caption":"ELAN - English Language Arts Network"},"image":{"@id":"https:\/\/www.quebec-elan.org\/en\/#\/schema\/logo\/image\/"}},{"@type":"Person","@id":"https:\/\/www.quebec-elan.org\/en\/#\/schema\/person\/4aaafbe7c737c481f7cc144f5237888f","name":"Andre Elan Quebec","image":{"@type":"ImageObject","inLanguage":"fr-FR","@id":"https:\/\/secure.gravatar.com\/avatar\/7ea082d3d909c4cb837bac18df8ab3523b4a3b6bc196bc83d5ca7f186807bf4e?s=96&d=mm&r=g","url":"https:\/\/secure.gravatar.com\/avatar\/7ea082d3d909c4cb837bac18df8ab3523b4a3b6bc196bc83d5ca7f186807bf4e?s=96&d=mm&r=g","contentUrl":"https:\/\/secure.gravatar.com\/avatar\/7ea082d3d909c4cb837bac18df8ab3523b4a3b6bc196bc83d5ca7f186807bf4e?s=96&d=mm&r=g","caption":"Andre Elan Quebec"},"description":"The English-Language Arts Network (ELAN) is a not-for-profit organization that connects, supports, and creates opportunities for Quebec\u2019s English-speaking artists and arts communities. ELAN members are individuals and organizations from a wide array of artistic disciplines, cultural and geographic backgrounds, and linguistic and cultural communities. Together this network reflects an evolving Qu\u00e9bec identity and celebrates the province\u2019s cultural, artistic, and social diversity.","url":"https:\/\/www.quebec-elan.org\/fr\/author\/elan-quebec\/"}]}},"_links":{"self":[{"href":"https:\/\/www.quebec-elan.org\/fr\/wp-json\/wp\/v2\/posts\/46549","targetHints":{"allow":["GET"]}}],"collection":[{"href":"https:\/\/www.quebec-elan.org\/fr\/wp-json\/wp\/v2\/posts"}],"about":[{"href":"https:\/\/www.quebec-elan.org\/fr\/wp-json\/wp\/v2\/types\/post"}],"author":[{"embeddable":true,"href":"https:\/\/www.quebec-elan.org\/fr\/wp-json\/wp\/v2\/users\/234"}],"replies":[{"embeddable":true,"href":"https:\/\/www.quebec-elan.org\/fr\/wp-json\/wp\/v2\/comments?post=46549"}],"version-history":[{"count":1,"href":"https:\/\/www.quebec-elan.org\/fr\/wp-json\/wp\/v2\/posts\/46549\/revisions"}],"predecessor-version":[{"id":46550,"href":"https:\/\/www.quebec-elan.org\/fr\/wp-json\/wp\/v2\/posts\/46549\/revisions\/46550"}],"wp:featuredmedia":[{"embeddable":true,"href":"https:\/\/www.quebec-elan.org\/fr\/wp-json\/wp\/v2\/media\/46472"}],"wp:attachment":[{"href":"https:\/\/www.quebec-elan.org\/fr\/wp-json\/wp\/v2\/media?parent=46549"}],"wp:term":[{"taxonomy":"category","embeddable":true,"href":"https:\/\/www.quebec-elan.org\/fr\/wp-json\/wp\/v2\/categories?post=46549"},{"taxonomy":"post_tag","embeddable":true,"href":"https:\/\/www.quebec-elan.org\/fr\/wp-json\/wp\/v2\/tags?post=46549"}],"curies":[{"name":"wp","href":"https:\/\/api.w.org\/{rel}","templated":true}]}}