{"id":48284,"date":"2023-02-28T14:54:35","date_gmt":"2023-02-28T19:54:35","guid":{"rendered":"https:\/\/www.quebec-elan.org\/nouvelles-des-projets-mars-2023\/"},"modified":"2023-02-28T14:54:36","modified_gmt":"2023-02-28T19:54:36","slug":"nouvelles-des-projets-mars-2023","status":"publish","type":"post","link":"https:\/\/www.quebec-elan.org\/fr\/nouvelles-des-projets-mars-2023\/","title":{"rendered":"Nouvelles des projets &#8211; mars 2023"},"content":{"rendered":"\n<p><\/p>\n\n<p>Les projets d&rsquo;ELAN travaillent fort tout au long de l&rsquo;ann\u00e9e pour offrir d&rsquo;importants services, cr\u00e9ations et ressources \u00e0 la communaut\u00e9 artistique du Qu\u00e9bec. Quatre fois par an, nous partageons les actualit\u00e9s des projets afin que vous puissiez jeter un coup d&rsquo;\u0153il sur ce qui se passe. <\/p>\n\n<p><\/p>\n\n<h2 class=\"wp-block-heading\">ArtistsInspire Grants<\/h2>\n\n<blockquote class=\"wp-block-quote is-layout-flow wp-block-quote-is-layout-flow\">\n<p>\u00cates-vous ou connaissez-vous un artiste enseignant int\u00e9ress\u00e9 \u00e0 se joindre au r\u00e9pertoire d\u2019ArtistsInspire ?<\/p>\n<\/blockquote>\n\n<p>Le programme ArtEd d\u2019ELAN vise \u00e0 soutenir les artistes enseignants dans leur travail et leur cheminement de carri\u00e8re en leur offrant des occasions d\u2019apprentissage et de d\u00e9veloppement pour mieux accompagner leurs \u00e9l\u00e8ves. Pour une quatri\u00e8me ann\u00e9e cons\u00e9cutive, les subventions scolaires ArtistsInspire offrent un montant de 1 500 $ aux \u00e9coles primaires et secondaires publiques anglophones du Qu\u00e9bec afin de leur permettre d\u2019offrir des exp\u00e9riences artistiques et culturelles de qualit\u00e9 anim\u00e9es par des artistes professionnels, en personne ou virtuelles.<\/p>\n\n<p>L\u2019\u00e9quipe d&rsquo;ArtEd aime rencontrer de nouveaux artistes enseignants et d\u00e9couvrir ce qu\u2019ils peuvent apporter aux \u00e9coles du Qu\u00e9bec. Notre p\u00e9riode de recrutement pour l\u2019ann\u00e9e scolaire 2023-2024 aura lieu \u00e0 partir de la mi-mars et se terminera \u00e0 la mi-avril. Nous vous invitons \u00e0 consulter la section <a href=\"https:\/\/artistsinspire.ca\/faqs\/faq-for-artists\/\">FAQ pour artistes<\/a> de notre site Web ainsi que notre <a href=\"https:\/\/artistsinspire.ca\/artists\/\">R\u00e9pertoire d&rsquo;artistes enseignants<\/a> pour d\u00e9couvrir les nombreux artistes d\u00e9j\u00e0 impliqu\u00e9s dans le projet. Pour recevoir toutes les informations pendant notre p\u00e9riode de recrutement, inscrivez-vous \u00e0 notre infolettre <a href=\"https:\/\/artistsinspire.ca\/newsletter-signup\/\">ICI<\/a> et suivez notre page Facebook <a href=\"https:\/\/www.facebook.com\/ELANArtEd\">ICI<\/a>.<\/p>\n\n<h2 class=\"wp-block-heading\">Community Digital Arts Hub &#8211; des studios de cr\u00e9ation \u00e0 des prix abordables<\/h2>\n\n<blockquote class=\"wp-block-quote is-layout-flow wp-block-quote-is-layout-flow\">\n<p>Le Hub continue d\u2019\u00e9voluer dans son nouvel espace, et les kits d\u2019\u00e9quipements de location sont fonctionnels.<\/p>\n<\/blockquote>\n\n<p>. La premi\u00e8re location servira \u00e0 la production de la pi\u00e8ce Bonnes Bonnes, qui sera mise en sc\u00e8ne par Sophie Gee aux \u00c9curies en avril prochain. Les compagnies de th\u00e9\u00e2tre se lancent dans la cr\u00e9ation de podcasts : Imago et Black Theatre Workshop ont toutes deux fait des enregistrements au Hub le mois dernier.&#13;\n&#13;\n<\/p>\n\n<p>D\u2019autres \u00e9v\u00e9nements auront lieu en mars, notamment des ateliers sur la baladodiffusion et sur la publicisation des arts (en collaboration avec la Quebec Drama Federation), la diffusion d\u2019un concert en direct, et le camp des arts m\u00e9diatiques pour adolescents (13 \u00e0 17 ans) du CDAH, du 2 au 6 mars. Vous trouverez plus d\u2019infos sur <a href=\"https:\/\/cdahquebec.ca\/events.php\" target=\"_blank\" rel=\"noopener\">nos \u00e9v\u00e9nements ici<\/a>. Tenez-vous au courant des \u00e9v\u00e9nements du Hub gr\u00e2ce au <a href=\"https:\/\/cdahquebec.ca\/newsletter.html\" target=\"_blank\" rel=\"noopener\">bulletin mensuel du CDAH ici<\/a>.<\/p>\n\n<h2 class=\"wp-block-heading\">Qu\u00e9bec Relations<\/h2>\n\n<blockquote class=\"wp-block-quote is-layout-flow wp-block-quote-is-layout-flow\">\n<p>Inscrivez-vous \u00e0 l\u2019atelier de r\u00e9daction de demandes de subventions du CALQ qui aura lieu en pr\u00e9sentiel cette ann\u00e9e !<\/p>\n<\/blockquote>\n\n<p>Vous aimeriez soumettre une demande de bourse au Conseil des arts et des lettres du Qu\u00e9bec (CALQ) mais vous auriez besoin d\u2019aide ? <strong><a href=\"https:\/\/www.quebec-elan.org\/quebec-relations-search-funding\/\" target=\"_blank\" rel=\"noopener\">Qu\u00e9bec Relations<\/a> est l\u00e0 pour vous accompagner <\/strong>!<\/p>\n\n<p>Rejoignez-nous aux bureaux d\u2019ELAN le <strong>23 mars de 11h \u00e0 14h<\/strong> \u00e0 l\u2019occasion de notre premier atelier de r\u00e9daction de demandes subventions au CALQ, qui aura lieu pour la premi\u00e8re fois en pr\u00e9sentiel. Au cours de cette s\u00e9ance, notre conseiller en subventions et strat\u00e8ge exp\u00e9riment\u00e9 expliquera les tenants et les aboutissants des programme de subventions du CALQ\u00a0: nous couvrirons les \u00e9l\u00e9ments de base que les artistes devraient conna\u00eetre pour pouvoir postuler en toute confiance, et pr\u00e9senterons les \u00e9l\u00e9ments essentiels \u00e0 la r\u00e9daction d&rsquo;une solide demande de subvention. Et parce que nous serons tous dans la m\u00eame pi\u00e8ce, notre conseiller aura plus de temps pour creuser vos questions et examiner avec vous votre demande en cours. De plus, nous vous dirons comment obtenir un soutien individuel suppl\u00e9mentaire gr\u00e2ce aux consultations gratuites de <strong>Qu\u00e9bec Relations<\/strong> en mati\u00e8re de financement et de demandes de subventions !<\/p>\n\n<p>Les places pour cette s\u00e9ance sont limit\u00e9es et la priorit\u00e9 sera donn\u00e9e aux membres d\u2019ELAN, veuillez donc r\u00e9server votre place d\u00e8s aujourd\u2019hui en remplissant notre formulaire d\u2019inscription : https:\/\/forms.gle\/Uji9P1QH2oYoLiwS8. <strong>Si pour une raison quelconque vous ne pouvez pas vous pr\u00e9senter, veuillez nous en informer au moins 48 heures \u00e0 l\u2019avance afin que nous puissions attribuer votre place \u00e0 quelqu\u2019un d\u2019autre<\/strong>.<\/p>\n\n<p>. L\u2019atelier aura lieu dans les locaux d\u2019ELAN au 460 Sainte-Catherine Ouest, # 714. La s\u00e9ance consistera en une premi\u00e8re heure suivie d\u2019une pause d\u2019une demi-heure pour le d\u00e9jeuner, et d\u2019une s\u00e9ance d\u2019une heure et demie l\u2019apr\u00e8s-midi. Des rafra\u00eechissements seront offerts !<\/p>\n\n<p>Pour ceux d\u2019entre vous qui ne peuvent pas se d\u00e9placer ou qui habitent \u00e0 l\u2019ext\u00e9rieur de Montr\u00e9al, n\u2019ayez crainte ! Nous offrirons le mois prochain une version Zoom de l\u2019atelier en donnant la priorit\u00e9 \u00e0 ceux de nos membres qui vivent dans d\u2019autres r\u00e9gions de la province. Vous trouverez plus d\u2019informations \u00e0 ce sujet dans le bulletin du mois prochain.<\/p>\n\n<h2 class=\"wp-block-heading\">State of the Arts: Equity, Diversity, and Inclusion<\/h2>\n\n<blockquote class=\"wp-block-quote is-layout-flow wp-block-quote-is-layout-flow\">\n<p>Le projet State of the Arts on Equity, Diversity, and Inclusion (l&rsquo;\u00c9tat des arts en mati\u00e8re d&rsquo;\u00e9quit\u00e9, de diversit\u00e9 et d&rsquo;inclusion) organise des groupes de discussion pour continuer \u00e0 apprendre et \u00e0 s&rsquo;engager aupr\u00e8s du secteur anglophone des arts, de la culture et du patrimoine du Qu\u00e9bec.<\/p>\n<\/blockquote>\n\n<p>Si vous souhaitez participer, nous recherchons actuellement des artistes, des travailleurs culturels et des travailleurs du patrimoine anglophones du Qu\u00e9bec pour faire partie d&rsquo;un groupe de discussion en ligne. Contactez nous \u00e0 <a href=\"mailto:reasonedi@quebec-elan.org\">reasonedi@quebec-elan.org<\/a>.<\/p>\n\n<p>Le projet State of the Arts : Equity, Diversity, and Inclusion (SOTA on EDI) vise \u00e0 saisir le paysage actuel du secteur des arts, du patrimoine et de la culture du Qu\u00e9bec anglophone.<\/p>\n\n<p>Nous invitons les artistes individuels, les travailleurs culturels et les organisations artistiques et patrimoniales \u00e0 contribuer \u00e0 la r\u00e9alisation de notre objectif, qui est d&rsquo;atteindre des sommets encore plus \u00e9lev\u00e9s.<\/p>\n\n<h2 class=\"wp-block-heading\">What We Choose to Remember &#8211; Film<\/h2>\n\n<blockquote class=\"wp-block-quote is-layout-flow wp-block-quote-is-layout-flow\">\n<p>Le long m\u00e9trage documentaire d\u2019ELAN <a href=\"https:\/\/whatwechoosetoremember.ca\/\" target=\"_blank\" rel=\"noopener\"><strong><em>What We Choose To Remember<\/em><\/strong><\/a> a \u00e9t\u00e9 bien re\u00e7u par le public, car il refl\u00e8te une r\u00e9alit\u00e9 v\u00e9cue mais rarement reconnue dans les m\u00e9dias ou dans l\u2019histoire officielle du Qu\u00e9bec.<\/p>\n<\/blockquote>\n\n<p>Depuis son lancement au festival du film de Hudson et \u00e0 Knowlton l\u2019\u00e9t\u00e9 dernier, <strong><em>What We Choose To Remember<\/em><\/strong> a fait le tour des communaut\u00e9s du Qu\u00e9bec : Gasp\u00e9, Barachois, Rouyn-Noranda, Qu\u00e9bec, Ch\u00e2teauguay, Ormstown, Pincourt, C\u00f4te Saint-Luc, Saint-Bruno, Beloeil, Baie-Comeau, Sept-\u00celes, Chambly et Brossard. Vingt autres projections sont d\u00e9j\u00e0 programm\u00e9es pour 2023.<\/p>\n\n<p>Chaque projection est suivie d\u2019un \u00e9change avec le r\u00e9alisateur Guy Rex Rodgers, qui invite les spectateurs \u00e0 partager leurs propres histoires sur leur vie au Qu\u00e9bec. Les conversations ont \u00e9t\u00e9 particuli\u00e8rement anim\u00e9es dans le contexte du projet de loi 96 et de la r\u00e9vision f\u00e9d\u00e9rale de la Loi sur les langues officielles. Consultez notre page Web pour conna\u00eetre les dates et lieux des projections\u00a0: \u00a0<a href=\"https:\/\/whatwechoosetoremember.ca\/\">https:\/\/whatwechoosetoremember.ca\/<\/a>.<\/p>\n\n<p>En janvier, l\u2019Office national du film, dans le cadre de son programme d\u2019aide aux r\u00e9alisateurs, a fourni des services suppl\u00e9mentaires de montage, de correction des couleurs et de mixage audio, et nous sommes pr\u00e9sentement en train de cr\u00e9er une version sous-titr\u00e9e en fran\u00e7ais destin\u00e9e au public francophone.<\/p>\n\n<p><\/p>\n","protected":false},"excerpt":{"rendered":"<p>Les projets d&rsquo;ELAN travaillent fort tout au long de l&rsquo;ann\u00e9e pour offrir d&rsquo;importants services, cr\u00e9ations et ressources \u00e0 la communaut\u00e9 artistique du Qu\u00e9bec. Quatre fois par an, nous partageons les actualit\u00e9s des projets afin que vous puissiez jeter un coup d&rsquo;\u0153il sur ce qui se passe. ArtistsInspire Grants \u00cates-vous ou connaissez-vous un artiste enseignant int\u00e9ress\u00e9 [&hellip;]<\/p>\n","protected":false},"author":234,"featured_media":48265,"comment_status":"closed","ping_status":"closed","sticky":false,"template":"","format":"standard","meta":{"footnotes":""},"categories":[792,487,2,483,489,494,794,495],"tags":[],"class_list":["post-48284","post","type-post","status-publish","format-standard","has-post-thumbnail","hentry","category-community-digital-arts-hub-fr","category-elans-arted-program","category-non-classifiee","category-nouvelles-fr","category-project-news","category-quebec-relations-fr-2","category-state-of-the-arts-edi-fr","category-were-all-in-this-together-waitt-fr"],"yoast_head":"<!-- This site is optimized with the Yoast SEO plugin v27.4 - https:\/\/yoast.com\/product\/yoast-seo-wordpress\/ -->\n<title>Nouvelles des projets - mars 2023 - ELAN<\/title>\n<meta name=\"description\" content=\"A not-for-profit organization that connects, supports, and creates opportunities for English-speaking artists and cultural workers of all disciplines from every region of Quebec.\" \/>\n<meta name=\"robots\" content=\"index, follow, max-snippet:-1, max-image-preview:large, max-video-preview:-1\" \/>\n<link rel=\"canonical\" href=\"https:\/\/www.quebec-elan.org\/fr\/nouvelles-des-projets-mars-2023\/\" \/>\n<meta property=\"og:locale\" content=\"fr_FR\" \/>\n<meta property=\"og:type\" content=\"article\" \/>\n<meta property=\"og:title\" content=\"Nouvelles des projets - mars 2023 - ELAN\" \/>\n<meta property=\"og:description\" content=\"A not-for-profit organization that connects, supports, and creates opportunities for English-speaking artists and cultural workers of all disciplines from every region of Quebec.\" \/>\n<meta property=\"og:url\" content=\"https:\/\/www.quebec-elan.org\/fr\/nouvelles-des-projets-mars-2023\/\" \/>\n<meta property=\"og:site_name\" content=\"ELAN\" \/>\n<meta property=\"article:published_time\" content=\"2023-02-28T19:54:35+00:00\" \/>\n<meta property=\"article:modified_time\" content=\"2023-02-28T19:54:36+00:00\" \/>\n<meta property=\"og:image\" content=\"https:\/\/www.quebec-elan.org\/wp-content\/uploads\/2023\/02\/project-news-scaled-e1677609410324.jpg\" \/>\n\t<meta property=\"og:image:width\" content=\"1450\" \/>\n\t<meta property=\"og:image:height\" content=\"522\" \/>\n\t<meta property=\"og:image:type\" content=\"image\/jpeg\" \/>\n<meta name=\"author\" content=\"Andre Elan Quebec\" \/>\n<meta name=\"twitter:card\" content=\"summary_large_image\" \/>\n<meta name=\"twitter:label1\" content=\"\u00c9crit par\" \/>\n\t<meta name=\"twitter:data1\" content=\"Andre Elan Quebec\" \/>\n\t<meta name=\"twitter:label2\" content=\"Dur\u00e9e de lecture estim\u00e9e\" \/>\n\t<meta name=\"twitter:data2\" content=\"6 minutes\" \/>\n<script type=\"application\/ld+json\" class=\"yoast-schema-graph\">{\"@context\":\"https:\\\/\\\/schema.org\",\"@graph\":[{\"@type\":\"Article\",\"@id\":\"https:\\\/\\\/www.quebec-elan.org\\\/fr\\\/nouvelles-des-projets-mars-2023\\\/#article\",\"isPartOf\":{\"@id\":\"https:\\\/\\\/www.quebec-elan.org\\\/fr\\\/nouvelles-des-projets-mars-2023\\\/\"},\"author\":{\"name\":\"Andre Elan Quebec\",\"@id\":\"https:\\\/\\\/www.quebec-elan.org\\\/en\\\/#\\\/schema\\\/person\\\/4aaafbe7c737c481f7cc144f5237888f\"},\"headline\":\"Nouvelles des projets &#8211; mars 2023\",\"datePublished\":\"2023-02-28T19:54:35+00:00\",\"dateModified\":\"2023-02-28T19:54:36+00:00\",\"mainEntityOfPage\":{\"@id\":\"https:\\\/\\\/www.quebec-elan.org\\\/fr\\\/nouvelles-des-projets-mars-2023\\\/\"},\"wordCount\":1225,\"publisher\":{\"@id\":\"https:\\\/\\\/www.quebec-elan.org\\\/en\\\/#organization\"},\"image\":{\"@id\":\"https:\\\/\\\/www.quebec-elan.org\\\/fr\\\/nouvelles-des-projets-mars-2023\\\/#primaryimage\"},\"thumbnailUrl\":\"https:\\\/\\\/www.quebec-elan.org\\\/wp-content\\\/uploads\\\/2023\\\/02\\\/project-news-scaled-e1677609410324.jpg\",\"articleSection\":[\"Community Digital Arts Hub\",\"ELAN's ArtEd Program\",\"Non classifi\u00e9(e)\",\"Nouvelles\",\"Project News\",\"Qu\u00e9bec Relations\",\"State of the Arts EDI\",\"We're All In This Together (WAITT)\"],\"inLanguage\":\"fr-FR\"},{\"@type\":\"WebPage\",\"@id\":\"https:\\\/\\\/www.quebec-elan.org\\\/fr\\\/nouvelles-des-projets-mars-2023\\\/\",\"url\":\"https:\\\/\\\/www.quebec-elan.org\\\/fr\\\/nouvelles-des-projets-mars-2023\\\/\",\"name\":\"Nouvelles des projets - mars 2023 - ELAN\",\"isPartOf\":{\"@id\":\"https:\\\/\\\/www.quebec-elan.org\\\/en\\\/#website\"},\"primaryImageOfPage\":{\"@id\":\"https:\\\/\\\/www.quebec-elan.org\\\/fr\\\/nouvelles-des-projets-mars-2023\\\/#primaryimage\"},\"image\":{\"@id\":\"https:\\\/\\\/www.quebec-elan.org\\\/fr\\\/nouvelles-des-projets-mars-2023\\\/#primaryimage\"},\"thumbnailUrl\":\"https:\\\/\\\/www.quebec-elan.org\\\/wp-content\\\/uploads\\\/2023\\\/02\\\/project-news-scaled-e1677609410324.jpg\",\"datePublished\":\"2023-02-28T19:54:35+00:00\",\"dateModified\":\"2023-02-28T19:54:36+00:00\",\"description\":\"A not-for-profit organization that connects, supports, and creates opportunities for English-speaking artists and cultural workers of all disciplines from every region of Quebec.\",\"breadcrumb\":{\"@id\":\"https:\\\/\\\/www.quebec-elan.org\\\/fr\\\/nouvelles-des-projets-mars-2023\\\/#breadcrumb\"},\"inLanguage\":\"fr-FR\",\"potentialAction\":[{\"@type\":\"ReadAction\",\"target\":[\"https:\\\/\\\/www.quebec-elan.org\\\/fr\\\/nouvelles-des-projets-mars-2023\\\/\"]}]},{\"@type\":\"ImageObject\",\"inLanguage\":\"fr-FR\",\"@id\":\"https:\\\/\\\/www.quebec-elan.org\\\/fr\\\/nouvelles-des-projets-mars-2023\\\/#primaryimage\",\"url\":\"https:\\\/\\\/www.quebec-elan.org\\\/wp-content\\\/uploads\\\/2023\\\/02\\\/project-news-scaled-e1677609410324.jpg\",\"contentUrl\":\"https:\\\/\\\/www.quebec-elan.org\\\/wp-content\\\/uploads\\\/2023\\\/02\\\/project-news-scaled-e1677609410324.jpg\",\"width\":1450,\"height\":522},{\"@type\":\"BreadcrumbList\",\"@id\":\"https:\\\/\\\/www.quebec-elan.org\\\/fr\\\/nouvelles-des-projets-mars-2023\\\/#breadcrumb\",\"itemListElement\":[{\"@type\":\"ListItem\",\"position\":1,\"name\":\"Home\",\"item\":\"https:\\\/\\\/www.quebec-elan.org\\\/fr\\\/\"},{\"@type\":\"ListItem\",\"position\":2,\"name\":\"Nouvelles des projets &#8211; mars 2023\"}]},{\"@type\":\"WebSite\",\"@id\":\"https:\\\/\\\/www.quebec-elan.org\\\/en\\\/#website\",\"url\":\"https:\\\/\\\/www.quebec-elan.org\\\/en\\\/\",\"name\":\"ELAN\",\"description\":\"English Language Arts Network\",\"publisher\":{\"@id\":\"https:\\\/\\\/www.quebec-elan.org\\\/en\\\/#organization\"},\"potentialAction\":[{\"@type\":\"SearchAction\",\"target\":{\"@type\":\"EntryPoint\",\"urlTemplate\":\"https:\\\/\\\/www.quebec-elan.org\\\/en\\\/?s={search_term_string}\"},\"query-input\":{\"@type\":\"PropertyValueSpecification\",\"valueRequired\":true,\"valueName\":\"search_term_string\"}}],\"inLanguage\":\"fr-FR\"},{\"@type\":\"Organization\",\"@id\":\"https:\\\/\\\/www.quebec-elan.org\\\/en\\\/#organization\",\"name\":\"ELAN - English Language Arts Network\",\"url\":\"https:\\\/\\\/www.quebec-elan.org\\\/en\\\/\",\"logo\":{\"@type\":\"ImageObject\",\"inLanguage\":\"fr-FR\",\"@id\":\"https:\\\/\\\/www.quebec-elan.org\\\/en\\\/#\\\/schema\\\/logo\\\/image\\\/\",\"url\":\"https:\\\/\\\/www.quebec-elan.org\\\/wp-content\\\/uploads\\\/2022\\\/05\\\/elan-logo-360.jpg\",\"contentUrl\":\"https:\\\/\\\/www.quebec-elan.org\\\/wp-content\\\/uploads\\\/2022\\\/05\\\/elan-logo-360.jpg\",\"width\":360,\"height\":70,\"caption\":\"ELAN - English Language Arts Network\"},\"image\":{\"@id\":\"https:\\\/\\\/www.quebec-elan.org\\\/en\\\/#\\\/schema\\\/logo\\\/image\\\/\"}},{\"@type\":\"Person\",\"@id\":\"https:\\\/\\\/www.quebec-elan.org\\\/en\\\/#\\\/schema\\\/person\\\/4aaafbe7c737c481f7cc144f5237888f\",\"name\":\"Andre Elan Quebec\",\"image\":{\"@type\":\"ImageObject\",\"inLanguage\":\"fr-FR\",\"@id\":\"https:\\\/\\\/secure.gravatar.com\\\/avatar\\\/7ea082d3d909c4cb837bac18df8ab3523b4a3b6bc196bc83d5ca7f186807bf4e?s=96&d=mm&r=g\",\"url\":\"https:\\\/\\\/secure.gravatar.com\\\/avatar\\\/7ea082d3d909c4cb837bac18df8ab3523b4a3b6bc196bc83d5ca7f186807bf4e?s=96&d=mm&r=g\",\"contentUrl\":\"https:\\\/\\\/secure.gravatar.com\\\/avatar\\\/7ea082d3d909c4cb837bac18df8ab3523b4a3b6bc196bc83d5ca7f186807bf4e?s=96&d=mm&r=g\",\"caption\":\"Andre Elan Quebec\"},\"description\":\"The English-Language Arts Network (ELAN) is a not-for-profit organization that connects, supports, and creates opportunities for Quebec\u2019s English-speaking artists and arts communities. ELAN members are individuals and organizations from a wide array of artistic disciplines, cultural and geographic backgrounds, and linguistic and cultural communities. Together this network reflects an evolving Qu\u00e9bec identity and celebrates the province\u2019s cultural, artistic, and social diversity.\",\"url\":\"https:\\\/\\\/www.quebec-elan.org\\\/fr\\\/author\\\/elan-quebec\\\/\"}]}<\/script>\n<!-- \/ Yoast SEO plugin. -->","yoast_head_json":{"title":"Nouvelles des projets - mars 2023 - ELAN","description":"A not-for-profit organization that connects, supports, and creates opportunities for English-speaking artists and cultural workers of all disciplines from every region of Quebec.","robots":{"index":"index","follow":"follow","max-snippet":"max-snippet:-1","max-image-preview":"max-image-preview:large","max-video-preview":"max-video-preview:-1"},"canonical":"https:\/\/www.quebec-elan.org\/fr\/nouvelles-des-projets-mars-2023\/","og_locale":"fr_FR","og_type":"article","og_title":"Nouvelles des projets - mars 2023 - ELAN","og_description":"A not-for-profit organization that connects, supports, and creates opportunities for English-speaking artists and cultural workers of all disciplines from every region of Quebec.","og_url":"https:\/\/www.quebec-elan.org\/fr\/nouvelles-des-projets-mars-2023\/","og_site_name":"ELAN","article_published_time":"2023-02-28T19:54:35+00:00","article_modified_time":"2023-02-28T19:54:36+00:00","og_image":[{"width":1450,"height":522,"url":"https:\/\/www.quebec-elan.org\/wp-content\/uploads\/2023\/02\/project-news-scaled-e1677609410324.jpg","type":"image\/jpeg"}],"author":"Andre Elan Quebec","twitter_card":"summary_large_image","twitter_misc":{"\u00c9crit par":"Andre Elan Quebec","Dur\u00e9e de lecture estim\u00e9e":"6 minutes"},"schema":{"@context":"https:\/\/schema.org","@graph":[{"@type":"Article","@id":"https:\/\/www.quebec-elan.org\/fr\/nouvelles-des-projets-mars-2023\/#article","isPartOf":{"@id":"https:\/\/www.quebec-elan.org\/fr\/nouvelles-des-projets-mars-2023\/"},"author":{"name":"Andre Elan Quebec","@id":"https:\/\/www.quebec-elan.org\/en\/#\/schema\/person\/4aaafbe7c737c481f7cc144f5237888f"},"headline":"Nouvelles des projets &#8211; mars 2023","datePublished":"2023-02-28T19:54:35+00:00","dateModified":"2023-02-28T19:54:36+00:00","mainEntityOfPage":{"@id":"https:\/\/www.quebec-elan.org\/fr\/nouvelles-des-projets-mars-2023\/"},"wordCount":1225,"publisher":{"@id":"https:\/\/www.quebec-elan.org\/en\/#organization"},"image":{"@id":"https:\/\/www.quebec-elan.org\/fr\/nouvelles-des-projets-mars-2023\/#primaryimage"},"thumbnailUrl":"https:\/\/www.quebec-elan.org\/wp-content\/uploads\/2023\/02\/project-news-scaled-e1677609410324.jpg","articleSection":["Community Digital Arts Hub","ELAN's ArtEd Program","Non classifi\u00e9(e)","Nouvelles","Project News","Qu\u00e9bec Relations","State of the Arts EDI","We're All In This Together (WAITT)"],"inLanguage":"fr-FR"},{"@type":"WebPage","@id":"https:\/\/www.quebec-elan.org\/fr\/nouvelles-des-projets-mars-2023\/","url":"https:\/\/www.quebec-elan.org\/fr\/nouvelles-des-projets-mars-2023\/","name":"Nouvelles des projets - mars 2023 - ELAN","isPartOf":{"@id":"https:\/\/www.quebec-elan.org\/en\/#website"},"primaryImageOfPage":{"@id":"https:\/\/www.quebec-elan.org\/fr\/nouvelles-des-projets-mars-2023\/#primaryimage"},"image":{"@id":"https:\/\/www.quebec-elan.org\/fr\/nouvelles-des-projets-mars-2023\/#primaryimage"},"thumbnailUrl":"https:\/\/www.quebec-elan.org\/wp-content\/uploads\/2023\/02\/project-news-scaled-e1677609410324.jpg","datePublished":"2023-02-28T19:54:35+00:00","dateModified":"2023-02-28T19:54:36+00:00","description":"A not-for-profit organization that connects, supports, and creates opportunities for English-speaking artists and cultural workers of all disciplines from every region of Quebec.","breadcrumb":{"@id":"https:\/\/www.quebec-elan.org\/fr\/nouvelles-des-projets-mars-2023\/#breadcrumb"},"inLanguage":"fr-FR","potentialAction":[{"@type":"ReadAction","target":["https:\/\/www.quebec-elan.org\/fr\/nouvelles-des-projets-mars-2023\/"]}]},{"@type":"ImageObject","inLanguage":"fr-FR","@id":"https:\/\/www.quebec-elan.org\/fr\/nouvelles-des-projets-mars-2023\/#primaryimage","url":"https:\/\/www.quebec-elan.org\/wp-content\/uploads\/2023\/02\/project-news-scaled-e1677609410324.jpg","contentUrl":"https:\/\/www.quebec-elan.org\/wp-content\/uploads\/2023\/02\/project-news-scaled-e1677609410324.jpg","width":1450,"height":522},{"@type":"BreadcrumbList","@id":"https:\/\/www.quebec-elan.org\/fr\/nouvelles-des-projets-mars-2023\/#breadcrumb","itemListElement":[{"@type":"ListItem","position":1,"name":"Home","item":"https:\/\/www.quebec-elan.org\/fr\/"},{"@type":"ListItem","position":2,"name":"Nouvelles des projets &#8211; mars 2023"}]},{"@type":"WebSite","@id":"https:\/\/www.quebec-elan.org\/en\/#website","url":"https:\/\/www.quebec-elan.org\/en\/","name":"ELAN","description":"English Language Arts Network","publisher":{"@id":"https:\/\/www.quebec-elan.org\/en\/#organization"},"potentialAction":[{"@type":"SearchAction","target":{"@type":"EntryPoint","urlTemplate":"https:\/\/www.quebec-elan.org\/en\/?s={search_term_string}"},"query-input":{"@type":"PropertyValueSpecification","valueRequired":true,"valueName":"search_term_string"}}],"inLanguage":"fr-FR"},{"@type":"Organization","@id":"https:\/\/www.quebec-elan.org\/en\/#organization","name":"ELAN - English Language Arts Network","url":"https:\/\/www.quebec-elan.org\/en\/","logo":{"@type":"ImageObject","inLanguage":"fr-FR","@id":"https:\/\/www.quebec-elan.org\/en\/#\/schema\/logo\/image\/","url":"https:\/\/www.quebec-elan.org\/wp-content\/uploads\/2022\/05\/elan-logo-360.jpg","contentUrl":"https:\/\/www.quebec-elan.org\/wp-content\/uploads\/2022\/05\/elan-logo-360.jpg","width":360,"height":70,"caption":"ELAN - English Language Arts Network"},"image":{"@id":"https:\/\/www.quebec-elan.org\/en\/#\/schema\/logo\/image\/"}},{"@type":"Person","@id":"https:\/\/www.quebec-elan.org\/en\/#\/schema\/person\/4aaafbe7c737c481f7cc144f5237888f","name":"Andre Elan Quebec","image":{"@type":"ImageObject","inLanguage":"fr-FR","@id":"https:\/\/secure.gravatar.com\/avatar\/7ea082d3d909c4cb837bac18df8ab3523b4a3b6bc196bc83d5ca7f186807bf4e?s=96&d=mm&r=g","url":"https:\/\/secure.gravatar.com\/avatar\/7ea082d3d909c4cb837bac18df8ab3523b4a3b6bc196bc83d5ca7f186807bf4e?s=96&d=mm&r=g","contentUrl":"https:\/\/secure.gravatar.com\/avatar\/7ea082d3d909c4cb837bac18df8ab3523b4a3b6bc196bc83d5ca7f186807bf4e?s=96&d=mm&r=g","caption":"Andre Elan Quebec"},"description":"The English-Language Arts Network (ELAN) is a not-for-profit organization that connects, supports, and creates opportunities for Quebec\u2019s English-speaking artists and arts communities. ELAN members are individuals and organizations from a wide array of artistic disciplines, cultural and geographic backgrounds, and linguistic and cultural communities. Together this network reflects an evolving Qu\u00e9bec identity and celebrates the province\u2019s cultural, artistic, and social diversity.","url":"https:\/\/www.quebec-elan.org\/fr\/author\/elan-quebec\/"}]}},"_links":{"self":[{"href":"https:\/\/www.quebec-elan.org\/fr\/wp-json\/wp\/v2\/posts\/48284","targetHints":{"allow":["GET"]}}],"collection":[{"href":"https:\/\/www.quebec-elan.org\/fr\/wp-json\/wp\/v2\/posts"}],"about":[{"href":"https:\/\/www.quebec-elan.org\/fr\/wp-json\/wp\/v2\/types\/post"}],"author":[{"embeddable":true,"href":"https:\/\/www.quebec-elan.org\/fr\/wp-json\/wp\/v2\/users\/234"}],"replies":[{"embeddable":true,"href":"https:\/\/www.quebec-elan.org\/fr\/wp-json\/wp\/v2\/comments?post=48284"}],"version-history":[{"count":1,"href":"https:\/\/www.quebec-elan.org\/fr\/wp-json\/wp\/v2\/posts\/48284\/revisions"}],"predecessor-version":[{"id":48285,"href":"https:\/\/www.quebec-elan.org\/fr\/wp-json\/wp\/v2\/posts\/48284\/revisions\/48285"}],"wp:featuredmedia":[{"embeddable":true,"href":"https:\/\/www.quebec-elan.org\/fr\/wp-json\/wp\/v2\/media\/48265"}],"wp:attachment":[{"href":"https:\/\/www.quebec-elan.org\/fr\/wp-json\/wp\/v2\/media?parent=48284"}],"wp:term":[{"taxonomy":"category","embeddable":true,"href":"https:\/\/www.quebec-elan.org\/fr\/wp-json\/wp\/v2\/categories?post=48284"},{"taxonomy":"post_tag","embeddable":true,"href":"https:\/\/www.quebec-elan.org\/fr\/wp-json\/wp\/v2\/tags?post=48284"}],"curies":[{"name":"wp","href":"https:\/\/api.w.org\/{rel}","templated":true}]}}