{"id":49800,"date":"2023-03-30T13:22:32","date_gmt":"2023-03-30T17:22:32","guid":{"rendered":"https:\/\/www.quebec-elan.org\/nouvelles-delan-avril-2023\/"},"modified":"2023-03-30T13:22:33","modified_gmt":"2023-03-30T17:22:33","slug":"nouvelles-delan-avril-2023","status":"publish","type":"post","link":"https:\/\/www.quebec-elan.org\/fr\/nouvelles-delan-avril-2023\/","title":{"rendered":"Nouvelles d&rsquo;ELAN, avril 2023"},"content":{"rendered":"\n<h2 class=\"wp-block-heading\">Message de Vanessa Herrick<\/h2>\n\n<p>Bonjour le printemps,<\/p>\n\n<p>J&rsquo;esp\u00e8re que tous les membres d&rsquo;ELAN profitent des journ\u00e9es plus longues, du soleil plus fort et du sentiment d&rsquo;espoir que la survie \u00e0 un autre hiver nous apporte \u00e0 tous. &#13;\n&#13;\n<\/p>\n\n<p>Apr\u00e8s tout, si vous pouvez survivre \u00e0 f\u00e9vrier, vous pouvez tout faire, alors r\u00e9jouissons-nous !  <\/p>\n\n<p>Nous recrutons !  Notre projet sur la situation des arts en mati\u00e8re d&rsquo;\u00e9quit\u00e9, de diversit\u00e9 et d&rsquo;inclusion (State of the Arts on Equity, Diversity, and Inclusion) est \u00e0 la recherche d&rsquo;un nouveau chef de projet. N&rsquo;h\u00e9sitez pas \u00e0 le consulter et \u00e0 nous contacter si vous pensez que ce r\u00f4le vous convient et que vous souhaitez en savoir plus. <\/p>\n\n<p>Si vous n&rsquo;avez pas particip\u00e9 \u00e0 l&rsquo;un de nos ateliers Creative Care, con\u00e7us pour aider les artistes \u00e0 faire face \u00e0 divers probl\u00e8mes de sant\u00e9 mentale, consultez la liste des ateliers disponibles.  Nous avons l&rsquo;intention de poursuivre cette s\u00e9rie, donc si vous ne pouvez pas vous joindre \u00e0 l&rsquo;une des r\u00e9unions d&rsquo;avril, gardez un \u0153il sur nos r\u00e9seaux sociaux pour les nouvelles r\u00e9unions \u00e0 venir.<\/p>\n\n<p>J&rsquo;esp\u00e8re que vous passez un printemps cr\u00e9atif et ensoleill\u00e9 !<\/p>\n\n<p>Vanessa<\/p>\n\n<p><\/p>\n\n<h2 class=\"wp-block-heading\">Qu\u00e9bec Relations : R\u00e9pertoire culture-\u00e9ducation &#8211; S\u00e9ance de questions et r\u00e9ponses en ligne<\/h2>\n\n<p>Vous \u00eates nouveau dans le R\u00e9pertoire culture-\u00e9ducation et vous vous demandez comment commencer \u00e0 pr\u00e9senter vos ateliers et \u00e0 g\u00e9n\u00e9rer de nouvelles opportunit\u00e9s ? Vous avez d\u00e9j\u00e0 particip\u00e9 au r\u00e9pertoire, mais vous cherchez des moyens d&rsquo;entrer en contact avec un plus grand nombre d&rsquo;\u00e9coles ? Le projet Qu\u00e9bec Relations d&rsquo;ELAN peut vous aider ! Rejoignez-nous de 9 \u00e0 11 heures le mardi 11 avril pour une s\u00e9ance de questions-r\u00e9ponses en ligne afin de d\u00e9couvrir comment vous pouvez mieux promouvoir vos offres d&rsquo;ateliers et faire en sorte que le R\u00e9pertoire joue un r\u00f4le plus important dans votre travail en classe.<\/p>\n\n<p>Louise Campbell et Nick Maturo d&rsquo;ELAN seront pr\u00e9sents via Zoom pour r\u00e9pondre aux questions et discuter des strat\u00e9gies pour les artistes qui cherchent \u00e0 cr\u00e9er plus d&rsquo;opportunit\u00e9s \u00e0 travers le R\u00e9pertoire \u00e0 l&rsquo;avenir. Vous pouvez \u00e9galement apprendre comment demander une s\u00e9ance de coaching individuelle gratuite pour les artistes du R\u00e9pertoire avec Louise, offerte par Qu\u00e9bec Relations. Veuillez <a href=\"https:\/\/forms.gle\/pBgMmexaG69GUrPF8\" target=\"_blank\" rel=\"noopener\">cliquer ici pour remplir notre formulaire d&rsquo;inscription<\/a> et recevoir le lien Zoom pour cette session.<\/p>\n\n<p>Avant de vous joindre \u00e0 nous pour cette s\u00e9ance, nous vous demandons de <a href=\"https:\/\/youtu.be\/BYr0BJfgN5E\" target=\"_blank\" rel=\"noopener\">cliquer ici pour visionner et revoir notre pr\u00e9c\u00e9dent webinaire<\/a> qui donne un aper\u00e7u du programme Culture \u00e0 l&rsquo;\u00e9cole et une discussion sur les strat\u00e9gies de base pour les artistes du R\u00e9pertoire.<\/p>\n","protected":false},"excerpt":{"rendered":"<p>Message de Vanessa Herrick Bonjour le printemps, J&rsquo;esp\u00e8re que tous les membres d&rsquo;ELAN profitent des journ\u00e9es plus longues, du soleil plus fort et du sentiment d&rsquo;espoir que la survie \u00e0 un autre hiver nous apporte \u00e0 tous. &#13; &#13; Apr\u00e8s tout, si vous pouvez survivre \u00e0 f\u00e9vrier, vous pouvez tout faire, alors r\u00e9jouissons-nous ! Nous [&hellip;]<\/p>\n","protected":false},"author":234,"featured_media":49796,"comment_status":"closed","ping_status":"closed","sticky":false,"template":"","format":"standard","meta":{"footnotes":""},"categories":[2],"tags":[],"class_list":["post-49800","post","type-post","status-publish","format-standard","has-post-thumbnail","hentry","category-non-classifiee"],"yoast_head":"<!-- This site is optimized with the Yoast SEO plugin v27.4 - https:\/\/yoast.com\/product\/yoast-seo-wordpress\/ -->\n<title>Nouvelles d&#039;ELAN, avril 2023 - ELAN<\/title>\n<meta name=\"description\" content=\"A not-for-profit organization that connects, supports, and creates opportunities for English-speaking artists and cultural workers of all disciplines from every region of Quebec.\" \/>\n<meta name=\"robots\" content=\"index, follow, max-snippet:-1, max-image-preview:large, max-video-preview:-1\" \/>\n<link rel=\"canonical\" href=\"https:\/\/www.quebec-elan.org\/fr\/nouvelles-delan-avril-2023\/\" \/>\n<meta property=\"og:locale\" content=\"fr_FR\" \/>\n<meta property=\"og:type\" content=\"article\" \/>\n<meta property=\"og:title\" content=\"Nouvelles d&#039;ELAN, avril 2023 - ELAN\" \/>\n<meta property=\"og:description\" content=\"A not-for-profit organization that connects, supports, and creates opportunities for English-speaking artists and cultural workers of all disciplines from every region of Quebec.\" \/>\n<meta property=\"og:url\" content=\"https:\/\/www.quebec-elan.org\/fr\/nouvelles-delan-avril-2023\/\" \/>\n<meta property=\"og:site_name\" content=\"ELAN\" \/>\n<meta property=\"article:published_time\" content=\"2023-03-30T17:22:32+00:00\" \/>\n<meta property=\"article:modified_time\" content=\"2023-03-30T17:22:33+00:00\" \/>\n<meta property=\"og:image\" content=\"https:\/\/www.quebec-elan.org\/wp-content\/uploads\/2023\/03\/avril-scaled.jpg\" \/>\n\t<meta property=\"og:image:width\" content=\"1450\" \/>\n\t<meta property=\"og:image:height\" content=\"725\" \/>\n\t<meta property=\"og:image:type\" content=\"image\/jpeg\" \/>\n<meta name=\"author\" content=\"Andre Elan Quebec\" \/>\n<meta name=\"twitter:card\" content=\"summary_large_image\" \/>\n<meta name=\"twitter:label1\" content=\"\u00c9crit par\" \/>\n\t<meta name=\"twitter:data1\" content=\"Andre Elan Quebec\" \/>\n\t<meta name=\"twitter:label2\" content=\"Dur\u00e9e de lecture estim\u00e9e\" \/>\n\t<meta name=\"twitter:data2\" content=\"2 minutes\" \/>\n<script type=\"application\/ld+json\" class=\"yoast-schema-graph\">{\"@context\":\"https:\\\/\\\/schema.org\",\"@graph\":[{\"@type\":\"Article\",\"@id\":\"https:\\\/\\\/www.quebec-elan.org\\\/fr\\\/nouvelles-delan-avril-2023\\\/#article\",\"isPartOf\":{\"@id\":\"https:\\\/\\\/www.quebec-elan.org\\\/fr\\\/nouvelles-delan-avril-2023\\\/\"},\"author\":{\"name\":\"Andre Elan Quebec\",\"@id\":\"https:\\\/\\\/www.quebec-elan.org\\\/en\\\/#\\\/schema\\\/person\\\/4aaafbe7c737c481f7cc144f5237888f\"},\"headline\":\"Nouvelles d&rsquo;ELAN, avril 2023\",\"datePublished\":\"2023-03-30T17:22:32+00:00\",\"dateModified\":\"2023-03-30T17:22:33+00:00\",\"mainEntityOfPage\":{\"@id\":\"https:\\\/\\\/www.quebec-elan.org\\\/fr\\\/nouvelles-delan-avril-2023\\\/\"},\"wordCount\":462,\"publisher\":{\"@id\":\"https:\\\/\\\/www.quebec-elan.org\\\/en\\\/#organization\"},\"image\":{\"@id\":\"https:\\\/\\\/www.quebec-elan.org\\\/fr\\\/nouvelles-delan-avril-2023\\\/#primaryimage\"},\"thumbnailUrl\":\"https:\\\/\\\/www.quebec-elan.org\\\/wp-content\\\/uploads\\\/2023\\\/03\\\/avril-scaled.jpg\",\"articleSection\":[\"Non classifi\u00e9(e)\"],\"inLanguage\":\"fr-FR\"},{\"@type\":\"WebPage\",\"@id\":\"https:\\\/\\\/www.quebec-elan.org\\\/fr\\\/nouvelles-delan-avril-2023\\\/\",\"url\":\"https:\\\/\\\/www.quebec-elan.org\\\/fr\\\/nouvelles-delan-avril-2023\\\/\",\"name\":\"Nouvelles d'ELAN, avril 2023 - ELAN\",\"isPartOf\":{\"@id\":\"https:\\\/\\\/www.quebec-elan.org\\\/en\\\/#website\"},\"primaryImageOfPage\":{\"@id\":\"https:\\\/\\\/www.quebec-elan.org\\\/fr\\\/nouvelles-delan-avril-2023\\\/#primaryimage\"},\"image\":{\"@id\":\"https:\\\/\\\/www.quebec-elan.org\\\/fr\\\/nouvelles-delan-avril-2023\\\/#primaryimage\"},\"thumbnailUrl\":\"https:\\\/\\\/www.quebec-elan.org\\\/wp-content\\\/uploads\\\/2023\\\/03\\\/avril-scaled.jpg\",\"datePublished\":\"2023-03-30T17:22:32+00:00\",\"dateModified\":\"2023-03-30T17:22:33+00:00\",\"description\":\"A not-for-profit organization that connects, supports, and creates opportunities for English-speaking artists and cultural workers of all disciplines from every region of Quebec.\",\"breadcrumb\":{\"@id\":\"https:\\\/\\\/www.quebec-elan.org\\\/fr\\\/nouvelles-delan-avril-2023\\\/#breadcrumb\"},\"inLanguage\":\"fr-FR\",\"potentialAction\":[{\"@type\":\"ReadAction\",\"target\":[\"https:\\\/\\\/www.quebec-elan.org\\\/fr\\\/nouvelles-delan-avril-2023\\\/\"]}]},{\"@type\":\"ImageObject\",\"inLanguage\":\"fr-FR\",\"@id\":\"https:\\\/\\\/www.quebec-elan.org\\\/fr\\\/nouvelles-delan-avril-2023\\\/#primaryimage\",\"url\":\"https:\\\/\\\/www.quebec-elan.org\\\/wp-content\\\/uploads\\\/2023\\\/03\\\/avril-scaled.jpg\",\"contentUrl\":\"https:\\\/\\\/www.quebec-elan.org\\\/wp-content\\\/uploads\\\/2023\\\/03\\\/avril-scaled.jpg\",\"width\":1450,\"height\":725},{\"@type\":\"BreadcrumbList\",\"@id\":\"https:\\\/\\\/www.quebec-elan.org\\\/fr\\\/nouvelles-delan-avril-2023\\\/#breadcrumb\",\"itemListElement\":[{\"@type\":\"ListItem\",\"position\":1,\"name\":\"Home\",\"item\":\"https:\\\/\\\/www.quebec-elan.org\\\/fr\\\/\"},{\"@type\":\"ListItem\",\"position\":2,\"name\":\"Nouvelles d&rsquo;ELAN, avril 2023\"}]},{\"@type\":\"WebSite\",\"@id\":\"https:\\\/\\\/www.quebec-elan.org\\\/en\\\/#website\",\"url\":\"https:\\\/\\\/www.quebec-elan.org\\\/en\\\/\",\"name\":\"ELAN\",\"description\":\"English Language Arts Network\",\"publisher\":{\"@id\":\"https:\\\/\\\/www.quebec-elan.org\\\/en\\\/#organization\"},\"potentialAction\":[{\"@type\":\"SearchAction\",\"target\":{\"@type\":\"EntryPoint\",\"urlTemplate\":\"https:\\\/\\\/www.quebec-elan.org\\\/en\\\/?s={search_term_string}\"},\"query-input\":{\"@type\":\"PropertyValueSpecification\",\"valueRequired\":true,\"valueName\":\"search_term_string\"}}],\"inLanguage\":\"fr-FR\"},{\"@type\":\"Organization\",\"@id\":\"https:\\\/\\\/www.quebec-elan.org\\\/en\\\/#organization\",\"name\":\"ELAN - English Language Arts Network\",\"url\":\"https:\\\/\\\/www.quebec-elan.org\\\/en\\\/\",\"logo\":{\"@type\":\"ImageObject\",\"inLanguage\":\"fr-FR\",\"@id\":\"https:\\\/\\\/www.quebec-elan.org\\\/en\\\/#\\\/schema\\\/logo\\\/image\\\/\",\"url\":\"https:\\\/\\\/www.quebec-elan.org\\\/wp-content\\\/uploads\\\/2022\\\/05\\\/elan-logo-360.jpg\",\"contentUrl\":\"https:\\\/\\\/www.quebec-elan.org\\\/wp-content\\\/uploads\\\/2022\\\/05\\\/elan-logo-360.jpg\",\"width\":360,\"height\":70,\"caption\":\"ELAN - English Language Arts Network\"},\"image\":{\"@id\":\"https:\\\/\\\/www.quebec-elan.org\\\/en\\\/#\\\/schema\\\/logo\\\/image\\\/\"}},{\"@type\":\"Person\",\"@id\":\"https:\\\/\\\/www.quebec-elan.org\\\/en\\\/#\\\/schema\\\/person\\\/4aaafbe7c737c481f7cc144f5237888f\",\"name\":\"Andre Elan Quebec\",\"image\":{\"@type\":\"ImageObject\",\"inLanguage\":\"fr-FR\",\"@id\":\"https:\\\/\\\/secure.gravatar.com\\\/avatar\\\/7ea082d3d909c4cb837bac18df8ab3523b4a3b6bc196bc83d5ca7f186807bf4e?s=96&d=mm&r=g\",\"url\":\"https:\\\/\\\/secure.gravatar.com\\\/avatar\\\/7ea082d3d909c4cb837bac18df8ab3523b4a3b6bc196bc83d5ca7f186807bf4e?s=96&d=mm&r=g\",\"contentUrl\":\"https:\\\/\\\/secure.gravatar.com\\\/avatar\\\/7ea082d3d909c4cb837bac18df8ab3523b4a3b6bc196bc83d5ca7f186807bf4e?s=96&d=mm&r=g\",\"caption\":\"Andre Elan Quebec\"},\"description\":\"The English-Language Arts Network (ELAN) is a not-for-profit organization that connects, supports, and creates opportunities for Quebec\u2019s English-speaking artists and arts communities. ELAN members are individuals and organizations from a wide array of artistic disciplines, cultural and geographic backgrounds, and linguistic and cultural communities. Together this network reflects an evolving Qu\u00e9bec identity and celebrates the province\u2019s cultural, artistic, and social diversity.\",\"url\":\"https:\\\/\\\/www.quebec-elan.org\\\/fr\\\/author\\\/elan-quebec\\\/\"}]}<\/script>\n<!-- \/ Yoast SEO plugin. -->","yoast_head_json":{"title":"Nouvelles d'ELAN, avril 2023 - ELAN","description":"A not-for-profit organization that connects, supports, and creates opportunities for English-speaking artists and cultural workers of all disciplines from every region of Quebec.","robots":{"index":"index","follow":"follow","max-snippet":"max-snippet:-1","max-image-preview":"max-image-preview:large","max-video-preview":"max-video-preview:-1"},"canonical":"https:\/\/www.quebec-elan.org\/fr\/nouvelles-delan-avril-2023\/","og_locale":"fr_FR","og_type":"article","og_title":"Nouvelles d'ELAN, avril 2023 - ELAN","og_description":"A not-for-profit organization that connects, supports, and creates opportunities for English-speaking artists and cultural workers of all disciplines from every region of Quebec.","og_url":"https:\/\/www.quebec-elan.org\/fr\/nouvelles-delan-avril-2023\/","og_site_name":"ELAN","article_published_time":"2023-03-30T17:22:32+00:00","article_modified_time":"2023-03-30T17:22:33+00:00","og_image":[{"width":1450,"height":725,"url":"https:\/\/www.quebec-elan.org\/wp-content\/uploads\/2023\/03\/avril-scaled.jpg","type":"image\/jpeg"}],"author":"Andre Elan Quebec","twitter_card":"summary_large_image","twitter_misc":{"\u00c9crit par":"Andre Elan Quebec","Dur\u00e9e de lecture estim\u00e9e":"2 minutes"},"schema":{"@context":"https:\/\/schema.org","@graph":[{"@type":"Article","@id":"https:\/\/www.quebec-elan.org\/fr\/nouvelles-delan-avril-2023\/#article","isPartOf":{"@id":"https:\/\/www.quebec-elan.org\/fr\/nouvelles-delan-avril-2023\/"},"author":{"name":"Andre Elan Quebec","@id":"https:\/\/www.quebec-elan.org\/en\/#\/schema\/person\/4aaafbe7c737c481f7cc144f5237888f"},"headline":"Nouvelles d&rsquo;ELAN, avril 2023","datePublished":"2023-03-30T17:22:32+00:00","dateModified":"2023-03-30T17:22:33+00:00","mainEntityOfPage":{"@id":"https:\/\/www.quebec-elan.org\/fr\/nouvelles-delan-avril-2023\/"},"wordCount":462,"publisher":{"@id":"https:\/\/www.quebec-elan.org\/en\/#organization"},"image":{"@id":"https:\/\/www.quebec-elan.org\/fr\/nouvelles-delan-avril-2023\/#primaryimage"},"thumbnailUrl":"https:\/\/www.quebec-elan.org\/wp-content\/uploads\/2023\/03\/avril-scaled.jpg","articleSection":["Non classifi\u00e9(e)"],"inLanguage":"fr-FR"},{"@type":"WebPage","@id":"https:\/\/www.quebec-elan.org\/fr\/nouvelles-delan-avril-2023\/","url":"https:\/\/www.quebec-elan.org\/fr\/nouvelles-delan-avril-2023\/","name":"Nouvelles d'ELAN, avril 2023 - ELAN","isPartOf":{"@id":"https:\/\/www.quebec-elan.org\/en\/#website"},"primaryImageOfPage":{"@id":"https:\/\/www.quebec-elan.org\/fr\/nouvelles-delan-avril-2023\/#primaryimage"},"image":{"@id":"https:\/\/www.quebec-elan.org\/fr\/nouvelles-delan-avril-2023\/#primaryimage"},"thumbnailUrl":"https:\/\/www.quebec-elan.org\/wp-content\/uploads\/2023\/03\/avril-scaled.jpg","datePublished":"2023-03-30T17:22:32+00:00","dateModified":"2023-03-30T17:22:33+00:00","description":"A not-for-profit organization that connects, supports, and creates opportunities for English-speaking artists and cultural workers of all disciplines from every region of Quebec.","breadcrumb":{"@id":"https:\/\/www.quebec-elan.org\/fr\/nouvelles-delan-avril-2023\/#breadcrumb"},"inLanguage":"fr-FR","potentialAction":[{"@type":"ReadAction","target":["https:\/\/www.quebec-elan.org\/fr\/nouvelles-delan-avril-2023\/"]}]},{"@type":"ImageObject","inLanguage":"fr-FR","@id":"https:\/\/www.quebec-elan.org\/fr\/nouvelles-delan-avril-2023\/#primaryimage","url":"https:\/\/www.quebec-elan.org\/wp-content\/uploads\/2023\/03\/avril-scaled.jpg","contentUrl":"https:\/\/www.quebec-elan.org\/wp-content\/uploads\/2023\/03\/avril-scaled.jpg","width":1450,"height":725},{"@type":"BreadcrumbList","@id":"https:\/\/www.quebec-elan.org\/fr\/nouvelles-delan-avril-2023\/#breadcrumb","itemListElement":[{"@type":"ListItem","position":1,"name":"Home","item":"https:\/\/www.quebec-elan.org\/fr\/"},{"@type":"ListItem","position":2,"name":"Nouvelles d&rsquo;ELAN, avril 2023"}]},{"@type":"WebSite","@id":"https:\/\/www.quebec-elan.org\/en\/#website","url":"https:\/\/www.quebec-elan.org\/en\/","name":"ELAN","description":"English Language Arts Network","publisher":{"@id":"https:\/\/www.quebec-elan.org\/en\/#organization"},"potentialAction":[{"@type":"SearchAction","target":{"@type":"EntryPoint","urlTemplate":"https:\/\/www.quebec-elan.org\/en\/?s={search_term_string}"},"query-input":{"@type":"PropertyValueSpecification","valueRequired":true,"valueName":"search_term_string"}}],"inLanguage":"fr-FR"},{"@type":"Organization","@id":"https:\/\/www.quebec-elan.org\/en\/#organization","name":"ELAN - English Language Arts Network","url":"https:\/\/www.quebec-elan.org\/en\/","logo":{"@type":"ImageObject","inLanguage":"fr-FR","@id":"https:\/\/www.quebec-elan.org\/en\/#\/schema\/logo\/image\/","url":"https:\/\/www.quebec-elan.org\/wp-content\/uploads\/2022\/05\/elan-logo-360.jpg","contentUrl":"https:\/\/www.quebec-elan.org\/wp-content\/uploads\/2022\/05\/elan-logo-360.jpg","width":360,"height":70,"caption":"ELAN - English Language Arts Network"},"image":{"@id":"https:\/\/www.quebec-elan.org\/en\/#\/schema\/logo\/image\/"}},{"@type":"Person","@id":"https:\/\/www.quebec-elan.org\/en\/#\/schema\/person\/4aaafbe7c737c481f7cc144f5237888f","name":"Andre Elan Quebec","image":{"@type":"ImageObject","inLanguage":"fr-FR","@id":"https:\/\/secure.gravatar.com\/avatar\/7ea082d3d909c4cb837bac18df8ab3523b4a3b6bc196bc83d5ca7f186807bf4e?s=96&d=mm&r=g","url":"https:\/\/secure.gravatar.com\/avatar\/7ea082d3d909c4cb837bac18df8ab3523b4a3b6bc196bc83d5ca7f186807bf4e?s=96&d=mm&r=g","contentUrl":"https:\/\/secure.gravatar.com\/avatar\/7ea082d3d909c4cb837bac18df8ab3523b4a3b6bc196bc83d5ca7f186807bf4e?s=96&d=mm&r=g","caption":"Andre Elan Quebec"},"description":"The English-Language Arts Network (ELAN) is a not-for-profit organization that connects, supports, and creates opportunities for Quebec\u2019s English-speaking artists and arts communities. ELAN members are individuals and organizations from a wide array of artistic disciplines, cultural and geographic backgrounds, and linguistic and cultural communities. Together this network reflects an evolving Qu\u00e9bec identity and celebrates the province\u2019s cultural, artistic, and social diversity.","url":"https:\/\/www.quebec-elan.org\/fr\/author\/elan-quebec\/"}]}},"_links":{"self":[{"href":"https:\/\/www.quebec-elan.org\/fr\/wp-json\/wp\/v2\/posts\/49800","targetHints":{"allow":["GET"]}}],"collection":[{"href":"https:\/\/www.quebec-elan.org\/fr\/wp-json\/wp\/v2\/posts"}],"about":[{"href":"https:\/\/www.quebec-elan.org\/fr\/wp-json\/wp\/v2\/types\/post"}],"author":[{"embeddable":true,"href":"https:\/\/www.quebec-elan.org\/fr\/wp-json\/wp\/v2\/users\/234"}],"replies":[{"embeddable":true,"href":"https:\/\/www.quebec-elan.org\/fr\/wp-json\/wp\/v2\/comments?post=49800"}],"version-history":[{"count":1,"href":"https:\/\/www.quebec-elan.org\/fr\/wp-json\/wp\/v2\/posts\/49800\/revisions"}],"predecessor-version":[{"id":49801,"href":"https:\/\/www.quebec-elan.org\/fr\/wp-json\/wp\/v2\/posts\/49800\/revisions\/49801"}],"wp:featuredmedia":[{"embeddable":true,"href":"https:\/\/www.quebec-elan.org\/fr\/wp-json\/wp\/v2\/media\/49796"}],"wp:attachment":[{"href":"https:\/\/www.quebec-elan.org\/fr\/wp-json\/wp\/v2\/media?parent=49800"}],"wp:term":[{"taxonomy":"category","embeddable":true,"href":"https:\/\/www.quebec-elan.org\/fr\/wp-json\/wp\/v2\/categories?post=49800"},{"taxonomy":"post_tag","embeddable":true,"href":"https:\/\/www.quebec-elan.org\/fr\/wp-json\/wp\/v2\/tags?post=49800"}],"curies":[{"name":"wp","href":"https:\/\/api.w.org\/{rel}","templated":true}]}}