{"id":7653,"date":"2016-11-30T18:14:03","date_gmt":"2016-11-30T18:14:03","guid":{"rendered":"https:\/\/www.quebec-elan.org\/?p=7653&#038;lang=fr"},"modified":"2016-11-30T18:14:03","modified_gmt":"2016-11-30T18:14:03","slug":"cinq-sept-du-mois-de-decembre-elan-et-la-faculte-de-musique-de-mcgill","status":"publish","type":"post","link":"https:\/\/www.quebec-elan.org\/fr\/cinq-sept-du-mois-de-decembre-elan-et-la-faculte-de-musique-de-mcgill\/","title":{"rendered":"Cinq \u00e0 sept du mois de d\u00e9cembre : ELAN et la facult\u00e9 de musique de McGill"},"content":{"rendered":"<p>Le cinq \u00e0 sept d\u2019ELAN en collaboration avec la facult\u00e9 de musique de l\u2019universit\u00e9 McGill est de retour pour une 3<sup>e<\/sup> ann\u00e9e cons\u00e9cutive, apr\u00e8s un \u00e9v\u00e9nement tr\u00e8s r\u00e9ussi en d\u00e9cembre dernier !<\/p>\n<p><strong>\u00c9tudiants en musique (de n\u2019importe quelle institution)<\/strong> : Vous avez besoin d\u2019une pause dans vos \u00e9tudes ? Vous avez envie d\u2019\u00e9changer avec des musiciens professionnels ?<\/p>\n<p><strong>Musiciens professionnels et amoureux de la musique<\/strong> : Vous aimeriez \u00eatre inspir\u00e9s par de nouveaux talents ?<\/p>\n<p><strong>Membres et amis d\u2019ELAN de toutes les disciplines : <\/strong>Joignez-vous \u00e0 nous \u00e0 l\u2019occasion du dernier cinq \u00e0 sept de 2016.<br \/>\nVenez vous d\u00e9tendre en bavardant autour d\u2019un verre de vin !<\/p>\n<p style=\"text-align: center;\"><strong>Jeudi le 1<sup>er<\/sup> d\u00e9cembre, de 18 h 30 \u00e0 20 h 30<\/strong><br \/>\n<strong>Pavillon de musique Elizabeth Wirth, salle A-832 (8<sup>e<\/sup> \u00e9tage)<\/strong><\/p>\n<p style=\"text-align: center;\"><strong>527, rue Sherbrooke ouest<\/strong><br \/>\n<strong>Entr\u00e9e libre et gratuite<\/strong><br \/>\n<strong>RSVP \u00e0 <a href=\"mailto:admin@quebec-elan.org?subject=McGill%20Schmoozer\">admin@quebec-elan.org<\/a><\/strong><\/p>\n<p style=\"text-align: center;\"><strong>Ou cliquez sur \u00ab aller \u00bb dans <a href=\"https:\/\/www.facebook.com\/events\/1781412988766647\/\">l\u2019\u00e9v\u00e9nement Facebook<\/a><br \/>\nN\u2019oubliez pas que des rafra\u00eechissements et un go\u00fbter seront servis<\/strong><\/p>\n<p><strong>Le March\u00e9 minute<\/strong> est une excellente occasion pour les artistes et les organismes de promouvoir leurs projets en cours, et pour le public de gagner des livres, des billets de spectacle, des disques ou d\u2019autres prix. Les dix premiers membres d\u2019ELAN ou \u00e9tudiants (l\u2019adh\u00e9sion est GRATUITE pour les \u00e9tudiants !) qui communiqueront avec nous \u00e0 admin@quebec-elan.org recevront un spot d\u2019une minute ! Veuillez pr\u00e9senter bri\u00e8vement votre projet et le prix de pr\u00e9sence que vous avez \u00e0 offrir !<\/p>\n<p>Merci \u00e0 nos partenaires, <a href=\"http:\/\/www.mcgill.ca\/caps\/career-planning-service-caps\">le Service de planification de carri\u00e8re de McGill<\/a> et <a href=\"http:\/\/www.mcgill.ca\/music\/about-us\/community\/hire-student\">le Bureau des artistes de l\u2019\u00c9cole de musique Schulich de l\u2019Universit\u00e9 McGill<\/a>.<\/p>\n","protected":false},"excerpt":{"rendered":"<p>Le cinq \u00e0 sept d\u2019ELAN en collaboration avec la facult\u00e9 de musique de l\u2019universit\u00e9 McGill est de retour pour une 3e ann\u00e9e cons\u00e9cutive, apr\u00e8s un \u00e9v\u00e9nement tr\u00e8s r\u00e9ussi en d\u00e9cembre dernier ! \u00c9tudiants en musique (de n\u2019importe quelle institution) : Vous avez besoin d\u2019une pause dans vos \u00e9tudes ? Vous avez envie d\u2019\u00e9changer avec des [&hellip;]<\/p>\n","protected":false},"author":234,"featured_media":7610,"comment_status":"closed","ping_status":"closed","sticky":false,"template":"","format":"standard","meta":{"footnotes":""},"categories":[2],"tags":[],"class_list":["post-7653","post","type-post","status-publish","format-standard","has-post-thumbnail","hentry","category-non-classifiee"],"yoast_head":"<!-- This site is optimized with the Yoast SEO plugin v27.5 - https:\/\/yoast.com\/product\/yoast-seo-wordpress\/ -->\n<title>Cinq \u00e0 sept du mois de d\u00e9cembre : ELAN et la facult\u00e9 de musique de McGill - ELAN<\/title>\n<meta name=\"description\" content=\"A not-for-profit organization that connects, supports, and creates opportunities for English-speaking artists and cultural workers of all disciplines from every region of Quebec.\" \/>\n<meta name=\"robots\" content=\"index, follow, max-snippet:-1, max-image-preview:large, max-video-preview:-1\" \/>\n<link rel=\"canonical\" href=\"https:\/\/www.quebec-elan.org\/fr\/cinq-sept-du-mois-de-decembre-elan-et-la-faculte-de-musique-de-mcgill\/\" \/>\n<meta property=\"og:locale\" content=\"fr_FR\" \/>\n<meta property=\"og:type\" content=\"article\" \/>\n<meta property=\"og:title\" content=\"Cinq \u00e0 sept du mois de d\u00e9cembre : ELAN et la facult\u00e9 de musique de McGill - ELAN\" \/>\n<meta property=\"og:description\" content=\"A not-for-profit organization that connects, supports, and creates opportunities for English-speaking artists and cultural workers of all disciplines from every region of Quebec.\" \/>\n<meta property=\"og:url\" content=\"https:\/\/www.quebec-elan.org\/fr\/cinq-sept-du-mois-de-decembre-elan-et-la-faculte-de-musique-de-mcgill\/\" \/>\n<meta property=\"og:site_name\" content=\"ELAN\" \/>\n<meta property=\"article:published_time\" content=\"2016-11-30T18:14:03+00:00\" \/>\n<meta property=\"og:image\" content=\"https:\/\/www.quebec-elan.org\/wp-content\/uploads\/2016\/11\/McGill-Music-Mixer-sizing-for-website-e1479491492379.png\" \/>\n\t<meta property=\"og:image:width\" content=\"810\" \/>\n\t<meta property=\"og:image:height\" content=\"340\" \/>\n\t<meta property=\"og:image:type\" content=\"image\/png\" \/>\n<meta name=\"author\" content=\"Andre Elan Quebec\" \/>\n<meta name=\"twitter:card\" content=\"summary_large_image\" \/>\n<meta name=\"twitter:label1\" content=\"\u00c9crit par\" \/>\n\t<meta name=\"twitter:data1\" content=\"Andre Elan Quebec\" \/>\n\t<meta name=\"twitter:label2\" content=\"Dur\u00e9e de lecture estim\u00e9e\" \/>\n\t<meta name=\"twitter:data2\" content=\"1 minute\" \/>\n<script type=\"application\/ld+json\" class=\"yoast-schema-graph\">{\"@context\":\"https:\\\/\\\/schema.org\",\"@graph\":[{\"@type\":\"Article\",\"@id\":\"https:\\\/\\\/www.quebec-elan.org\\\/fr\\\/cinq-sept-du-mois-de-decembre-elan-et-la-faculte-de-musique-de-mcgill\\\/#article\",\"isPartOf\":{\"@id\":\"https:\\\/\\\/www.quebec-elan.org\\\/fr\\\/cinq-sept-du-mois-de-decembre-elan-et-la-faculte-de-musique-de-mcgill\\\/\"},\"author\":{\"name\":\"Andre Elan Quebec\",\"@id\":\"https:\\\/\\\/www.quebec-elan.org\\\/en\\\/#\\\/schema\\\/person\\\/4aaafbe7c737c481f7cc144f5237888f\"},\"headline\":\"Cinq \u00e0 sept du mois de d\u00e9cembre : ELAN et la facult\u00e9 de musique de McGill\",\"datePublished\":\"2016-11-30T18:14:03+00:00\",\"mainEntityOfPage\":{\"@id\":\"https:\\\/\\\/www.quebec-elan.org\\\/fr\\\/cinq-sept-du-mois-de-decembre-elan-et-la-faculte-de-musique-de-mcgill\\\/\"},\"wordCount\":287,\"publisher\":{\"@id\":\"https:\\\/\\\/www.quebec-elan.org\\\/en\\\/#organization\"},\"image\":{\"@id\":\"https:\\\/\\\/www.quebec-elan.org\\\/fr\\\/cinq-sept-du-mois-de-decembre-elan-et-la-faculte-de-musique-de-mcgill\\\/#primaryimage\"},\"thumbnailUrl\":\"https:\\\/\\\/www.quebec-elan.org\\\/wp-content\\\/uploads\\\/2016\\\/11\\\/McGill-Music-Mixer-sizing-for-website-e1479491492379.png\",\"articleSection\":[\"Non classifi\u00e9(e)\"],\"inLanguage\":\"fr-FR\"},{\"@type\":\"WebPage\",\"@id\":\"https:\\\/\\\/www.quebec-elan.org\\\/fr\\\/cinq-sept-du-mois-de-decembre-elan-et-la-faculte-de-musique-de-mcgill\\\/\",\"url\":\"https:\\\/\\\/www.quebec-elan.org\\\/fr\\\/cinq-sept-du-mois-de-decembre-elan-et-la-faculte-de-musique-de-mcgill\\\/\",\"name\":\"Cinq \u00e0 sept du mois de d\u00e9cembre : ELAN et la facult\u00e9 de musique de McGill - ELAN\",\"isPartOf\":{\"@id\":\"https:\\\/\\\/www.quebec-elan.org\\\/en\\\/#website\"},\"primaryImageOfPage\":{\"@id\":\"https:\\\/\\\/www.quebec-elan.org\\\/fr\\\/cinq-sept-du-mois-de-decembre-elan-et-la-faculte-de-musique-de-mcgill\\\/#primaryimage\"},\"image\":{\"@id\":\"https:\\\/\\\/www.quebec-elan.org\\\/fr\\\/cinq-sept-du-mois-de-decembre-elan-et-la-faculte-de-musique-de-mcgill\\\/#primaryimage\"},\"thumbnailUrl\":\"https:\\\/\\\/www.quebec-elan.org\\\/wp-content\\\/uploads\\\/2016\\\/11\\\/McGill-Music-Mixer-sizing-for-website-e1479491492379.png\",\"datePublished\":\"2016-11-30T18:14:03+00:00\",\"description\":\"A not-for-profit organization that connects, supports, and creates opportunities for English-speaking artists and cultural workers of all disciplines from every region of Quebec.\",\"breadcrumb\":{\"@id\":\"https:\\\/\\\/www.quebec-elan.org\\\/fr\\\/cinq-sept-du-mois-de-decembre-elan-et-la-faculte-de-musique-de-mcgill\\\/#breadcrumb\"},\"inLanguage\":\"fr-FR\",\"potentialAction\":[{\"@type\":\"ReadAction\",\"target\":[\"https:\\\/\\\/www.quebec-elan.org\\\/fr\\\/cinq-sept-du-mois-de-decembre-elan-et-la-faculte-de-musique-de-mcgill\\\/\"]}]},{\"@type\":\"ImageObject\",\"inLanguage\":\"fr-FR\",\"@id\":\"https:\\\/\\\/www.quebec-elan.org\\\/fr\\\/cinq-sept-du-mois-de-decembre-elan-et-la-faculte-de-musique-de-mcgill\\\/#primaryimage\",\"url\":\"https:\\\/\\\/www.quebec-elan.org\\\/wp-content\\\/uploads\\\/2016\\\/11\\\/McGill-Music-Mixer-sizing-for-website-e1479491492379.png\",\"contentUrl\":\"https:\\\/\\\/www.quebec-elan.org\\\/wp-content\\\/uploads\\\/2016\\\/11\\\/McGill-Music-Mixer-sizing-for-website-e1479491492379.png\",\"width\":810,\"height\":340},{\"@type\":\"BreadcrumbList\",\"@id\":\"https:\\\/\\\/www.quebec-elan.org\\\/fr\\\/cinq-sept-du-mois-de-decembre-elan-et-la-faculte-de-musique-de-mcgill\\\/#breadcrumb\",\"itemListElement\":[{\"@type\":\"ListItem\",\"position\":1,\"name\":\"Home\",\"item\":\"https:\\\/\\\/www.quebec-elan.org\\\/fr\\\/\"},{\"@type\":\"ListItem\",\"position\":2,\"name\":\"Cinq \u00e0 sept du mois de d\u00e9cembre : ELAN et la facult\u00e9 de musique de McGill\"}]},{\"@type\":\"WebSite\",\"@id\":\"https:\\\/\\\/www.quebec-elan.org\\\/en\\\/#website\",\"url\":\"https:\\\/\\\/www.quebec-elan.org\\\/en\\\/\",\"name\":\"ELAN\",\"description\":\"English Language Arts Network\",\"publisher\":{\"@id\":\"https:\\\/\\\/www.quebec-elan.org\\\/en\\\/#organization\"},\"potentialAction\":[{\"@type\":\"SearchAction\",\"target\":{\"@type\":\"EntryPoint\",\"urlTemplate\":\"https:\\\/\\\/www.quebec-elan.org\\\/en\\\/?s={search_term_string}\"},\"query-input\":{\"@type\":\"PropertyValueSpecification\",\"valueRequired\":true,\"valueName\":\"search_term_string\"}}],\"inLanguage\":\"fr-FR\"},{\"@type\":\"Organization\",\"@id\":\"https:\\\/\\\/www.quebec-elan.org\\\/en\\\/#organization\",\"name\":\"ELAN - English Language Arts Network\",\"url\":\"https:\\\/\\\/www.quebec-elan.org\\\/en\\\/\",\"logo\":{\"@type\":\"ImageObject\",\"inLanguage\":\"fr-FR\",\"@id\":\"https:\\\/\\\/www.quebec-elan.org\\\/en\\\/#\\\/schema\\\/logo\\\/image\\\/\",\"url\":\"https:\\\/\\\/www.quebec-elan.org\\\/wp-content\\\/uploads\\\/2022\\\/05\\\/elan-logo-360.jpg\",\"contentUrl\":\"https:\\\/\\\/www.quebec-elan.org\\\/wp-content\\\/uploads\\\/2022\\\/05\\\/elan-logo-360.jpg\",\"width\":360,\"height\":70,\"caption\":\"ELAN - English Language Arts Network\"},\"image\":{\"@id\":\"https:\\\/\\\/www.quebec-elan.org\\\/en\\\/#\\\/schema\\\/logo\\\/image\\\/\"}},{\"@type\":\"Person\",\"@id\":\"https:\\\/\\\/www.quebec-elan.org\\\/en\\\/#\\\/schema\\\/person\\\/4aaafbe7c737c481f7cc144f5237888f\",\"name\":\"Andre Elan Quebec\",\"image\":{\"@type\":\"ImageObject\",\"inLanguage\":\"fr-FR\",\"@id\":\"https:\\\/\\\/secure.gravatar.com\\\/avatar\\\/7ea082d3d909c4cb837bac18df8ab3523b4a3b6bc196bc83d5ca7f186807bf4e?s=96&d=mm&r=g\",\"url\":\"https:\\\/\\\/secure.gravatar.com\\\/avatar\\\/7ea082d3d909c4cb837bac18df8ab3523b4a3b6bc196bc83d5ca7f186807bf4e?s=96&d=mm&r=g\",\"contentUrl\":\"https:\\\/\\\/secure.gravatar.com\\\/avatar\\\/7ea082d3d909c4cb837bac18df8ab3523b4a3b6bc196bc83d5ca7f186807bf4e?s=96&d=mm&r=g\",\"caption\":\"Andre Elan Quebec\"},\"description\":\"The English-Language Arts Network (ELAN) is a not-for-profit organization that connects, supports, and creates opportunities for Quebec\u2019s English-speaking artists and arts communities. ELAN members are individuals and organizations from a wide array of artistic disciplines, cultural and geographic backgrounds, and linguistic and cultural communities. Together this network reflects an evolving Qu\u00e9bec identity and celebrates the province\u2019s cultural, artistic, and social diversity.\",\"url\":\"https:\\\/\\\/www.quebec-elan.org\\\/fr\\\/author\\\/elan-quebec\\\/\"}]}<\/script>\n<!-- \/ Yoast SEO plugin. -->","yoast_head_json":{"title":"Cinq \u00e0 sept du mois de d\u00e9cembre : ELAN et la facult\u00e9 de musique de McGill - ELAN","description":"A not-for-profit organization that connects, supports, and creates opportunities for English-speaking artists and cultural workers of all disciplines from every region of Quebec.","robots":{"index":"index","follow":"follow","max-snippet":"max-snippet:-1","max-image-preview":"max-image-preview:large","max-video-preview":"max-video-preview:-1"},"canonical":"https:\/\/www.quebec-elan.org\/fr\/cinq-sept-du-mois-de-decembre-elan-et-la-faculte-de-musique-de-mcgill\/","og_locale":"fr_FR","og_type":"article","og_title":"Cinq \u00e0 sept du mois de d\u00e9cembre : ELAN et la facult\u00e9 de musique de McGill - ELAN","og_description":"A not-for-profit organization that connects, supports, and creates opportunities for English-speaking artists and cultural workers of all disciplines from every region of Quebec.","og_url":"https:\/\/www.quebec-elan.org\/fr\/cinq-sept-du-mois-de-decembre-elan-et-la-faculte-de-musique-de-mcgill\/","og_site_name":"ELAN","article_published_time":"2016-11-30T18:14:03+00:00","og_image":[{"width":810,"height":340,"url":"https:\/\/www.quebec-elan.org\/wp-content\/uploads\/2016\/11\/McGill-Music-Mixer-sizing-for-website-e1479491492379.png","type":"image\/png"}],"author":"Andre Elan Quebec","twitter_card":"summary_large_image","twitter_misc":{"\u00c9crit par":"Andre Elan Quebec","Dur\u00e9e de lecture estim\u00e9e":"1 minute"},"schema":{"@context":"https:\/\/schema.org","@graph":[{"@type":"Article","@id":"https:\/\/www.quebec-elan.org\/fr\/cinq-sept-du-mois-de-decembre-elan-et-la-faculte-de-musique-de-mcgill\/#article","isPartOf":{"@id":"https:\/\/www.quebec-elan.org\/fr\/cinq-sept-du-mois-de-decembre-elan-et-la-faculte-de-musique-de-mcgill\/"},"author":{"name":"Andre Elan Quebec","@id":"https:\/\/www.quebec-elan.org\/en\/#\/schema\/person\/4aaafbe7c737c481f7cc144f5237888f"},"headline":"Cinq \u00e0 sept du mois de d\u00e9cembre : ELAN et la facult\u00e9 de musique de McGill","datePublished":"2016-11-30T18:14:03+00:00","mainEntityOfPage":{"@id":"https:\/\/www.quebec-elan.org\/fr\/cinq-sept-du-mois-de-decembre-elan-et-la-faculte-de-musique-de-mcgill\/"},"wordCount":287,"publisher":{"@id":"https:\/\/www.quebec-elan.org\/en\/#organization"},"image":{"@id":"https:\/\/www.quebec-elan.org\/fr\/cinq-sept-du-mois-de-decembre-elan-et-la-faculte-de-musique-de-mcgill\/#primaryimage"},"thumbnailUrl":"https:\/\/www.quebec-elan.org\/wp-content\/uploads\/2016\/11\/McGill-Music-Mixer-sizing-for-website-e1479491492379.png","articleSection":["Non classifi\u00e9(e)"],"inLanguage":"fr-FR"},{"@type":"WebPage","@id":"https:\/\/www.quebec-elan.org\/fr\/cinq-sept-du-mois-de-decembre-elan-et-la-faculte-de-musique-de-mcgill\/","url":"https:\/\/www.quebec-elan.org\/fr\/cinq-sept-du-mois-de-decembre-elan-et-la-faculte-de-musique-de-mcgill\/","name":"Cinq \u00e0 sept du mois de d\u00e9cembre : ELAN et la facult\u00e9 de musique de McGill - ELAN","isPartOf":{"@id":"https:\/\/www.quebec-elan.org\/en\/#website"},"primaryImageOfPage":{"@id":"https:\/\/www.quebec-elan.org\/fr\/cinq-sept-du-mois-de-decembre-elan-et-la-faculte-de-musique-de-mcgill\/#primaryimage"},"image":{"@id":"https:\/\/www.quebec-elan.org\/fr\/cinq-sept-du-mois-de-decembre-elan-et-la-faculte-de-musique-de-mcgill\/#primaryimage"},"thumbnailUrl":"https:\/\/www.quebec-elan.org\/wp-content\/uploads\/2016\/11\/McGill-Music-Mixer-sizing-for-website-e1479491492379.png","datePublished":"2016-11-30T18:14:03+00:00","description":"A not-for-profit organization that connects, supports, and creates opportunities for English-speaking artists and cultural workers of all disciplines from every region of Quebec.","breadcrumb":{"@id":"https:\/\/www.quebec-elan.org\/fr\/cinq-sept-du-mois-de-decembre-elan-et-la-faculte-de-musique-de-mcgill\/#breadcrumb"},"inLanguage":"fr-FR","potentialAction":[{"@type":"ReadAction","target":["https:\/\/www.quebec-elan.org\/fr\/cinq-sept-du-mois-de-decembre-elan-et-la-faculte-de-musique-de-mcgill\/"]}]},{"@type":"ImageObject","inLanguage":"fr-FR","@id":"https:\/\/www.quebec-elan.org\/fr\/cinq-sept-du-mois-de-decembre-elan-et-la-faculte-de-musique-de-mcgill\/#primaryimage","url":"https:\/\/www.quebec-elan.org\/wp-content\/uploads\/2016\/11\/McGill-Music-Mixer-sizing-for-website-e1479491492379.png","contentUrl":"https:\/\/www.quebec-elan.org\/wp-content\/uploads\/2016\/11\/McGill-Music-Mixer-sizing-for-website-e1479491492379.png","width":810,"height":340},{"@type":"BreadcrumbList","@id":"https:\/\/www.quebec-elan.org\/fr\/cinq-sept-du-mois-de-decembre-elan-et-la-faculte-de-musique-de-mcgill\/#breadcrumb","itemListElement":[{"@type":"ListItem","position":1,"name":"Home","item":"https:\/\/www.quebec-elan.org\/fr\/"},{"@type":"ListItem","position":2,"name":"Cinq \u00e0 sept du mois de d\u00e9cembre : ELAN et la facult\u00e9 de musique de McGill"}]},{"@type":"WebSite","@id":"https:\/\/www.quebec-elan.org\/en\/#website","url":"https:\/\/www.quebec-elan.org\/en\/","name":"ELAN","description":"English Language Arts Network","publisher":{"@id":"https:\/\/www.quebec-elan.org\/en\/#organization"},"potentialAction":[{"@type":"SearchAction","target":{"@type":"EntryPoint","urlTemplate":"https:\/\/www.quebec-elan.org\/en\/?s={search_term_string}"},"query-input":{"@type":"PropertyValueSpecification","valueRequired":true,"valueName":"search_term_string"}}],"inLanguage":"fr-FR"},{"@type":"Organization","@id":"https:\/\/www.quebec-elan.org\/en\/#organization","name":"ELAN - English Language Arts Network","url":"https:\/\/www.quebec-elan.org\/en\/","logo":{"@type":"ImageObject","inLanguage":"fr-FR","@id":"https:\/\/www.quebec-elan.org\/en\/#\/schema\/logo\/image\/","url":"https:\/\/www.quebec-elan.org\/wp-content\/uploads\/2022\/05\/elan-logo-360.jpg","contentUrl":"https:\/\/www.quebec-elan.org\/wp-content\/uploads\/2022\/05\/elan-logo-360.jpg","width":360,"height":70,"caption":"ELAN - English Language Arts Network"},"image":{"@id":"https:\/\/www.quebec-elan.org\/en\/#\/schema\/logo\/image\/"}},{"@type":"Person","@id":"https:\/\/www.quebec-elan.org\/en\/#\/schema\/person\/4aaafbe7c737c481f7cc144f5237888f","name":"Andre Elan Quebec","image":{"@type":"ImageObject","inLanguage":"fr-FR","@id":"https:\/\/secure.gravatar.com\/avatar\/7ea082d3d909c4cb837bac18df8ab3523b4a3b6bc196bc83d5ca7f186807bf4e?s=96&d=mm&r=g","url":"https:\/\/secure.gravatar.com\/avatar\/7ea082d3d909c4cb837bac18df8ab3523b4a3b6bc196bc83d5ca7f186807bf4e?s=96&d=mm&r=g","contentUrl":"https:\/\/secure.gravatar.com\/avatar\/7ea082d3d909c4cb837bac18df8ab3523b4a3b6bc196bc83d5ca7f186807bf4e?s=96&d=mm&r=g","caption":"Andre Elan Quebec"},"description":"The English-Language Arts Network (ELAN) is a not-for-profit organization that connects, supports, and creates opportunities for Quebec\u2019s English-speaking artists and arts communities. ELAN members are individuals and organizations from a wide array of artistic disciplines, cultural and geographic backgrounds, and linguistic and cultural communities. Together this network reflects an evolving Qu\u00e9bec identity and celebrates the province\u2019s cultural, artistic, and social diversity.","url":"https:\/\/www.quebec-elan.org\/fr\/author\/elan-quebec\/"}]}},"_links":{"self":[{"href":"https:\/\/www.quebec-elan.org\/fr\/wp-json\/wp\/v2\/posts\/7653","targetHints":{"allow":["GET"]}}],"collection":[{"href":"https:\/\/www.quebec-elan.org\/fr\/wp-json\/wp\/v2\/posts"}],"about":[{"href":"https:\/\/www.quebec-elan.org\/fr\/wp-json\/wp\/v2\/types\/post"}],"author":[{"embeddable":true,"href":"https:\/\/www.quebec-elan.org\/fr\/wp-json\/wp\/v2\/users\/234"}],"replies":[{"embeddable":true,"href":"https:\/\/www.quebec-elan.org\/fr\/wp-json\/wp\/v2\/comments?post=7653"}],"version-history":[{"count":2,"href":"https:\/\/www.quebec-elan.org\/fr\/wp-json\/wp\/v2\/posts\/7653\/revisions"}],"predecessor-version":[{"id":11784,"href":"https:\/\/www.quebec-elan.org\/fr\/wp-json\/wp\/v2\/posts\/7653\/revisions\/11784"}],"wp:featuredmedia":[{"embeddable":true,"href":"https:\/\/www.quebec-elan.org\/fr\/wp-json\/wp\/v2\/media\/7610"}],"wp:attachment":[{"href":"https:\/\/www.quebec-elan.org\/fr\/wp-json\/wp\/v2\/media?parent=7653"}],"wp:term":[{"taxonomy":"category","embeddable":true,"href":"https:\/\/www.quebec-elan.org\/fr\/wp-json\/wp\/v2\/categories?post=7653"},{"taxonomy":"post_tag","embeddable":true,"href":"https:\/\/www.quebec-elan.org\/fr\/wp-json\/wp\/v2\/tags?post=7653"}],"curies":[{"name":"wp","href":"https:\/\/api.w.org\/{rel}","templated":true}]}}